{"id":28513,"date":"2023-09-04T10:51:25","date_gmt":"2023-09-04T13:51:25","guid":{"rendered":"https:\/\/alprestamo.com\/blog\/?p=28513"},"modified":"2023-09-04T10:51:26","modified_gmt":"2023-09-04T13:51:26","slug":"calendario-de-pagos-de-mi-beca-para-empezar-en-septiembre","status":"publish","type":"post","link":"https:\/\/alprestamo.com\/blog\/calendario-de-pagos-de-mi-beca-para-empezar-en-septiembre\/","title":{"rendered":"Calendario de pagos de Mi Beca para Empezar en septiembre"},"content":{"rendered":"\n<p>Aquellas personas que tienen hijos inscritos en el programa <strong>Mi Beca para Empezar <\/strong>seguramente se estar\u00e1n preguntando cu\u00e1ndo les depositar\u00e1n el pago del mes de septiembre, para costear los \u00fatiles escolares a pocos d\u00edas del comienzo de un nuevo ciclo escolar.&nbsp;<\/p>\n\n\n\n<p>El <strong>Gobierno de la Ciudad de M\u00e9xico (CDMX)<\/strong> entrega de manera mensual tres diferentes ayudas econ\u00f3micas a los estudiantes que cursan la educaci\u00f3n b\u00e1sica en alguna de las 16 alcald\u00edas, que tienen como requisitos principal estar inscritos en un centro educativo p\u00fablico.&nbsp;<\/p>\n\n\n\n<h2 class=\"wp-block-heading\">Cu\u00e1ndo se paga Mi Beca para Empezar en septiembre<\/h2>\n\n\n\n<p>El primer pago de Mi Beca para Empezar para el ciclo escolar 2023-2024 se despositar\u00e1 en la<strong> Tarjeta Bienestar<\/strong> los primeros d\u00edas del mes de septiembre, en lo que ser\u00e1 el primer pago de diez que se estipulan en el calendario oficial.&nbsp;<\/p>\n\n\n\n<p>Espec\u00edficamente, los pagos de esta ayuda econ\u00f3mica arrancaron el 1 de septiembre, por lo que deber\u00edas haber recibido el pago o estar pr\u00f3ximo a recibirlo.&nbsp;<\/p>\n\n\n\n<h2 class=\"wp-block-heading\">Calendario de pagos completo de Mi Beca para Empezar&nbsp;<\/h2>\n\n\n\n<p>1\u00b0 pago: 1 de septiembre<\/p>\n\n\n\n<p>2\u00b0 pago: 1 de octubre<\/p>\n\n\n\n<p>3\u00b0 pago: 1 de noviembre<\/p>\n\n\n\n<p>4\u00b0 pago: 1 de diciembre<\/p>\n\n\n\n<p>5\u00b0 pago: 1 de enero&nbsp;<\/p>\n\n\n\n<p>6\u00b0 pago: 1 de febrero<\/p>\n\n\n\n<p>7\u00b0 pago: 1 de marzo&nbsp;<\/p>\n\n\n\n<p>8\u00b0 pago: 1 de abril&nbsp;<\/p>\n\n\n\n<p>9\u00b0 pago: 2 de mayo<\/p>\n\n\n\n<p>10\u00b0 pago: 3 de junio&nbsp;<\/p>\n\n\n\n<h2 class=\"wp-block-heading\">Monto de Mi Beca para Empezar&nbsp;<\/h2>\n\n\n\n<p>El programa social de apoyo econ\u00f3mico escolar entrega a los beneficiarios tres montos distintos, dado que corresponden a diferentes niveles acad\u00e9micos y cuyo fin es darle una mano para solventar los gastos acad\u00e9micos y de esta forma evitar complicaciones. Los montos actuales de Mi Beca para Empezar son los siguientes:&nbsp;<\/p>\n\n\n\n<ul class=\"wp-block-list\">\n<li>Preescolar: $600<\/li>\n\n\n\n<li>Primaria y secundaria: $650&nbsp;<\/li>\n\n\n\n<li>Centros de atenci\u00f3n m\u00faltiple: $650<\/li>\n<\/ul>\n\n\n\n<h2 class=\"wp-block-heading\">Fechas para los nuevos registros de Mi Beca para Empezar<\/h2>\n\n\n\n<p>La nueva convocatoria para el registro del ciclo escolar 2023-2024 comenz\u00f3 el lunes 28 de agosto y terminar\u00e1 el 30 de septiembre. Los pasos para registrarse son:&nbsp;<\/p>\n\n\n\n<ul class=\"wp-block-list\">\n<li>Ingresar a la p\u00e1gina oficial de <em>Mi Beca para Empezar<\/em>&nbsp;<\/li>\n\n\n\n<li>Iniciar sesi\u00f3n con tu cuenta Llave<\/li>\n\n\n\n<li>Ir al apartado de \u201crealizar registro\u201d y dar clic<\/li>\n\n\n\n<li>Completar el formulario que arrojar\u00e1 el sistema (tener a mano la credencial oficial <strong>INE <\/strong>y un comprobante del domicilio)<\/li>\n\n\n\n<li>Dar clic en el apartado de \u201cregistrar beneficiarios\u201d&nbsp;<\/li>\n\n\n\n<li>Registrar al estudiante (tener a mano el <strong>CURP<\/strong>)<\/li>\n\n\n\n<li>Dar clic en finalizar&nbsp;<\/li>\n\n\n\n<li>Agregar el parentesco que tiene el tutor con el estudiante&nbsp;<\/li>\n\n\n\n<li>Completar la encuesta \u201csociodemogr\u00e1fica\u201d que solicita el sistema<\/li>\n<\/ul>\n","protected":false},"excerpt":{"rendered":"<p>Aquellas personas que tienen hijos inscritos en el programa Mi Beca para Empezar seguramente se estar\u00e1n preguntando cu\u00e1ndo les depositar\u00e1n el pago del mes de septiembre, para costear los \u00fatiles escolares a pocos d\u00edas del comienzo de un nuevo ciclo escolar.&nbsp; El Gobierno de la Ciudad de M\u00e9xico (CDMX) entrega de manera mensual tres diferentes &hellip;<\/p>\n<p class=\"read-more\"> <a class=\"\" href=\"https:\/\/alprestamo.com\/blog\/calendario-de-pagos-de-mi-beca-para-empezar-en-septiembre\/\"> <span class=\"screen-reader-text\">Calendario de pagos de Mi Beca para Empezar en septiembre<\/span> Leer m\u00e1s &raquo;<\/a><\/p>\n","protected":false},"author":9,"featured_media":0,"comment_status":"closed","ping_status":"closed","sticky":false,"template":"","format":"standard","meta":{"_uag_custom_page_level_css":"","site-sidebar-layout":"default","site-content-layout":"default","ast-global-header-display":"","ast-banner-title-visibility":"","ast-main-header-display":"","ast-hfb-above-header-display":"","ast-hfb-below-header-display":"","ast-hfb-mobile-header-display":"","site-post-title":"","ast-breadcrumbs-content":"","ast-featured-img":"","footer-sml-layout":"","theme-transparent-header-meta":"","adv-header-id-meta":"","stick-header-meta":"","header-above-stick-meta":"","header-main-stick-meta":"","header-below-stick-meta":"","footnotes":""},"categories":[130,32],"tags":[],"class_list":["post-28513","post","type-post","status-publish","format-standard","hentry","category-mx","category-programas-sociales-mx"],"acf":[],"yoast_head":"<!-- This site is optimized with the Yoast SEO plugin v23.2 - https:\/\/yoast.com\/wordpress\/plugins\/seo\/ -->\n<title>Calendario de pagos de Mi Beca para Empezar en septiembre<\/title>\n<meta name=\"description\" content=\"Aquellas personas que tienen hijos inscritos en el programa Mi Beca para Empezar seguramente se estar\u00e1n preguntando cu\u00e1ndo les depositar\u00e1n el pago del mes\" \/>\n<meta name=\"robots\" content=\"index, follow, max-snippet:-1, max-image-preview:large, max-video-preview:-1\" \/>\n<link rel=\"canonical\" href=\"https:\/\/alprestamo.com\/blog\/calendario-de-pagos-de-mi-beca-para-empezar-en-septiembre\/\" \/>\n<meta property=\"og:locale\" content=\"es_ES\" \/>\n<meta property=\"og:type\" content=\"article\" \/>\n<meta property=\"og:title\" content=\"Calendario de pagos de Mi Beca para Empezar en septiembre\" \/>\n<meta property=\"og:description\" content=\"Aquellas personas que tienen hijos inscritos en el programa Mi Beca para Empezar seguramente se estar\u00e1n preguntando cu\u00e1ndo les depositar\u00e1n el pago del mes\" \/>\n<meta property=\"og:url\" content=\"https:\/\/alprestamo.com\/blog\/calendario-de-pagos-de-mi-beca-para-empezar-en-septiembre\/\" \/>\n<meta property=\"og:site_name\" content=\"Alprestamo - Hacemos que todo suceda\" \/>\n<meta property=\"article:published_time\" content=\"2023-09-04T13:51:25+00:00\" \/>\n<meta property=\"article:modified_time\" content=\"2023-09-04T13:51:26+00:00\" \/>\n<meta name=\"author\" content=\"Ramiro Querejeta\" \/>\n<meta name=\"twitter:card\" content=\"summary_large_image\" \/>\n<meta name=\"twitter:label1\" content=\"Escrito por\" \/>\n\t<meta name=\"twitter:data1\" content=\"Ramiro Querejeta\" \/>\n\t<meta name=\"twitter:label2\" content=\"Tiempo de lectura\" \/>\n\t<meta name=\"twitter:data2\" content=\"2 minutos\" \/>\n<script type=\"application\/ld+json\" class=\"yoast-schema-graph\">{\"@context\":\"https:\/\/schema.org\",\"@graph\":[{\"@type\":\"NewsArticle\",\"@id\":\"https:\/\/alprestamo.com\/blog\/calendario-de-pagos-de-mi-beca-para-empezar-en-septiembre\/#article\",\"isPartOf\":{\"@id\":\"https:\/\/alprestamo.com\/blog\/calendario-de-pagos-de-mi-beca-para-empezar-en-septiembre\/\"},\"author\":{\"name\":\"Ramiro Querejeta\",\"@id\":\"https:\/\/alprestamo.com\/blog\/#\/schema\/person\/4c568603ceb381762b4c9062d42c7627\"},\"headline\":\"Calendario de pagos de Mi Beca para Empezar en septiembre\",\"datePublished\":\"2023-09-04T13:51:25+00:00\",\"dateModified\":\"2023-09-04T13:51:26+00:00\",\"mainEntityOfPage\":{\"@id\":\"https:\/\/alprestamo.com\/blog\/calendario-de-pagos-de-mi-beca-para-empezar-en-septiembre\/\"},\"wordCount\":428,\"publisher\":{\"@id\":\"https:\/\/alprestamo.com\/blog\/#organization\"},\"articleSection\":[\"MX\",\"Programas Sociales\"],\"inLanguage\":\"es-AR\"},{\"@type\":\"WebPage\",\"@id\":\"https:\/\/alprestamo.com\/blog\/calendario-de-pagos-de-mi-beca-para-empezar-en-septiembre\/\",\"url\":\"https:\/\/alprestamo.com\/blog\/calendario-de-pagos-de-mi-beca-para-empezar-en-septiembre\/\",\"name\":\"Calendario de pagos de Mi Beca para Empezar en septiembre\",\"isPartOf\":{\"@id\":\"https:\/\/alprestamo.com\/blog\/#website\"},\"datePublished\":\"2023-09-04T13:51:25+00:00\",\"dateModified\":\"2023-09-04T13:51:26+00:00\",\"description\":\"Aquellas personas que tienen hijos inscritos en el programa Mi Beca para Empezar seguramente se estar\u00e1n preguntando cu\u00e1ndo les depositar\u00e1n el pago del mes\",\"breadcrumb\":{\"@id\":\"https:\/\/alprestamo.com\/blog\/calendario-de-pagos-de-mi-beca-para-empezar-en-septiembre\/#breadcrumb\"},\"inLanguage\":\"es-AR\",\"potentialAction\":[{\"@type\":\"ReadAction\",\"target\":[\"https:\/\/alprestamo.com\/blog\/calendario-de-pagos-de-mi-beca-para-empezar-en-septiembre\/\"]}]},{\"@type\":\"BreadcrumbList\",\"@id\":\"https:\/\/alprestamo.com\/blog\/calendario-de-pagos-de-mi-beca-para-empezar-en-septiembre\/#breadcrumb\",\"itemListElement\":[{\"@type\":\"ListItem\",\"position\":1,\"name\":\"Home\",\"item\":\"https:\/\/alprestamo.com\/blog\/\"},{\"@type\":\"ListItem\",\"position\":2,\"name\":\"Calendario de pagos de Mi Beca para Empezar en septiembre\"}]},{\"@type\":\"WebSite\",\"@id\":\"https:\/\/alprestamo.com\/blog\/#website\",\"url\":\"https:\/\/alprestamo.com\/blog\/\",\"name\":\"Alprestamo\",\"description\":\"Hacemos que todo suceda\",\"publisher\":{\"@id\":\"https:\/\/alprestamo.com\/blog\/#organization\"},\"potentialAction\":[{\"@type\":\"SearchAction\",\"target\":{\"@type\":\"EntryPoint\",\"urlTemplate\":\"https:\/\/alprestamo.com\/blog\/?s={search_term_string}\"},\"query-input\":\"required name=search_term_string\"}],\"inLanguage\":\"es-AR\"},{\"@type\":\"Organization\",\"@id\":\"https:\/\/alprestamo.com\/blog\/#organization\",\"name\":\"Alprestamo\",\"url\":\"https:\/\/alprestamo.com\/blog\/\",\"logo\":{\"@type\":\"ImageObject\",\"inLanguage\":\"es-AR\",\"@id\":\"https:\/\/alprestamo.com\/blog\/#\/schema\/logo\/image\/\",\"url\":\"https:\/\/alprestamo.com\/blog\/wp-content\/uploads\/2022\/10\/Imagotipo_Blanco.svg\",\"contentUrl\":\"https:\/\/alprestamo.com\/blog\/wp-content\/uploads\/2022\/10\/Imagotipo_Blanco.svg\",\"width\":1199,\"height\":203,\"caption\":\"Alprestamo\"},\"image\":{\"@id\":\"https:\/\/alprestamo.com\/blog\/#\/schema\/logo\/image\/\"}},{\"@type\":\"Person\",\"@id\":\"https:\/\/alprestamo.com\/blog\/#\/schema\/person\/4c568603ceb381762b4c9062d42c7627\",\"name\":\"Ramiro Querejeta\",\"image\":{\"@type\":\"ImageObject\",\"inLanguage\":\"es-AR\",\"@id\":\"https:\/\/alprestamo.com\/blog\/#\/schema\/person\/image\/\",\"url\":\"https:\/\/alprestamo.com\/blog\/wp-content\/uploads\/2025\/08\/1688503693490-150x150.jpeg\",\"contentUrl\":\"https:\/\/alprestamo.com\/blog\/wp-content\/uploads\/2025\/08\/1688503693490-150x150.jpeg\",\"caption\":\"Ramiro Querejeta\"},\"url\":\"https:\/\/alprestamo.com\/blog\/author\/ramiro\/\"}]}<\/script>\n<!-- \/ Yoast SEO plugin. -->","yoast_head_json":{"title":"Calendario de pagos de Mi Beca para Empezar en septiembre","description":"Aquellas personas que tienen hijos inscritos en el programa Mi Beca para Empezar seguramente se estar\u00e1n preguntando cu\u00e1ndo les depositar\u00e1n el pago del mes","robots":{"index":"index","follow":"follow","max-snippet":"max-snippet:-1","max-image-preview":"max-image-preview:large","max-video-preview":"max-video-preview:-1"},"canonical":"https:\/\/alprestamo.com\/blog\/calendario-de-pagos-de-mi-beca-para-empezar-en-septiembre\/","og_locale":"es_ES","og_type":"article","og_title":"Calendario de pagos de Mi Beca para Empezar en septiembre","og_description":"Aquellas personas que tienen hijos inscritos en el programa Mi Beca para Empezar seguramente se estar\u00e1n preguntando cu\u00e1ndo les depositar\u00e1n el pago del mes","og_url":"https:\/\/alprestamo.com\/blog\/calendario-de-pagos-de-mi-beca-para-empezar-en-septiembre\/","og_site_name":"Alprestamo - Hacemos que todo suceda","article_published_time":"2023-09-04T13:51:25+00:00","article_modified_time":"2023-09-04T13:51:26+00:00","author":"Ramiro Querejeta","twitter_card":"summary_large_image","twitter_misc":{"Escrito por":"Ramiro Querejeta","Tiempo de lectura":"2 minutos"},"schema":{"@context":"https:\/\/schema.org","@graph":[{"@type":"NewsArticle","@id":"https:\/\/alprestamo.com\/blog\/calendario-de-pagos-de-mi-beca-para-empezar-en-septiembre\/#article","isPartOf":{"@id":"https:\/\/alprestamo.com\/blog\/calendario-de-pagos-de-mi-beca-para-empezar-en-septiembre\/"},"author":{"name":"Ramiro Querejeta","@id":"https:\/\/alprestamo.com\/blog\/#\/schema\/person\/4c568603ceb381762b4c9062d42c7627"},"headline":"Calendario de pagos de Mi Beca para Empezar en septiembre","datePublished":"2023-09-04T13:51:25+00:00","dateModified":"2023-09-04T13:51:26+00:00","mainEntityOfPage":{"@id":"https:\/\/alprestamo.com\/blog\/calendario-de-pagos-de-mi-beca-para-empezar-en-septiembre\/"},"wordCount":428,"publisher":{"@id":"https:\/\/alprestamo.com\/blog\/#organization"},"articleSection":["MX","Programas Sociales"],"inLanguage":"es-AR"},{"@type":"WebPage","@id":"https:\/\/alprestamo.com\/blog\/calendario-de-pagos-de-mi-beca-para-empezar-en-septiembre\/","url":"https:\/\/alprestamo.com\/blog\/calendario-de-pagos-de-mi-beca-para-empezar-en-septiembre\/","name":"Calendario de pagos de Mi Beca para Empezar en septiembre","isPartOf":{"@id":"https:\/\/alprestamo.com\/blog\/#website"},"datePublished":"2023-09-04T13:51:25+00:00","dateModified":"2023-09-04T13:51:26+00:00","description":"Aquellas personas que tienen hijos inscritos en el programa Mi Beca para Empezar seguramente se estar\u00e1n preguntando cu\u00e1ndo les depositar\u00e1n el pago del mes","breadcrumb":{"@id":"https:\/\/alprestamo.com\/blog\/calendario-de-pagos-de-mi-beca-para-empezar-en-septiembre\/#breadcrumb"},"inLanguage":"es-AR","potentialAction":[{"@type":"ReadAction","target":["https:\/\/alprestamo.com\/blog\/calendario-de-pagos-de-mi-beca-para-empezar-en-septiembre\/"]}]},{"@type":"BreadcrumbList","@id":"https:\/\/alprestamo.com\/blog\/calendario-de-pagos-de-mi-beca-para-empezar-en-septiembre\/#breadcrumb","itemListElement":[{"@type":"ListItem","position":1,"name":"Home","item":"https:\/\/alprestamo.com\/blog\/"},{"@type":"ListItem","position":2,"name":"Calendario de pagos de Mi Beca para Empezar en septiembre"}]},{"@type":"WebSite","@id":"https:\/\/alprestamo.com\/blog\/#website","url":"https:\/\/alprestamo.com\/blog\/","name":"Alprestamo","description":"Hacemos que todo suceda","publisher":{"@id":"https:\/\/alprestamo.com\/blog\/#organization"},"potentialAction":[{"@type":"SearchAction","target":{"@type":"EntryPoint","urlTemplate":"https:\/\/alprestamo.com\/blog\/?s={search_term_string}"},"query-input":"required name=search_term_string"}],"inLanguage":"es-AR"},{"@type":"Organization","@id":"https:\/\/alprestamo.com\/blog\/#organization","name":"Alprestamo","url":"https:\/\/alprestamo.com\/blog\/","logo":{"@type":"ImageObject","inLanguage":"es-AR","@id":"https:\/\/alprestamo.com\/blog\/#\/schema\/logo\/image\/","url":"https:\/\/alprestamo.com\/blog\/wp-content\/uploads\/2022\/10\/Imagotipo_Blanco.svg","contentUrl":"https:\/\/alprestamo.com\/blog\/wp-content\/uploads\/2022\/10\/Imagotipo_Blanco.svg","width":1199,"height":203,"caption":"Alprestamo"},"image":{"@id":"https:\/\/alprestamo.com\/blog\/#\/schema\/logo\/image\/"}},{"@type":"Person","@id":"https:\/\/alprestamo.com\/blog\/#\/schema\/person\/4c568603ceb381762b4c9062d42c7627","name":"Ramiro Querejeta","image":{"@type":"ImageObject","inLanguage":"es-AR","@id":"https:\/\/alprestamo.com\/blog\/#\/schema\/person\/image\/","url":"https:\/\/alprestamo.com\/blog\/wp-content\/uploads\/2025\/08\/1688503693490-150x150.jpeg","contentUrl":"https:\/\/alprestamo.com\/blog\/wp-content\/uploads\/2025\/08\/1688503693490-150x150.jpeg","caption":"Ramiro Querejeta"},"url":"https:\/\/alprestamo.com\/blog\/author\/ramiro\/"}]}},"uagb_featured_image_src":{"full":false,"thumbnail":false,"medium":false,"medium_large":false,"large":false,"1536x1536":false,"2048x2048":false},"uagb_author_info":{"display_name":"Ramiro Querejeta","author_link":"https:\/\/alprestamo.com\/blog\/author\/ramiro\/"},"uagb_comment_info":0,"uagb_excerpt":"Aquellas personas que tienen hijos inscritos en el programa Mi Beca para Empezar seguramente se estar\u00e1n preguntando cu\u00e1ndo les depositar\u00e1n el pago del mes de septiembre, para costear los \u00fatiles escolares a pocos d\u00edas del comienzo de un nuevo ciclo escolar.&nbsp; El Gobierno de la Ciudad de M\u00e9xico (CDMX) entrega de manera mensual tres diferentes&hellip;","rttpg_featured_image_url":null,"rttpg_author":{"display_name":"Ramiro Querejeta","author_link":"https:\/\/alprestamo.com\/blog\/author\/ramiro\/"},"rttpg_comment":0,"rttpg_category":"<a href=\"https:\/\/alprestamo.com\/blog\/categoria\/mx\/\" rel=\"category tag\">MX<\/a> <a href=\"https:\/\/alprestamo.com\/blog\/categoria\/mx\/programas-sociales-mx\/\" rel=\"category tag\">Programas Sociales<\/a>","rttpg_excerpt":"Aquellas personas que tienen hijos inscritos en el programa Mi Beca para Empezar seguramente se estar\u00e1n preguntando cu\u00e1ndo les depositar\u00e1n el pago del mes de septiembre, para costear los \u00fatiles escolares a pocos d\u00edas del comienzo de un nuevo ciclo escolar.&nbsp; El Gobierno de la Ciudad de M\u00e9xico (CDMX) entrega de manera mensual tres diferentes&hellip;","_links":{"self":[{"href":"https:\/\/alprestamo.com\/blog\/wp-json\/wp\/v2\/posts\/28513"}],"collection":[{"href":"https:\/\/alprestamo.com\/blog\/wp-json\/wp\/v2\/posts"}],"about":[{"href":"https:\/\/alprestamo.com\/blog\/wp-json\/wp\/v2\/types\/post"}],"author":[{"embeddable":true,"href":"https:\/\/alprestamo.com\/blog\/wp-json\/wp\/v2\/users\/9"}],"replies":[{"embeddable":true,"href":"https:\/\/alprestamo.com\/blog\/wp-json\/wp\/v2\/comments?post=28513"}],"version-history":[{"count":2,"href":"https:\/\/alprestamo.com\/blog\/wp-json\/wp\/v2\/posts\/28513\/revisions"}],"predecessor-version":[{"id":28517,"href":"https:\/\/alprestamo.com\/blog\/wp-json\/wp\/v2\/posts\/28513\/revisions\/28517"}],"wp:attachment":[{"href":"https:\/\/alprestamo.com\/blog\/wp-json\/wp\/v2\/media?parent=28513"}],"wp:term":[{"taxonomy":"category","embeddable":true,"href":"https:\/\/alprestamo.com\/blog\/wp-json\/wp\/v2\/categories?post=28513"},{"taxonomy":"post_tag","embeddable":true,"href":"https:\/\/alprestamo.com\/blog\/wp-json\/wp\/v2\/tags?post=28513"}],"curies":[{"name":"wp","href":"https:\/\/api.w.org\/{rel}","templated":true}]}}