{"id":28558,"date":"2023-09-05T11:00:00","date_gmt":"2023-09-05T14:00:00","guid":{"rendered":"https:\/\/alprestamo.com\/blog\/?p=28558"},"modified":"2023-10-03T16:19:05","modified_gmt":"2023-10-03T19:19:05","slug":"mi-beca-para-empezar-quienes-pueden-recibir-un-pago-doble","status":"publish","type":"post","link":"https:\/\/alprestamo.com\/blog\/mi-beca-para-empezar-quienes-pueden-recibir-un-pago-doble\/","title":{"rendered":"Mi Beca para Empezar: qui\u00e9nes pueden recibir un pago doble"},"content":{"rendered":"\n<p>El Gobierno de la Ciudad de M\u00e9xico (CDMX) anunci\u00f3 que algunos beneficiarios del <strong>programa Mi Beca para Empezar <\/strong>tendr\u00e1n un <strong>pago doble <\/strong>en el mes de septiembre, mientras que el <a href=\"https:\/\/alprestamo.com\/blog\/mx\/programas-sociales-mx\/que-apoyos-sociales-hay-en-mexico\/\">apoyo econ\u00f3mico <\/a>se repartir\u00e1 durante los diez meses que dura el ciclo escolar.&nbsp;<\/p>\n\n\n\n<p>Adem\u00e1s de este anuncio, tambi\u00e9n se destac\u00f3 que para poder finalizar el tr\u00e1mite de manera extempor\u00e1nea se hab\u00eda ampliado la fecha hasta finales del mes en curso. De esta forma, quien quiera recibir un <a href=\"https:\/\/alprestamo.com\/blog\/mx\/programas-sociales-mx\/que-es-mi-beca-para-empezar-el-programa-que-paga-hasta-1180-pesos\/\">apoyo econ\u00f3mico para la <strong>compra de \u00fatiles y uniformes escolares<\/strong><\/a> tendr\u00e1 hasta el \u00faltimo d\u00eda h\u00e1bil de septiembre.&nbsp;<\/p>\n\n\n\n<h2 class=\"wp-block-heading\">Qu\u00e9 es el pago doble de Mi Beca para Empezar<\/h2>\n\n\n\n<p>Aquellos beneficiarios que no hayan completado el tr\u00e1mite y que<strong> finalicen su registro entre el 28 de agosto y el 30 de septiembre <\/strong>se les entregar\u00e1 un pago doble correspondiente al mes de agosto y septiembre, lo que concluir\u00e1 en dos pagos de diez que se har\u00e1n en total.&nbsp;<\/p>\n\n\n\n<p>Alejandra M\u00e1rquez Torre, una de las delegadas de Mi Beca para Empezar destac\u00f3 que el pago doble depender\u00e1 del grado escolar de cada beneficiario. Los estudiantes de <strong>preescolar recibir\u00e1n 600 pesos<\/strong>, mientras que los de <strong>primaria y secundaria recibir\u00e1n 650 pesos<\/strong>.<\/p>\n\n\n\n<h2 class=\"wp-block-heading\">C\u00f3mo actualizar los datos de Mi Beca para Empezar<\/h2>\n\n\n\n<p>Para poder actualizar los datos del beneficiario, el tutor debe tener la <strong>Llave CDMX<\/strong> para poder acceder a la p\u00e1gina oficial del programa, iniciar sesi\u00f3n con su usuario y contrase\u00f1a, actualizar la informaci\u00f3n con los datos de identificaci\u00f3n propios y los del alumno.&nbsp;<\/p>\n\n\n\n<p>Si quieres saber si te corresponde el pago retroactivo o doble de <em>Mi Beca para Empezar<\/em>, puedes seguir leyendo la siguiente nota en <a href=\"https:\/\/alprestamo.com\/blog\/mx\/programas-sociales-mx\/pago-retroactivo-de-mi-beca-para-empezar-de-que-se-trata-y-quienes-lo-cobran\/\">este enlace<\/a>.&nbsp;<\/p>\n","protected":false},"excerpt":{"rendered":"<p>El Gobierno de la Ciudad de M\u00e9xico (CDMX) anunci\u00f3 que algunos beneficiarios del programa Mi Beca para Empezar tendr\u00e1n un pago doble en el mes de septiembre, mientras que el apoyo econ\u00f3mico se repartir\u00e1 durante los diez meses que dura el ciclo escolar.&nbsp; Adem\u00e1s de este anuncio, tambi\u00e9n se destac\u00f3 que para poder finalizar el &hellip;<\/p>\n<p class=\"read-more\"> <a class=\"\" href=\"https:\/\/alprestamo.com\/blog\/mi-beca-para-empezar-quienes-pueden-recibir-un-pago-doble\/\"> <span class=\"screen-reader-text\">Mi Beca para Empezar: qui\u00e9nes pueden recibir un pago doble<\/span> Leer m\u00e1s &raquo;<\/a><\/p>\n","protected":false},"author":9,"featured_media":28563,"comment_status":"closed","ping_status":"closed","sticky":false,"template":"","format":"standard","meta":{"_uag_custom_page_level_css":"","site-sidebar-layout":"default","site-content-layout":"default","ast-global-header-display":"","ast-banner-title-visibility":"","ast-main-header-display":"","ast-hfb-above-header-display":"","ast-hfb-below-header-display":"","ast-hfb-mobile-header-display":"","site-post-title":"","ast-breadcrumbs-content":"","ast-featured-img":"","footer-sml-layout":"","theme-transparent-header-meta":"","adv-header-id-meta":"","stick-header-meta":"","header-above-stick-meta":"","header-main-stick-meta":"","header-below-stick-meta":"","footnotes":""},"categories":[130,32],"tags":[],"class_list":["post-28558","post","type-post","status-publish","format-standard","has-post-thumbnail","hentry","category-mx","category-programas-sociales-mx"],"acf":[],"yoast_head":"<!-- This site is optimized with the Yoast SEO plugin v23.2 - https:\/\/yoast.com\/wordpress\/plugins\/seo\/ -->\n<title>Mi Beca para Empezar: qui\u00e9nes pueden recibir un pago doble<\/title>\n<meta name=\"description\" content=\"El Gobierno de la Ciudad de M\u00e9xico (CDMX) anunci\u00f3 que algunos beneficiarios del programa Mi Beca para Empezar tendr\u00e1n un pago doble en el mes de\" \/>\n<meta name=\"robots\" content=\"index, follow, max-snippet:-1, max-image-preview:large, max-video-preview:-1\" \/>\n<link rel=\"canonical\" href=\"https:\/\/alprestamo.com\/blog\/mi-beca-para-empezar-quienes-pueden-recibir-un-pago-doble\/\" \/>\n<meta property=\"og:locale\" content=\"es_ES\" \/>\n<meta property=\"og:type\" content=\"article\" \/>\n<meta property=\"og:title\" content=\"Mi Beca para Empezar: qui\u00e9nes pueden recibir un pago doble\" \/>\n<meta property=\"og:description\" content=\"El Gobierno de la Ciudad de M\u00e9xico (CDMX) anunci\u00f3 que algunos beneficiarios del programa Mi Beca para Empezar tendr\u00e1n un pago doble en el mes de\" \/>\n<meta property=\"og:url\" content=\"https:\/\/alprestamo.com\/blog\/mi-beca-para-empezar-quienes-pueden-recibir-un-pago-doble\/\" \/>\n<meta property=\"og:site_name\" content=\"Alprestamo - Hacemos que todo suceda\" \/>\n<meta property=\"article:published_time\" content=\"2023-09-05T14:00:00+00:00\" \/>\n<meta property=\"article:modified_time\" content=\"2023-10-03T19:19:05+00:00\" \/>\n<meta property=\"og:image\" content=\"https:\/\/alprestamo.com\/blog\/wp-content\/uploads\/2023\/09\/mi-beca-para-empezar.png\" \/>\n\t<meta property=\"og:image:width\" content=\"644\" \/>\n\t<meta property=\"og:image:height\" content=\"362\" \/>\n\t<meta property=\"og:image:type\" content=\"image\/png\" \/>\n<meta name=\"author\" content=\"Ramiro Querejeta\" \/>\n<meta name=\"twitter:card\" content=\"summary_large_image\" \/>\n<meta name=\"twitter:label1\" content=\"Escrito por\" \/>\n\t<meta name=\"twitter:data1\" content=\"Ramiro Querejeta\" \/>\n\t<meta name=\"twitter:label2\" content=\"Tiempo de lectura\" \/>\n\t<meta name=\"twitter:data2\" content=\"1 minuto\" \/>\n<script type=\"application\/ld+json\" class=\"yoast-schema-graph\">{\"@context\":\"https:\/\/schema.org\",\"@graph\":[{\"@type\":\"NewsArticle\",\"@id\":\"https:\/\/alprestamo.com\/blog\/mi-beca-para-empezar-quienes-pueden-recibir-un-pago-doble\/#article\",\"isPartOf\":{\"@id\":\"https:\/\/alprestamo.com\/blog\/mi-beca-para-empezar-quienes-pueden-recibir-un-pago-doble\/\"},\"author\":{\"name\":\"Ramiro Querejeta\",\"@id\":\"https:\/\/alprestamo.com\/blog\/#\/schema\/person\/4c568603ceb381762b4c9062d42c7627\"},\"headline\":\"Mi Beca para Empezar: qui\u00e9nes pueden recibir un pago doble\",\"datePublished\":\"2023-09-05T14:00:00+00:00\",\"dateModified\":\"2023-10-03T19:19:05+00:00\",\"mainEntityOfPage\":{\"@id\":\"https:\/\/alprestamo.com\/blog\/mi-beca-para-empezar-quienes-pueden-recibir-un-pago-doble\/\"},\"wordCount\":306,\"publisher\":{\"@id\":\"https:\/\/alprestamo.com\/blog\/#organization\"},\"image\":{\"@id\":\"https:\/\/alprestamo.com\/blog\/mi-beca-para-empezar-quienes-pueden-recibir-un-pago-doble\/#primaryimage\"},\"thumbnailUrl\":\"https:\/\/alprestamo.com\/blog\/wp-content\/uploads\/2023\/09\/mi-beca-para-empezar.png\",\"articleSection\":[\"MX\",\"Programas Sociales\"],\"inLanguage\":\"es-AR\"},{\"@type\":\"WebPage\",\"@id\":\"https:\/\/alprestamo.com\/blog\/mi-beca-para-empezar-quienes-pueden-recibir-un-pago-doble\/\",\"url\":\"https:\/\/alprestamo.com\/blog\/mi-beca-para-empezar-quienes-pueden-recibir-un-pago-doble\/\",\"name\":\"Mi Beca para Empezar: qui\u00e9nes pueden recibir un pago doble\",\"isPartOf\":{\"@id\":\"https:\/\/alprestamo.com\/blog\/#website\"},\"primaryImageOfPage\":{\"@id\":\"https:\/\/alprestamo.com\/blog\/mi-beca-para-empezar-quienes-pueden-recibir-un-pago-doble\/#primaryimage\"},\"image\":{\"@id\":\"https:\/\/alprestamo.com\/blog\/mi-beca-para-empezar-quienes-pueden-recibir-un-pago-doble\/#primaryimage\"},\"thumbnailUrl\":\"https:\/\/alprestamo.com\/blog\/wp-content\/uploads\/2023\/09\/mi-beca-para-empezar.png\",\"datePublished\":\"2023-09-05T14:00:00+00:00\",\"dateModified\":\"2023-10-03T19:19:05+00:00\",\"description\":\"El Gobierno de la Ciudad de M\u00e9xico (CDMX) anunci\u00f3 que algunos beneficiarios del programa Mi Beca para Empezar tendr\u00e1n un pago doble en el mes de\",\"breadcrumb\":{\"@id\":\"https:\/\/alprestamo.com\/blog\/mi-beca-para-empezar-quienes-pueden-recibir-un-pago-doble\/#breadcrumb\"},\"inLanguage\":\"es-AR\",\"potentialAction\":[{\"@type\":\"ReadAction\",\"target\":[\"https:\/\/alprestamo.com\/blog\/mi-beca-para-empezar-quienes-pueden-recibir-un-pago-doble\/\"]}]},{\"@type\":\"ImageObject\",\"inLanguage\":\"es-AR\",\"@id\":\"https:\/\/alprestamo.com\/blog\/mi-beca-para-empezar-quienes-pueden-recibir-un-pago-doble\/#primaryimage\",\"url\":\"https:\/\/alprestamo.com\/blog\/wp-content\/uploads\/2023\/09\/mi-beca-para-empezar.png\",\"contentUrl\":\"https:\/\/alprestamo.com\/blog\/wp-content\/uploads\/2023\/09\/mi-beca-para-empezar.png\",\"width\":644,\"height\":362,\"caption\":\"Mi Beca para Empezar\"},{\"@type\":\"BreadcrumbList\",\"@id\":\"https:\/\/alprestamo.com\/blog\/mi-beca-para-empezar-quienes-pueden-recibir-un-pago-doble\/#breadcrumb\",\"itemListElement\":[{\"@type\":\"ListItem\",\"position\":1,\"name\":\"Home\",\"item\":\"https:\/\/alprestamo.com\/blog\/\"},{\"@type\":\"ListItem\",\"position\":2,\"name\":\"Mi Beca para Empezar: qui\u00e9nes pueden recibir un pago doble\"}]},{\"@type\":\"WebSite\",\"@id\":\"https:\/\/alprestamo.com\/blog\/#website\",\"url\":\"https:\/\/alprestamo.com\/blog\/\",\"name\":\"Alprestamo\",\"description\":\"Hacemos que todo suceda\",\"publisher\":{\"@id\":\"https:\/\/alprestamo.com\/blog\/#organization\"},\"potentialAction\":[{\"@type\":\"SearchAction\",\"target\":{\"@type\":\"EntryPoint\",\"urlTemplate\":\"https:\/\/alprestamo.com\/blog\/?s={search_term_string}\"},\"query-input\":\"required name=search_term_string\"}],\"inLanguage\":\"es-AR\"},{\"@type\":\"Organization\",\"@id\":\"https:\/\/alprestamo.com\/blog\/#organization\",\"name\":\"Alprestamo\",\"url\":\"https:\/\/alprestamo.com\/blog\/\",\"logo\":{\"@type\":\"ImageObject\",\"inLanguage\":\"es-AR\",\"@id\":\"https:\/\/alprestamo.com\/blog\/#\/schema\/logo\/image\/\",\"url\":\"https:\/\/alprestamo.com\/blog\/wp-content\/uploads\/2022\/10\/Imagotipo_Blanco.svg\",\"contentUrl\":\"https:\/\/alprestamo.com\/blog\/wp-content\/uploads\/2022\/10\/Imagotipo_Blanco.svg\",\"width\":1199,\"height\":203,\"caption\":\"Alprestamo\"},\"image\":{\"@id\":\"https:\/\/alprestamo.com\/blog\/#\/schema\/logo\/image\/\"}},{\"@type\":\"Person\",\"@id\":\"https:\/\/alprestamo.com\/blog\/#\/schema\/person\/4c568603ceb381762b4c9062d42c7627\",\"name\":\"Ramiro Querejeta\",\"image\":{\"@type\":\"ImageObject\",\"inLanguage\":\"es-AR\",\"@id\":\"https:\/\/alprestamo.com\/blog\/#\/schema\/person\/image\/\",\"url\":\"https:\/\/alprestamo.com\/blog\/wp-content\/uploads\/2025\/08\/1688503693490-150x150.jpeg\",\"contentUrl\":\"https:\/\/alprestamo.com\/blog\/wp-content\/uploads\/2025\/08\/1688503693490-150x150.jpeg\",\"caption\":\"Ramiro Querejeta\"},\"url\":\"https:\/\/alprestamo.com\/blog\/author\/ramiro\/\"}]}<\/script>\n<!-- \/ Yoast SEO plugin. -->","yoast_head_json":{"title":"Mi Beca para Empezar: qui\u00e9nes pueden recibir un pago doble","description":"El Gobierno de la Ciudad de M\u00e9xico (CDMX) anunci\u00f3 que algunos beneficiarios del programa Mi Beca para Empezar tendr\u00e1n un pago doble en el mes de","robots":{"index":"index","follow":"follow","max-snippet":"max-snippet:-1","max-image-preview":"max-image-preview:large","max-video-preview":"max-video-preview:-1"},"canonical":"https:\/\/alprestamo.com\/blog\/mi-beca-para-empezar-quienes-pueden-recibir-un-pago-doble\/","og_locale":"es_ES","og_type":"article","og_title":"Mi Beca para Empezar: qui\u00e9nes pueden recibir un pago doble","og_description":"El Gobierno de la Ciudad de M\u00e9xico (CDMX) anunci\u00f3 que algunos beneficiarios del programa Mi Beca para Empezar tendr\u00e1n un pago doble en el mes de","og_url":"https:\/\/alprestamo.com\/blog\/mi-beca-para-empezar-quienes-pueden-recibir-un-pago-doble\/","og_site_name":"Alprestamo - Hacemos que todo suceda","article_published_time":"2023-09-05T14:00:00+00:00","article_modified_time":"2023-10-03T19:19:05+00:00","og_image":[{"width":644,"height":362,"url":"https:\/\/alprestamo.com\/blog\/wp-content\/uploads\/2023\/09\/mi-beca-para-empezar.png","type":"image\/png"}],"author":"Ramiro Querejeta","twitter_card":"summary_large_image","twitter_misc":{"Escrito por":"Ramiro Querejeta","Tiempo de lectura":"1 minuto"},"schema":{"@context":"https:\/\/schema.org","@graph":[{"@type":"NewsArticle","@id":"https:\/\/alprestamo.com\/blog\/mi-beca-para-empezar-quienes-pueden-recibir-un-pago-doble\/#article","isPartOf":{"@id":"https:\/\/alprestamo.com\/blog\/mi-beca-para-empezar-quienes-pueden-recibir-un-pago-doble\/"},"author":{"name":"Ramiro Querejeta","@id":"https:\/\/alprestamo.com\/blog\/#\/schema\/person\/4c568603ceb381762b4c9062d42c7627"},"headline":"Mi Beca para Empezar: qui\u00e9nes pueden recibir un pago doble","datePublished":"2023-09-05T14:00:00+00:00","dateModified":"2023-10-03T19:19:05+00:00","mainEntityOfPage":{"@id":"https:\/\/alprestamo.com\/blog\/mi-beca-para-empezar-quienes-pueden-recibir-un-pago-doble\/"},"wordCount":306,"publisher":{"@id":"https:\/\/alprestamo.com\/blog\/#organization"},"image":{"@id":"https:\/\/alprestamo.com\/blog\/mi-beca-para-empezar-quienes-pueden-recibir-un-pago-doble\/#primaryimage"},"thumbnailUrl":"https:\/\/alprestamo.com\/blog\/wp-content\/uploads\/2023\/09\/mi-beca-para-empezar.png","articleSection":["MX","Programas Sociales"],"inLanguage":"es-AR"},{"@type":"WebPage","@id":"https:\/\/alprestamo.com\/blog\/mi-beca-para-empezar-quienes-pueden-recibir-un-pago-doble\/","url":"https:\/\/alprestamo.com\/blog\/mi-beca-para-empezar-quienes-pueden-recibir-un-pago-doble\/","name":"Mi Beca para Empezar: qui\u00e9nes pueden recibir un pago doble","isPartOf":{"@id":"https:\/\/alprestamo.com\/blog\/#website"},"primaryImageOfPage":{"@id":"https:\/\/alprestamo.com\/blog\/mi-beca-para-empezar-quienes-pueden-recibir-un-pago-doble\/#primaryimage"},"image":{"@id":"https:\/\/alprestamo.com\/blog\/mi-beca-para-empezar-quienes-pueden-recibir-un-pago-doble\/#primaryimage"},"thumbnailUrl":"https:\/\/alprestamo.com\/blog\/wp-content\/uploads\/2023\/09\/mi-beca-para-empezar.png","datePublished":"2023-09-05T14:00:00+00:00","dateModified":"2023-10-03T19:19:05+00:00","description":"El Gobierno de la Ciudad de M\u00e9xico (CDMX) anunci\u00f3 que algunos beneficiarios del programa Mi Beca para Empezar tendr\u00e1n un pago doble en el mes de","breadcrumb":{"@id":"https:\/\/alprestamo.com\/blog\/mi-beca-para-empezar-quienes-pueden-recibir-un-pago-doble\/#breadcrumb"},"inLanguage":"es-AR","potentialAction":[{"@type":"ReadAction","target":["https:\/\/alprestamo.com\/blog\/mi-beca-para-empezar-quienes-pueden-recibir-un-pago-doble\/"]}]},{"@type":"ImageObject","inLanguage":"es-AR","@id":"https:\/\/alprestamo.com\/blog\/mi-beca-para-empezar-quienes-pueden-recibir-un-pago-doble\/#primaryimage","url":"https:\/\/alprestamo.com\/blog\/wp-content\/uploads\/2023\/09\/mi-beca-para-empezar.png","contentUrl":"https:\/\/alprestamo.com\/blog\/wp-content\/uploads\/2023\/09\/mi-beca-para-empezar.png","width":644,"height":362,"caption":"Mi Beca para Empezar"},{"@type":"BreadcrumbList","@id":"https:\/\/alprestamo.com\/blog\/mi-beca-para-empezar-quienes-pueden-recibir-un-pago-doble\/#breadcrumb","itemListElement":[{"@type":"ListItem","position":1,"name":"Home","item":"https:\/\/alprestamo.com\/blog\/"},{"@type":"ListItem","position":2,"name":"Mi Beca para Empezar: qui\u00e9nes pueden recibir un pago doble"}]},{"@type":"WebSite","@id":"https:\/\/alprestamo.com\/blog\/#website","url":"https:\/\/alprestamo.com\/blog\/","name":"Alprestamo","description":"Hacemos que todo suceda","publisher":{"@id":"https:\/\/alprestamo.com\/blog\/#organization"},"potentialAction":[{"@type":"SearchAction","target":{"@type":"EntryPoint","urlTemplate":"https:\/\/alprestamo.com\/blog\/?s={search_term_string}"},"query-input":"required name=search_term_string"}],"inLanguage":"es-AR"},{"@type":"Organization","@id":"https:\/\/alprestamo.com\/blog\/#organization","name":"Alprestamo","url":"https:\/\/alprestamo.com\/blog\/","logo":{"@type":"ImageObject","inLanguage":"es-AR","@id":"https:\/\/alprestamo.com\/blog\/#\/schema\/logo\/image\/","url":"https:\/\/alprestamo.com\/blog\/wp-content\/uploads\/2022\/10\/Imagotipo_Blanco.svg","contentUrl":"https:\/\/alprestamo.com\/blog\/wp-content\/uploads\/2022\/10\/Imagotipo_Blanco.svg","width":1199,"height":203,"caption":"Alprestamo"},"image":{"@id":"https:\/\/alprestamo.com\/blog\/#\/schema\/logo\/image\/"}},{"@type":"Person","@id":"https:\/\/alprestamo.com\/blog\/#\/schema\/person\/4c568603ceb381762b4c9062d42c7627","name":"Ramiro Querejeta","image":{"@type":"ImageObject","inLanguage":"es-AR","@id":"https:\/\/alprestamo.com\/blog\/#\/schema\/person\/image\/","url":"https:\/\/alprestamo.com\/blog\/wp-content\/uploads\/2025\/08\/1688503693490-150x150.jpeg","contentUrl":"https:\/\/alprestamo.com\/blog\/wp-content\/uploads\/2025\/08\/1688503693490-150x150.jpeg","caption":"Ramiro Querejeta"},"url":"https:\/\/alprestamo.com\/blog\/author\/ramiro\/"}]}},"uagb_featured_image_src":{"full":["https:\/\/alprestamo.com\/blog\/wp-content\/uploads\/2023\/09\/mi-beca-para-empezar.png",644,362,false],"thumbnail":["https:\/\/alprestamo.com\/blog\/wp-content\/uploads\/2023\/09\/mi-beca-para-empezar-150x150.png",150,150,true],"medium":["https:\/\/alprestamo.com\/blog\/wp-content\/uploads\/2023\/09\/mi-beca-para-empezar-300x169.png",300,169,true],"medium_large":["https:\/\/alprestamo.com\/blog\/wp-content\/uploads\/2023\/09\/mi-beca-para-empezar.png",644,362,false],"large":["https:\/\/alprestamo.com\/blog\/wp-content\/uploads\/2023\/09\/mi-beca-para-empezar.png",644,362,false],"1536x1536":["https:\/\/alprestamo.com\/blog\/wp-content\/uploads\/2023\/09\/mi-beca-para-empezar.png",644,362,false],"2048x2048":["https:\/\/alprestamo.com\/blog\/wp-content\/uploads\/2023\/09\/mi-beca-para-empezar.png",644,362,false]},"uagb_author_info":{"display_name":"Ramiro Querejeta","author_link":"https:\/\/alprestamo.com\/blog\/author\/ramiro\/"},"uagb_comment_info":0,"uagb_excerpt":"El Gobierno de la Ciudad de M\u00e9xico (CDMX) anunci\u00f3 que algunos beneficiarios del programa Mi Beca para Empezar tendr\u00e1n un pago doble en el mes de septiembre, mientras que el apoyo econ\u00f3mico se repartir\u00e1 durante los diez meses que dura el ciclo escolar.&nbsp; Adem\u00e1s de este anuncio, tambi\u00e9n se destac\u00f3 que para poder finalizar el&hellip;","rttpg_featured_image_url":{"full":["https:\/\/alprestamo.com\/blog\/wp-content\/uploads\/2023\/09\/mi-beca-para-empezar.png",644,362,false],"landscape":["https:\/\/alprestamo.com\/blog\/wp-content\/uploads\/2023\/09\/mi-beca-para-empezar.png",644,362,false],"portraits":["https:\/\/alprestamo.com\/blog\/wp-content\/uploads\/2023\/09\/mi-beca-para-empezar.png",644,362,false],"thumbnail":["https:\/\/alprestamo.com\/blog\/wp-content\/uploads\/2023\/09\/mi-beca-para-empezar-150x150.png",150,150,true],"medium":["https:\/\/alprestamo.com\/blog\/wp-content\/uploads\/2023\/09\/mi-beca-para-empezar-300x169.png",300,169,true],"large":["https:\/\/alprestamo.com\/blog\/wp-content\/uploads\/2023\/09\/mi-beca-para-empezar.png",644,362,false],"1536x1536":["https:\/\/alprestamo.com\/blog\/wp-content\/uploads\/2023\/09\/mi-beca-para-empezar.png",644,362,false],"2048x2048":["https:\/\/alprestamo.com\/blog\/wp-content\/uploads\/2023\/09\/mi-beca-para-empezar.png",644,362,false],"rt_custom":["https:\/\/alprestamo.com\/blog\/wp-content\/uploads\/2023\/09\/mi-beca-para-empezar.png",644,362,false]},"rttpg_author":{"display_name":"Ramiro Querejeta","author_link":"https:\/\/alprestamo.com\/blog\/author\/ramiro\/"},"rttpg_comment":0,"rttpg_category":"<a href=\"https:\/\/alprestamo.com\/blog\/categoria\/mx\/\" rel=\"category tag\">MX<\/a> <a href=\"https:\/\/alprestamo.com\/blog\/categoria\/mx\/programas-sociales-mx\/\" rel=\"category tag\">Programas Sociales<\/a>","rttpg_excerpt":"El Gobierno de la Ciudad de M\u00e9xico (CDMX) anunci\u00f3 que algunos beneficiarios del programa Mi Beca para Empezar tendr\u00e1n un pago doble en el mes de septiembre, mientras que el apoyo econ\u00f3mico se repartir\u00e1 durante los diez meses que dura el ciclo escolar.&nbsp; Adem\u00e1s de este anuncio, tambi\u00e9n se destac\u00f3 que para poder finalizar el&hellip;","_links":{"self":[{"href":"https:\/\/alprestamo.com\/blog\/wp-json\/wp\/v2\/posts\/28558"}],"collection":[{"href":"https:\/\/alprestamo.com\/blog\/wp-json\/wp\/v2\/posts"}],"about":[{"href":"https:\/\/alprestamo.com\/blog\/wp-json\/wp\/v2\/types\/post"}],"author":[{"embeddable":true,"href":"https:\/\/alprestamo.com\/blog\/wp-json\/wp\/v2\/users\/9"}],"replies":[{"embeddable":true,"href":"https:\/\/alprestamo.com\/blog\/wp-json\/wp\/v2\/comments?post=28558"}],"version-history":[{"count":3,"href":"https:\/\/alprestamo.com\/blog\/wp-json\/wp\/v2\/posts\/28558\/revisions"}],"predecessor-version":[{"id":28959,"href":"https:\/\/alprestamo.com\/blog\/wp-json\/wp\/v2\/posts\/28558\/revisions\/28959"}],"wp:featuredmedia":[{"embeddable":true,"href":"https:\/\/alprestamo.com\/blog\/wp-json\/wp\/v2\/media\/28563"}],"wp:attachment":[{"href":"https:\/\/alprestamo.com\/blog\/wp-json\/wp\/v2\/media?parent=28558"}],"wp:term":[{"taxonomy":"category","embeddable":true,"href":"https:\/\/alprestamo.com\/blog\/wp-json\/wp\/v2\/categories?post=28558"},{"taxonomy":"post_tag","embeddable":true,"href":"https:\/\/alprestamo.com\/blog\/wp-json\/wp\/v2\/tags?post=28558"}],"curies":[{"name":"wp","href":"https:\/\/api.w.org\/{rel}","templated":true}]}}