{"id":28677,"date":"2023-09-06T10:00:00","date_gmt":"2023-09-06T13:00:00","guid":{"rendered":"https:\/\/alprestamo.com\/blog\/?p=28677"},"modified":"2023-09-11T14:41:43","modified_gmt":"2023-09-11T17:41:43","slug":"familias-en-accion-2023-como-saber-si-soy-beneficiario","status":"publish","type":"post","link":"https:\/\/alprestamo.com\/blog\/familias-en-accion-2023-como-saber-si-soy-beneficiario\/","title":{"rendered":"Familias en Acci\u00f3n 2023: c\u00f3mo saber si soy beneficiario"},"content":{"rendered":"\n<p>El programa social<strong> Familias en Acci\u00f3n <\/strong>entrega un beneficio econ\u00f3mico a familias con ni\u00f1os, ni\u00f1as y adolescentes en condiciones de pobreza o pobreza extrema, con un condicionante a la asistencia escolar y atenci\u00f3n de salud.&nbsp;<\/p>\n\n\n\n<p>Este programa cambi\u00f3 de nombre bajo la presidencia de <strong>Gustavo Petro <\/strong>al pasar a conocerse como <strong>Transici\u00f3n Renta Ciudadana<\/strong>. El beneficio se orienta mediante dos componentes: un incentivo monetario y bienestar comunitario.&nbsp;<\/p>\n\n\n\n<h2 class=\"wp-block-heading\">Qui\u00e9nes forman parte de Familias en Acci\u00f3n<\/h2>\n\n\n\n<p>Las familias en situaci\u00f3n de pobreza o pobreza extrema con hijos peque\u00f1os o adolescentes menores de 18 a\u00f1os, que cumplan con los criterios definidos por el <a href=\"https:\/\/alprestamo.com\/blog\/co\/cual-es-el-programa-social-de-colombia-que-devuelve-hasta-80-000\/\">programa social.<\/a>&nbsp;<\/p>\n\n\n\n<p>La cobertura<strong> incluye a todos los departamentos, municipios, distritos y corregimientos departamentales de Colombia<\/strong>. Para la poblaci\u00f3n ind\u00edgena, <a href=\"https:\/\/alprestamo.com\/blog\/co\/que-es-el-programa-familias-en-accion-y-quienes-son-sus-beneficiarios\/\">Familias en Acci\u00f3n<\/a> cubre los resguardos y cabildos ind\u00edgenas del pa\u00eds, reconocidos por el Ministerio del Interior.&nbsp;<\/p>\n\n\n\n<p>Familias en Acci\u00f3n posee una clasificaci\u00f3n de municipios en cuatro grupos que permite diferenciar acciones en cada territorio, seg\u00fan su grado de urbanizaci\u00f3n y pobreza multidimensional. Estas zona del pa\u00eds pertenecen al grupo municipal #2: Armenia, Barranquilla, Bucaramanga, Cali, Cartagena, C\u00facuta, Florencia, Ibagu\u00e9, Manizales, Medell\u00edn, Monter\u00eda, Neiva, Pasto, Pereira, Popay\u00e1n, San Andr\u00e9s, Santa Marta, Sincelejo, Tunja, Valledupar y Villavicencio.&nbsp;<\/p>\n\n\n\n<h2 class=\"wp-block-heading\">Montos de Familias en Acci\u00f3n<\/h2>\n\n\n\n<p>Los montos, que se entregan de forma bimestral, se definen por la salud de cada menor de 18:&nbsp;<\/p>\n\n\n\n<p><strong>Prioridad muy alta de desnutrici\u00f3n o IPM censal 2018 o superior:&nbsp;<\/strong><\/p>\n\n\n\n<ul class=\"wp-block-list\">\n<li>Grupo A Ind\u00edgenas y desplazados: Salud $1.000.000 \/ Educaci\u00f3n $320.000<\/li>\n\n\n\n<li>Grupo B1 a B4: Salud $720.000 \/ Educaci\u00f3n $240.000<\/li>\n\n\n\n<li>Grupo Umbral: $320.000 \/ educaci\u00f3n: $520.000<\/li>\n<\/ul>\n\n\n\n<p><strong>Prioridad alta de desnutrici\u00f3n o municipio que no tiene prevalencia muy alta de desnutrici\u00f3n<\/strong>&nbsp;<\/p>\n\n\n\n<ul class=\"wp-block-list\">\n<li>Grupo A ind\u00edgenas y desplazados: Salud $720.000 \/ educaci\u00f3n $240.000<\/li>\n\n\n\n<li>Grupo B1 a B4: salud $320.000 \/ educaci\u00f3n: $120.000<\/li>\n\n\n\n<li>Grupo Umbral: Salud $240.000 \/ educaci\u00f3n $80.000<\/li>\n<\/ul>\n\n\n\n<p><strong>Resto de los municipios<\/strong><\/p>\n\n\n\n<ul class=\"wp-block-list\">\n<li>Grupos A ind\u00edgenas y desplazados: Salud $320.000 \/ educaci\u00f3n: $120.000<\/li>\n\n\n\n<li>Grupo B1 a B4: Salud: $240.000 \/ educaci\u00f3n: $80.000<\/li>\n\n\n\n<li>Grupo Umbral: Salud: $160.000 \/ educaci\u00f3n: $60.00.<\/li>\n<\/ul>\n\n\n\n<h2 class=\"wp-block-heading\">C\u00f3mo consultar si formo parte del programa<\/h2>\n\n\n\n<ul class=\"wp-block-list\">\n<li>Ingresar a <a href=\"https:\/\/familiasfocalizadas.prosperidadsocial.gov.co\/\">https:\/\/familiasfocalizadas.prosperidadsocial.gov.co\/#<\/a><\/li>\n\n\n\n<li>De clic en el bot\u00f3n \u201cConsulte aqu\u00ed si est\u00e1 focalizado\u201d.<\/li>\n\n\n\n<li>Seleccionar el tipo de documento (tarjeta de identidad, c\u00e9dula de ciudadan\u00eda, registro civil o c\u00e9dula de extranjer\u00eda).<\/li>\n\n\n\n<li>Ingresar el n\u00famero del documento.<\/li>\n\n\n\n<li>Escribir el primer nombre y primer apellido, tal como aparecen en el documento de identidad.<\/li>\n\n\n\n<li>Digitar la fecha de expedici\u00f3n del mismo.<\/li>\n\n\n\n<li>Dar clic en el bot\u00f3n \u00abNo soy un robot\u00bb.<\/li>\n\n\n\n<li>Esperar a que el sistema verifique la informaci\u00f3n. <\/li>\n<\/ul>\n","protected":false},"excerpt":{"rendered":"<p>El programa social Familias en Acci\u00f3n entrega un beneficio econ\u00f3mico a familias con ni\u00f1os, ni\u00f1as y adolescentes en condiciones de pobreza o pobreza extrema, con un condicionante a la asistencia escolar y atenci\u00f3n de salud.&nbsp; Este programa cambi\u00f3 de nombre bajo la presidencia de Gustavo Petro al pasar a conocerse como Transici\u00f3n Renta Ciudadana. El &hellip;<\/p>\n<p class=\"read-more\"> <a class=\"\" href=\"https:\/\/alprestamo.com\/blog\/familias-en-accion-2023-como-saber-si-soy-beneficiario\/\"> <span class=\"screen-reader-text\">Familias en Acci\u00f3n 2023: c\u00f3mo saber si soy beneficiario<\/span> Leer m\u00e1s &raquo;<\/a><\/p>\n","protected":false},"author":9,"featured_media":28723,"comment_status":"closed","ping_status":"closed","sticky":false,"template":"","format":"standard","meta":{"_uag_custom_page_level_css":"","site-sidebar-layout":"default","site-content-layout":"default","ast-global-header-display":"","ast-banner-title-visibility":"","ast-main-header-display":"","ast-hfb-above-header-display":"","ast-hfb-below-header-display":"","ast-hfb-mobile-header-display":"","site-post-title":"","ast-breadcrumbs-content":"","ast-featured-img":"","footer-sml-layout":"","theme-transparent-header-meta":"","adv-header-id-meta":"","stick-header-meta":"","header-above-stick-meta":"","header-main-stick-meta":"","header-below-stick-meta":"","footnotes":""},"categories":[98,100],"tags":[],"class_list":["post-28677","post","type-post","status-publish","format-standard","has-post-thumbnail","hentry","category-co","category-programas-sociales"],"acf":[],"yoast_head":"<!-- This site is optimized with the Yoast SEO plugin v23.2 - https:\/\/yoast.com\/wordpress\/plugins\/seo\/ -->\n<title>Familias en Acci\u00f3n 2023: c\u00f3mo saber si soy beneficiario<\/title>\n<meta name=\"description\" content=\"El programa social Familias en Acci\u00f3n entrega un beneficio econ\u00f3mico a familias con ni\u00f1os, ni\u00f1as y adolescentes en condiciones de pobreza o pobreza\" \/>\n<meta name=\"robots\" content=\"index, follow, max-snippet:-1, max-image-preview:large, max-video-preview:-1\" \/>\n<link rel=\"canonical\" href=\"https:\/\/alprestamo.com\/blog\/familias-en-accion-2023-como-saber-si-soy-beneficiario\/\" \/>\n<meta property=\"og:locale\" content=\"es_ES\" \/>\n<meta property=\"og:type\" content=\"article\" \/>\n<meta property=\"og:title\" content=\"Familias en Acci\u00f3n 2023: c\u00f3mo saber si soy beneficiario\" \/>\n<meta property=\"og:description\" content=\"El programa social Familias en Acci\u00f3n entrega un beneficio econ\u00f3mico a familias con ni\u00f1os, ni\u00f1as y adolescentes en condiciones de pobreza o pobreza\" \/>\n<meta property=\"og:url\" content=\"https:\/\/alprestamo.com\/blog\/familias-en-accion-2023-como-saber-si-soy-beneficiario\/\" \/>\n<meta property=\"og:site_name\" content=\"Alprestamo - Hacemos que todo suceda\" \/>\n<meta property=\"article:published_time\" content=\"2023-09-06T13:00:00+00:00\" \/>\n<meta property=\"article:modified_time\" content=\"2023-09-11T17:41:43+00:00\" \/>\n<meta property=\"og:image\" content=\"https:\/\/alprestamo.com\/blog\/wp-content\/uploads\/2023\/09\/familias-en-accion.png\" \/>\n\t<meta property=\"og:image:width\" content=\"1024\" \/>\n\t<meta property=\"og:image:height\" content=\"568\" \/>\n\t<meta property=\"og:image:type\" content=\"image\/png\" \/>\n<meta name=\"author\" content=\"Ramiro Querejeta\" \/>\n<meta name=\"twitter:card\" content=\"summary_large_image\" \/>\n<meta name=\"twitter:label1\" content=\"Escrito por\" \/>\n\t<meta name=\"twitter:data1\" content=\"Ramiro Querejeta\" \/>\n\t<meta name=\"twitter:label2\" content=\"Tiempo de lectura\" \/>\n\t<meta name=\"twitter:data2\" content=\"2 minutos\" \/>\n<script type=\"application\/ld+json\" class=\"yoast-schema-graph\">{\"@context\":\"https:\/\/schema.org\",\"@graph\":[{\"@type\":\"NewsArticle\",\"@id\":\"https:\/\/alprestamo.com\/blog\/familias-en-accion-2023-como-saber-si-soy-beneficiario\/#article\",\"isPartOf\":{\"@id\":\"https:\/\/alprestamo.com\/blog\/familias-en-accion-2023-como-saber-si-soy-beneficiario\/\"},\"author\":{\"name\":\"Ramiro Querejeta\",\"@id\":\"https:\/\/alprestamo.com\/blog\/#\/schema\/person\/4c568603ceb381762b4c9062d42c7627\"},\"headline\":\"Familias en Acci\u00f3n 2023: c\u00f3mo saber si soy beneficiario\",\"datePublished\":\"2023-09-06T13:00:00+00:00\",\"dateModified\":\"2023-09-11T17:41:43+00:00\",\"mainEntityOfPage\":{\"@id\":\"https:\/\/alprestamo.com\/blog\/familias-en-accion-2023-como-saber-si-soy-beneficiario\/\"},\"wordCount\":449,\"publisher\":{\"@id\":\"https:\/\/alprestamo.com\/blog\/#organization\"},\"image\":{\"@id\":\"https:\/\/alprestamo.com\/blog\/familias-en-accion-2023-como-saber-si-soy-beneficiario\/#primaryimage\"},\"thumbnailUrl\":\"https:\/\/alprestamo.com\/blog\/wp-content\/uploads\/2023\/09\/familias-en-accion.png\",\"articleSection\":[\"CO\",\"Programas sociales\"],\"inLanguage\":\"es-AR\"},{\"@type\":\"WebPage\",\"@id\":\"https:\/\/alprestamo.com\/blog\/familias-en-accion-2023-como-saber-si-soy-beneficiario\/\",\"url\":\"https:\/\/alprestamo.com\/blog\/familias-en-accion-2023-como-saber-si-soy-beneficiario\/\",\"name\":\"Familias en Acci\u00f3n 2023: c\u00f3mo saber si soy beneficiario\",\"isPartOf\":{\"@id\":\"https:\/\/alprestamo.com\/blog\/#website\"},\"primaryImageOfPage\":{\"@id\":\"https:\/\/alprestamo.com\/blog\/familias-en-accion-2023-como-saber-si-soy-beneficiario\/#primaryimage\"},\"image\":{\"@id\":\"https:\/\/alprestamo.com\/blog\/familias-en-accion-2023-como-saber-si-soy-beneficiario\/#primaryimage\"},\"thumbnailUrl\":\"https:\/\/alprestamo.com\/blog\/wp-content\/uploads\/2023\/09\/familias-en-accion.png\",\"datePublished\":\"2023-09-06T13:00:00+00:00\",\"dateModified\":\"2023-09-11T17:41:43+00:00\",\"description\":\"El programa social Familias en Acci\u00f3n entrega un beneficio econ\u00f3mico a familias con ni\u00f1os, ni\u00f1as y adolescentes en condiciones de pobreza o pobreza\",\"breadcrumb\":{\"@id\":\"https:\/\/alprestamo.com\/blog\/familias-en-accion-2023-como-saber-si-soy-beneficiario\/#breadcrumb\"},\"inLanguage\":\"es-AR\",\"potentialAction\":[{\"@type\":\"ReadAction\",\"target\":[\"https:\/\/alprestamo.com\/blog\/familias-en-accion-2023-como-saber-si-soy-beneficiario\/\"]}]},{\"@type\":\"ImageObject\",\"inLanguage\":\"es-AR\",\"@id\":\"https:\/\/alprestamo.com\/blog\/familias-en-accion-2023-como-saber-si-soy-beneficiario\/#primaryimage\",\"url\":\"https:\/\/alprestamo.com\/blog\/wp-content\/uploads\/2023\/09\/familias-en-accion.png\",\"contentUrl\":\"https:\/\/alprestamo.com\/blog\/wp-content\/uploads\/2023\/09\/familias-en-accion.png\",\"width\":1024,\"height\":568,\"caption\":\"Familias en Acci\u00f3n\"},{\"@type\":\"BreadcrumbList\",\"@id\":\"https:\/\/alprestamo.com\/blog\/familias-en-accion-2023-como-saber-si-soy-beneficiario\/#breadcrumb\",\"itemListElement\":[{\"@type\":\"ListItem\",\"position\":1,\"name\":\"Home\",\"item\":\"https:\/\/alprestamo.com\/blog\/\"},{\"@type\":\"ListItem\",\"position\":2,\"name\":\"Familias en Acci\u00f3n 2023: c\u00f3mo saber si soy beneficiario\"}]},{\"@type\":\"WebSite\",\"@id\":\"https:\/\/alprestamo.com\/blog\/#website\",\"url\":\"https:\/\/alprestamo.com\/blog\/\",\"name\":\"Alprestamo\",\"description\":\"Hacemos que todo suceda\",\"publisher\":{\"@id\":\"https:\/\/alprestamo.com\/blog\/#organization\"},\"potentialAction\":[{\"@type\":\"SearchAction\",\"target\":{\"@type\":\"EntryPoint\",\"urlTemplate\":\"https:\/\/alprestamo.com\/blog\/?s={search_term_string}\"},\"query-input\":\"required name=search_term_string\"}],\"inLanguage\":\"es-AR\"},{\"@type\":\"Organization\",\"@id\":\"https:\/\/alprestamo.com\/blog\/#organization\",\"name\":\"Alprestamo\",\"url\":\"https:\/\/alprestamo.com\/blog\/\",\"logo\":{\"@type\":\"ImageObject\",\"inLanguage\":\"es-AR\",\"@id\":\"https:\/\/alprestamo.com\/blog\/#\/schema\/logo\/image\/\",\"url\":\"https:\/\/alprestamo.com\/blog\/wp-content\/uploads\/2022\/10\/Imagotipo_Blanco.svg\",\"contentUrl\":\"https:\/\/alprestamo.com\/blog\/wp-content\/uploads\/2022\/10\/Imagotipo_Blanco.svg\",\"width\":1199,\"height\":203,\"caption\":\"Alprestamo\"},\"image\":{\"@id\":\"https:\/\/alprestamo.com\/blog\/#\/schema\/logo\/image\/\"}},{\"@type\":\"Person\",\"@id\":\"https:\/\/alprestamo.com\/blog\/#\/schema\/person\/4c568603ceb381762b4c9062d42c7627\",\"name\":\"Ramiro Querejeta\",\"image\":{\"@type\":\"ImageObject\",\"inLanguage\":\"es-AR\",\"@id\":\"https:\/\/alprestamo.com\/blog\/#\/schema\/person\/image\/\",\"url\":\"https:\/\/alprestamo.com\/blog\/wp-content\/uploads\/2025\/08\/1688503693490-150x150.jpeg\",\"contentUrl\":\"https:\/\/alprestamo.com\/blog\/wp-content\/uploads\/2025\/08\/1688503693490-150x150.jpeg\",\"caption\":\"Ramiro Querejeta\"},\"url\":\"https:\/\/alprestamo.com\/blog\/author\/ramiro\/\"}]}<\/script>\n<!-- \/ Yoast SEO plugin. -->","yoast_head_json":{"title":"Familias en Acci\u00f3n 2023: c\u00f3mo saber si soy beneficiario","description":"El programa social Familias en Acci\u00f3n entrega un beneficio econ\u00f3mico a familias con ni\u00f1os, ni\u00f1as y adolescentes en condiciones de pobreza o pobreza","robots":{"index":"index","follow":"follow","max-snippet":"max-snippet:-1","max-image-preview":"max-image-preview:large","max-video-preview":"max-video-preview:-1"},"canonical":"https:\/\/alprestamo.com\/blog\/familias-en-accion-2023-como-saber-si-soy-beneficiario\/","og_locale":"es_ES","og_type":"article","og_title":"Familias en Acci\u00f3n 2023: c\u00f3mo saber si soy beneficiario","og_description":"El programa social Familias en Acci\u00f3n entrega un beneficio econ\u00f3mico a familias con ni\u00f1os, ni\u00f1as y adolescentes en condiciones de pobreza o pobreza","og_url":"https:\/\/alprestamo.com\/blog\/familias-en-accion-2023-como-saber-si-soy-beneficiario\/","og_site_name":"Alprestamo - Hacemos que todo suceda","article_published_time":"2023-09-06T13:00:00+00:00","article_modified_time":"2023-09-11T17:41:43+00:00","og_image":[{"width":1024,"height":568,"url":"https:\/\/alprestamo.com\/blog\/wp-content\/uploads\/2023\/09\/familias-en-accion.png","type":"image\/png"}],"author":"Ramiro Querejeta","twitter_card":"summary_large_image","twitter_misc":{"Escrito por":"Ramiro Querejeta","Tiempo de lectura":"2 minutos"},"schema":{"@context":"https:\/\/schema.org","@graph":[{"@type":"NewsArticle","@id":"https:\/\/alprestamo.com\/blog\/familias-en-accion-2023-como-saber-si-soy-beneficiario\/#article","isPartOf":{"@id":"https:\/\/alprestamo.com\/blog\/familias-en-accion-2023-como-saber-si-soy-beneficiario\/"},"author":{"name":"Ramiro Querejeta","@id":"https:\/\/alprestamo.com\/blog\/#\/schema\/person\/4c568603ceb381762b4c9062d42c7627"},"headline":"Familias en Acci\u00f3n 2023: c\u00f3mo saber si soy beneficiario","datePublished":"2023-09-06T13:00:00+00:00","dateModified":"2023-09-11T17:41:43+00:00","mainEntityOfPage":{"@id":"https:\/\/alprestamo.com\/blog\/familias-en-accion-2023-como-saber-si-soy-beneficiario\/"},"wordCount":449,"publisher":{"@id":"https:\/\/alprestamo.com\/blog\/#organization"},"image":{"@id":"https:\/\/alprestamo.com\/blog\/familias-en-accion-2023-como-saber-si-soy-beneficiario\/#primaryimage"},"thumbnailUrl":"https:\/\/alprestamo.com\/blog\/wp-content\/uploads\/2023\/09\/familias-en-accion.png","articleSection":["CO","Programas sociales"],"inLanguage":"es-AR"},{"@type":"WebPage","@id":"https:\/\/alprestamo.com\/blog\/familias-en-accion-2023-como-saber-si-soy-beneficiario\/","url":"https:\/\/alprestamo.com\/blog\/familias-en-accion-2023-como-saber-si-soy-beneficiario\/","name":"Familias en Acci\u00f3n 2023: c\u00f3mo saber si soy beneficiario","isPartOf":{"@id":"https:\/\/alprestamo.com\/blog\/#website"},"primaryImageOfPage":{"@id":"https:\/\/alprestamo.com\/blog\/familias-en-accion-2023-como-saber-si-soy-beneficiario\/#primaryimage"},"image":{"@id":"https:\/\/alprestamo.com\/blog\/familias-en-accion-2023-como-saber-si-soy-beneficiario\/#primaryimage"},"thumbnailUrl":"https:\/\/alprestamo.com\/blog\/wp-content\/uploads\/2023\/09\/familias-en-accion.png","datePublished":"2023-09-06T13:00:00+00:00","dateModified":"2023-09-11T17:41:43+00:00","description":"El programa social Familias en Acci\u00f3n entrega un beneficio econ\u00f3mico a familias con ni\u00f1os, ni\u00f1as y adolescentes en condiciones de pobreza o pobreza","breadcrumb":{"@id":"https:\/\/alprestamo.com\/blog\/familias-en-accion-2023-como-saber-si-soy-beneficiario\/#breadcrumb"},"inLanguage":"es-AR","potentialAction":[{"@type":"ReadAction","target":["https:\/\/alprestamo.com\/blog\/familias-en-accion-2023-como-saber-si-soy-beneficiario\/"]}]},{"@type":"ImageObject","inLanguage":"es-AR","@id":"https:\/\/alprestamo.com\/blog\/familias-en-accion-2023-como-saber-si-soy-beneficiario\/#primaryimage","url":"https:\/\/alprestamo.com\/blog\/wp-content\/uploads\/2023\/09\/familias-en-accion.png","contentUrl":"https:\/\/alprestamo.com\/blog\/wp-content\/uploads\/2023\/09\/familias-en-accion.png","width":1024,"height":568,"caption":"Familias en Acci\u00f3n"},{"@type":"BreadcrumbList","@id":"https:\/\/alprestamo.com\/blog\/familias-en-accion-2023-como-saber-si-soy-beneficiario\/#breadcrumb","itemListElement":[{"@type":"ListItem","position":1,"name":"Home","item":"https:\/\/alprestamo.com\/blog\/"},{"@type":"ListItem","position":2,"name":"Familias en Acci\u00f3n 2023: c\u00f3mo saber si soy beneficiario"}]},{"@type":"WebSite","@id":"https:\/\/alprestamo.com\/blog\/#website","url":"https:\/\/alprestamo.com\/blog\/","name":"Alprestamo","description":"Hacemos que todo suceda","publisher":{"@id":"https:\/\/alprestamo.com\/blog\/#organization"},"potentialAction":[{"@type":"SearchAction","target":{"@type":"EntryPoint","urlTemplate":"https:\/\/alprestamo.com\/blog\/?s={search_term_string}"},"query-input":"required name=search_term_string"}],"inLanguage":"es-AR"},{"@type":"Organization","@id":"https:\/\/alprestamo.com\/blog\/#organization","name":"Alprestamo","url":"https:\/\/alprestamo.com\/blog\/","logo":{"@type":"ImageObject","inLanguage":"es-AR","@id":"https:\/\/alprestamo.com\/blog\/#\/schema\/logo\/image\/","url":"https:\/\/alprestamo.com\/blog\/wp-content\/uploads\/2022\/10\/Imagotipo_Blanco.svg","contentUrl":"https:\/\/alprestamo.com\/blog\/wp-content\/uploads\/2022\/10\/Imagotipo_Blanco.svg","width":1199,"height":203,"caption":"Alprestamo"},"image":{"@id":"https:\/\/alprestamo.com\/blog\/#\/schema\/logo\/image\/"}},{"@type":"Person","@id":"https:\/\/alprestamo.com\/blog\/#\/schema\/person\/4c568603ceb381762b4c9062d42c7627","name":"Ramiro Querejeta","image":{"@type":"ImageObject","inLanguage":"es-AR","@id":"https:\/\/alprestamo.com\/blog\/#\/schema\/person\/image\/","url":"https:\/\/alprestamo.com\/blog\/wp-content\/uploads\/2025\/08\/1688503693490-150x150.jpeg","contentUrl":"https:\/\/alprestamo.com\/blog\/wp-content\/uploads\/2025\/08\/1688503693490-150x150.jpeg","caption":"Ramiro Querejeta"},"url":"https:\/\/alprestamo.com\/blog\/author\/ramiro\/"}]}},"uagb_featured_image_src":{"full":["https:\/\/alprestamo.com\/blog\/wp-content\/uploads\/2023\/09\/familias-en-accion.png",1024,568,false],"thumbnail":["https:\/\/alprestamo.com\/blog\/wp-content\/uploads\/2023\/09\/familias-en-accion-150x150.png",150,150,true],"medium":["https:\/\/alprestamo.com\/blog\/wp-content\/uploads\/2023\/09\/familias-en-accion-300x166.png",300,166,true],"medium_large":["https:\/\/alprestamo.com\/blog\/wp-content\/uploads\/2023\/09\/familias-en-accion-768x426.png",768,426,true],"large":["https:\/\/alprestamo.com\/blog\/wp-content\/uploads\/2023\/09\/familias-en-accion.png",1024,568,false],"1536x1536":["https:\/\/alprestamo.com\/blog\/wp-content\/uploads\/2023\/09\/familias-en-accion.png",1024,568,false],"2048x2048":["https:\/\/alprestamo.com\/blog\/wp-content\/uploads\/2023\/09\/familias-en-accion.png",1024,568,false]},"uagb_author_info":{"display_name":"Ramiro Querejeta","author_link":"https:\/\/alprestamo.com\/blog\/author\/ramiro\/"},"uagb_comment_info":0,"uagb_excerpt":"El programa social Familias en Acci\u00f3n entrega un beneficio econ\u00f3mico a familias con ni\u00f1os, ni\u00f1as y adolescentes en condiciones de pobreza o pobreza extrema, con un condicionante a la asistencia escolar y atenci\u00f3n de salud.&nbsp; Este programa cambi\u00f3 de nombre bajo la presidencia de Gustavo Petro al pasar a conocerse como Transici\u00f3n Renta Ciudadana. El&hellip;","rttpg_featured_image_url":{"full":["https:\/\/alprestamo.com\/blog\/wp-content\/uploads\/2023\/09\/familias-en-accion.png",1024,568,false],"landscape":["https:\/\/alprestamo.com\/blog\/wp-content\/uploads\/2023\/09\/familias-en-accion.png",1024,568,false],"portraits":["https:\/\/alprestamo.com\/blog\/wp-content\/uploads\/2023\/09\/familias-en-accion.png",1024,568,false],"thumbnail":["https:\/\/alprestamo.com\/blog\/wp-content\/uploads\/2023\/09\/familias-en-accion-150x150.png",150,150,true],"medium":["https:\/\/alprestamo.com\/blog\/wp-content\/uploads\/2023\/09\/familias-en-accion-300x166.png",300,166,true],"large":["https:\/\/alprestamo.com\/blog\/wp-content\/uploads\/2023\/09\/familias-en-accion.png",1024,568,false],"1536x1536":["https:\/\/alprestamo.com\/blog\/wp-content\/uploads\/2023\/09\/familias-en-accion.png",1024,568,false],"2048x2048":["https:\/\/alprestamo.com\/blog\/wp-content\/uploads\/2023\/09\/familias-en-accion.png",1024,568,false],"rt_custom":["https:\/\/alprestamo.com\/blog\/wp-content\/uploads\/2023\/09\/familias-en-accion.png",1024,568,false]},"rttpg_author":{"display_name":"Ramiro Querejeta","author_link":"https:\/\/alprestamo.com\/blog\/author\/ramiro\/"},"rttpg_comment":0,"rttpg_category":"<a href=\"https:\/\/alprestamo.com\/blog\/categoria\/co\/\" rel=\"category tag\">CO<\/a> <a href=\"https:\/\/alprestamo.com\/blog\/categoria\/co\/programas-sociales\/\" rel=\"category tag\">Programas sociales<\/a>","rttpg_excerpt":"El programa social Familias en Acci\u00f3n entrega un beneficio econ\u00f3mico a familias con ni\u00f1os, ni\u00f1as y adolescentes en condiciones de pobreza o pobreza extrema, con un condicionante a la asistencia escolar y atenci\u00f3n de salud.&nbsp; Este programa cambi\u00f3 de nombre bajo la presidencia de Gustavo Petro al pasar a conocerse como Transici\u00f3n Renta Ciudadana. El&hellip;","_links":{"self":[{"href":"https:\/\/alprestamo.com\/blog\/wp-json\/wp\/v2\/posts\/28677"}],"collection":[{"href":"https:\/\/alprestamo.com\/blog\/wp-json\/wp\/v2\/posts"}],"about":[{"href":"https:\/\/alprestamo.com\/blog\/wp-json\/wp\/v2\/types\/post"}],"author":[{"embeddable":true,"href":"https:\/\/alprestamo.com\/blog\/wp-json\/wp\/v2\/users\/9"}],"replies":[{"embeddable":true,"href":"https:\/\/alprestamo.com\/blog\/wp-json\/wp\/v2\/comments?post=28677"}],"version-history":[{"count":4,"href":"https:\/\/alprestamo.com\/blog\/wp-json\/wp\/v2\/posts\/28677\/revisions"}],"predecessor-version":[{"id":28956,"href":"https:\/\/alprestamo.com\/blog\/wp-json\/wp\/v2\/posts\/28677\/revisions\/28956"}],"wp:featuredmedia":[{"embeddable":true,"href":"https:\/\/alprestamo.com\/blog\/wp-json\/wp\/v2\/media\/28723"}],"wp:attachment":[{"href":"https:\/\/alprestamo.com\/blog\/wp-json\/wp\/v2\/media?parent=28677"}],"wp:term":[{"taxonomy":"category","embeddable":true,"href":"https:\/\/alprestamo.com\/blog\/wp-json\/wp\/v2\/categories?post=28677"},{"taxonomy":"post_tag","embeddable":true,"href":"https:\/\/alprestamo.com\/blog\/wp-json\/wp\/v2\/tags?post=28677"}],"curies":[{"name":"wp","href":"https:\/\/api.w.org\/{rel}","templated":true}]}}