{"id":28781,"date":"2023-09-06T12:08:31","date_gmt":"2023-09-06T15:08:31","guid":{"rendered":"https:\/\/alprestamo.com\/blog\/?p=28781"},"modified":"2023-11-09T11:32:04","modified_gmt":"2023-11-09T14:32:04","slug":"programa-para-madres-trabajadoras-requisitos-y-montos-del-subsidio","status":"publish","type":"post","link":"https:\/\/alprestamo.com\/blog\/programa-para-madres-trabajadoras-requisitos-y-montos-del-subsidio\/","title":{"rendered":"Programa para Madres Trabajadoras: requisitos y montos del subsidio"},"content":{"rendered":"\n<p>Con el objetivo de brindar un apoyo a los sectores m\u00e1s vulnerables, el gobierno federal emprende un programa social llamado \u201c<strong>Bienestar de las Ni\u00f1as y Ni\u00f1os, Hijos de Madres Trabajadoras<\/strong>\u201d.<\/p>\n\n\n\n<p>Este programa se encuentra dirigido para ni\u00f1os y <a href=\"https:\/\/alprestamo.com\/blog\/mx\/programas-sociales-mx\/beca-jovenes-escribiendo-el-futuro-cuanto-paga-y-como-inscribirse\/\">j\u00f3venes <\/a>de hasta 23 a\u00f1os que se encuentran en <strong>situaci\u00f3n de pobreza y vulnerabilidad<\/strong>, como resultado de la ausencia de uno o ambos padres y entrega una ayuda econ\u00f3mica de forma bimestral.&nbsp;<\/p>\n\n\n\n<h2 class=\"wp-block-heading\">Modalidades de Madres Trabajadoras<\/h2>\n\n\n\n<p><\/p>\n\n\n\n<p>Existen dos modalidades mediante las cuales se puede acceder a este<a href=\"https:\/\/alprestamo.com\/blog\/mx\/programas-sociales-mx\/calendario-de-pagos-de-mi-beca-para-empezar-en-septiembre\/\"> <strong>programa social<\/strong><\/a> y que cumplan con los requisitos. Para darse de alta, es necesario presentarse en una oficina o representaci\u00f3n de la<strong> Secretar\u00eda del Bienestar<\/strong> con la documentaci\u00f3n que se solicita.&nbsp;<\/p>\n\n\n\n<h2 class=\"wp-block-heading\">Apoyo para el bienestar de las ni\u00f1as y ni\u00f1os, hijos de madres trabajadoras<\/h2>\n\n\n\n<p>Esta modalidad se encuentra dirigida a ni\u00f1as y ni\u00f1os de 0 y casi 4 a\u00f1os, as\u00ed como ni\u00f1as y ni\u00f1os con discapacidad desde 0 hasta los casi 6 a\u00f1os.&nbsp;<\/p>\n\n\n\n<p>En el primer caso, el monto de dinero por cada hijo registrado es de 1600 pesos, mientras que en el segundo es de 3600 pesos.&nbsp;<\/p>\n\n\n\n<h3 class=\"wp-block-heading\">Documentos&nbsp;<\/h3>\n\n\n\n<p>Para poder solicitar esta modalidad del programa Madres Trabajadoras, se debe presentar:&nbsp;<\/p>\n\n\n\n<ul class=\"wp-block-list\">\n<li>Escrito bajo libre protesta de decir verdad donde se especifique si trabaja, busca trabajo o est\u00e1 estudiando, como tambi\u00e9n una constancia en caso de estudiar.&nbsp;<\/li>\n\n\n\n<li>Carta de no afiliaci\u00f3n al <strong>IMSS <\/strong>o <strong>ISSSTE<\/strong><\/li>\n\n\n\n<li>Identificaci\u00f3n oficial y vigente en original y copia<\/li>\n\n\n\n<li>CURP original y copia<\/li>\n\n\n\n<li>Comprobante de domicilio<\/li>\n<\/ul>\n\n\n\n<p>Respecto a los documentos del ni\u00f1o o ni\u00f1a:&nbsp;<\/p>\n\n\n\n<ul class=\"wp-block-list\">\n<li>Acta de nacimiento<\/li>\n\n\n\n<li>CURP<\/li>\n\n\n\n<li>Certificado m\u00e9dico original emitido por una instituci\u00f3n de salud p\u00fablica (en caso de discapacidad)<\/li>\n<\/ul>\n\n\n\n<h2 class=\"wp-block-heading\">Apoyo para el bienestar de las ni\u00f1as, ni\u00f1os y adolescentes en orfandad materna<\/h2>\n\n\n\n<p><\/p>\n\n\n\n<p>Esta segunda modalidad est\u00e1 dirigida a las hijas e hijos que no tengan madre. Pueden solicitarlo ni\u00f1os, ni\u00f1as y adolescentes de 0 hasta 23 a\u00f1os que hayan sufrido el fallecimiento de su madre.&nbsp;<\/p>\n\n\n\n<p>La documentaci\u00f3n que se debe presentar es:<\/p>\n\n\n\n<ul class=\"wp-block-list\">\n<li>Identificaci\u00f3n oficial (original y copia)<\/li>\n\n\n\n<li>Copia certificada del acta de defunci\u00f3n de la madre o acta de presunci\u00f3n de muerte con antig\u00fcedad menor a tres meses.&nbsp;<\/li>\n\n\n\n<li>Acta de nacimiento vigente de cada uno de los hijos&nbsp;<\/li>\n\n\n\n<li>CURP vigente de la madre fallecida, de la persona responsable y de cada uno de los hijos.<\/li>\n\n\n\n<li>Firmar una carta responsiva en formato libre donde se compromete la persona tutora a administrar y llevar a cabo un buen uso de la ayuda econ\u00f3mica.&nbsp;<\/li>\n<\/ul>\n\n\n\n<p>En cada caso, el <a href=\"https:\/\/alprestamo.com\/blog\/mx\/programas-sociales-mx\/becas-benito-juarez-aumenta-el-monto\/\">monto bimestral<\/a> del programa Madres Trabajadoras del depender\u00e1 del grupo etario:<\/p>\n\n\n\n<ul class=\"wp-block-list\">\n<li>Reci\u00e9n nacidos hasta cinco a\u00f1os: 720 pesos<\/li>\n\n\n\n<li>6 a 12 a\u00f1os: 1200 pesos<\/li>\n\n\n\n<li>13 a 15 a\u00f1os: 1690 pesos<\/li>\n\n\n\n<li>16 a 18 a\u00f1os: 2180 pesos<\/li>\n\n\n\n<li>19 a 23 a\u00f1os: 2400 pesos<\/li>\n<\/ul>\n","protected":false},"excerpt":{"rendered":"<p>Con el objetivo de brindar un apoyo a los sectores m\u00e1s vulnerables, el gobierno federal emprende un programa social llamado \u201cBienestar de las Ni\u00f1as y Ni\u00f1os, Hijos de Madres Trabajadoras\u201d. Este programa se encuentra dirigido para ni\u00f1os y j\u00f3venes de hasta 23 a\u00f1os que se encuentran en situaci\u00f3n de pobreza y vulnerabilidad, como resultado de &hellip;<\/p>\n<p class=\"read-more\"> <a class=\"\" href=\"https:\/\/alprestamo.com\/blog\/programa-para-madres-trabajadoras-requisitos-y-montos-del-subsidio\/\"> <span class=\"screen-reader-text\">Programa para Madres Trabajadoras: requisitos y montos del subsidio<\/span> Leer m\u00e1s &raquo;<\/a><\/p>\n","protected":false},"author":9,"featured_media":28797,"comment_status":"closed","ping_status":"closed","sticky":false,"template":"","format":"standard","meta":{"_uag_custom_page_level_css":"","site-sidebar-layout":"default","site-content-layout":"default","ast-global-header-display":"","ast-banner-title-visibility":"","ast-main-header-display":"","ast-hfb-above-header-display":"","ast-hfb-below-header-display":"","ast-hfb-mobile-header-display":"","site-post-title":"","ast-breadcrumbs-content":"","ast-featured-img":"","footer-sml-layout":"","theme-transparent-header-meta":"","adv-header-id-meta":"","stick-header-meta":"","header-above-stick-meta":"","header-main-stick-meta":"","header-below-stick-meta":"","footnotes":""},"categories":[130,32],"tags":[],"class_list":["post-28781","post","type-post","status-publish","format-standard","has-post-thumbnail","hentry","category-mx","category-programas-sociales-mx"],"acf":[],"yoast_head":"<!-- This site is optimized with the Yoast SEO plugin v23.2 - https:\/\/yoast.com\/wordpress\/plugins\/seo\/ -->\n<title>Programa para Madres Trabajadoras: requisitos y montos del subsidio<\/title>\n<meta name=\"description\" content=\"Con el objetivo de brindar un apoyo a los sectores m\u00e1s vulnerables, el gobierno federal emprende un programa social llamado \u201cBienestar de las Ni\u00f1as y\" \/>\n<meta name=\"robots\" content=\"index, follow, max-snippet:-1, max-image-preview:large, max-video-preview:-1\" \/>\n<link rel=\"canonical\" href=\"https:\/\/alprestamo.com\/blog\/programa-para-madres-trabajadoras-requisitos-y-montos-del-subsidio\/\" \/>\n<meta property=\"og:locale\" content=\"es_ES\" \/>\n<meta property=\"og:type\" content=\"article\" \/>\n<meta property=\"og:title\" content=\"Programa para Madres Trabajadoras: requisitos y montos del subsidio\" \/>\n<meta property=\"og:description\" content=\"Con el objetivo de brindar un apoyo a los sectores m\u00e1s vulnerables, el gobierno federal emprende un programa social llamado \u201cBienestar de las Ni\u00f1as y\" \/>\n<meta property=\"og:url\" content=\"https:\/\/alprestamo.com\/blog\/programa-para-madres-trabajadoras-requisitos-y-montos-del-subsidio\/\" \/>\n<meta property=\"og:site_name\" content=\"Alprestamo - Hacemos que todo suceda\" \/>\n<meta property=\"article:published_time\" content=\"2023-09-06T15:08:31+00:00\" \/>\n<meta property=\"article:modified_time\" content=\"2023-11-09T14:32:04+00:00\" \/>\n<meta property=\"og:image\" content=\"https:\/\/alprestamo.com\/blog\/wp-content\/uploads\/2023\/09\/88562894_m_normal_none.jpg\" \/>\n\t<meta property=\"og:image:width\" content=\"2508\" \/>\n\t<meta property=\"og:image:height\" content=\"1672\" \/>\n\t<meta property=\"og:image:type\" content=\"image\/jpeg\" \/>\n<meta name=\"author\" content=\"Ramiro Querejeta\" \/>\n<meta name=\"twitter:card\" content=\"summary_large_image\" \/>\n<meta name=\"twitter:label1\" content=\"Escrito por\" \/>\n\t<meta name=\"twitter:data1\" content=\"Ramiro Querejeta\" \/>\n\t<meta name=\"twitter:label2\" content=\"Tiempo de lectura\" \/>\n\t<meta name=\"twitter:data2\" content=\"2 minutos\" \/>\n<script type=\"application\/ld+json\" class=\"yoast-schema-graph\">{\"@context\":\"https:\/\/schema.org\",\"@graph\":[{\"@type\":\"NewsArticle\",\"@id\":\"https:\/\/alprestamo.com\/blog\/programa-para-madres-trabajadoras-requisitos-y-montos-del-subsidio\/#article\",\"isPartOf\":{\"@id\":\"https:\/\/alprestamo.com\/blog\/programa-para-madres-trabajadoras-requisitos-y-montos-del-subsidio\/\"},\"author\":{\"name\":\"Ramiro Querejeta\",\"@id\":\"https:\/\/alprestamo.com\/blog\/#\/schema\/person\/4c568603ceb381762b4c9062d42c7627\"},\"headline\":\"Programa para Madres Trabajadoras: requisitos y montos del subsidio\",\"datePublished\":\"2023-09-06T15:08:31+00:00\",\"dateModified\":\"2023-11-09T14:32:04+00:00\",\"mainEntityOfPage\":{\"@id\":\"https:\/\/alprestamo.com\/blog\/programa-para-madres-trabajadoras-requisitos-y-montos-del-subsidio\/\"},\"wordCount\":491,\"publisher\":{\"@id\":\"https:\/\/alprestamo.com\/blog\/#organization\"},\"image\":{\"@id\":\"https:\/\/alprestamo.com\/blog\/programa-para-madres-trabajadoras-requisitos-y-montos-del-subsidio\/#primaryimage\"},\"thumbnailUrl\":\"https:\/\/alprestamo.com\/blog\/wp-content\/uploads\/2023\/09\/88562894_m_normal_none.jpg\",\"articleSection\":[\"MX\",\"Programas Sociales\"],\"inLanguage\":\"es-AR\"},{\"@type\":\"WebPage\",\"@id\":\"https:\/\/alprestamo.com\/blog\/programa-para-madres-trabajadoras-requisitos-y-montos-del-subsidio\/\",\"url\":\"https:\/\/alprestamo.com\/blog\/programa-para-madres-trabajadoras-requisitos-y-montos-del-subsidio\/\",\"name\":\"Programa para Madres Trabajadoras: requisitos y montos del subsidio\",\"isPartOf\":{\"@id\":\"https:\/\/alprestamo.com\/blog\/#website\"},\"primaryImageOfPage\":{\"@id\":\"https:\/\/alprestamo.com\/blog\/programa-para-madres-trabajadoras-requisitos-y-montos-del-subsidio\/#primaryimage\"},\"image\":{\"@id\":\"https:\/\/alprestamo.com\/blog\/programa-para-madres-trabajadoras-requisitos-y-montos-del-subsidio\/#primaryimage\"},\"thumbnailUrl\":\"https:\/\/alprestamo.com\/blog\/wp-content\/uploads\/2023\/09\/88562894_m_normal_none.jpg\",\"datePublished\":\"2023-09-06T15:08:31+00:00\",\"dateModified\":\"2023-11-09T14:32:04+00:00\",\"description\":\"Con el objetivo de brindar un apoyo a los sectores m\u00e1s vulnerables, el gobierno federal emprende un programa social llamado \u201cBienestar de las Ni\u00f1as y\",\"breadcrumb\":{\"@id\":\"https:\/\/alprestamo.com\/blog\/programa-para-madres-trabajadoras-requisitos-y-montos-del-subsidio\/#breadcrumb\"},\"inLanguage\":\"es-AR\",\"potentialAction\":[{\"@type\":\"ReadAction\",\"target\":[\"https:\/\/alprestamo.com\/blog\/programa-para-madres-trabajadoras-requisitos-y-montos-del-subsidio\/\"]}]},{\"@type\":\"ImageObject\",\"inLanguage\":\"es-AR\",\"@id\":\"https:\/\/alprestamo.com\/blog\/programa-para-madres-trabajadoras-requisitos-y-montos-del-subsidio\/#primaryimage\",\"url\":\"https:\/\/alprestamo.com\/blog\/wp-content\/uploads\/2023\/09\/88562894_m_normal_none.jpg\",\"contentUrl\":\"https:\/\/alprestamo.com\/blog\/wp-content\/uploads\/2023\/09\/88562894_m_normal_none.jpg\",\"width\":2508,\"height\":1672,\"caption\":\"Madres Trabajadoras\"},{\"@type\":\"BreadcrumbList\",\"@id\":\"https:\/\/alprestamo.com\/blog\/programa-para-madres-trabajadoras-requisitos-y-montos-del-subsidio\/#breadcrumb\",\"itemListElement\":[{\"@type\":\"ListItem\",\"position\":1,\"name\":\"Home\",\"item\":\"https:\/\/alprestamo.com\/blog\/\"},{\"@type\":\"ListItem\",\"position\":2,\"name\":\"Programa para Madres Trabajadoras: requisitos y montos del subsidio\"}]},{\"@type\":\"WebSite\",\"@id\":\"https:\/\/alprestamo.com\/blog\/#website\",\"url\":\"https:\/\/alprestamo.com\/blog\/\",\"name\":\"Alprestamo\",\"description\":\"Hacemos que todo suceda\",\"publisher\":{\"@id\":\"https:\/\/alprestamo.com\/blog\/#organization\"},\"potentialAction\":[{\"@type\":\"SearchAction\",\"target\":{\"@type\":\"EntryPoint\",\"urlTemplate\":\"https:\/\/alprestamo.com\/blog\/?s={search_term_string}\"},\"query-input\":\"required name=search_term_string\"}],\"inLanguage\":\"es-AR\"},{\"@type\":\"Organization\",\"@id\":\"https:\/\/alprestamo.com\/blog\/#organization\",\"name\":\"Alprestamo\",\"url\":\"https:\/\/alprestamo.com\/blog\/\",\"logo\":{\"@type\":\"ImageObject\",\"inLanguage\":\"es-AR\",\"@id\":\"https:\/\/alprestamo.com\/blog\/#\/schema\/logo\/image\/\",\"url\":\"https:\/\/alprestamo.com\/blog\/wp-content\/uploads\/2022\/10\/Imagotipo_Blanco.svg\",\"contentUrl\":\"https:\/\/alprestamo.com\/blog\/wp-content\/uploads\/2022\/10\/Imagotipo_Blanco.svg\",\"width\":1199,\"height\":203,\"caption\":\"Alprestamo\"},\"image\":{\"@id\":\"https:\/\/alprestamo.com\/blog\/#\/schema\/logo\/image\/\"}},{\"@type\":\"Person\",\"@id\":\"https:\/\/alprestamo.com\/blog\/#\/schema\/person\/4c568603ceb381762b4c9062d42c7627\",\"name\":\"Ramiro Querejeta\",\"image\":{\"@type\":\"ImageObject\",\"inLanguage\":\"es-AR\",\"@id\":\"https:\/\/alprestamo.com\/blog\/#\/schema\/person\/image\/\",\"url\":\"https:\/\/alprestamo.com\/blog\/wp-content\/uploads\/2025\/08\/1688503693490-150x150.jpeg\",\"contentUrl\":\"https:\/\/alprestamo.com\/blog\/wp-content\/uploads\/2025\/08\/1688503693490-150x150.jpeg\",\"caption\":\"Ramiro Querejeta\"},\"url\":\"https:\/\/alprestamo.com\/blog\/author\/ramiro\/\"}]}<\/script>\n<!-- \/ Yoast SEO plugin. -->","yoast_head_json":{"title":"Programa para Madres Trabajadoras: requisitos y montos del subsidio","description":"Con el objetivo de brindar un apoyo a los sectores m\u00e1s vulnerables, el gobierno federal emprende un programa social llamado \u201cBienestar de las Ni\u00f1as y","robots":{"index":"index","follow":"follow","max-snippet":"max-snippet:-1","max-image-preview":"max-image-preview:large","max-video-preview":"max-video-preview:-1"},"canonical":"https:\/\/alprestamo.com\/blog\/programa-para-madres-trabajadoras-requisitos-y-montos-del-subsidio\/","og_locale":"es_ES","og_type":"article","og_title":"Programa para Madres Trabajadoras: requisitos y montos del subsidio","og_description":"Con el objetivo de brindar un apoyo a los sectores m\u00e1s vulnerables, el gobierno federal emprende un programa social llamado \u201cBienestar de las Ni\u00f1as y","og_url":"https:\/\/alprestamo.com\/blog\/programa-para-madres-trabajadoras-requisitos-y-montos-del-subsidio\/","og_site_name":"Alprestamo - Hacemos que todo suceda","article_published_time":"2023-09-06T15:08:31+00:00","article_modified_time":"2023-11-09T14:32:04+00:00","og_image":[{"width":2508,"height":1672,"url":"https:\/\/alprestamo.com\/blog\/wp-content\/uploads\/2023\/09\/88562894_m_normal_none.jpg","type":"image\/jpeg"}],"author":"Ramiro Querejeta","twitter_card":"summary_large_image","twitter_misc":{"Escrito por":"Ramiro Querejeta","Tiempo de lectura":"2 minutos"},"schema":{"@context":"https:\/\/schema.org","@graph":[{"@type":"NewsArticle","@id":"https:\/\/alprestamo.com\/blog\/programa-para-madres-trabajadoras-requisitos-y-montos-del-subsidio\/#article","isPartOf":{"@id":"https:\/\/alprestamo.com\/blog\/programa-para-madres-trabajadoras-requisitos-y-montos-del-subsidio\/"},"author":{"name":"Ramiro Querejeta","@id":"https:\/\/alprestamo.com\/blog\/#\/schema\/person\/4c568603ceb381762b4c9062d42c7627"},"headline":"Programa para Madres Trabajadoras: requisitos y montos del subsidio","datePublished":"2023-09-06T15:08:31+00:00","dateModified":"2023-11-09T14:32:04+00:00","mainEntityOfPage":{"@id":"https:\/\/alprestamo.com\/blog\/programa-para-madres-trabajadoras-requisitos-y-montos-del-subsidio\/"},"wordCount":491,"publisher":{"@id":"https:\/\/alprestamo.com\/blog\/#organization"},"image":{"@id":"https:\/\/alprestamo.com\/blog\/programa-para-madres-trabajadoras-requisitos-y-montos-del-subsidio\/#primaryimage"},"thumbnailUrl":"https:\/\/alprestamo.com\/blog\/wp-content\/uploads\/2023\/09\/88562894_m_normal_none.jpg","articleSection":["MX","Programas Sociales"],"inLanguage":"es-AR"},{"@type":"WebPage","@id":"https:\/\/alprestamo.com\/blog\/programa-para-madres-trabajadoras-requisitos-y-montos-del-subsidio\/","url":"https:\/\/alprestamo.com\/blog\/programa-para-madres-trabajadoras-requisitos-y-montos-del-subsidio\/","name":"Programa para Madres Trabajadoras: requisitos y montos del subsidio","isPartOf":{"@id":"https:\/\/alprestamo.com\/blog\/#website"},"primaryImageOfPage":{"@id":"https:\/\/alprestamo.com\/blog\/programa-para-madres-trabajadoras-requisitos-y-montos-del-subsidio\/#primaryimage"},"image":{"@id":"https:\/\/alprestamo.com\/blog\/programa-para-madres-trabajadoras-requisitos-y-montos-del-subsidio\/#primaryimage"},"thumbnailUrl":"https:\/\/alprestamo.com\/blog\/wp-content\/uploads\/2023\/09\/88562894_m_normal_none.jpg","datePublished":"2023-09-06T15:08:31+00:00","dateModified":"2023-11-09T14:32:04+00:00","description":"Con el objetivo de brindar un apoyo a los sectores m\u00e1s vulnerables, el gobierno federal emprende un programa social llamado \u201cBienestar de las Ni\u00f1as y","breadcrumb":{"@id":"https:\/\/alprestamo.com\/blog\/programa-para-madres-trabajadoras-requisitos-y-montos-del-subsidio\/#breadcrumb"},"inLanguage":"es-AR","potentialAction":[{"@type":"ReadAction","target":["https:\/\/alprestamo.com\/blog\/programa-para-madres-trabajadoras-requisitos-y-montos-del-subsidio\/"]}]},{"@type":"ImageObject","inLanguage":"es-AR","@id":"https:\/\/alprestamo.com\/blog\/programa-para-madres-trabajadoras-requisitos-y-montos-del-subsidio\/#primaryimage","url":"https:\/\/alprestamo.com\/blog\/wp-content\/uploads\/2023\/09\/88562894_m_normal_none.jpg","contentUrl":"https:\/\/alprestamo.com\/blog\/wp-content\/uploads\/2023\/09\/88562894_m_normal_none.jpg","width":2508,"height":1672,"caption":"Madres Trabajadoras"},{"@type":"BreadcrumbList","@id":"https:\/\/alprestamo.com\/blog\/programa-para-madres-trabajadoras-requisitos-y-montos-del-subsidio\/#breadcrumb","itemListElement":[{"@type":"ListItem","position":1,"name":"Home","item":"https:\/\/alprestamo.com\/blog\/"},{"@type":"ListItem","position":2,"name":"Programa para Madres Trabajadoras: requisitos y montos del subsidio"}]},{"@type":"WebSite","@id":"https:\/\/alprestamo.com\/blog\/#website","url":"https:\/\/alprestamo.com\/blog\/","name":"Alprestamo","description":"Hacemos que todo suceda","publisher":{"@id":"https:\/\/alprestamo.com\/blog\/#organization"},"potentialAction":[{"@type":"SearchAction","target":{"@type":"EntryPoint","urlTemplate":"https:\/\/alprestamo.com\/blog\/?s={search_term_string}"},"query-input":"required name=search_term_string"}],"inLanguage":"es-AR"},{"@type":"Organization","@id":"https:\/\/alprestamo.com\/blog\/#organization","name":"Alprestamo","url":"https:\/\/alprestamo.com\/blog\/","logo":{"@type":"ImageObject","inLanguage":"es-AR","@id":"https:\/\/alprestamo.com\/blog\/#\/schema\/logo\/image\/","url":"https:\/\/alprestamo.com\/blog\/wp-content\/uploads\/2022\/10\/Imagotipo_Blanco.svg","contentUrl":"https:\/\/alprestamo.com\/blog\/wp-content\/uploads\/2022\/10\/Imagotipo_Blanco.svg","width":1199,"height":203,"caption":"Alprestamo"},"image":{"@id":"https:\/\/alprestamo.com\/blog\/#\/schema\/logo\/image\/"}},{"@type":"Person","@id":"https:\/\/alprestamo.com\/blog\/#\/schema\/person\/4c568603ceb381762b4c9062d42c7627","name":"Ramiro Querejeta","image":{"@type":"ImageObject","inLanguage":"es-AR","@id":"https:\/\/alprestamo.com\/blog\/#\/schema\/person\/image\/","url":"https:\/\/alprestamo.com\/blog\/wp-content\/uploads\/2025\/08\/1688503693490-150x150.jpeg","contentUrl":"https:\/\/alprestamo.com\/blog\/wp-content\/uploads\/2025\/08\/1688503693490-150x150.jpeg","caption":"Ramiro Querejeta"},"url":"https:\/\/alprestamo.com\/blog\/author\/ramiro\/"}]}},"uagb_featured_image_src":{"full":["https:\/\/alprestamo.com\/blog\/wp-content\/uploads\/2023\/09\/88562894_m_normal_none.jpg",2508,1672,false],"thumbnail":["https:\/\/alprestamo.com\/blog\/wp-content\/uploads\/2023\/09\/88562894_m_normal_none-150x150.jpg",150,150,true],"medium":["https:\/\/alprestamo.com\/blog\/wp-content\/uploads\/2023\/09\/88562894_m_normal_none-300x200.jpg",300,200,true],"medium_large":["https:\/\/alprestamo.com\/blog\/wp-content\/uploads\/2023\/09\/88562894_m_normal_none-768x512.jpg",768,512,true],"large":["https:\/\/alprestamo.com\/blog\/wp-content\/uploads\/2023\/09\/88562894_m_normal_none-1024x683.jpg",1024,683,true],"1536x1536":["https:\/\/alprestamo.com\/blog\/wp-content\/uploads\/2023\/09\/88562894_m_normal_none-1536x1024.jpg",1536,1024,true],"2048x2048":["https:\/\/alprestamo.com\/blog\/wp-content\/uploads\/2023\/09\/88562894_m_normal_none-2048x1365.jpg",2048,1365,true]},"uagb_author_info":{"display_name":"Ramiro Querejeta","author_link":"https:\/\/alprestamo.com\/blog\/author\/ramiro\/"},"uagb_comment_info":0,"uagb_excerpt":"Con el objetivo de brindar un apoyo a los sectores m\u00e1s vulnerables, el gobierno federal emprende un programa social llamado \u201cBienestar de las Ni\u00f1as y Ni\u00f1os, Hijos de Madres Trabajadoras\u201d. Este programa se encuentra dirigido para ni\u00f1os y j\u00f3venes de hasta 23 a\u00f1os que se encuentran en situaci\u00f3n de pobreza y vulnerabilidad, como resultado de&hellip;","rttpg_featured_image_url":{"full":["https:\/\/alprestamo.com\/blog\/wp-content\/uploads\/2023\/09\/88562894_m_normal_none.jpg",2508,1672,false],"landscape":["https:\/\/alprestamo.com\/blog\/wp-content\/uploads\/2023\/09\/88562894_m_normal_none.jpg",2508,1672,false],"portraits":["https:\/\/alprestamo.com\/blog\/wp-content\/uploads\/2023\/09\/88562894_m_normal_none.jpg",2508,1672,false],"thumbnail":["https:\/\/alprestamo.com\/blog\/wp-content\/uploads\/2023\/09\/88562894_m_normal_none-150x150.jpg",150,150,true],"medium":["https:\/\/alprestamo.com\/blog\/wp-content\/uploads\/2023\/09\/88562894_m_normal_none-300x200.jpg",300,200,true],"large":["https:\/\/alprestamo.com\/blog\/wp-content\/uploads\/2023\/09\/88562894_m_normal_none-1024x683.jpg",1024,683,true],"1536x1536":["https:\/\/alprestamo.com\/blog\/wp-content\/uploads\/2023\/09\/88562894_m_normal_none-1536x1024.jpg",1536,1024,true],"2048x2048":["https:\/\/alprestamo.com\/blog\/wp-content\/uploads\/2023\/09\/88562894_m_normal_none-2048x1365.jpg",2048,1365,true],"rt_custom":["https:\/\/alprestamo.com\/blog\/wp-content\/uploads\/2023\/09\/88562894_m_normal_none.jpg",2508,1672,false]},"rttpg_author":{"display_name":"Ramiro Querejeta","author_link":"https:\/\/alprestamo.com\/blog\/author\/ramiro\/"},"rttpg_comment":0,"rttpg_category":"<a href=\"https:\/\/alprestamo.com\/blog\/categoria\/mx\/\" rel=\"category tag\">MX<\/a> <a href=\"https:\/\/alprestamo.com\/blog\/categoria\/mx\/programas-sociales-mx\/\" rel=\"category tag\">Programas Sociales<\/a>","rttpg_excerpt":"Con el objetivo de brindar un apoyo a los sectores m\u00e1s vulnerables, el gobierno federal emprende un programa social llamado \u201cBienestar de las Ni\u00f1as y Ni\u00f1os, Hijos de Madres Trabajadoras\u201d. Este programa se encuentra dirigido para ni\u00f1os y j\u00f3venes de hasta 23 a\u00f1os que se encuentran en situaci\u00f3n de pobreza y vulnerabilidad, como resultado de&hellip;","_links":{"self":[{"href":"https:\/\/alprestamo.com\/blog\/wp-json\/wp\/v2\/posts\/28781"}],"collection":[{"href":"https:\/\/alprestamo.com\/blog\/wp-json\/wp\/v2\/posts"}],"about":[{"href":"https:\/\/alprestamo.com\/blog\/wp-json\/wp\/v2\/types\/post"}],"author":[{"embeddable":true,"href":"https:\/\/alprestamo.com\/blog\/wp-json\/wp\/v2\/users\/9"}],"replies":[{"embeddable":true,"href":"https:\/\/alprestamo.com\/blog\/wp-json\/wp\/v2\/comments?post=28781"}],"version-history":[{"count":5,"href":"https:\/\/alprestamo.com\/blog\/wp-json\/wp\/v2\/posts\/28781\/revisions"}],"predecessor-version":[{"id":32784,"href":"https:\/\/alprestamo.com\/blog\/wp-json\/wp\/v2\/posts\/28781\/revisions\/32784"}],"wp:featuredmedia":[{"embeddable":true,"href":"https:\/\/alprestamo.com\/blog\/wp-json\/wp\/v2\/media\/28797"}],"wp:attachment":[{"href":"https:\/\/alprestamo.com\/blog\/wp-json\/wp\/v2\/media?parent=28781"}],"wp:term":[{"taxonomy":"category","embeddable":true,"href":"https:\/\/alprestamo.com\/blog\/wp-json\/wp\/v2\/categories?post=28781"},{"taxonomy":"post_tag","embeddable":true,"href":"https:\/\/alprestamo.com\/blog\/wp-json\/wp\/v2\/tags?post=28781"}],"curies":[{"name":"wp","href":"https:\/\/api.w.org\/{rel}","templated":true}]}}