{"id":29228,"date":"2023-09-08T15:00:00","date_gmt":"2023-09-08T18:00:00","guid":{"rendered":"https:\/\/alprestamo.com\/blog\/?p=29228"},"modified":"2023-09-15T16:32:20","modified_gmt":"2023-09-15T19:32:20","slug":"como-acceder-al-subsidio-a-la-vivienda-distrital","status":"publish","type":"post","link":"https:\/\/alprestamo.com\/blog\/como-acceder-al-subsidio-a-la-vivienda-distrital\/","title":{"rendered":"C\u00f3mo acceder al subsidio a la vivienda distrital\u00a0"},"content":{"rendered":"\n<p>Seg\u00fan la Administraci\u00f3n Municipal, el <strong>subsidio a la vivienda distrital<\/strong> se entregar\u00e1 para el acceso a una de inter\u00e9s social (VIS).&nbsp;El <a href=\"https:\/\/alprestamo.com\/blog\/co\/mundo-laboral-co\/subsidio-para-desempleados-que-es-y-como-acceder\/\">acceso al subsidio<\/a> se podr\u00e1 realizar de forma virtual mediante el portal de la Secretar\u00eda de Vivienda Social. La convocatoria le da prioridad para que las personas acreditadas como reincorporadas o desmovilizadas puedan acceder a una vivienda nueva o usada.&nbsp;<\/p>\n\n\n\n<h2 class=\"wp-block-heading\">Requisitos para postularse&nbsp;<\/h2>\n\n\n\n<p>Aquellos que se postulen para el<a href=\"https:\/\/alprestamo.com\/blog\/co\/subsidios-a-la-vivienda-en-bogota-como-anotarse\/\"> subsidio a la vivienda<\/a> distrital deber\u00e1n:<\/p>\n\n\n\n<ul class=\"wp-block-list\">\n<li>Conformar un hogar (una o m\u00e1s personas que integran un n\u00facleo familiar)<\/li>\n\n\n\n<li>Los ingresos mensuales no deben superar los<strong> cuatro salarios m\u00ednimos legales mensuales vigentes<\/strong> (smmlv).&nbsp;<\/li>\n\n\n\n<li>Ninguno de los miembros del hogar puede ser propietario de otra vivienda al momento de postularse&nbsp;<\/li>\n\n\n\n<li>No ser o haber sido beneficiario del <strong>Subsidio Nacional de la Vivienda<\/strong><\/li>\n\n\n\n<li>Acreditar recursos con los que se pretende adquirir la vivienda (subsidio Nacional,<a href=\"https:\/\/alprestamo.com\/blog\/co\/cajas-de-compensacion-como-acceder-a-los-subsidios-que-ofrecen\/\"> <strong>Cajas de Compensaci\u00f3n <\/strong><\/a><strong>Familiar<\/strong>, ahorro programado en entidades financieras o la Resoluci\u00f3n de Indemnizaci\u00f3n, ahorros propios o cr\u00e9ditos entregados por entidades financieras).&nbsp;<\/li>\n\n\n\n<li>El hogar sobre el que se otorgar\u00e1 el subsidio deber\u00e1 estar libre de cualquier gravamen, hipoteca, causa judicial o de protecci\u00f3n.&nbsp;<\/li>\n\n\n\n<li>La persona que se postule deber\u00e1 registrarse en la <strong>Agencia para la Reincorporaci\u00f3n y la Normalizaci\u00f3n (ARN)<\/strong>.&nbsp;<\/li>\n<\/ul>\n\n\n\n<h2 class=\"wp-block-heading\">Documentaci\u00f3n para solicitar el subsidio a la vivienda distrital&nbsp;<\/h2>\n\n\n\n<p>Una vez verificadas las condiciones, los solicitantes deber\u00e1n presentar los datos completos en el formulario con estos documentos:<\/p>\n\n\n\n<ul class=\"wp-block-list\">\n<li>Registro civil de matrimonio o declaraci\u00f3n de uni\u00f3n matrimonial.&nbsp;<\/li>\n\n\n\n<li>C\u00e9dula de ciudadan\u00eda de los integrantes del hogar. En caso de los menores de edad se deber\u00e1 aportar la copia del registro civil o tarjeta de identidad.&nbsp;<\/li>\n\n\n\n<li>Carta laboral para los trabajadores dependientes con una vigencia que no exceda los 30 d\u00edas. Los trabajadores independientes deben presentar una declaraci\u00f3n jurada de ingresos mensuales.<\/li>\n\n\n\n<li>Documentaci\u00f3n que certifique que se cuenta con los recursos econ\u00f3micos para adquirir la vivienda<\/li>\n\n\n\n<li>Los hogares en donde viven personas con discapacidad deber\u00e1n presentar el documento que acredite esa condici\u00f3n.&nbsp;<\/li>\n<\/ul>\n\n\n\n<p>A trav\u00e9s del <strong><a href=\"https:\/\/alprestamo.com\/blog\/co\/mi-casa-ya-quienes-pueden-acceder-a-subsidios-para-la-vivienda\/\">programa Mi Casa Ya<\/a><\/strong> se asignaron m\u00e1s de 18.000 <em>subsidios a la vivienda distrital<\/em>, entre las cuales se encuentran 7417 de inter\u00e9s prioritario (VIP) y 11.686 de inter\u00e9s social. &nbsp;<\/p>\n","protected":false},"excerpt":{"rendered":"<p>Seg\u00fan la Administraci\u00f3n Municipal, el subsidio a la vivienda distrital se entregar\u00e1 para el acceso a una de inter\u00e9s social (VIS).&nbsp;El acceso al subsidio se podr\u00e1 realizar de forma virtual mediante el portal de la Secretar\u00eda de Vivienda Social. La convocatoria le da prioridad para que las personas acreditadas como reincorporadas o desmovilizadas puedan acceder &hellip;<\/p>\n<p class=\"read-more\"> <a class=\"\" href=\"https:\/\/alprestamo.com\/blog\/como-acceder-al-subsidio-a-la-vivienda-distrital\/\"> <span class=\"screen-reader-text\">C\u00f3mo acceder al subsidio a la vivienda distrital\u00a0<\/span> Leer m\u00e1s &raquo;<\/a><\/p>\n","protected":false},"author":9,"featured_media":29234,"comment_status":"closed","ping_status":"closed","sticky":false,"template":"","format":"standard","meta":{"_uag_custom_page_level_css":"","site-sidebar-layout":"default","site-content-layout":"default","ast-global-header-display":"","ast-banner-title-visibility":"","ast-main-header-display":"","ast-hfb-above-header-display":"","ast-hfb-below-header-display":"","ast-hfb-mobile-header-display":"","site-post-title":"","ast-breadcrumbs-content":"","ast-featured-img":"","footer-sml-layout":"","theme-transparent-header-meta":"","adv-header-id-meta":"","stick-header-meta":"","header-above-stick-meta":"","header-main-stick-meta":"","header-below-stick-meta":"","footnotes":""},"categories":[98,100],"tags":[],"class_list":["post-29228","post","type-post","status-publish","format-standard","has-post-thumbnail","hentry","category-co","category-programas-sociales"],"acf":[],"yoast_head":"<!-- This site is optimized with the Yoast SEO plugin v23.2 - https:\/\/yoast.com\/wordpress\/plugins\/seo\/ -->\n<title>C\u00f3mo acceder al subsidio a la vivienda distrital\u00a0<\/title>\n<meta name=\"description\" content=\"Seg\u00fan la Administraci\u00f3n Municipal, el subsidio a la vivienda distrital se entregar\u00e1 para el acceso a una de inter\u00e9s social (VIS).&nbsp;El acceso al\" \/>\n<meta name=\"robots\" content=\"index, follow, max-snippet:-1, max-image-preview:large, max-video-preview:-1\" \/>\n<link rel=\"canonical\" href=\"https:\/\/alprestamo.com\/blog\/como-acceder-al-subsidio-a-la-vivienda-distrital\/\" \/>\n<meta property=\"og:locale\" content=\"es_ES\" \/>\n<meta property=\"og:type\" content=\"article\" \/>\n<meta property=\"og:title\" content=\"C\u00f3mo acceder al subsidio a la vivienda distrital\u00a0\" \/>\n<meta property=\"og:description\" content=\"Seg\u00fan la Administraci\u00f3n Municipal, el subsidio a la vivienda distrital se entregar\u00e1 para el acceso a una de inter\u00e9s social (VIS).&nbsp;El acceso al\" \/>\n<meta property=\"og:url\" content=\"https:\/\/alprestamo.com\/blog\/como-acceder-al-subsidio-a-la-vivienda-distrital\/\" \/>\n<meta property=\"og:site_name\" content=\"Alprestamo - Hacemos que todo suceda\" \/>\n<meta property=\"article:published_time\" content=\"2023-09-08T18:00:00+00:00\" \/>\n<meta property=\"article:modified_time\" content=\"2023-09-15T19:32:20+00:00\" \/>\n<meta property=\"og:image\" content=\"https:\/\/alprestamo.com\/blog\/wp-content\/uploads\/2023\/09\/16652365_m_normal_none.jpg\" \/>\n\t<meta property=\"og:image:width\" content=\"2513\" \/>\n\t<meta property=\"og:image:height\" content=\"1669\" \/>\n\t<meta property=\"og:image:type\" content=\"image\/jpeg\" \/>\n<meta name=\"author\" content=\"Ramiro Querejeta\" \/>\n<meta name=\"twitter:card\" content=\"summary_large_image\" \/>\n<meta name=\"twitter:label1\" content=\"Escrito por\" \/>\n\t<meta name=\"twitter:data1\" content=\"Ramiro Querejeta\" \/>\n\t<meta name=\"twitter:label2\" content=\"Tiempo de lectura\" \/>\n\t<meta name=\"twitter:data2\" content=\"2 minutos\" \/>\n<script type=\"application\/ld+json\" class=\"yoast-schema-graph\">{\"@context\":\"https:\/\/schema.org\",\"@graph\":[{\"@type\":\"NewsArticle\",\"@id\":\"https:\/\/alprestamo.com\/blog\/como-acceder-al-subsidio-a-la-vivienda-distrital\/#article\",\"isPartOf\":{\"@id\":\"https:\/\/alprestamo.com\/blog\/como-acceder-al-subsidio-a-la-vivienda-distrital\/\"},\"author\":{\"name\":\"Ramiro Querejeta\",\"@id\":\"https:\/\/alprestamo.com\/blog\/#\/schema\/person\/4c568603ceb381762b4c9062d42c7627\"},\"headline\":\"C\u00f3mo acceder al subsidio a la vivienda distrital\u00a0\",\"datePublished\":\"2023-09-08T18:00:00+00:00\",\"dateModified\":\"2023-09-15T19:32:20+00:00\",\"mainEntityOfPage\":{\"@id\":\"https:\/\/alprestamo.com\/blog\/como-acceder-al-subsidio-a-la-vivienda-distrital\/\"},\"wordCount\":403,\"publisher\":{\"@id\":\"https:\/\/alprestamo.com\/blog\/#organization\"},\"image\":{\"@id\":\"https:\/\/alprestamo.com\/blog\/como-acceder-al-subsidio-a-la-vivienda-distrital\/#primaryimage\"},\"thumbnailUrl\":\"https:\/\/alprestamo.com\/blog\/wp-content\/uploads\/2023\/09\/16652365_m_normal_none.jpg\",\"articleSection\":[\"CO\",\"Programas sociales\"],\"inLanguage\":\"es-AR\"},{\"@type\":\"WebPage\",\"@id\":\"https:\/\/alprestamo.com\/blog\/como-acceder-al-subsidio-a-la-vivienda-distrital\/\",\"url\":\"https:\/\/alprestamo.com\/blog\/como-acceder-al-subsidio-a-la-vivienda-distrital\/\",\"name\":\"C\u00f3mo acceder al subsidio a la vivienda distrital\u00a0\",\"isPartOf\":{\"@id\":\"https:\/\/alprestamo.com\/blog\/#website\"},\"primaryImageOfPage\":{\"@id\":\"https:\/\/alprestamo.com\/blog\/como-acceder-al-subsidio-a-la-vivienda-distrital\/#primaryimage\"},\"image\":{\"@id\":\"https:\/\/alprestamo.com\/blog\/como-acceder-al-subsidio-a-la-vivienda-distrital\/#primaryimage\"},\"thumbnailUrl\":\"https:\/\/alprestamo.com\/blog\/wp-content\/uploads\/2023\/09\/16652365_m_normal_none.jpg\",\"datePublished\":\"2023-09-08T18:00:00+00:00\",\"dateModified\":\"2023-09-15T19:32:20+00:00\",\"description\":\"Seg\u00fan la Administraci\u00f3n Municipal, el subsidio a la vivienda distrital se entregar\u00e1 para el acceso a una de inter\u00e9s social (VIS).&nbsp;El acceso al\",\"breadcrumb\":{\"@id\":\"https:\/\/alprestamo.com\/blog\/como-acceder-al-subsidio-a-la-vivienda-distrital\/#breadcrumb\"},\"inLanguage\":\"es-AR\",\"potentialAction\":[{\"@type\":\"ReadAction\",\"target\":[\"https:\/\/alprestamo.com\/blog\/como-acceder-al-subsidio-a-la-vivienda-distrital\/\"]}]},{\"@type\":\"ImageObject\",\"inLanguage\":\"es-AR\",\"@id\":\"https:\/\/alprestamo.com\/blog\/como-acceder-al-subsidio-a-la-vivienda-distrital\/#primaryimage\",\"url\":\"https:\/\/alprestamo.com\/blog\/wp-content\/uploads\/2023\/09\/16652365_m_normal_none.jpg\",\"contentUrl\":\"https:\/\/alprestamo.com\/blog\/wp-content\/uploads\/2023\/09\/16652365_m_normal_none.jpg\",\"width\":2513,\"height\":1669,\"caption\":\"Subsidio a la vivienda distrital\"},{\"@type\":\"BreadcrumbList\",\"@id\":\"https:\/\/alprestamo.com\/blog\/como-acceder-al-subsidio-a-la-vivienda-distrital\/#breadcrumb\",\"itemListElement\":[{\"@type\":\"ListItem\",\"position\":1,\"name\":\"Home\",\"item\":\"https:\/\/alprestamo.com\/blog\/\"},{\"@type\":\"ListItem\",\"position\":2,\"name\":\"C\u00f3mo acceder al subsidio a la vivienda distrital\u00a0\"}]},{\"@type\":\"WebSite\",\"@id\":\"https:\/\/alprestamo.com\/blog\/#website\",\"url\":\"https:\/\/alprestamo.com\/blog\/\",\"name\":\"Alprestamo\",\"description\":\"Hacemos que todo suceda\",\"publisher\":{\"@id\":\"https:\/\/alprestamo.com\/blog\/#organization\"},\"potentialAction\":[{\"@type\":\"SearchAction\",\"target\":{\"@type\":\"EntryPoint\",\"urlTemplate\":\"https:\/\/alprestamo.com\/blog\/?s={search_term_string}\"},\"query-input\":\"required name=search_term_string\"}],\"inLanguage\":\"es-AR\"},{\"@type\":\"Organization\",\"@id\":\"https:\/\/alprestamo.com\/blog\/#organization\",\"name\":\"Alprestamo\",\"url\":\"https:\/\/alprestamo.com\/blog\/\",\"logo\":{\"@type\":\"ImageObject\",\"inLanguage\":\"es-AR\",\"@id\":\"https:\/\/alprestamo.com\/blog\/#\/schema\/logo\/image\/\",\"url\":\"https:\/\/alprestamo.com\/blog\/wp-content\/uploads\/2022\/10\/Imagotipo_Blanco.svg\",\"contentUrl\":\"https:\/\/alprestamo.com\/blog\/wp-content\/uploads\/2022\/10\/Imagotipo_Blanco.svg\",\"width\":1199,\"height\":203,\"caption\":\"Alprestamo\"},\"image\":{\"@id\":\"https:\/\/alprestamo.com\/blog\/#\/schema\/logo\/image\/\"}},{\"@type\":\"Person\",\"@id\":\"https:\/\/alprestamo.com\/blog\/#\/schema\/person\/4c568603ceb381762b4c9062d42c7627\",\"name\":\"Ramiro Querejeta\",\"image\":{\"@type\":\"ImageObject\",\"inLanguage\":\"es-AR\",\"@id\":\"https:\/\/alprestamo.com\/blog\/#\/schema\/person\/image\/\",\"url\":\"https:\/\/alprestamo.com\/blog\/wp-content\/uploads\/2025\/08\/1688503693490-150x150.jpeg\",\"contentUrl\":\"https:\/\/alprestamo.com\/blog\/wp-content\/uploads\/2025\/08\/1688503693490-150x150.jpeg\",\"caption\":\"Ramiro Querejeta\"},\"url\":\"https:\/\/alprestamo.com\/blog\/author\/ramiro\/\"}]}<\/script>\n<!-- \/ Yoast SEO plugin. -->","yoast_head_json":{"title":"C\u00f3mo acceder al subsidio a la vivienda distrital\u00a0","description":"Seg\u00fan la Administraci\u00f3n Municipal, el subsidio a la vivienda distrital se entregar\u00e1 para el acceso a una de inter\u00e9s social (VIS).&nbsp;El acceso al","robots":{"index":"index","follow":"follow","max-snippet":"max-snippet:-1","max-image-preview":"max-image-preview:large","max-video-preview":"max-video-preview:-1"},"canonical":"https:\/\/alprestamo.com\/blog\/como-acceder-al-subsidio-a-la-vivienda-distrital\/","og_locale":"es_ES","og_type":"article","og_title":"C\u00f3mo acceder al subsidio a la vivienda distrital\u00a0","og_description":"Seg\u00fan la Administraci\u00f3n Municipal, el subsidio a la vivienda distrital se entregar\u00e1 para el acceso a una de inter\u00e9s social (VIS).&nbsp;El acceso al","og_url":"https:\/\/alprestamo.com\/blog\/como-acceder-al-subsidio-a-la-vivienda-distrital\/","og_site_name":"Alprestamo - Hacemos que todo suceda","article_published_time":"2023-09-08T18:00:00+00:00","article_modified_time":"2023-09-15T19:32:20+00:00","og_image":[{"width":2513,"height":1669,"url":"https:\/\/alprestamo.com\/blog\/wp-content\/uploads\/2023\/09\/16652365_m_normal_none.jpg","type":"image\/jpeg"}],"author":"Ramiro Querejeta","twitter_card":"summary_large_image","twitter_misc":{"Escrito por":"Ramiro Querejeta","Tiempo de lectura":"2 minutos"},"schema":{"@context":"https:\/\/schema.org","@graph":[{"@type":"NewsArticle","@id":"https:\/\/alprestamo.com\/blog\/como-acceder-al-subsidio-a-la-vivienda-distrital\/#article","isPartOf":{"@id":"https:\/\/alprestamo.com\/blog\/como-acceder-al-subsidio-a-la-vivienda-distrital\/"},"author":{"name":"Ramiro Querejeta","@id":"https:\/\/alprestamo.com\/blog\/#\/schema\/person\/4c568603ceb381762b4c9062d42c7627"},"headline":"C\u00f3mo acceder al subsidio a la vivienda distrital\u00a0","datePublished":"2023-09-08T18:00:00+00:00","dateModified":"2023-09-15T19:32:20+00:00","mainEntityOfPage":{"@id":"https:\/\/alprestamo.com\/blog\/como-acceder-al-subsidio-a-la-vivienda-distrital\/"},"wordCount":403,"publisher":{"@id":"https:\/\/alprestamo.com\/blog\/#organization"},"image":{"@id":"https:\/\/alprestamo.com\/blog\/como-acceder-al-subsidio-a-la-vivienda-distrital\/#primaryimage"},"thumbnailUrl":"https:\/\/alprestamo.com\/blog\/wp-content\/uploads\/2023\/09\/16652365_m_normal_none.jpg","articleSection":["CO","Programas sociales"],"inLanguage":"es-AR"},{"@type":"WebPage","@id":"https:\/\/alprestamo.com\/blog\/como-acceder-al-subsidio-a-la-vivienda-distrital\/","url":"https:\/\/alprestamo.com\/blog\/como-acceder-al-subsidio-a-la-vivienda-distrital\/","name":"C\u00f3mo acceder al subsidio a la vivienda distrital\u00a0","isPartOf":{"@id":"https:\/\/alprestamo.com\/blog\/#website"},"primaryImageOfPage":{"@id":"https:\/\/alprestamo.com\/blog\/como-acceder-al-subsidio-a-la-vivienda-distrital\/#primaryimage"},"image":{"@id":"https:\/\/alprestamo.com\/blog\/como-acceder-al-subsidio-a-la-vivienda-distrital\/#primaryimage"},"thumbnailUrl":"https:\/\/alprestamo.com\/blog\/wp-content\/uploads\/2023\/09\/16652365_m_normal_none.jpg","datePublished":"2023-09-08T18:00:00+00:00","dateModified":"2023-09-15T19:32:20+00:00","description":"Seg\u00fan la Administraci\u00f3n Municipal, el subsidio a la vivienda distrital se entregar\u00e1 para el acceso a una de inter\u00e9s social (VIS).&nbsp;El acceso al","breadcrumb":{"@id":"https:\/\/alprestamo.com\/blog\/como-acceder-al-subsidio-a-la-vivienda-distrital\/#breadcrumb"},"inLanguage":"es-AR","potentialAction":[{"@type":"ReadAction","target":["https:\/\/alprestamo.com\/blog\/como-acceder-al-subsidio-a-la-vivienda-distrital\/"]}]},{"@type":"ImageObject","inLanguage":"es-AR","@id":"https:\/\/alprestamo.com\/blog\/como-acceder-al-subsidio-a-la-vivienda-distrital\/#primaryimage","url":"https:\/\/alprestamo.com\/blog\/wp-content\/uploads\/2023\/09\/16652365_m_normal_none.jpg","contentUrl":"https:\/\/alprestamo.com\/blog\/wp-content\/uploads\/2023\/09\/16652365_m_normal_none.jpg","width":2513,"height":1669,"caption":"Subsidio a la vivienda distrital"},{"@type":"BreadcrumbList","@id":"https:\/\/alprestamo.com\/blog\/como-acceder-al-subsidio-a-la-vivienda-distrital\/#breadcrumb","itemListElement":[{"@type":"ListItem","position":1,"name":"Home","item":"https:\/\/alprestamo.com\/blog\/"},{"@type":"ListItem","position":2,"name":"C\u00f3mo acceder al subsidio a la vivienda distrital\u00a0"}]},{"@type":"WebSite","@id":"https:\/\/alprestamo.com\/blog\/#website","url":"https:\/\/alprestamo.com\/blog\/","name":"Alprestamo","description":"Hacemos que todo suceda","publisher":{"@id":"https:\/\/alprestamo.com\/blog\/#organization"},"potentialAction":[{"@type":"SearchAction","target":{"@type":"EntryPoint","urlTemplate":"https:\/\/alprestamo.com\/blog\/?s={search_term_string}"},"query-input":"required name=search_term_string"}],"inLanguage":"es-AR"},{"@type":"Organization","@id":"https:\/\/alprestamo.com\/blog\/#organization","name":"Alprestamo","url":"https:\/\/alprestamo.com\/blog\/","logo":{"@type":"ImageObject","inLanguage":"es-AR","@id":"https:\/\/alprestamo.com\/blog\/#\/schema\/logo\/image\/","url":"https:\/\/alprestamo.com\/blog\/wp-content\/uploads\/2022\/10\/Imagotipo_Blanco.svg","contentUrl":"https:\/\/alprestamo.com\/blog\/wp-content\/uploads\/2022\/10\/Imagotipo_Blanco.svg","width":1199,"height":203,"caption":"Alprestamo"},"image":{"@id":"https:\/\/alprestamo.com\/blog\/#\/schema\/logo\/image\/"}},{"@type":"Person","@id":"https:\/\/alprestamo.com\/blog\/#\/schema\/person\/4c568603ceb381762b4c9062d42c7627","name":"Ramiro Querejeta","image":{"@type":"ImageObject","inLanguage":"es-AR","@id":"https:\/\/alprestamo.com\/blog\/#\/schema\/person\/image\/","url":"https:\/\/alprestamo.com\/blog\/wp-content\/uploads\/2025\/08\/1688503693490-150x150.jpeg","contentUrl":"https:\/\/alprestamo.com\/blog\/wp-content\/uploads\/2025\/08\/1688503693490-150x150.jpeg","caption":"Ramiro Querejeta"},"url":"https:\/\/alprestamo.com\/blog\/author\/ramiro\/"}]}},"uagb_featured_image_src":{"full":["https:\/\/alprestamo.com\/blog\/wp-content\/uploads\/2023\/09\/16652365_m_normal_none.jpg",2513,1669,false],"thumbnail":["https:\/\/alprestamo.com\/blog\/wp-content\/uploads\/2023\/09\/16652365_m_normal_none-150x150.jpg",150,150,true],"medium":["https:\/\/alprestamo.com\/blog\/wp-content\/uploads\/2023\/09\/16652365_m_normal_none-300x199.jpg",300,199,true],"medium_large":["https:\/\/alprestamo.com\/blog\/wp-content\/uploads\/2023\/09\/16652365_m_normal_none-768x510.jpg",768,510,true],"large":["https:\/\/alprestamo.com\/blog\/wp-content\/uploads\/2023\/09\/16652365_m_normal_none-1024x680.jpg",1024,680,true],"1536x1536":["https:\/\/alprestamo.com\/blog\/wp-content\/uploads\/2023\/09\/16652365_m_normal_none-1536x1020.jpg",1536,1020,true],"2048x2048":["https:\/\/alprestamo.com\/blog\/wp-content\/uploads\/2023\/09\/16652365_m_normal_none-2048x1360.jpg",2048,1360,true]},"uagb_author_info":{"display_name":"Ramiro Querejeta","author_link":"https:\/\/alprestamo.com\/blog\/author\/ramiro\/"},"uagb_comment_info":0,"uagb_excerpt":"Seg\u00fan la Administraci\u00f3n Municipal, el subsidio a la vivienda distrital se entregar\u00e1 para el acceso a una de inter\u00e9s social (VIS).&nbsp;El acceso al subsidio se podr\u00e1 realizar de forma virtual mediante el portal de la Secretar\u00eda de Vivienda Social. La convocatoria le da prioridad para que las personas acreditadas como reincorporadas o desmovilizadas puedan acceder&hellip;","rttpg_featured_image_url":{"full":["https:\/\/alprestamo.com\/blog\/wp-content\/uploads\/2023\/09\/16652365_m_normal_none.jpg",2513,1669,false],"landscape":["https:\/\/alprestamo.com\/blog\/wp-content\/uploads\/2023\/09\/16652365_m_normal_none.jpg",2513,1669,false],"portraits":["https:\/\/alprestamo.com\/blog\/wp-content\/uploads\/2023\/09\/16652365_m_normal_none.jpg",2513,1669,false],"thumbnail":["https:\/\/alprestamo.com\/blog\/wp-content\/uploads\/2023\/09\/16652365_m_normal_none-150x150.jpg",150,150,true],"medium":["https:\/\/alprestamo.com\/blog\/wp-content\/uploads\/2023\/09\/16652365_m_normal_none-300x199.jpg",300,199,true],"large":["https:\/\/alprestamo.com\/blog\/wp-content\/uploads\/2023\/09\/16652365_m_normal_none-1024x680.jpg",1024,680,true],"1536x1536":["https:\/\/alprestamo.com\/blog\/wp-content\/uploads\/2023\/09\/16652365_m_normal_none-1536x1020.jpg",1536,1020,true],"2048x2048":["https:\/\/alprestamo.com\/blog\/wp-content\/uploads\/2023\/09\/16652365_m_normal_none-2048x1360.jpg",2048,1360,true],"rt_custom":["https:\/\/alprestamo.com\/blog\/wp-content\/uploads\/2023\/09\/16652365_m_normal_none.jpg",2513,1669,false]},"rttpg_author":{"display_name":"Ramiro Querejeta","author_link":"https:\/\/alprestamo.com\/blog\/author\/ramiro\/"},"rttpg_comment":0,"rttpg_category":"<a href=\"https:\/\/alprestamo.com\/blog\/categoria\/co\/\" rel=\"category tag\">CO<\/a> <a href=\"https:\/\/alprestamo.com\/blog\/categoria\/co\/programas-sociales\/\" rel=\"category tag\">Programas sociales<\/a>","rttpg_excerpt":"Seg\u00fan la Administraci\u00f3n Municipal, el subsidio a la vivienda distrital se entregar\u00e1 para el acceso a una de inter\u00e9s social (VIS).&nbsp;El acceso al subsidio se podr\u00e1 realizar de forma virtual mediante el portal de la Secretar\u00eda de Vivienda Social. La convocatoria le da prioridad para que las personas acreditadas como reincorporadas o desmovilizadas puedan acceder&hellip;","_links":{"self":[{"href":"https:\/\/alprestamo.com\/blog\/wp-json\/wp\/v2\/posts\/29228"}],"collection":[{"href":"https:\/\/alprestamo.com\/blog\/wp-json\/wp\/v2\/posts"}],"about":[{"href":"https:\/\/alprestamo.com\/blog\/wp-json\/wp\/v2\/types\/post"}],"author":[{"embeddable":true,"href":"https:\/\/alprestamo.com\/blog\/wp-json\/wp\/v2\/users\/9"}],"replies":[{"embeddable":true,"href":"https:\/\/alprestamo.com\/blog\/wp-json\/wp\/v2\/comments?post=29228"}],"version-history":[{"count":8,"href":"https:\/\/alprestamo.com\/blog\/wp-json\/wp\/v2\/posts\/29228\/revisions"}],"predecessor-version":[{"id":29245,"href":"https:\/\/alprestamo.com\/blog\/wp-json\/wp\/v2\/posts\/29228\/revisions\/29245"}],"wp:featuredmedia":[{"embeddable":true,"href":"https:\/\/alprestamo.com\/blog\/wp-json\/wp\/v2\/media\/29234"}],"wp:attachment":[{"href":"https:\/\/alprestamo.com\/blog\/wp-json\/wp\/v2\/media?parent=29228"}],"wp:term":[{"taxonomy":"category","embeddable":true,"href":"https:\/\/alprestamo.com\/blog\/wp-json\/wp\/v2\/categories?post=29228"},{"taxonomy":"post_tag","embeddable":true,"href":"https:\/\/alprestamo.com\/blog\/wp-json\/wp\/v2\/tags?post=29228"}],"curies":[{"name":"wp","href":"https:\/\/api.w.org\/{rel}","templated":true}]}}