{"id":29301,"date":"2023-09-08T16:30:51","date_gmt":"2023-09-08T19:30:51","guid":{"rendered":"https:\/\/alprestamo.com\/blog\/?p=29301"},"modified":"2023-09-14T15:31:35","modified_gmt":"2023-09-14T18:31:35","slug":"mi-beca-para-empezar-que-hacer-si-no-recibi-el-dinero","status":"publish","type":"post","link":"https:\/\/alprestamo.com\/blog\/mi-beca-para-empezar-que-hacer-si-no-recibi-el-dinero\/","title":{"rendered":"Mi Beca para Empezar: qu\u00e9 hacer si no recib\u00ed el dinero"},"content":{"rendered":"\n<p>El programa de apoyo de uniformes y \u00fatiles escolares <strong>Mi Beca para Empezar <\/strong>para el ciclo 2023-2024 est\u00e1 en pleno proceso y se prolongar\u00e1 durante 10 meses. Sin embargo, puede ocurrir que los padres de familia todav\u00eda no hayan recibido el dep\u00f3sito de la ayuda econ\u00f3mica. En esta nota te contamos qu\u00e9 debes hacer en ese caso.&nbsp;<\/p>\n\n\n\n<h2 class=\"wp-block-heading\">Qu\u00e9 hacer si no recib\u00ed el dinero de Mi Beca para Empezar&nbsp;<\/h2>\n\n\n\n<p>En caso de haber registrado a un alumno en la plataforma oficial de<a href=\"https:\/\/alprestamo.com\/blog\/mx\/programas-sociales-mx\/mi-beca-para-empezar-quienes-pueden-recibir-un-pago-doble\/\"> Mi Beca para Empezar<\/a> luego del 31 de julio, es probable que<a href=\"https:\/\/alprestamo.com\/blog\/mx\/programas-sociales-mx\/pago-retroactivo-de-mi-beca-para-empezar-de-que-se-trata-y-quienes-lo-cobran\/\"> el pago<\/a> haya ca\u00eddo a finales de agosto o inicios del mes de septiembre. Si el registro se llev\u00f3 a cabo despu\u00e9s del 31 de julio, deber\u00e1s ponerte en contacto para conocer el problema.&nbsp;<\/p>\n\n\n\n<p>Para contactarte con el<strong> Fideicomiso Bienestar Educativo CDMX <\/strong>(55 8890 2999) deber\u00e1s tener a mano datos de identificaci\u00f3n del alumno y del tutor registrados en la plataforma y obtener informaci\u00f3n sobre el estado del pago.&nbsp;<\/p>\n\n\n\n<h2 class=\"wp-block-heading\">C\u00f3mo verificar si estoy dado de alta en Mi Beca para Empezar<\/h2>\n\n\n\n<p>En caso de que el problema de no haber recibido el dep\u00f3sito sea por no haber dado de alta al alumno, se puede verificar ingresando de forma personal a las oficinas de la calle Bucareli 134, colonia Centro, alcald\u00eda Cuauht\u00e9moc. Es importante llevar la documentaci\u00f3n necesaria para iniciar el tr\u00e1mite de alta.&nbsp;<\/p>\n\n\n\n<p>Para registrar a tu hijo\/a a Mi Beca para Empezar, necesitar\u00e1s la <strong>CURP, identificaci\u00f3n oficial del tutor y comprobante de domicilio<\/strong> reciente menor a tres meses de antig\u00fcedad.&nbsp;<\/p>\n\n\n\n<h2 class=\"wp-block-heading\">Verificar la tarjeta de Mi Beca para Empezar&nbsp;<\/h2>\n\n\n\n<p>En caso de tener dudas sobre el estatus de tu<strong><a href=\"https:\/\/alprestamo.com\/blog\/mx\/programas-sociales-mx\/que-es-la-tarjeta-bienestar-y-como-la-solicito\/\"> tarjeta del bienestar<\/a><\/strong>, deber\u00e1s ingresar a la aplicaci\u00f3n de Mi Beca para Empezar y previamente haberse registrado.&nbsp;<\/p>\n\n\n\n<p>Una vez ingresado, selecciona la tarjeta en donde ver\u00e1s una casilla que indica si est\u00e1 activa (debe ser de color verde). Si no est\u00e1 activa, puede deslizar el bot\u00f3n para hacerlo. Si realizaste bien todos los pasos te deber\u00e1 llegar un mensaje diciendo que \u201ctu tarjeta fue asociada por Bienestar Educativo del Gobierno de la Ciudad de M\u00e9xico\u201d.<\/p>\n","protected":false},"excerpt":{"rendered":"<p>El programa de apoyo de uniformes y \u00fatiles escolares Mi Beca para Empezar para el ciclo 2023-2024 est\u00e1 en pleno proceso y se prolongar\u00e1 durante 10 meses. Sin embargo, puede ocurrir que los padres de familia todav\u00eda no hayan recibido el dep\u00f3sito de la ayuda econ\u00f3mica. En esta nota te contamos qu\u00e9 debes hacer en &hellip;<\/p>\n<p class=\"read-more\"> <a class=\"\" href=\"https:\/\/alprestamo.com\/blog\/mi-beca-para-empezar-que-hacer-si-no-recibi-el-dinero\/\"> <span class=\"screen-reader-text\">Mi Beca para Empezar: qu\u00e9 hacer si no recib\u00ed el dinero<\/span> Leer m\u00e1s &raquo;<\/a><\/p>\n","protected":false},"author":9,"featured_media":29306,"comment_status":"closed","ping_status":"closed","sticky":false,"template":"","format":"standard","meta":{"_uag_custom_page_level_css":"","site-sidebar-layout":"default","site-content-layout":"default","ast-global-header-display":"","ast-banner-title-visibility":"","ast-main-header-display":"","ast-hfb-above-header-display":"","ast-hfb-below-header-display":"","ast-hfb-mobile-header-display":"","site-post-title":"","ast-breadcrumbs-content":"","ast-featured-img":"","footer-sml-layout":"","theme-transparent-header-meta":"","adv-header-id-meta":"","stick-header-meta":"","header-above-stick-meta":"","header-main-stick-meta":"","header-below-stick-meta":"","footnotes":""},"categories":[130,32],"tags":[],"class_list":["post-29301","post","type-post","status-publish","format-standard","has-post-thumbnail","hentry","category-mx","category-programas-sociales-mx"],"acf":[],"yoast_head":"<!-- This site is optimized with the Yoast SEO plugin v23.2 - https:\/\/yoast.com\/wordpress\/plugins\/seo\/ -->\n<title>Mi Beca para Empezar: qu\u00e9 hacer si no recib\u00ed el dinero<\/title>\n<meta name=\"description\" content=\"El programa de apoyo de uniformes y \u00fatiles escolares Mi Beca para Empezar para el ciclo 2023-2024 est\u00e1 en pleno proceso y se prolongar\u00e1 durante 10 meses.\" \/>\n<meta name=\"robots\" content=\"index, follow, max-snippet:-1, max-image-preview:large, max-video-preview:-1\" \/>\n<link rel=\"canonical\" href=\"https:\/\/alprestamo.com\/blog\/mi-beca-para-empezar-que-hacer-si-no-recibi-el-dinero\/\" \/>\n<meta property=\"og:locale\" content=\"es_ES\" \/>\n<meta property=\"og:type\" content=\"article\" \/>\n<meta property=\"og:title\" content=\"Mi Beca para Empezar: qu\u00e9 hacer si no recib\u00ed el dinero\" \/>\n<meta property=\"og:description\" content=\"El programa de apoyo de uniformes y \u00fatiles escolares Mi Beca para Empezar para el ciclo 2023-2024 est\u00e1 en pleno proceso y se prolongar\u00e1 durante 10 meses.\" \/>\n<meta property=\"og:url\" content=\"https:\/\/alprestamo.com\/blog\/mi-beca-para-empezar-que-hacer-si-no-recibi-el-dinero\/\" \/>\n<meta property=\"og:site_name\" content=\"Alprestamo - Hacemos que todo suceda\" \/>\n<meta property=\"article:published_time\" content=\"2023-09-08T19:30:51+00:00\" \/>\n<meta property=\"article:modified_time\" content=\"2023-09-14T18:31:35+00:00\" \/>\n<meta property=\"og:image\" content=\"https:\/\/alprestamo.com\/blog\/wp-content\/uploads\/2023\/09\/tarjeta-mi-beca-para-empezar.jpg\" \/>\n\t<meta property=\"og:image:width\" content=\"720\" \/>\n\t<meta property=\"og:image:height\" content=\"540\" \/>\n\t<meta property=\"og:image:type\" content=\"image\/jpeg\" \/>\n<meta name=\"author\" content=\"Ramiro Querejeta\" \/>\n<meta name=\"twitter:card\" content=\"summary_large_image\" \/>\n<meta name=\"twitter:label1\" content=\"Escrito por\" \/>\n\t<meta name=\"twitter:data1\" content=\"Ramiro Querejeta\" \/>\n\t<meta name=\"twitter:label2\" content=\"Tiempo de lectura\" \/>\n\t<meta name=\"twitter:data2\" content=\"2 minutos\" \/>\n<script type=\"application\/ld+json\" class=\"yoast-schema-graph\">{\"@context\":\"https:\/\/schema.org\",\"@graph\":[{\"@type\":\"NewsArticle\",\"@id\":\"https:\/\/alprestamo.com\/blog\/mi-beca-para-empezar-que-hacer-si-no-recibi-el-dinero\/#article\",\"isPartOf\":{\"@id\":\"https:\/\/alprestamo.com\/blog\/mi-beca-para-empezar-que-hacer-si-no-recibi-el-dinero\/\"},\"author\":{\"name\":\"Ramiro Querejeta\",\"@id\":\"https:\/\/alprestamo.com\/blog\/#\/schema\/person\/4c568603ceb381762b4c9062d42c7627\"},\"headline\":\"Mi Beca para Empezar: qu\u00e9 hacer si no recib\u00ed el dinero\",\"datePublished\":\"2023-09-08T19:30:51+00:00\",\"dateModified\":\"2023-09-14T18:31:35+00:00\",\"mainEntityOfPage\":{\"@id\":\"https:\/\/alprestamo.com\/blog\/mi-beca-para-empezar-que-hacer-si-no-recibi-el-dinero\/\"},\"wordCount\":384,\"publisher\":{\"@id\":\"https:\/\/alprestamo.com\/blog\/#organization\"},\"image\":{\"@id\":\"https:\/\/alprestamo.com\/blog\/mi-beca-para-empezar-que-hacer-si-no-recibi-el-dinero\/#primaryimage\"},\"thumbnailUrl\":\"https:\/\/alprestamo.com\/blog\/wp-content\/uploads\/2023\/09\/tarjeta-mi-beca-para-empezar.jpg\",\"articleSection\":[\"MX\",\"Programas Sociales\"],\"inLanguage\":\"es-AR\"},{\"@type\":\"WebPage\",\"@id\":\"https:\/\/alprestamo.com\/blog\/mi-beca-para-empezar-que-hacer-si-no-recibi-el-dinero\/\",\"url\":\"https:\/\/alprestamo.com\/blog\/mi-beca-para-empezar-que-hacer-si-no-recibi-el-dinero\/\",\"name\":\"Mi Beca para Empezar: qu\u00e9 hacer si no recib\u00ed el dinero\",\"isPartOf\":{\"@id\":\"https:\/\/alprestamo.com\/blog\/#website\"},\"primaryImageOfPage\":{\"@id\":\"https:\/\/alprestamo.com\/blog\/mi-beca-para-empezar-que-hacer-si-no-recibi-el-dinero\/#primaryimage\"},\"image\":{\"@id\":\"https:\/\/alprestamo.com\/blog\/mi-beca-para-empezar-que-hacer-si-no-recibi-el-dinero\/#primaryimage\"},\"thumbnailUrl\":\"https:\/\/alprestamo.com\/blog\/wp-content\/uploads\/2023\/09\/tarjeta-mi-beca-para-empezar.jpg\",\"datePublished\":\"2023-09-08T19:30:51+00:00\",\"dateModified\":\"2023-09-14T18:31:35+00:00\",\"description\":\"El programa de apoyo de uniformes y \u00fatiles escolares Mi Beca para Empezar para el ciclo 2023-2024 est\u00e1 en pleno proceso y se prolongar\u00e1 durante 10 meses.\",\"breadcrumb\":{\"@id\":\"https:\/\/alprestamo.com\/blog\/mi-beca-para-empezar-que-hacer-si-no-recibi-el-dinero\/#breadcrumb\"},\"inLanguage\":\"es-AR\",\"potentialAction\":[{\"@type\":\"ReadAction\",\"target\":[\"https:\/\/alprestamo.com\/blog\/mi-beca-para-empezar-que-hacer-si-no-recibi-el-dinero\/\"]}]},{\"@type\":\"ImageObject\",\"inLanguage\":\"es-AR\",\"@id\":\"https:\/\/alprestamo.com\/blog\/mi-beca-para-empezar-que-hacer-si-no-recibi-el-dinero\/#primaryimage\",\"url\":\"https:\/\/alprestamo.com\/blog\/wp-content\/uploads\/2023\/09\/tarjeta-mi-beca-para-empezar.jpg\",\"contentUrl\":\"https:\/\/alprestamo.com\/blog\/wp-content\/uploads\/2023\/09\/tarjeta-mi-beca-para-empezar.jpg\",\"width\":720,\"height\":540,\"caption\":\"Tarjeta de los beneficiarios de Mi Beca para Empezar\"},{\"@type\":\"BreadcrumbList\",\"@id\":\"https:\/\/alprestamo.com\/blog\/mi-beca-para-empezar-que-hacer-si-no-recibi-el-dinero\/#breadcrumb\",\"itemListElement\":[{\"@type\":\"ListItem\",\"position\":1,\"name\":\"Home\",\"item\":\"https:\/\/alprestamo.com\/blog\/\"},{\"@type\":\"ListItem\",\"position\":2,\"name\":\"Mi Beca para Empezar: qu\u00e9 hacer si no recib\u00ed el dinero\"}]},{\"@type\":\"WebSite\",\"@id\":\"https:\/\/alprestamo.com\/blog\/#website\",\"url\":\"https:\/\/alprestamo.com\/blog\/\",\"name\":\"Alprestamo\",\"description\":\"Hacemos que todo suceda\",\"publisher\":{\"@id\":\"https:\/\/alprestamo.com\/blog\/#organization\"},\"potentialAction\":[{\"@type\":\"SearchAction\",\"target\":{\"@type\":\"EntryPoint\",\"urlTemplate\":\"https:\/\/alprestamo.com\/blog\/?s={search_term_string}\"},\"query-input\":\"required name=search_term_string\"}],\"inLanguage\":\"es-AR\"},{\"@type\":\"Organization\",\"@id\":\"https:\/\/alprestamo.com\/blog\/#organization\",\"name\":\"Alprestamo\",\"url\":\"https:\/\/alprestamo.com\/blog\/\",\"logo\":{\"@type\":\"ImageObject\",\"inLanguage\":\"es-AR\",\"@id\":\"https:\/\/alprestamo.com\/blog\/#\/schema\/logo\/image\/\",\"url\":\"https:\/\/alprestamo.com\/blog\/wp-content\/uploads\/2022\/10\/Imagotipo_Blanco.svg\",\"contentUrl\":\"https:\/\/alprestamo.com\/blog\/wp-content\/uploads\/2022\/10\/Imagotipo_Blanco.svg\",\"width\":1199,\"height\":203,\"caption\":\"Alprestamo\"},\"image\":{\"@id\":\"https:\/\/alprestamo.com\/blog\/#\/schema\/logo\/image\/\"}},{\"@type\":\"Person\",\"@id\":\"https:\/\/alprestamo.com\/blog\/#\/schema\/person\/4c568603ceb381762b4c9062d42c7627\",\"name\":\"Ramiro Querejeta\",\"image\":{\"@type\":\"ImageObject\",\"inLanguage\":\"es-AR\",\"@id\":\"https:\/\/alprestamo.com\/blog\/#\/schema\/person\/image\/\",\"url\":\"https:\/\/alprestamo.com\/blog\/wp-content\/uploads\/2025\/08\/1688503693490-150x150.jpeg\",\"contentUrl\":\"https:\/\/alprestamo.com\/blog\/wp-content\/uploads\/2025\/08\/1688503693490-150x150.jpeg\",\"caption\":\"Ramiro Querejeta\"},\"url\":\"https:\/\/alprestamo.com\/blog\/author\/ramiro\/\"}]}<\/script>\n<!-- \/ Yoast SEO plugin. -->","yoast_head_json":{"title":"Mi Beca para Empezar: qu\u00e9 hacer si no recib\u00ed el dinero","description":"El programa de apoyo de uniformes y \u00fatiles escolares Mi Beca para Empezar para el ciclo 2023-2024 est\u00e1 en pleno proceso y se prolongar\u00e1 durante 10 meses.","robots":{"index":"index","follow":"follow","max-snippet":"max-snippet:-1","max-image-preview":"max-image-preview:large","max-video-preview":"max-video-preview:-1"},"canonical":"https:\/\/alprestamo.com\/blog\/mi-beca-para-empezar-que-hacer-si-no-recibi-el-dinero\/","og_locale":"es_ES","og_type":"article","og_title":"Mi Beca para Empezar: qu\u00e9 hacer si no recib\u00ed el dinero","og_description":"El programa de apoyo de uniformes y \u00fatiles escolares Mi Beca para Empezar para el ciclo 2023-2024 est\u00e1 en pleno proceso y se prolongar\u00e1 durante 10 meses.","og_url":"https:\/\/alprestamo.com\/blog\/mi-beca-para-empezar-que-hacer-si-no-recibi-el-dinero\/","og_site_name":"Alprestamo - Hacemos que todo suceda","article_published_time":"2023-09-08T19:30:51+00:00","article_modified_time":"2023-09-14T18:31:35+00:00","og_image":[{"width":720,"height":540,"url":"https:\/\/alprestamo.com\/blog\/wp-content\/uploads\/2023\/09\/tarjeta-mi-beca-para-empezar.jpg","type":"image\/jpeg"}],"author":"Ramiro Querejeta","twitter_card":"summary_large_image","twitter_misc":{"Escrito por":"Ramiro Querejeta","Tiempo de lectura":"2 minutos"},"schema":{"@context":"https:\/\/schema.org","@graph":[{"@type":"NewsArticle","@id":"https:\/\/alprestamo.com\/blog\/mi-beca-para-empezar-que-hacer-si-no-recibi-el-dinero\/#article","isPartOf":{"@id":"https:\/\/alprestamo.com\/blog\/mi-beca-para-empezar-que-hacer-si-no-recibi-el-dinero\/"},"author":{"name":"Ramiro Querejeta","@id":"https:\/\/alprestamo.com\/blog\/#\/schema\/person\/4c568603ceb381762b4c9062d42c7627"},"headline":"Mi Beca para Empezar: qu\u00e9 hacer si no recib\u00ed el dinero","datePublished":"2023-09-08T19:30:51+00:00","dateModified":"2023-09-14T18:31:35+00:00","mainEntityOfPage":{"@id":"https:\/\/alprestamo.com\/blog\/mi-beca-para-empezar-que-hacer-si-no-recibi-el-dinero\/"},"wordCount":384,"publisher":{"@id":"https:\/\/alprestamo.com\/blog\/#organization"},"image":{"@id":"https:\/\/alprestamo.com\/blog\/mi-beca-para-empezar-que-hacer-si-no-recibi-el-dinero\/#primaryimage"},"thumbnailUrl":"https:\/\/alprestamo.com\/blog\/wp-content\/uploads\/2023\/09\/tarjeta-mi-beca-para-empezar.jpg","articleSection":["MX","Programas Sociales"],"inLanguage":"es-AR"},{"@type":"WebPage","@id":"https:\/\/alprestamo.com\/blog\/mi-beca-para-empezar-que-hacer-si-no-recibi-el-dinero\/","url":"https:\/\/alprestamo.com\/blog\/mi-beca-para-empezar-que-hacer-si-no-recibi-el-dinero\/","name":"Mi Beca para Empezar: qu\u00e9 hacer si no recib\u00ed el dinero","isPartOf":{"@id":"https:\/\/alprestamo.com\/blog\/#website"},"primaryImageOfPage":{"@id":"https:\/\/alprestamo.com\/blog\/mi-beca-para-empezar-que-hacer-si-no-recibi-el-dinero\/#primaryimage"},"image":{"@id":"https:\/\/alprestamo.com\/blog\/mi-beca-para-empezar-que-hacer-si-no-recibi-el-dinero\/#primaryimage"},"thumbnailUrl":"https:\/\/alprestamo.com\/blog\/wp-content\/uploads\/2023\/09\/tarjeta-mi-beca-para-empezar.jpg","datePublished":"2023-09-08T19:30:51+00:00","dateModified":"2023-09-14T18:31:35+00:00","description":"El programa de apoyo de uniformes y \u00fatiles escolares Mi Beca para Empezar para el ciclo 2023-2024 est\u00e1 en pleno proceso y se prolongar\u00e1 durante 10 meses.","breadcrumb":{"@id":"https:\/\/alprestamo.com\/blog\/mi-beca-para-empezar-que-hacer-si-no-recibi-el-dinero\/#breadcrumb"},"inLanguage":"es-AR","potentialAction":[{"@type":"ReadAction","target":["https:\/\/alprestamo.com\/blog\/mi-beca-para-empezar-que-hacer-si-no-recibi-el-dinero\/"]}]},{"@type":"ImageObject","inLanguage":"es-AR","@id":"https:\/\/alprestamo.com\/blog\/mi-beca-para-empezar-que-hacer-si-no-recibi-el-dinero\/#primaryimage","url":"https:\/\/alprestamo.com\/blog\/wp-content\/uploads\/2023\/09\/tarjeta-mi-beca-para-empezar.jpg","contentUrl":"https:\/\/alprestamo.com\/blog\/wp-content\/uploads\/2023\/09\/tarjeta-mi-beca-para-empezar.jpg","width":720,"height":540,"caption":"Tarjeta de los beneficiarios de Mi Beca para Empezar"},{"@type":"BreadcrumbList","@id":"https:\/\/alprestamo.com\/blog\/mi-beca-para-empezar-que-hacer-si-no-recibi-el-dinero\/#breadcrumb","itemListElement":[{"@type":"ListItem","position":1,"name":"Home","item":"https:\/\/alprestamo.com\/blog\/"},{"@type":"ListItem","position":2,"name":"Mi Beca para Empezar: qu\u00e9 hacer si no recib\u00ed el dinero"}]},{"@type":"WebSite","@id":"https:\/\/alprestamo.com\/blog\/#website","url":"https:\/\/alprestamo.com\/blog\/","name":"Alprestamo","description":"Hacemos que todo suceda","publisher":{"@id":"https:\/\/alprestamo.com\/blog\/#organization"},"potentialAction":[{"@type":"SearchAction","target":{"@type":"EntryPoint","urlTemplate":"https:\/\/alprestamo.com\/blog\/?s={search_term_string}"},"query-input":"required name=search_term_string"}],"inLanguage":"es-AR"},{"@type":"Organization","@id":"https:\/\/alprestamo.com\/blog\/#organization","name":"Alprestamo","url":"https:\/\/alprestamo.com\/blog\/","logo":{"@type":"ImageObject","inLanguage":"es-AR","@id":"https:\/\/alprestamo.com\/blog\/#\/schema\/logo\/image\/","url":"https:\/\/alprestamo.com\/blog\/wp-content\/uploads\/2022\/10\/Imagotipo_Blanco.svg","contentUrl":"https:\/\/alprestamo.com\/blog\/wp-content\/uploads\/2022\/10\/Imagotipo_Blanco.svg","width":1199,"height":203,"caption":"Alprestamo"},"image":{"@id":"https:\/\/alprestamo.com\/blog\/#\/schema\/logo\/image\/"}},{"@type":"Person","@id":"https:\/\/alprestamo.com\/blog\/#\/schema\/person\/4c568603ceb381762b4c9062d42c7627","name":"Ramiro Querejeta","image":{"@type":"ImageObject","inLanguage":"es-AR","@id":"https:\/\/alprestamo.com\/blog\/#\/schema\/person\/image\/","url":"https:\/\/alprestamo.com\/blog\/wp-content\/uploads\/2025\/08\/1688503693490-150x150.jpeg","contentUrl":"https:\/\/alprestamo.com\/blog\/wp-content\/uploads\/2025\/08\/1688503693490-150x150.jpeg","caption":"Ramiro Querejeta"},"url":"https:\/\/alprestamo.com\/blog\/author\/ramiro\/"}]}},"uagb_featured_image_src":{"full":["https:\/\/alprestamo.com\/blog\/wp-content\/uploads\/2023\/09\/tarjeta-mi-beca-para-empezar.jpg",720,540,false],"thumbnail":["https:\/\/alprestamo.com\/blog\/wp-content\/uploads\/2023\/09\/tarjeta-mi-beca-para-empezar-150x150.jpg",150,150,true],"medium":["https:\/\/alprestamo.com\/blog\/wp-content\/uploads\/2023\/09\/tarjeta-mi-beca-para-empezar-300x225.jpg",300,225,true],"medium_large":["https:\/\/alprestamo.com\/blog\/wp-content\/uploads\/2023\/09\/tarjeta-mi-beca-para-empezar.jpg",720,540,false],"large":["https:\/\/alprestamo.com\/blog\/wp-content\/uploads\/2023\/09\/tarjeta-mi-beca-para-empezar.jpg",720,540,false],"1536x1536":["https:\/\/alprestamo.com\/blog\/wp-content\/uploads\/2023\/09\/tarjeta-mi-beca-para-empezar.jpg",720,540,false],"2048x2048":["https:\/\/alprestamo.com\/blog\/wp-content\/uploads\/2023\/09\/tarjeta-mi-beca-para-empezar.jpg",720,540,false]},"uagb_author_info":{"display_name":"Ramiro Querejeta","author_link":"https:\/\/alprestamo.com\/blog\/author\/ramiro\/"},"uagb_comment_info":0,"uagb_excerpt":"El programa de apoyo de uniformes y \u00fatiles escolares Mi Beca para Empezar para el ciclo 2023-2024 est\u00e1 en pleno proceso y se prolongar\u00e1 durante 10 meses. Sin embargo, puede ocurrir que los padres de familia todav\u00eda no hayan recibido el dep\u00f3sito de la ayuda econ\u00f3mica. En esta nota te contamos qu\u00e9 debes hacer en&hellip;","rttpg_featured_image_url":{"full":["https:\/\/alprestamo.com\/blog\/wp-content\/uploads\/2023\/09\/tarjeta-mi-beca-para-empezar.jpg",720,540,false],"landscape":["https:\/\/alprestamo.com\/blog\/wp-content\/uploads\/2023\/09\/tarjeta-mi-beca-para-empezar.jpg",720,540,false],"portraits":["https:\/\/alprestamo.com\/blog\/wp-content\/uploads\/2023\/09\/tarjeta-mi-beca-para-empezar.jpg",720,540,false],"thumbnail":["https:\/\/alprestamo.com\/blog\/wp-content\/uploads\/2023\/09\/tarjeta-mi-beca-para-empezar-150x150.jpg",150,150,true],"medium":["https:\/\/alprestamo.com\/blog\/wp-content\/uploads\/2023\/09\/tarjeta-mi-beca-para-empezar-300x225.jpg",300,225,true],"large":["https:\/\/alprestamo.com\/blog\/wp-content\/uploads\/2023\/09\/tarjeta-mi-beca-para-empezar.jpg",720,540,false],"1536x1536":["https:\/\/alprestamo.com\/blog\/wp-content\/uploads\/2023\/09\/tarjeta-mi-beca-para-empezar.jpg",720,540,false],"2048x2048":["https:\/\/alprestamo.com\/blog\/wp-content\/uploads\/2023\/09\/tarjeta-mi-beca-para-empezar.jpg",720,540,false],"rt_custom":["https:\/\/alprestamo.com\/blog\/wp-content\/uploads\/2023\/09\/tarjeta-mi-beca-para-empezar.jpg",720,540,false]},"rttpg_author":{"display_name":"Ramiro Querejeta","author_link":"https:\/\/alprestamo.com\/blog\/author\/ramiro\/"},"rttpg_comment":0,"rttpg_category":"<a href=\"https:\/\/alprestamo.com\/blog\/categoria\/mx\/\" rel=\"category tag\">MX<\/a> <a href=\"https:\/\/alprestamo.com\/blog\/categoria\/mx\/programas-sociales-mx\/\" rel=\"category tag\">Programas Sociales<\/a>","rttpg_excerpt":"El programa de apoyo de uniformes y \u00fatiles escolares Mi Beca para Empezar para el ciclo 2023-2024 est\u00e1 en pleno proceso y se prolongar\u00e1 durante 10 meses. Sin embargo, puede ocurrir que los padres de familia todav\u00eda no hayan recibido el dep\u00f3sito de la ayuda econ\u00f3mica. En esta nota te contamos qu\u00e9 debes hacer en&hellip;","_links":{"self":[{"href":"https:\/\/alprestamo.com\/blog\/wp-json\/wp\/v2\/posts\/29301"}],"collection":[{"href":"https:\/\/alprestamo.com\/blog\/wp-json\/wp\/v2\/posts"}],"about":[{"href":"https:\/\/alprestamo.com\/blog\/wp-json\/wp\/v2\/types\/post"}],"author":[{"embeddable":true,"href":"https:\/\/alprestamo.com\/blog\/wp-json\/wp\/v2\/users\/9"}],"replies":[{"embeddable":true,"href":"https:\/\/alprestamo.com\/blog\/wp-json\/wp\/v2\/comments?post=29301"}],"version-history":[{"count":5,"href":"https:\/\/alprestamo.com\/blog\/wp-json\/wp\/v2\/posts\/29301\/revisions"}],"predecessor-version":[{"id":29309,"href":"https:\/\/alprestamo.com\/blog\/wp-json\/wp\/v2\/posts\/29301\/revisions\/29309"}],"wp:featuredmedia":[{"embeddable":true,"href":"https:\/\/alprestamo.com\/blog\/wp-json\/wp\/v2\/media\/29306"}],"wp:attachment":[{"href":"https:\/\/alprestamo.com\/blog\/wp-json\/wp\/v2\/media?parent=29301"}],"wp:term":[{"taxonomy":"category","embeddable":true,"href":"https:\/\/alprestamo.com\/blog\/wp-json\/wp\/v2\/categories?post=29301"},{"taxonomy":"post_tag","embeddable":true,"href":"https:\/\/alprestamo.com\/blog\/wp-json\/wp\/v2\/tags?post=29301"}],"curies":[{"name":"wp","href":"https:\/\/api.w.org\/{rel}","templated":true}]}}