{"id":29772,"date":"2023-11-21T14:55:47","date_gmt":"2023-11-21T17:55:47","guid":{"rendered":"https:\/\/alprestamo.com\/blog\/?p=29772"},"modified":"2023-12-12T15:29:17","modified_gmt":"2023-12-12T18:29:17","slug":"apoyo-del-bienestar-como-verificar-la-fecha-de-cobro","status":"publish","type":"post","link":"https:\/\/alprestamo.com\/blog\/apoyo-del-bienestar-como-verificar-la-fecha-de-cobro\/","title":{"rendered":"Apoyo del Bienestar: c\u00f3mo verificar la fecha de cobro"},"content":{"rendered":"\n<p>Durante el mes de septiembre se entregar\u00e1n los <strong>Apoyos para las Pensiones del Bienestar<\/strong> y de los programas Sembrando Vida y <a href=\"https:\/\/alprestamo.com\/blog\/mx\/programas-sociales-mx\/programa-para-madres-trabajadoras-requisitos-y-montos-del-subsidio\/\">Madres Trabajadoras<\/a>, correspondiente al bimestre de septiembre &#8211; octubre.&nbsp;<\/p>\n\n\n\n<p>Cabe recordar que el pago se realiza directamente a la <strong>Tarjeta Bienestar<\/strong>. En caso de no contar con ella puedes visitar la p\u00e1gina <a href=\"http:\/\/www.gob.mx\/bienestar\">www.gob.mx\/bienestar<\/a> en el apartado de \u201cm\u00f3dulo de rezagados\u201d para ubicar el m\u00f3dulo donde te corresponde asistir para tener tu tarjeta.&nbsp;<\/p>\n\n\n\n<h2 class=\"wp-block-heading\">C\u00f3mo verificar la fecha de cobro<\/h2>\n\n\n\n<p><\/p>\n\n\n\n<p>Si eres beneficiario de alguno de los<strong> <a href=\"https:\/\/alprestamo.com\/blog\/mx\/programas-sociales-mx\/pension-bienestar-cuando-se-deposita-el-pago-de-septiembre\/\">programas de Bienestar<\/a> <\/strong>y quieres conocer cu\u00e1ndo te corresponde recibir el dep\u00f3sito de dinero, puedes <strong>consultar con el CURP<\/strong> en la p\u00e1gina web oficial de la Secretar\u00eda de Bienestar.&nbsp;<\/p>\n\n\n\n<p>Para eso necesitas ingresar y seleccionar el programa del que eres beneficiario (pensi\u00f3n para adultos mayores, pensi\u00f3n para el bienestar de personas con discapacidad, bienestar de ni\u00f1os y ni\u00f1as hijos de madres trabajadoras o Sembrando Vida).&nbsp;<\/p>\n\n\n\n<p>El dep\u00f3sito de estos programas sociales se lleva a cabo de acuerdo a la primera letra del apellido y cae<strong> entre el 7 y el 28 de septiembre<\/strong>.&nbsp;<\/p>\n\n\n\n<p>Durante el bimestre septiembre &#8211; octubre, los mayores de 65 a\u00f1os recibir\u00e1n una pensi\u00f3n de <strong>4800 pesos bimestrales<\/strong> mediante la Tarjeta de Bienestar; 1.276.874 personas discapacitadas recibir\u00e1n 950 pesos; y 223.997 ni\u00f1os y ni\u00f1as de madres trabajadoras cobrar\u00e1n 1600 pesos.&nbsp;<\/p>\n","protected":false},"excerpt":{"rendered":"<p>Durante el mes de septiembre se entregar\u00e1n los Apoyos para las Pensiones del Bienestar y de los programas Sembrando Vida y Madres Trabajadoras, correspondiente al bimestre de septiembre &#8211; octubre.&nbsp; Cabe recordar que el pago se realiza directamente a la Tarjeta Bienestar. En caso de no contar con ella puedes visitar la p\u00e1gina www.gob.mx\/bienestar en &hellip;<\/p>\n<p class=\"read-more\"> <a class=\"\" href=\"https:\/\/alprestamo.com\/blog\/apoyo-del-bienestar-como-verificar-la-fecha-de-cobro\/\"> <span class=\"screen-reader-text\">Apoyo del Bienestar: c\u00f3mo verificar la fecha de cobro<\/span> Leer m\u00e1s &raquo;<\/a><\/p>\n","protected":false},"author":9,"featured_media":33124,"comment_status":"closed","ping_status":"closed","sticky":false,"template":"","format":"standard","meta":{"_uag_custom_page_level_css":"","site-sidebar-layout":"default","site-content-layout":"default","ast-global-header-display":"","ast-banner-title-visibility":"","ast-main-header-display":"","ast-hfb-above-header-display":"","ast-hfb-below-header-display":"","ast-hfb-mobile-header-display":"","site-post-title":"","ast-breadcrumbs-content":"","ast-featured-img":"","footer-sml-layout":"","theme-transparent-header-meta":"","adv-header-id-meta":"","stick-header-meta":"","header-above-stick-meta":"","header-main-stick-meta":"","header-below-stick-meta":"","footnotes":""},"categories":[130,32],"tags":[],"class_list":["post-29772","post","type-post","status-publish","format-standard","has-post-thumbnail","hentry","category-mx","category-programas-sociales-mx"],"acf":[],"yoast_head":"<!-- This site is optimized with the Yoast SEO plugin v23.2 - https:\/\/yoast.com\/wordpress\/plugins\/seo\/ -->\n<title>Apoyo del Bienestar: c\u00f3mo verificar la fecha de cobro<\/title>\n<meta name=\"description\" content=\"Durante el mes de septiembre se entregar\u00e1n los Apoyos para las Pensiones del Bienestar y de los programas Sembrando Vida y Madres Trabajadoras,\" \/>\n<meta name=\"robots\" content=\"index, follow, max-snippet:-1, max-image-preview:large, max-video-preview:-1\" \/>\n<link rel=\"canonical\" href=\"https:\/\/alprestamo.com\/blog\/apoyo-del-bienestar-como-verificar-la-fecha-de-cobro\/\" \/>\n<meta property=\"og:locale\" content=\"es_ES\" \/>\n<meta property=\"og:type\" content=\"article\" \/>\n<meta property=\"og:title\" content=\"Apoyo del Bienestar: c\u00f3mo verificar la fecha de cobro\" \/>\n<meta property=\"og:description\" content=\"Durante el mes de septiembre se entregar\u00e1n los Apoyos para las Pensiones del Bienestar y de los programas Sembrando Vida y Madres Trabajadoras,\" \/>\n<meta property=\"og:url\" content=\"https:\/\/alprestamo.com\/blog\/apoyo-del-bienestar-como-verificar-la-fecha-de-cobro\/\" \/>\n<meta property=\"og:site_name\" content=\"Alprestamo - Hacemos que todo suceda\" \/>\n<meta property=\"article:published_time\" content=\"2023-11-21T17:55:47+00:00\" \/>\n<meta property=\"article:modified_time\" content=\"2023-12-12T18:29:17+00:00\" \/>\n<meta property=\"og:image\" content=\"https:\/\/alprestamo.com\/blog\/wp-content\/uploads\/2023\/09\/apoyo-del-bienestar.webp\" \/>\n\t<meta property=\"og:image:width\" content=\"1024\" \/>\n\t<meta property=\"og:image:height\" content=\"768\" \/>\n\t<meta property=\"og:image:type\" content=\"image\/webp\" \/>\n<meta name=\"author\" content=\"Ramiro Querejeta\" \/>\n<meta name=\"twitter:card\" content=\"summary_large_image\" \/>\n<meta name=\"twitter:label1\" content=\"Escrito por\" \/>\n\t<meta name=\"twitter:data1\" content=\"Ramiro Querejeta\" \/>\n\t<meta name=\"twitter:label2\" content=\"Tiempo de lectura\" \/>\n\t<meta name=\"twitter:data2\" content=\"1 minuto\" \/>\n<script type=\"application\/ld+json\" class=\"yoast-schema-graph\">{\"@context\":\"https:\/\/schema.org\",\"@graph\":[{\"@type\":\"NewsArticle\",\"@id\":\"https:\/\/alprestamo.com\/blog\/apoyo-del-bienestar-como-verificar-la-fecha-de-cobro\/#article\",\"isPartOf\":{\"@id\":\"https:\/\/alprestamo.com\/blog\/apoyo-del-bienestar-como-verificar-la-fecha-de-cobro\/\"},\"author\":{\"name\":\"Ramiro Querejeta\",\"@id\":\"https:\/\/alprestamo.com\/blog\/#\/schema\/person\/4c568603ceb381762b4c9062d42c7627\"},\"headline\":\"Apoyo del Bienestar: c\u00f3mo verificar la fecha de cobro\",\"datePublished\":\"2023-11-21T17:55:47+00:00\",\"dateModified\":\"2023-12-12T18:29:17+00:00\",\"mainEntityOfPage\":{\"@id\":\"https:\/\/alprestamo.com\/blog\/apoyo-del-bienestar-como-verificar-la-fecha-de-cobro\/\"},\"wordCount\":251,\"publisher\":{\"@id\":\"https:\/\/alprestamo.com\/blog\/#organization\"},\"image\":{\"@id\":\"https:\/\/alprestamo.com\/blog\/apoyo-del-bienestar-como-verificar-la-fecha-de-cobro\/#primaryimage\"},\"thumbnailUrl\":\"https:\/\/alprestamo.com\/blog\/wp-content\/uploads\/2023\/09\/apoyo-del-bienestar.webp\",\"articleSection\":[\"MX\",\"Programas Sociales\"],\"inLanguage\":\"es-AR\"},{\"@type\":\"WebPage\",\"@id\":\"https:\/\/alprestamo.com\/blog\/apoyo-del-bienestar-como-verificar-la-fecha-de-cobro\/\",\"url\":\"https:\/\/alprestamo.com\/blog\/apoyo-del-bienestar-como-verificar-la-fecha-de-cobro\/\",\"name\":\"Apoyo del Bienestar: c\u00f3mo verificar la fecha de cobro\",\"isPartOf\":{\"@id\":\"https:\/\/alprestamo.com\/blog\/#website\"},\"primaryImageOfPage\":{\"@id\":\"https:\/\/alprestamo.com\/blog\/apoyo-del-bienestar-como-verificar-la-fecha-de-cobro\/#primaryimage\"},\"image\":{\"@id\":\"https:\/\/alprestamo.com\/blog\/apoyo-del-bienestar-como-verificar-la-fecha-de-cobro\/#primaryimage\"},\"thumbnailUrl\":\"https:\/\/alprestamo.com\/blog\/wp-content\/uploads\/2023\/09\/apoyo-del-bienestar.webp\",\"datePublished\":\"2023-11-21T17:55:47+00:00\",\"dateModified\":\"2023-12-12T18:29:17+00:00\",\"description\":\"Durante el mes de septiembre se entregar\u00e1n los Apoyos para las Pensiones del Bienestar y de los programas Sembrando Vida y Madres Trabajadoras,\",\"breadcrumb\":{\"@id\":\"https:\/\/alprestamo.com\/blog\/apoyo-del-bienestar-como-verificar-la-fecha-de-cobro\/#breadcrumb\"},\"inLanguage\":\"es-AR\",\"potentialAction\":[{\"@type\":\"ReadAction\",\"target\":[\"https:\/\/alprestamo.com\/blog\/apoyo-del-bienestar-como-verificar-la-fecha-de-cobro\/\"]}]},{\"@type\":\"ImageObject\",\"inLanguage\":\"es-AR\",\"@id\":\"https:\/\/alprestamo.com\/blog\/apoyo-del-bienestar-como-verificar-la-fecha-de-cobro\/#primaryimage\",\"url\":\"https:\/\/alprestamo.com\/blog\/wp-content\/uploads\/2023\/09\/apoyo-del-bienestar.webp\",\"contentUrl\":\"https:\/\/alprestamo.com\/blog\/wp-content\/uploads\/2023\/09\/apoyo-del-bienestar.webp\",\"width\":1024,\"height\":768,\"caption\":\"Cobro del apoyo del Bienestar en M\u00e9xico\"},{\"@type\":\"BreadcrumbList\",\"@id\":\"https:\/\/alprestamo.com\/blog\/apoyo-del-bienestar-como-verificar-la-fecha-de-cobro\/#breadcrumb\",\"itemListElement\":[{\"@type\":\"ListItem\",\"position\":1,\"name\":\"Home\",\"item\":\"https:\/\/alprestamo.com\/blog\/\"},{\"@type\":\"ListItem\",\"position\":2,\"name\":\"Apoyo del Bienestar: c\u00f3mo verificar la fecha de cobro\"}]},{\"@type\":\"WebSite\",\"@id\":\"https:\/\/alprestamo.com\/blog\/#website\",\"url\":\"https:\/\/alprestamo.com\/blog\/\",\"name\":\"Alprestamo\",\"description\":\"Hacemos que todo suceda\",\"publisher\":{\"@id\":\"https:\/\/alprestamo.com\/blog\/#organization\"},\"potentialAction\":[{\"@type\":\"SearchAction\",\"target\":{\"@type\":\"EntryPoint\",\"urlTemplate\":\"https:\/\/alprestamo.com\/blog\/?s={search_term_string}\"},\"query-input\":\"required name=search_term_string\"}],\"inLanguage\":\"es-AR\"},{\"@type\":\"Organization\",\"@id\":\"https:\/\/alprestamo.com\/blog\/#organization\",\"name\":\"Alprestamo\",\"url\":\"https:\/\/alprestamo.com\/blog\/\",\"logo\":{\"@type\":\"ImageObject\",\"inLanguage\":\"es-AR\",\"@id\":\"https:\/\/alprestamo.com\/blog\/#\/schema\/logo\/image\/\",\"url\":\"https:\/\/alprestamo.com\/blog\/wp-content\/uploads\/2022\/10\/Imagotipo_Blanco.svg\",\"contentUrl\":\"https:\/\/alprestamo.com\/blog\/wp-content\/uploads\/2022\/10\/Imagotipo_Blanco.svg\",\"width\":1199,\"height\":203,\"caption\":\"Alprestamo\"},\"image\":{\"@id\":\"https:\/\/alprestamo.com\/blog\/#\/schema\/logo\/image\/\"}},{\"@type\":\"Person\",\"@id\":\"https:\/\/alprestamo.com\/blog\/#\/schema\/person\/4c568603ceb381762b4c9062d42c7627\",\"name\":\"Ramiro Querejeta\",\"image\":{\"@type\":\"ImageObject\",\"inLanguage\":\"es-AR\",\"@id\":\"https:\/\/alprestamo.com\/blog\/#\/schema\/person\/image\/\",\"url\":\"https:\/\/alprestamo.com\/blog\/wp-content\/uploads\/2025\/08\/1688503693490-150x150.jpeg\",\"contentUrl\":\"https:\/\/alprestamo.com\/blog\/wp-content\/uploads\/2025\/08\/1688503693490-150x150.jpeg\",\"caption\":\"Ramiro Querejeta\"},\"url\":\"https:\/\/alprestamo.com\/blog\/author\/ramiro\/\"}]}<\/script>\n<!-- \/ Yoast SEO plugin. -->","yoast_head_json":{"title":"Apoyo del Bienestar: c\u00f3mo verificar la fecha de cobro","description":"Durante el mes de septiembre se entregar\u00e1n los Apoyos para las Pensiones del Bienestar y de los programas Sembrando Vida y Madres Trabajadoras,","robots":{"index":"index","follow":"follow","max-snippet":"max-snippet:-1","max-image-preview":"max-image-preview:large","max-video-preview":"max-video-preview:-1"},"canonical":"https:\/\/alprestamo.com\/blog\/apoyo-del-bienestar-como-verificar-la-fecha-de-cobro\/","og_locale":"es_ES","og_type":"article","og_title":"Apoyo del Bienestar: c\u00f3mo verificar la fecha de cobro","og_description":"Durante el mes de septiembre se entregar\u00e1n los Apoyos para las Pensiones del Bienestar y de los programas Sembrando Vida y Madres Trabajadoras,","og_url":"https:\/\/alprestamo.com\/blog\/apoyo-del-bienestar-como-verificar-la-fecha-de-cobro\/","og_site_name":"Alprestamo - Hacemos que todo suceda","article_published_time":"2023-11-21T17:55:47+00:00","article_modified_time":"2023-12-12T18:29:17+00:00","og_image":[{"width":1024,"height":768,"url":"https:\/\/alprestamo.com\/blog\/wp-content\/uploads\/2023\/09\/apoyo-del-bienestar.webp","type":"image\/webp"}],"author":"Ramiro Querejeta","twitter_card":"summary_large_image","twitter_misc":{"Escrito por":"Ramiro Querejeta","Tiempo de lectura":"1 minuto"},"schema":{"@context":"https:\/\/schema.org","@graph":[{"@type":"NewsArticle","@id":"https:\/\/alprestamo.com\/blog\/apoyo-del-bienestar-como-verificar-la-fecha-de-cobro\/#article","isPartOf":{"@id":"https:\/\/alprestamo.com\/blog\/apoyo-del-bienestar-como-verificar-la-fecha-de-cobro\/"},"author":{"name":"Ramiro Querejeta","@id":"https:\/\/alprestamo.com\/blog\/#\/schema\/person\/4c568603ceb381762b4c9062d42c7627"},"headline":"Apoyo del Bienestar: c\u00f3mo verificar la fecha de cobro","datePublished":"2023-11-21T17:55:47+00:00","dateModified":"2023-12-12T18:29:17+00:00","mainEntityOfPage":{"@id":"https:\/\/alprestamo.com\/blog\/apoyo-del-bienestar-como-verificar-la-fecha-de-cobro\/"},"wordCount":251,"publisher":{"@id":"https:\/\/alprestamo.com\/blog\/#organization"},"image":{"@id":"https:\/\/alprestamo.com\/blog\/apoyo-del-bienestar-como-verificar-la-fecha-de-cobro\/#primaryimage"},"thumbnailUrl":"https:\/\/alprestamo.com\/blog\/wp-content\/uploads\/2023\/09\/apoyo-del-bienestar.webp","articleSection":["MX","Programas Sociales"],"inLanguage":"es-AR"},{"@type":"WebPage","@id":"https:\/\/alprestamo.com\/blog\/apoyo-del-bienestar-como-verificar-la-fecha-de-cobro\/","url":"https:\/\/alprestamo.com\/blog\/apoyo-del-bienestar-como-verificar-la-fecha-de-cobro\/","name":"Apoyo del Bienestar: c\u00f3mo verificar la fecha de cobro","isPartOf":{"@id":"https:\/\/alprestamo.com\/blog\/#website"},"primaryImageOfPage":{"@id":"https:\/\/alprestamo.com\/blog\/apoyo-del-bienestar-como-verificar-la-fecha-de-cobro\/#primaryimage"},"image":{"@id":"https:\/\/alprestamo.com\/blog\/apoyo-del-bienestar-como-verificar-la-fecha-de-cobro\/#primaryimage"},"thumbnailUrl":"https:\/\/alprestamo.com\/blog\/wp-content\/uploads\/2023\/09\/apoyo-del-bienestar.webp","datePublished":"2023-11-21T17:55:47+00:00","dateModified":"2023-12-12T18:29:17+00:00","description":"Durante el mes de septiembre se entregar\u00e1n los Apoyos para las Pensiones del Bienestar y de los programas Sembrando Vida y Madres Trabajadoras,","breadcrumb":{"@id":"https:\/\/alprestamo.com\/blog\/apoyo-del-bienestar-como-verificar-la-fecha-de-cobro\/#breadcrumb"},"inLanguage":"es-AR","potentialAction":[{"@type":"ReadAction","target":["https:\/\/alprestamo.com\/blog\/apoyo-del-bienestar-como-verificar-la-fecha-de-cobro\/"]}]},{"@type":"ImageObject","inLanguage":"es-AR","@id":"https:\/\/alprestamo.com\/blog\/apoyo-del-bienestar-como-verificar-la-fecha-de-cobro\/#primaryimage","url":"https:\/\/alprestamo.com\/blog\/wp-content\/uploads\/2023\/09\/apoyo-del-bienestar.webp","contentUrl":"https:\/\/alprestamo.com\/blog\/wp-content\/uploads\/2023\/09\/apoyo-del-bienestar.webp","width":1024,"height":768,"caption":"Cobro del apoyo del Bienestar en M\u00e9xico"},{"@type":"BreadcrumbList","@id":"https:\/\/alprestamo.com\/blog\/apoyo-del-bienestar-como-verificar-la-fecha-de-cobro\/#breadcrumb","itemListElement":[{"@type":"ListItem","position":1,"name":"Home","item":"https:\/\/alprestamo.com\/blog\/"},{"@type":"ListItem","position":2,"name":"Apoyo del Bienestar: c\u00f3mo verificar la fecha de cobro"}]},{"@type":"WebSite","@id":"https:\/\/alprestamo.com\/blog\/#website","url":"https:\/\/alprestamo.com\/blog\/","name":"Alprestamo","description":"Hacemos que todo suceda","publisher":{"@id":"https:\/\/alprestamo.com\/blog\/#organization"},"potentialAction":[{"@type":"SearchAction","target":{"@type":"EntryPoint","urlTemplate":"https:\/\/alprestamo.com\/blog\/?s={search_term_string}"},"query-input":"required name=search_term_string"}],"inLanguage":"es-AR"},{"@type":"Organization","@id":"https:\/\/alprestamo.com\/blog\/#organization","name":"Alprestamo","url":"https:\/\/alprestamo.com\/blog\/","logo":{"@type":"ImageObject","inLanguage":"es-AR","@id":"https:\/\/alprestamo.com\/blog\/#\/schema\/logo\/image\/","url":"https:\/\/alprestamo.com\/blog\/wp-content\/uploads\/2022\/10\/Imagotipo_Blanco.svg","contentUrl":"https:\/\/alprestamo.com\/blog\/wp-content\/uploads\/2022\/10\/Imagotipo_Blanco.svg","width":1199,"height":203,"caption":"Alprestamo"},"image":{"@id":"https:\/\/alprestamo.com\/blog\/#\/schema\/logo\/image\/"}},{"@type":"Person","@id":"https:\/\/alprestamo.com\/blog\/#\/schema\/person\/4c568603ceb381762b4c9062d42c7627","name":"Ramiro Querejeta","image":{"@type":"ImageObject","inLanguage":"es-AR","@id":"https:\/\/alprestamo.com\/blog\/#\/schema\/person\/image\/","url":"https:\/\/alprestamo.com\/blog\/wp-content\/uploads\/2025\/08\/1688503693490-150x150.jpeg","contentUrl":"https:\/\/alprestamo.com\/blog\/wp-content\/uploads\/2025\/08\/1688503693490-150x150.jpeg","caption":"Ramiro Querejeta"},"url":"https:\/\/alprestamo.com\/blog\/author\/ramiro\/"}]}},"uagb_featured_image_src":{"full":["https:\/\/alprestamo.com\/blog\/wp-content\/uploads\/2023\/09\/apoyo-del-bienestar.webp",1024,768,false],"thumbnail":["https:\/\/alprestamo.com\/blog\/wp-content\/uploads\/2023\/09\/apoyo-del-bienestar-150x150.webp",150,150,true],"medium":["https:\/\/alprestamo.com\/blog\/wp-content\/uploads\/2023\/09\/apoyo-del-bienestar-300x225.webp",300,225,true],"medium_large":["https:\/\/alprestamo.com\/blog\/wp-content\/uploads\/2023\/09\/apoyo-del-bienestar-768x576.webp",768,576,true],"large":["https:\/\/alprestamo.com\/blog\/wp-content\/uploads\/2023\/09\/apoyo-del-bienestar.webp",1024,768,false],"1536x1536":["https:\/\/alprestamo.com\/blog\/wp-content\/uploads\/2023\/09\/apoyo-del-bienestar.webp",1024,768,false],"2048x2048":["https:\/\/alprestamo.com\/blog\/wp-content\/uploads\/2023\/09\/apoyo-del-bienestar.webp",1024,768,false]},"uagb_author_info":{"display_name":"Ramiro Querejeta","author_link":"https:\/\/alprestamo.com\/blog\/author\/ramiro\/"},"uagb_comment_info":0,"uagb_excerpt":"Durante el mes de septiembre se entregar\u00e1n los Apoyos para las Pensiones del Bienestar y de los programas Sembrando Vida y Madres Trabajadoras, correspondiente al bimestre de septiembre &#8211; octubre.&nbsp; Cabe recordar que el pago se realiza directamente a la Tarjeta Bienestar. En caso de no contar con ella puedes visitar la p\u00e1gina www.gob.mx\/bienestar en&hellip;","rttpg_featured_image_url":{"full":["https:\/\/alprestamo.com\/blog\/wp-content\/uploads\/2023\/09\/apoyo-del-bienestar.webp",1024,768,false],"landscape":["https:\/\/alprestamo.com\/blog\/wp-content\/uploads\/2023\/09\/apoyo-del-bienestar.webp",1024,768,false],"portraits":["https:\/\/alprestamo.com\/blog\/wp-content\/uploads\/2023\/09\/apoyo-del-bienestar.webp",1024,768,false],"thumbnail":["https:\/\/alprestamo.com\/blog\/wp-content\/uploads\/2023\/09\/apoyo-del-bienestar-150x150.webp",150,150,true],"medium":["https:\/\/alprestamo.com\/blog\/wp-content\/uploads\/2023\/09\/apoyo-del-bienestar-300x225.webp",300,225,true],"large":["https:\/\/alprestamo.com\/blog\/wp-content\/uploads\/2023\/09\/apoyo-del-bienestar.webp",1024,768,false],"1536x1536":["https:\/\/alprestamo.com\/blog\/wp-content\/uploads\/2023\/09\/apoyo-del-bienestar.webp",1024,768,false],"2048x2048":["https:\/\/alprestamo.com\/blog\/wp-content\/uploads\/2023\/09\/apoyo-del-bienestar.webp",1024,768,false],"rt_custom":["https:\/\/alprestamo.com\/blog\/wp-content\/uploads\/2023\/09\/apoyo-del-bienestar.webp",1024,768,false]},"rttpg_author":{"display_name":"Ramiro Querejeta","author_link":"https:\/\/alprestamo.com\/blog\/author\/ramiro\/"},"rttpg_comment":0,"rttpg_category":"<a href=\"https:\/\/alprestamo.com\/blog\/categoria\/mx\/\" rel=\"category tag\">MX<\/a> <a href=\"https:\/\/alprestamo.com\/blog\/categoria\/mx\/programas-sociales-mx\/\" rel=\"category tag\">Programas Sociales<\/a>","rttpg_excerpt":"Durante el mes de septiembre se entregar\u00e1n los Apoyos para las Pensiones del Bienestar y de los programas Sembrando Vida y Madres Trabajadoras, correspondiente al bimestre de septiembre &#8211; octubre.&nbsp; Cabe recordar que el pago se realiza directamente a la Tarjeta Bienestar. En caso de no contar con ella puedes visitar la p\u00e1gina www.gob.mx\/bienestar en&hellip;","_links":{"self":[{"href":"https:\/\/alprestamo.com\/blog\/wp-json\/wp\/v2\/posts\/29772"}],"collection":[{"href":"https:\/\/alprestamo.com\/blog\/wp-json\/wp\/v2\/posts"}],"about":[{"href":"https:\/\/alprestamo.com\/blog\/wp-json\/wp\/v2\/types\/post"}],"author":[{"embeddable":true,"href":"https:\/\/alprestamo.com\/blog\/wp-json\/wp\/v2\/users\/9"}],"replies":[{"embeddable":true,"href":"https:\/\/alprestamo.com\/blog\/wp-json\/wp\/v2\/comments?post=29772"}],"version-history":[{"count":7,"href":"https:\/\/alprestamo.com\/blog\/wp-json\/wp\/v2\/posts\/29772\/revisions"}],"predecessor-version":[{"id":33365,"href":"https:\/\/alprestamo.com\/blog\/wp-json\/wp\/v2\/posts\/29772\/revisions\/33365"}],"wp:featuredmedia":[{"embeddable":true,"href":"https:\/\/alprestamo.com\/blog\/wp-json\/wp\/v2\/media\/33124"}],"wp:attachment":[{"href":"https:\/\/alprestamo.com\/blog\/wp-json\/wp\/v2\/media?parent=29772"}],"wp:term":[{"taxonomy":"category","embeddable":true,"href":"https:\/\/alprestamo.com\/blog\/wp-json\/wp\/v2\/categories?post=29772"},{"taxonomy":"post_tag","embeddable":true,"href":"https:\/\/alprestamo.com\/blog\/wp-json\/wp\/v2\/tags?post=29772"}],"curies":[{"name":"wp","href":"https:\/\/api.w.org\/{rel}","templated":true}]}}