{"id":29784,"date":"2023-09-13T15:01:49","date_gmt":"2023-09-13T18:01:49","guid":{"rendered":"https:\/\/alprestamo.com\/blog\/?p=29784"},"modified":"2023-09-13T15:07:22","modified_gmt":"2023-09-13T18:07:22","slug":"ayudas-economicas-en-colombia-como-acceder","status":"publish","type":"post","link":"https:\/\/alprestamo.com\/blog\/ayudas-economicas-en-colombia-como-acceder\/","title":{"rendered":"Ayudas econ\u00f3micas en Colombia: c\u00f3mo acceder\u00a0"},"content":{"rendered":"\n<p>Luego del programa social<strong> <a href=\"https:\/\/alprestamo.com\/blog\/co\/ingreso-solidario-2023-como-acceder-al-beneficio-y-de-cuanto-es\/\">Ingreso Solidario<\/a><\/strong>, que termin\u00f3 en diciembre de 2022, el Gobierno de Colombia tiene el objetivo de otorgar de manera mensual un tope de 500.000 pesos a m\u00e1s de 3 millones de viviendas pobres de todo el pa\u00eds, de acuerdo a<strong> Prosperidad Social<\/strong>.&nbsp;<\/p>\n\n\n\n<p>Los primeros dep\u00f3sitos a los hogares comenzaron en el mes de abril y se realizan cada dos meses. Para el tercer ciclo de <strong>Ayudas Econ\u00f3micas<\/strong>, la fecha va desde el 8 de septiembre hasta el 28.&nbsp;<\/p>\n\n\n\n<h2 class=\"wp-block-heading\">C\u00f3mo cobrar las Ayudas Econ\u00f3micas en Colombia<\/h2>\n\n\n\n<p>Para<a href=\"https:\/\/alprestamo.com\/blog\/co\/como-acceder-al-subsidio-a-la-vivienda-distrital\/\"> recibir el subsidio estatal<\/a>, uno de los requisitos es <strong>formar parte del sistema Sisb\u00e9n IV<\/strong>. Este es una encuesta de las autoridades para conocer las condiciones socioecon\u00f3micas de cada familia y clasificarlas de acuerdo a su capacidad para generar ingresos y calidad de vida.&nbsp;<\/p>\n\n\n\n<p>El <a href=\"https:\/\/alprestamo.com\/blog\/co\/cambios-en-el-sisben-cuales-son-y-como-saber-si-me-afecta\/\">Sisb\u00e9n IV <\/a>tiene una clasificaci\u00f3n con letras que se organiza de la siguiente manera:&nbsp;<\/p>\n\n\n\n<ul class=\"wp-block-list\">\n<li><strong>Grupo A<\/strong>. clasificado como grupos de pobreza extrema<\/li>\n\n\n\n<li><strong>Grupo B<\/strong>: grupos de pobreza moderada<\/li>\n\n\n\n<li><strong>Grupo C: <\/strong>grupos con clasificaci\u00f3n de \u201cvulnerabilidad\u201d<\/li>\n\n\n\n<li><strong>Grupo D<\/strong>: grupos que no son considerados ni pobres ni vulnerables<\/li>\n<\/ul>\n\n\n\n<p>Una vez dentro del Sisb\u00e9n, deber\u00e1s ingresar a la p\u00e1gina web del Departamento de Prosperidad Social, dirigirte a \u201cconsulte aqu\u00ed si est\u00e1 inscrito\u201d e ingresar los datos personales solicitados (tipo de documento, n\u00famero y fecha de expedici\u00f3n).&nbsp;<\/p>\n\n\n\n<h2 class=\"wp-block-heading\">Montos de las Ayudas Econ\u00f3micas<\/h2>\n\n\n\n<p>Este subsidio estatal tiene diferentes montos, ya que dependen en funci\u00f3n del grupo del <strong>Sisb\u00e9n A o B,<\/strong> el n\u00famero de personas que integran el hogar y si recibe otros programas sociales a nivel nacional o distrital. De esta forma, una vivienda en la ciudad de Bogot\u00e1 puede <strong>cobrar desde $60.000 <a href=\"https:\/\/alprestamo.com\/blog\/co\/como-consultar-el-pago-de-la-renta-ciudadana-de-hasta-500-000\/\">hasta $500.000<\/a><\/strong>&nbsp;<\/p>\n\n\n\n<h2 class=\"wp-block-heading\">Requisitos para el acceso a Ayudas Econ\u00f3micas&nbsp;<\/h2>\n\n\n\n<p>Para cobrar las<em> Ayudas Econ\u00f3micas<\/em>, uno de los requisitos es formar parte del Grupo A y B de este sistema de clasificaci\u00f3n. Adem\u00e1s, es necesario tener una cuenta activa en alguna de estas billeteras virtuales: <strong>Dale!<\/strong>, <strong>Daviplata<\/strong>, <strong>Nequi<\/strong>,<strong> A la Mano<\/strong>, <strong>Movii<\/strong> y <strong>Powwi<\/strong>.<\/p>\n","protected":false},"excerpt":{"rendered":"<p>Luego del programa social Ingreso Solidario, que termin\u00f3 en diciembre de 2022, el Gobierno de Colombia tiene el objetivo de otorgar de manera mensual un tope de 500.000 pesos a m\u00e1s de 3 millones de viviendas pobres de todo el pa\u00eds, de acuerdo a Prosperidad Social.&nbsp; Los primeros dep\u00f3sitos a los hogares comenzaron en el &hellip;<\/p>\n<p class=\"read-more\"> <a class=\"\" href=\"https:\/\/alprestamo.com\/blog\/ayudas-economicas-en-colombia-como-acceder\/\"> <span class=\"screen-reader-text\">Ayudas econ\u00f3micas en Colombia: c\u00f3mo acceder\u00a0<\/span> Leer m\u00e1s &raquo;<\/a><\/p>\n","protected":false},"author":9,"featured_media":29808,"comment_status":"closed","ping_status":"closed","sticky":false,"template":"","format":"standard","meta":{"_uag_custom_page_level_css":"","site-sidebar-layout":"default","site-content-layout":"default","ast-global-header-display":"","ast-banner-title-visibility":"","ast-main-header-display":"","ast-hfb-above-header-display":"","ast-hfb-below-header-display":"","ast-hfb-mobile-header-display":"","site-post-title":"","ast-breadcrumbs-content":"","ast-featured-img":"","footer-sml-layout":"","theme-transparent-header-meta":"","adv-header-id-meta":"","stick-header-meta":"","header-above-stick-meta":"","header-main-stick-meta":"","header-below-stick-meta":"","footnotes":""},"categories":[98,197,100],"tags":[],"class_list":["post-29784","post","type-post","status-publish","format-standard","has-post-thumbnail","hentry","category-co","category-portada-co","category-programas-sociales"],"acf":[],"yoast_head":"<!-- This site is optimized with the Yoast SEO plugin v23.2 - https:\/\/yoast.com\/wordpress\/plugins\/seo\/ -->\n<title>Ayudas econ\u00f3micas en Colombia: c\u00f3mo acceder\u00a0<\/title>\n<meta name=\"description\" content=\"Luego del programa social Ingreso Solidario, que termin\u00f3 en diciembre de 2022, el Gobierno de Colombia tiene el objetivo de otorgar de manera mensual un\" \/>\n<meta name=\"robots\" content=\"index, follow, max-snippet:-1, max-image-preview:large, max-video-preview:-1\" \/>\n<link rel=\"canonical\" href=\"https:\/\/alprestamo.com\/blog\/ayudas-economicas-en-colombia-como-acceder\/\" \/>\n<meta property=\"og:locale\" content=\"es_ES\" \/>\n<meta property=\"og:type\" content=\"article\" \/>\n<meta property=\"og:title\" content=\"Ayudas econ\u00f3micas en Colombia: c\u00f3mo acceder\u00a0\" \/>\n<meta property=\"og:description\" content=\"Luego del programa social Ingreso Solidario, que termin\u00f3 en diciembre de 2022, el Gobierno de Colombia tiene el objetivo de otorgar de manera mensual un\" \/>\n<meta property=\"og:url\" content=\"https:\/\/alprestamo.com\/blog\/ayudas-economicas-en-colombia-como-acceder\/\" \/>\n<meta property=\"og:site_name\" content=\"Alprestamo - Hacemos que todo suceda\" \/>\n<meta property=\"article:published_time\" content=\"2023-09-13T18:01:49+00:00\" \/>\n<meta property=\"article:modified_time\" content=\"2023-09-13T18:07:22+00:00\" \/>\n<meta property=\"og:image\" content=\"https:\/\/alprestamo.com\/blog\/wp-content\/uploads\/2023\/09\/Diseno-sin-titulo-14.jpg\" \/>\n\t<meta property=\"og:image:width\" content=\"1024\" \/>\n\t<meta property=\"og:image:height\" content=\"768\" \/>\n\t<meta property=\"og:image:type\" content=\"image\/jpeg\" \/>\n<meta name=\"author\" content=\"Ramiro Querejeta\" \/>\n<meta name=\"twitter:card\" content=\"summary_large_image\" \/>\n<meta name=\"twitter:label1\" content=\"Escrito por\" \/>\n\t<meta name=\"twitter:data1\" content=\"Ramiro Querejeta\" \/>\n\t<meta name=\"twitter:label2\" content=\"Tiempo de lectura\" \/>\n\t<meta name=\"twitter:data2\" content=\"2 minutos\" \/>\n<script type=\"application\/ld+json\" class=\"yoast-schema-graph\">{\"@context\":\"https:\/\/schema.org\",\"@graph\":[{\"@type\":\"NewsArticle\",\"@id\":\"https:\/\/alprestamo.com\/blog\/ayudas-economicas-en-colombia-como-acceder\/#article\",\"isPartOf\":{\"@id\":\"https:\/\/alprestamo.com\/blog\/ayudas-economicas-en-colombia-como-acceder\/\"},\"author\":{\"name\":\"Ramiro Querejeta\",\"@id\":\"https:\/\/alprestamo.com\/blog\/#\/schema\/person\/4c568603ceb381762b4c9062d42c7627\"},\"headline\":\"Ayudas econ\u00f3micas en Colombia: c\u00f3mo acceder\u00a0\",\"datePublished\":\"2023-09-13T18:01:49+00:00\",\"dateModified\":\"2023-09-13T18:07:22+00:00\",\"mainEntityOfPage\":{\"@id\":\"https:\/\/alprestamo.com\/blog\/ayudas-economicas-en-colombia-como-acceder\/\"},\"wordCount\":359,\"publisher\":{\"@id\":\"https:\/\/alprestamo.com\/blog\/#organization\"},\"image\":{\"@id\":\"https:\/\/alprestamo.com\/blog\/ayudas-economicas-en-colombia-como-acceder\/#primaryimage\"},\"thumbnailUrl\":\"https:\/\/alprestamo.com\/blog\/wp-content\/uploads\/2023\/09\/Diseno-sin-titulo-14.jpg\",\"articleSection\":[\"CO\",\"Portada\",\"Programas sociales\"],\"inLanguage\":\"es-AR\"},{\"@type\":\"WebPage\",\"@id\":\"https:\/\/alprestamo.com\/blog\/ayudas-economicas-en-colombia-como-acceder\/\",\"url\":\"https:\/\/alprestamo.com\/blog\/ayudas-economicas-en-colombia-como-acceder\/\",\"name\":\"Ayudas econ\u00f3micas en Colombia: c\u00f3mo acceder\u00a0\",\"isPartOf\":{\"@id\":\"https:\/\/alprestamo.com\/blog\/#website\"},\"primaryImageOfPage\":{\"@id\":\"https:\/\/alprestamo.com\/blog\/ayudas-economicas-en-colombia-como-acceder\/#primaryimage\"},\"image\":{\"@id\":\"https:\/\/alprestamo.com\/blog\/ayudas-economicas-en-colombia-como-acceder\/#primaryimage\"},\"thumbnailUrl\":\"https:\/\/alprestamo.com\/blog\/wp-content\/uploads\/2023\/09\/Diseno-sin-titulo-14.jpg\",\"datePublished\":\"2023-09-13T18:01:49+00:00\",\"dateModified\":\"2023-09-13T18:07:22+00:00\",\"description\":\"Luego del programa social Ingreso Solidario, que termin\u00f3 en diciembre de 2022, el Gobierno de Colombia tiene el objetivo de otorgar de manera mensual un\",\"breadcrumb\":{\"@id\":\"https:\/\/alprestamo.com\/blog\/ayudas-economicas-en-colombia-como-acceder\/#breadcrumb\"},\"inLanguage\":\"es-AR\",\"potentialAction\":[{\"@type\":\"ReadAction\",\"target\":[\"https:\/\/alprestamo.com\/blog\/ayudas-economicas-en-colombia-como-acceder\/\"]}]},{\"@type\":\"ImageObject\",\"inLanguage\":\"es-AR\",\"@id\":\"https:\/\/alprestamo.com\/blog\/ayudas-economicas-en-colombia-como-acceder\/#primaryimage\",\"url\":\"https:\/\/alprestamo.com\/blog\/wp-content\/uploads\/2023\/09\/Diseno-sin-titulo-14.jpg\",\"contentUrl\":\"https:\/\/alprestamo.com\/blog\/wp-content\/uploads\/2023\/09\/Diseno-sin-titulo-14.jpg\",\"width\":1024,\"height\":768,\"caption\":\"Ayudas Econ\u00f3micas\"},{\"@type\":\"BreadcrumbList\",\"@id\":\"https:\/\/alprestamo.com\/blog\/ayudas-economicas-en-colombia-como-acceder\/#breadcrumb\",\"itemListElement\":[{\"@type\":\"ListItem\",\"position\":1,\"name\":\"Home\",\"item\":\"https:\/\/alprestamo.com\/blog\/\"},{\"@type\":\"ListItem\",\"position\":2,\"name\":\"Ayudas econ\u00f3micas en Colombia: c\u00f3mo acceder\u00a0\"}]},{\"@type\":\"WebSite\",\"@id\":\"https:\/\/alprestamo.com\/blog\/#website\",\"url\":\"https:\/\/alprestamo.com\/blog\/\",\"name\":\"Alprestamo\",\"description\":\"Hacemos que todo suceda\",\"publisher\":{\"@id\":\"https:\/\/alprestamo.com\/blog\/#organization\"},\"potentialAction\":[{\"@type\":\"SearchAction\",\"target\":{\"@type\":\"EntryPoint\",\"urlTemplate\":\"https:\/\/alprestamo.com\/blog\/?s={search_term_string}\"},\"query-input\":\"required name=search_term_string\"}],\"inLanguage\":\"es-AR\"},{\"@type\":\"Organization\",\"@id\":\"https:\/\/alprestamo.com\/blog\/#organization\",\"name\":\"Alprestamo\",\"url\":\"https:\/\/alprestamo.com\/blog\/\",\"logo\":{\"@type\":\"ImageObject\",\"inLanguage\":\"es-AR\",\"@id\":\"https:\/\/alprestamo.com\/blog\/#\/schema\/logo\/image\/\",\"url\":\"https:\/\/alprestamo.com\/blog\/wp-content\/uploads\/2022\/10\/Imagotipo_Blanco.svg\",\"contentUrl\":\"https:\/\/alprestamo.com\/blog\/wp-content\/uploads\/2022\/10\/Imagotipo_Blanco.svg\",\"width\":1199,\"height\":203,\"caption\":\"Alprestamo\"},\"image\":{\"@id\":\"https:\/\/alprestamo.com\/blog\/#\/schema\/logo\/image\/\"}},{\"@type\":\"Person\",\"@id\":\"https:\/\/alprestamo.com\/blog\/#\/schema\/person\/4c568603ceb381762b4c9062d42c7627\",\"name\":\"Ramiro Querejeta\",\"image\":{\"@type\":\"ImageObject\",\"inLanguage\":\"es-AR\",\"@id\":\"https:\/\/alprestamo.com\/blog\/#\/schema\/person\/image\/\",\"url\":\"https:\/\/alprestamo.com\/blog\/wp-content\/uploads\/2025\/08\/1688503693490-150x150.jpeg\",\"contentUrl\":\"https:\/\/alprestamo.com\/blog\/wp-content\/uploads\/2025\/08\/1688503693490-150x150.jpeg\",\"caption\":\"Ramiro Querejeta\"},\"url\":\"https:\/\/alprestamo.com\/blog\/author\/ramiro\/\"}]}<\/script>\n<!-- \/ Yoast SEO plugin. -->","yoast_head_json":{"title":"Ayudas econ\u00f3micas en Colombia: c\u00f3mo acceder\u00a0","description":"Luego del programa social Ingreso Solidario, que termin\u00f3 en diciembre de 2022, el Gobierno de Colombia tiene el objetivo de otorgar de manera mensual un","robots":{"index":"index","follow":"follow","max-snippet":"max-snippet:-1","max-image-preview":"max-image-preview:large","max-video-preview":"max-video-preview:-1"},"canonical":"https:\/\/alprestamo.com\/blog\/ayudas-economicas-en-colombia-como-acceder\/","og_locale":"es_ES","og_type":"article","og_title":"Ayudas econ\u00f3micas en Colombia: c\u00f3mo acceder\u00a0","og_description":"Luego del programa social Ingreso Solidario, que termin\u00f3 en diciembre de 2022, el Gobierno de Colombia tiene el objetivo de otorgar de manera mensual un","og_url":"https:\/\/alprestamo.com\/blog\/ayudas-economicas-en-colombia-como-acceder\/","og_site_name":"Alprestamo - Hacemos que todo suceda","article_published_time":"2023-09-13T18:01:49+00:00","article_modified_time":"2023-09-13T18:07:22+00:00","og_image":[{"width":1024,"height":768,"url":"https:\/\/alprestamo.com\/blog\/wp-content\/uploads\/2023\/09\/Diseno-sin-titulo-14.jpg","type":"image\/jpeg"}],"author":"Ramiro Querejeta","twitter_card":"summary_large_image","twitter_misc":{"Escrito por":"Ramiro Querejeta","Tiempo de lectura":"2 minutos"},"schema":{"@context":"https:\/\/schema.org","@graph":[{"@type":"NewsArticle","@id":"https:\/\/alprestamo.com\/blog\/ayudas-economicas-en-colombia-como-acceder\/#article","isPartOf":{"@id":"https:\/\/alprestamo.com\/blog\/ayudas-economicas-en-colombia-como-acceder\/"},"author":{"name":"Ramiro Querejeta","@id":"https:\/\/alprestamo.com\/blog\/#\/schema\/person\/4c568603ceb381762b4c9062d42c7627"},"headline":"Ayudas econ\u00f3micas en Colombia: c\u00f3mo acceder\u00a0","datePublished":"2023-09-13T18:01:49+00:00","dateModified":"2023-09-13T18:07:22+00:00","mainEntityOfPage":{"@id":"https:\/\/alprestamo.com\/blog\/ayudas-economicas-en-colombia-como-acceder\/"},"wordCount":359,"publisher":{"@id":"https:\/\/alprestamo.com\/blog\/#organization"},"image":{"@id":"https:\/\/alprestamo.com\/blog\/ayudas-economicas-en-colombia-como-acceder\/#primaryimage"},"thumbnailUrl":"https:\/\/alprestamo.com\/blog\/wp-content\/uploads\/2023\/09\/Diseno-sin-titulo-14.jpg","articleSection":["CO","Portada","Programas sociales"],"inLanguage":"es-AR"},{"@type":"WebPage","@id":"https:\/\/alprestamo.com\/blog\/ayudas-economicas-en-colombia-como-acceder\/","url":"https:\/\/alprestamo.com\/blog\/ayudas-economicas-en-colombia-como-acceder\/","name":"Ayudas econ\u00f3micas en Colombia: c\u00f3mo acceder\u00a0","isPartOf":{"@id":"https:\/\/alprestamo.com\/blog\/#website"},"primaryImageOfPage":{"@id":"https:\/\/alprestamo.com\/blog\/ayudas-economicas-en-colombia-como-acceder\/#primaryimage"},"image":{"@id":"https:\/\/alprestamo.com\/blog\/ayudas-economicas-en-colombia-como-acceder\/#primaryimage"},"thumbnailUrl":"https:\/\/alprestamo.com\/blog\/wp-content\/uploads\/2023\/09\/Diseno-sin-titulo-14.jpg","datePublished":"2023-09-13T18:01:49+00:00","dateModified":"2023-09-13T18:07:22+00:00","description":"Luego del programa social Ingreso Solidario, que termin\u00f3 en diciembre de 2022, el Gobierno de Colombia tiene el objetivo de otorgar de manera mensual un","breadcrumb":{"@id":"https:\/\/alprestamo.com\/blog\/ayudas-economicas-en-colombia-como-acceder\/#breadcrumb"},"inLanguage":"es-AR","potentialAction":[{"@type":"ReadAction","target":["https:\/\/alprestamo.com\/blog\/ayudas-economicas-en-colombia-como-acceder\/"]}]},{"@type":"ImageObject","inLanguage":"es-AR","@id":"https:\/\/alprestamo.com\/blog\/ayudas-economicas-en-colombia-como-acceder\/#primaryimage","url":"https:\/\/alprestamo.com\/blog\/wp-content\/uploads\/2023\/09\/Diseno-sin-titulo-14.jpg","contentUrl":"https:\/\/alprestamo.com\/blog\/wp-content\/uploads\/2023\/09\/Diseno-sin-titulo-14.jpg","width":1024,"height":768,"caption":"Ayudas Econ\u00f3micas"},{"@type":"BreadcrumbList","@id":"https:\/\/alprestamo.com\/blog\/ayudas-economicas-en-colombia-como-acceder\/#breadcrumb","itemListElement":[{"@type":"ListItem","position":1,"name":"Home","item":"https:\/\/alprestamo.com\/blog\/"},{"@type":"ListItem","position":2,"name":"Ayudas econ\u00f3micas en Colombia: c\u00f3mo acceder\u00a0"}]},{"@type":"WebSite","@id":"https:\/\/alprestamo.com\/blog\/#website","url":"https:\/\/alprestamo.com\/blog\/","name":"Alprestamo","description":"Hacemos que todo suceda","publisher":{"@id":"https:\/\/alprestamo.com\/blog\/#organization"},"potentialAction":[{"@type":"SearchAction","target":{"@type":"EntryPoint","urlTemplate":"https:\/\/alprestamo.com\/blog\/?s={search_term_string}"},"query-input":"required name=search_term_string"}],"inLanguage":"es-AR"},{"@type":"Organization","@id":"https:\/\/alprestamo.com\/blog\/#organization","name":"Alprestamo","url":"https:\/\/alprestamo.com\/blog\/","logo":{"@type":"ImageObject","inLanguage":"es-AR","@id":"https:\/\/alprestamo.com\/blog\/#\/schema\/logo\/image\/","url":"https:\/\/alprestamo.com\/blog\/wp-content\/uploads\/2022\/10\/Imagotipo_Blanco.svg","contentUrl":"https:\/\/alprestamo.com\/blog\/wp-content\/uploads\/2022\/10\/Imagotipo_Blanco.svg","width":1199,"height":203,"caption":"Alprestamo"},"image":{"@id":"https:\/\/alprestamo.com\/blog\/#\/schema\/logo\/image\/"}},{"@type":"Person","@id":"https:\/\/alprestamo.com\/blog\/#\/schema\/person\/4c568603ceb381762b4c9062d42c7627","name":"Ramiro Querejeta","image":{"@type":"ImageObject","inLanguage":"es-AR","@id":"https:\/\/alprestamo.com\/blog\/#\/schema\/person\/image\/","url":"https:\/\/alprestamo.com\/blog\/wp-content\/uploads\/2025\/08\/1688503693490-150x150.jpeg","contentUrl":"https:\/\/alprestamo.com\/blog\/wp-content\/uploads\/2025\/08\/1688503693490-150x150.jpeg","caption":"Ramiro Querejeta"},"url":"https:\/\/alprestamo.com\/blog\/author\/ramiro\/"}]}},"uagb_featured_image_src":{"full":["https:\/\/alprestamo.com\/blog\/wp-content\/uploads\/2023\/09\/Diseno-sin-titulo-14.jpg",1024,768,false],"thumbnail":["https:\/\/alprestamo.com\/blog\/wp-content\/uploads\/2023\/09\/Diseno-sin-titulo-14-150x150.jpg",150,150,true],"medium":["https:\/\/alprestamo.com\/blog\/wp-content\/uploads\/2023\/09\/Diseno-sin-titulo-14-300x225.jpg",300,225,true],"medium_large":["https:\/\/alprestamo.com\/blog\/wp-content\/uploads\/2023\/09\/Diseno-sin-titulo-14-768x576.jpg",768,576,true],"large":["https:\/\/alprestamo.com\/blog\/wp-content\/uploads\/2023\/09\/Diseno-sin-titulo-14.jpg",1024,768,false],"1536x1536":["https:\/\/alprestamo.com\/blog\/wp-content\/uploads\/2023\/09\/Diseno-sin-titulo-14.jpg",1024,768,false],"2048x2048":["https:\/\/alprestamo.com\/blog\/wp-content\/uploads\/2023\/09\/Diseno-sin-titulo-14.jpg",1024,768,false]},"uagb_author_info":{"display_name":"Ramiro Querejeta","author_link":"https:\/\/alprestamo.com\/blog\/author\/ramiro\/"},"uagb_comment_info":0,"uagb_excerpt":"Luego del programa social Ingreso Solidario, que termin\u00f3 en diciembre de 2022, el Gobierno de Colombia tiene el objetivo de otorgar de manera mensual un tope de 500.000 pesos a m\u00e1s de 3 millones de viviendas pobres de todo el pa\u00eds, de acuerdo a Prosperidad Social.&nbsp; Los primeros dep\u00f3sitos a los hogares comenzaron en el&hellip;","rttpg_featured_image_url":{"full":["https:\/\/alprestamo.com\/blog\/wp-content\/uploads\/2023\/09\/Diseno-sin-titulo-14.jpg",1024,768,false],"landscape":["https:\/\/alprestamo.com\/blog\/wp-content\/uploads\/2023\/09\/Diseno-sin-titulo-14.jpg",1024,768,false],"portraits":["https:\/\/alprestamo.com\/blog\/wp-content\/uploads\/2023\/09\/Diseno-sin-titulo-14.jpg",1024,768,false],"thumbnail":["https:\/\/alprestamo.com\/blog\/wp-content\/uploads\/2023\/09\/Diseno-sin-titulo-14-150x150.jpg",150,150,true],"medium":["https:\/\/alprestamo.com\/blog\/wp-content\/uploads\/2023\/09\/Diseno-sin-titulo-14-300x225.jpg",300,225,true],"large":["https:\/\/alprestamo.com\/blog\/wp-content\/uploads\/2023\/09\/Diseno-sin-titulo-14.jpg",1024,768,false],"1536x1536":["https:\/\/alprestamo.com\/blog\/wp-content\/uploads\/2023\/09\/Diseno-sin-titulo-14.jpg",1024,768,false],"2048x2048":["https:\/\/alprestamo.com\/blog\/wp-content\/uploads\/2023\/09\/Diseno-sin-titulo-14.jpg",1024,768,false],"rt_custom":["https:\/\/alprestamo.com\/blog\/wp-content\/uploads\/2023\/09\/Diseno-sin-titulo-14.jpg",1024,768,false]},"rttpg_author":{"display_name":"Ramiro Querejeta","author_link":"https:\/\/alprestamo.com\/blog\/author\/ramiro\/"},"rttpg_comment":0,"rttpg_category":"<a href=\"https:\/\/alprestamo.com\/blog\/categoria\/co\/\" rel=\"category tag\">CO<\/a> <a href=\"https:\/\/alprestamo.com\/blog\/categoria\/co\/portada-co\/\" rel=\"category tag\">Portada<\/a> <a href=\"https:\/\/alprestamo.com\/blog\/categoria\/co\/programas-sociales\/\" rel=\"category tag\">Programas sociales<\/a>","rttpg_excerpt":"Luego del programa social Ingreso Solidario, que termin\u00f3 en diciembre de 2022, el Gobierno de Colombia tiene el objetivo de otorgar de manera mensual un tope de 500.000 pesos a m\u00e1s de 3 millones de viviendas pobres de todo el pa\u00eds, de acuerdo a Prosperidad Social.&nbsp; Los primeros dep\u00f3sitos a los hogares comenzaron en el&hellip;","_links":{"self":[{"href":"https:\/\/alprestamo.com\/blog\/wp-json\/wp\/v2\/posts\/29784"}],"collection":[{"href":"https:\/\/alprestamo.com\/blog\/wp-json\/wp\/v2\/posts"}],"about":[{"href":"https:\/\/alprestamo.com\/blog\/wp-json\/wp\/v2\/types\/post"}],"author":[{"embeddable":true,"href":"https:\/\/alprestamo.com\/blog\/wp-json\/wp\/v2\/users\/9"}],"replies":[{"embeddable":true,"href":"https:\/\/alprestamo.com\/blog\/wp-json\/wp\/v2\/comments?post=29784"}],"version-history":[{"count":4,"href":"https:\/\/alprestamo.com\/blog\/wp-json\/wp\/v2\/posts\/29784\/revisions"}],"predecessor-version":[{"id":29813,"href":"https:\/\/alprestamo.com\/blog\/wp-json\/wp\/v2\/posts\/29784\/revisions\/29813"}],"wp:featuredmedia":[{"embeddable":true,"href":"https:\/\/alprestamo.com\/blog\/wp-json\/wp\/v2\/media\/29808"}],"wp:attachment":[{"href":"https:\/\/alprestamo.com\/blog\/wp-json\/wp\/v2\/media?parent=29784"}],"wp:term":[{"taxonomy":"category","embeddable":true,"href":"https:\/\/alprestamo.com\/blog\/wp-json\/wp\/v2\/categories?post=29784"},{"taxonomy":"post_tag","embeddable":true,"href":"https:\/\/alprestamo.com\/blog\/wp-json\/wp\/v2\/tags?post=29784"}],"curies":[{"name":"wp","href":"https:\/\/api.w.org\/{rel}","templated":true}]}}