{"id":29936,"date":"2023-09-14T11:07:41","date_gmt":"2023-09-14T14:07:41","guid":{"rendered":"https:\/\/alprestamo.com\/blog\/?p=29936"},"modified":"2023-09-14T12:34:21","modified_gmt":"2023-09-14T15:34:21","slug":"reprogramacion-de-la-renta-ciudadana-quienes-deberan-esperar-para-cobrar","status":"publish","type":"post","link":"https:\/\/alprestamo.com\/blog\/reprogramacion-de-la-renta-ciudadana-quienes-deberan-esperar-para-cobrar\/","title":{"rendered":"Reprogramaci\u00f3n de la Renta Ciudadana: qui\u00e9nes deber\u00e1n esperar para cobrar\u00a0"},"content":{"rendered":"\n<p><\/p>\n\n\n\n<p>El<strong> Departamento de Prosperidad Social (DPS)<\/strong> comunic\u00f3 que la entrega del tercer ciclo de la <strong>Renta Ciudadana<\/strong> se reprogramar\u00e1 para las familias no bancarizadas en 19 puntos de pago para garantizar su seguridad. De esta manera, alguno de los beneficiarios no recibieron el pago el 12 de septiembre, como estaba pautado.<\/p>\n\n\n\n<h2 class=\"wp-block-heading\">Qui\u00e9nes deber\u00e1n esperar para cobrar la Renta Ciudadana<\/h2>\n\n\n\n<p>Hogares de <strong>Nari\u00f1o<\/strong>, <strong>Cauca <\/strong>y <strong>Amazonas <\/strong>son los que deber\u00e1n esperar un poco para cobrar el monto de dinero que entrega el programa social.&nbsp;<\/p>\n\n\n\n<p>La mayor\u00eda de los puntos en donde se reprogramaron los pagos se encuentran en Cauca y son: Buenos Aires, Caldono, Corinto, La Vega, L\u00f3pez, Padilla, Pat\u00eda, Puerto Tejada, Purac\u00e9, Rosas, San Sebasti\u00e1n, Santander de Quilichao, Sotar\u00e1, Toribio y Villa Rica.&nbsp;<\/p>\n\n\n\n<p>En el caso de Nari\u00f1o, los pagos se aplazan en <strong>San Lorenzo<\/strong> y <strong>Santacruz<\/strong>, mientras que en Amazonas, los afectados se encuentran en<strong> La Chorrera<\/strong> y <strong>Tarapac\u00e1<\/strong>.&nbsp;<\/p>\n\n\n\n<p>Prosperidad hab\u00eda comenzado la<a href=\"https:\/\/alprestamo.com\/blog\/co\/como-consultar-el-pago-de-la-renta-ciudadana-de-hasta-500-000\/\"> entrega de la Renta Ciudadana <\/a>el 8 de septiembre para los<strong> titulares bancarizados<\/strong>. Para los no bancarizados las fechas son a partir del 12 de septiembre y hasta el 28.&nbsp;<\/p>\n\n\n\n<h2 class=\"wp-block-heading\">Familias beneficiarias del tercer ciclo de la Renta Ciudadana<\/h2>\n\n\n\n<p><\/p>\n\n\n\n<p>Para este tercer ciclo de pagos, Prosperidad Social<strong> levant\u00f3 la suspensi\u00f3n a m\u00e1s de 214 mil familias<\/strong>, entre ellas 132 mil podr\u00e1n recibir el pago acumulado de los ciclos anteriores, siempre y cuando cumplan con los requisitos del programa de salud y educaci\u00f3n.&nbsp;<\/p>\n\n\n\n<p>El<strong> Gobierno de Colombia <\/strong>invirti\u00f3 casi 1 bill\u00f3n de pesos para garantizar los pagos, que se espera que<strong> lo cobren 2.265.935 familias <\/strong>en este tercer ciclo y ser\u00e1n<a href=\"https:\/\/alprestamo.com\/blog\/co\/renta-ciudadana-como-se-si-recibi-mi-subsidio-en-el-banco-agrario\/\"> depositados por el Banco Agrario<\/a> y sus aliados en el pa\u00eds.&nbsp;<\/p>\n\n\n\n<p>Para este ciclo, el banco habilitar\u00e1 15 cajas extendidas para bancarizaci\u00f3n y pago en los 15 municipios que tuvieron la mayor afluencia de personas en el segundo ciclo de la Renta Ciudadana. A este tipo de cajas solo ser\u00e1n llamados un determinado n\u00famero de personas beneficiarias, quienes ser\u00e1n informadas previamente mediante los canales de la entidad y de acuerdo con el pico y c\u00e9dula que aplique para los d\u00edas pautados por el municipio.&nbsp;&nbsp;<\/p>\n\n\n\n<h2 class=\"wp-block-heading\">Qu\u00e9 tener en cuenta para reclamar los giros de Renta Ciudadana<\/h2>\n\n\n\n<p><\/p>\n\n\n\n<p>Si quieres conocer si te encuentras<strong> inscrito en el programa<\/strong> <em>Renta Ciudadana<\/em>, ingresa a <a href=\"http:\/\/rentaciudadana.prosperidadsocial.gov.co\/\">este enlace<\/a> con el n\u00famero de c\u00e9dula del beneficiario y fecha de expedici\u00f3n del documento.&nbsp;<\/p>\n","protected":false},"excerpt":{"rendered":"<p>El Departamento de Prosperidad Social (DPS) comunic\u00f3 que la entrega del tercer ciclo de la Renta Ciudadana se reprogramar\u00e1 para las familias no bancarizadas en 19 puntos de pago para garantizar su seguridad. De esta manera, alguno de los beneficiarios no recibieron el pago el 12 de septiembre, como estaba pautado. Qui\u00e9nes deber\u00e1n esperar para &hellip;<\/p>\n<p class=\"read-more\"> <a class=\"\" href=\"https:\/\/alprestamo.com\/blog\/reprogramacion-de-la-renta-ciudadana-quienes-deberan-esperar-para-cobrar\/\"> <span class=\"screen-reader-text\">Reprogramaci\u00f3n de la Renta Ciudadana: qui\u00e9nes deber\u00e1n esperar para cobrar\u00a0<\/span> Leer m\u00e1s &raquo;<\/a><\/p>\n","protected":false},"author":9,"featured_media":22937,"comment_status":"closed","ping_status":"closed","sticky":false,"template":"","format":"standard","meta":{"_uag_custom_page_level_css":"","site-sidebar-layout":"default","site-content-layout":"default","ast-global-header-display":"","ast-banner-title-visibility":"","ast-main-header-display":"","ast-hfb-above-header-display":"","ast-hfb-below-header-display":"","ast-hfb-mobile-header-display":"","site-post-title":"","ast-breadcrumbs-content":"","ast-featured-img":"","footer-sml-layout":"","theme-transparent-header-meta":"","adv-header-id-meta":"","stick-header-meta":"","header-above-stick-meta":"","header-main-stick-meta":"","header-below-stick-meta":"","footnotes":""},"categories":[98,197,100],"tags":[],"class_list":["post-29936","post","type-post","status-publish","format-standard","has-post-thumbnail","hentry","category-co","category-portada-co","category-programas-sociales"],"acf":[],"yoast_head":"<!-- This site is optimized with the Yoast SEO plugin v23.2 - https:\/\/yoast.com\/wordpress\/plugins\/seo\/ -->\n<title>Reprogramaci\u00f3n de la Renta Ciudadana: qui\u00e9nes deber\u00e1n esperar para cobrar\u00a0<\/title>\n<meta name=\"description\" content=\"El Departamento de Prosperidad Social (DPS) comunic\u00f3 que la entrega del tercer ciclo de la Renta Ciudadana se reprogramar\u00e1 para las familias no\" \/>\n<meta name=\"robots\" content=\"index, follow, max-snippet:-1, max-image-preview:large, max-video-preview:-1\" \/>\n<link rel=\"canonical\" href=\"https:\/\/alprestamo.com\/blog\/reprogramacion-de-la-renta-ciudadana-quienes-deberan-esperar-para-cobrar\/\" \/>\n<meta property=\"og:locale\" content=\"es_ES\" \/>\n<meta property=\"og:type\" content=\"article\" \/>\n<meta property=\"og:title\" content=\"Reprogramaci\u00f3n de la Renta Ciudadana: qui\u00e9nes deber\u00e1n esperar para cobrar\u00a0\" \/>\n<meta property=\"og:description\" content=\"El Departamento de Prosperidad Social (DPS) comunic\u00f3 que la entrega del tercer ciclo de la Renta Ciudadana se reprogramar\u00e1 para las familias no\" \/>\n<meta property=\"og:url\" content=\"https:\/\/alprestamo.com\/blog\/reprogramacion-de-la-renta-ciudadana-quienes-deberan-esperar-para-cobrar\/\" \/>\n<meta property=\"og:site_name\" content=\"Alprestamo - Hacemos que todo suceda\" \/>\n<meta property=\"article:published_time\" content=\"2023-09-14T14:07:41+00:00\" \/>\n<meta property=\"article:modified_time\" content=\"2023-09-14T15:34:21+00:00\" \/>\n<meta property=\"og:image\" content=\"https:\/\/alprestamo.com\/blog\/wp-content\/uploads\/2023\/05\/renta-ciudadana.jpg\" \/>\n\t<meta property=\"og:image:width\" content=\"1200\" \/>\n\t<meta property=\"og:image:height\" content=\"675\" \/>\n\t<meta property=\"og:image:type\" content=\"image\/jpeg\" \/>\n<meta name=\"author\" content=\"Ramiro Querejeta\" \/>\n<meta name=\"twitter:card\" content=\"summary_large_image\" \/>\n<meta name=\"twitter:label1\" content=\"Escrito por\" \/>\n\t<meta name=\"twitter:data1\" content=\"Ramiro Querejeta\" \/>\n\t<meta name=\"twitter:label2\" content=\"Tiempo de lectura\" \/>\n\t<meta name=\"twitter:data2\" content=\"2 minutos\" \/>\n<script type=\"application\/ld+json\" class=\"yoast-schema-graph\">{\"@context\":\"https:\/\/schema.org\",\"@graph\":[{\"@type\":\"NewsArticle\",\"@id\":\"https:\/\/alprestamo.com\/blog\/reprogramacion-de-la-renta-ciudadana-quienes-deberan-esperar-para-cobrar\/#article\",\"isPartOf\":{\"@id\":\"https:\/\/alprestamo.com\/blog\/reprogramacion-de-la-renta-ciudadana-quienes-deberan-esperar-para-cobrar\/\"},\"author\":{\"name\":\"Ramiro Querejeta\",\"@id\":\"https:\/\/alprestamo.com\/blog\/#\/schema\/person\/4c568603ceb381762b4c9062d42c7627\"},\"headline\":\"Reprogramaci\u00f3n de la Renta Ciudadana: qui\u00e9nes deber\u00e1n esperar para cobrar\u00a0\",\"datePublished\":\"2023-09-14T14:07:41+00:00\",\"dateModified\":\"2023-09-14T15:34:21+00:00\",\"mainEntityOfPage\":{\"@id\":\"https:\/\/alprestamo.com\/blog\/reprogramacion-de-la-renta-ciudadana-quienes-deberan-esperar-para-cobrar\/\"},\"wordCount\":425,\"publisher\":{\"@id\":\"https:\/\/alprestamo.com\/blog\/#organization\"},\"image\":{\"@id\":\"https:\/\/alprestamo.com\/blog\/reprogramacion-de-la-renta-ciudadana-quienes-deberan-esperar-para-cobrar\/#primaryimage\"},\"thumbnailUrl\":\"https:\/\/alprestamo.com\/blog\/wp-content\/uploads\/2023\/05\/renta-ciudadana.jpg\",\"articleSection\":[\"CO\",\"Portada\",\"Programas sociales\"],\"inLanguage\":\"es-AR\"},{\"@type\":\"WebPage\",\"@id\":\"https:\/\/alprestamo.com\/blog\/reprogramacion-de-la-renta-ciudadana-quienes-deberan-esperar-para-cobrar\/\",\"url\":\"https:\/\/alprestamo.com\/blog\/reprogramacion-de-la-renta-ciudadana-quienes-deberan-esperar-para-cobrar\/\",\"name\":\"Reprogramaci\u00f3n de la Renta Ciudadana: qui\u00e9nes deber\u00e1n esperar para cobrar\u00a0\",\"isPartOf\":{\"@id\":\"https:\/\/alprestamo.com\/blog\/#website\"},\"primaryImageOfPage\":{\"@id\":\"https:\/\/alprestamo.com\/blog\/reprogramacion-de-la-renta-ciudadana-quienes-deberan-esperar-para-cobrar\/#primaryimage\"},\"image\":{\"@id\":\"https:\/\/alprestamo.com\/blog\/reprogramacion-de-la-renta-ciudadana-quienes-deberan-esperar-para-cobrar\/#primaryimage\"},\"thumbnailUrl\":\"https:\/\/alprestamo.com\/blog\/wp-content\/uploads\/2023\/05\/renta-ciudadana.jpg\",\"datePublished\":\"2023-09-14T14:07:41+00:00\",\"dateModified\":\"2023-09-14T15:34:21+00:00\",\"description\":\"El Departamento de Prosperidad Social (DPS) comunic\u00f3 que la entrega del tercer ciclo de la Renta Ciudadana se reprogramar\u00e1 para las familias no\",\"breadcrumb\":{\"@id\":\"https:\/\/alprestamo.com\/blog\/reprogramacion-de-la-renta-ciudadana-quienes-deberan-esperar-para-cobrar\/#breadcrumb\"},\"inLanguage\":\"es-AR\",\"potentialAction\":[{\"@type\":\"ReadAction\",\"target\":[\"https:\/\/alprestamo.com\/blog\/reprogramacion-de-la-renta-ciudadana-quienes-deberan-esperar-para-cobrar\/\"]}]},{\"@type\":\"ImageObject\",\"inLanguage\":\"es-AR\",\"@id\":\"https:\/\/alprestamo.com\/blog\/reprogramacion-de-la-renta-ciudadana-quienes-deberan-esperar-para-cobrar\/#primaryimage\",\"url\":\"https:\/\/alprestamo.com\/blog\/wp-content\/uploads\/2023\/05\/renta-ciudadana.jpg\",\"contentUrl\":\"https:\/\/alprestamo.com\/blog\/wp-content\/uploads\/2023\/05\/renta-ciudadana.jpg\",\"width\":1200,\"height\":675,\"caption\":\"Renta Ciudadana\"},{\"@type\":\"BreadcrumbList\",\"@id\":\"https:\/\/alprestamo.com\/blog\/reprogramacion-de-la-renta-ciudadana-quienes-deberan-esperar-para-cobrar\/#breadcrumb\",\"itemListElement\":[{\"@type\":\"ListItem\",\"position\":1,\"name\":\"Home\",\"item\":\"https:\/\/alprestamo.com\/blog\/\"},{\"@type\":\"ListItem\",\"position\":2,\"name\":\"Reprogramaci\u00f3n de la Renta Ciudadana: qui\u00e9nes deber\u00e1n esperar para cobrar\u00a0\"}]},{\"@type\":\"WebSite\",\"@id\":\"https:\/\/alprestamo.com\/blog\/#website\",\"url\":\"https:\/\/alprestamo.com\/blog\/\",\"name\":\"Alprestamo\",\"description\":\"Hacemos que todo suceda\",\"publisher\":{\"@id\":\"https:\/\/alprestamo.com\/blog\/#organization\"},\"potentialAction\":[{\"@type\":\"SearchAction\",\"target\":{\"@type\":\"EntryPoint\",\"urlTemplate\":\"https:\/\/alprestamo.com\/blog\/?s={search_term_string}\"},\"query-input\":\"required name=search_term_string\"}],\"inLanguage\":\"es-AR\"},{\"@type\":\"Organization\",\"@id\":\"https:\/\/alprestamo.com\/blog\/#organization\",\"name\":\"Alprestamo\",\"url\":\"https:\/\/alprestamo.com\/blog\/\",\"logo\":{\"@type\":\"ImageObject\",\"inLanguage\":\"es-AR\",\"@id\":\"https:\/\/alprestamo.com\/blog\/#\/schema\/logo\/image\/\",\"url\":\"https:\/\/alprestamo.com\/blog\/wp-content\/uploads\/2022\/10\/Imagotipo_Blanco.svg\",\"contentUrl\":\"https:\/\/alprestamo.com\/blog\/wp-content\/uploads\/2022\/10\/Imagotipo_Blanco.svg\",\"width\":1199,\"height\":203,\"caption\":\"Alprestamo\"},\"image\":{\"@id\":\"https:\/\/alprestamo.com\/blog\/#\/schema\/logo\/image\/\"}},{\"@type\":\"Person\",\"@id\":\"https:\/\/alprestamo.com\/blog\/#\/schema\/person\/4c568603ceb381762b4c9062d42c7627\",\"name\":\"Ramiro Querejeta\",\"image\":{\"@type\":\"ImageObject\",\"inLanguage\":\"es-AR\",\"@id\":\"https:\/\/alprestamo.com\/blog\/#\/schema\/person\/image\/\",\"url\":\"https:\/\/alprestamo.com\/blog\/wp-content\/uploads\/2025\/08\/1688503693490-150x150.jpeg\",\"contentUrl\":\"https:\/\/alprestamo.com\/blog\/wp-content\/uploads\/2025\/08\/1688503693490-150x150.jpeg\",\"caption\":\"Ramiro Querejeta\"},\"url\":\"https:\/\/alprestamo.com\/blog\/author\/ramiro\/\"}]}<\/script>\n<!-- \/ Yoast SEO plugin. -->","yoast_head_json":{"title":"Reprogramaci\u00f3n de la Renta Ciudadana: qui\u00e9nes deber\u00e1n esperar para cobrar\u00a0","description":"El Departamento de Prosperidad Social (DPS) comunic\u00f3 que la entrega del tercer ciclo de la Renta Ciudadana se reprogramar\u00e1 para las familias no","robots":{"index":"index","follow":"follow","max-snippet":"max-snippet:-1","max-image-preview":"max-image-preview:large","max-video-preview":"max-video-preview:-1"},"canonical":"https:\/\/alprestamo.com\/blog\/reprogramacion-de-la-renta-ciudadana-quienes-deberan-esperar-para-cobrar\/","og_locale":"es_ES","og_type":"article","og_title":"Reprogramaci\u00f3n de la Renta Ciudadana: qui\u00e9nes deber\u00e1n esperar para cobrar\u00a0","og_description":"El Departamento de Prosperidad Social (DPS) comunic\u00f3 que la entrega del tercer ciclo de la Renta Ciudadana se reprogramar\u00e1 para las familias no","og_url":"https:\/\/alprestamo.com\/blog\/reprogramacion-de-la-renta-ciudadana-quienes-deberan-esperar-para-cobrar\/","og_site_name":"Alprestamo - Hacemos que todo suceda","article_published_time":"2023-09-14T14:07:41+00:00","article_modified_time":"2023-09-14T15:34:21+00:00","og_image":[{"width":1200,"height":675,"url":"https:\/\/alprestamo.com\/blog\/wp-content\/uploads\/2023\/05\/renta-ciudadana.jpg","type":"image\/jpeg"}],"author":"Ramiro Querejeta","twitter_card":"summary_large_image","twitter_misc":{"Escrito por":"Ramiro Querejeta","Tiempo de lectura":"2 minutos"},"schema":{"@context":"https:\/\/schema.org","@graph":[{"@type":"NewsArticle","@id":"https:\/\/alprestamo.com\/blog\/reprogramacion-de-la-renta-ciudadana-quienes-deberan-esperar-para-cobrar\/#article","isPartOf":{"@id":"https:\/\/alprestamo.com\/blog\/reprogramacion-de-la-renta-ciudadana-quienes-deberan-esperar-para-cobrar\/"},"author":{"name":"Ramiro Querejeta","@id":"https:\/\/alprestamo.com\/blog\/#\/schema\/person\/4c568603ceb381762b4c9062d42c7627"},"headline":"Reprogramaci\u00f3n de la Renta Ciudadana: qui\u00e9nes deber\u00e1n esperar para cobrar\u00a0","datePublished":"2023-09-14T14:07:41+00:00","dateModified":"2023-09-14T15:34:21+00:00","mainEntityOfPage":{"@id":"https:\/\/alprestamo.com\/blog\/reprogramacion-de-la-renta-ciudadana-quienes-deberan-esperar-para-cobrar\/"},"wordCount":425,"publisher":{"@id":"https:\/\/alprestamo.com\/blog\/#organization"},"image":{"@id":"https:\/\/alprestamo.com\/blog\/reprogramacion-de-la-renta-ciudadana-quienes-deberan-esperar-para-cobrar\/#primaryimage"},"thumbnailUrl":"https:\/\/alprestamo.com\/blog\/wp-content\/uploads\/2023\/05\/renta-ciudadana.jpg","articleSection":["CO","Portada","Programas sociales"],"inLanguage":"es-AR"},{"@type":"WebPage","@id":"https:\/\/alprestamo.com\/blog\/reprogramacion-de-la-renta-ciudadana-quienes-deberan-esperar-para-cobrar\/","url":"https:\/\/alprestamo.com\/blog\/reprogramacion-de-la-renta-ciudadana-quienes-deberan-esperar-para-cobrar\/","name":"Reprogramaci\u00f3n de la Renta Ciudadana: qui\u00e9nes deber\u00e1n esperar para cobrar\u00a0","isPartOf":{"@id":"https:\/\/alprestamo.com\/blog\/#website"},"primaryImageOfPage":{"@id":"https:\/\/alprestamo.com\/blog\/reprogramacion-de-la-renta-ciudadana-quienes-deberan-esperar-para-cobrar\/#primaryimage"},"image":{"@id":"https:\/\/alprestamo.com\/blog\/reprogramacion-de-la-renta-ciudadana-quienes-deberan-esperar-para-cobrar\/#primaryimage"},"thumbnailUrl":"https:\/\/alprestamo.com\/blog\/wp-content\/uploads\/2023\/05\/renta-ciudadana.jpg","datePublished":"2023-09-14T14:07:41+00:00","dateModified":"2023-09-14T15:34:21+00:00","description":"El Departamento de Prosperidad Social (DPS) comunic\u00f3 que la entrega del tercer ciclo de la Renta Ciudadana se reprogramar\u00e1 para las familias no","breadcrumb":{"@id":"https:\/\/alprestamo.com\/blog\/reprogramacion-de-la-renta-ciudadana-quienes-deberan-esperar-para-cobrar\/#breadcrumb"},"inLanguage":"es-AR","potentialAction":[{"@type":"ReadAction","target":["https:\/\/alprestamo.com\/blog\/reprogramacion-de-la-renta-ciudadana-quienes-deberan-esperar-para-cobrar\/"]}]},{"@type":"ImageObject","inLanguage":"es-AR","@id":"https:\/\/alprestamo.com\/blog\/reprogramacion-de-la-renta-ciudadana-quienes-deberan-esperar-para-cobrar\/#primaryimage","url":"https:\/\/alprestamo.com\/blog\/wp-content\/uploads\/2023\/05\/renta-ciudadana.jpg","contentUrl":"https:\/\/alprestamo.com\/blog\/wp-content\/uploads\/2023\/05\/renta-ciudadana.jpg","width":1200,"height":675,"caption":"Renta Ciudadana"},{"@type":"BreadcrumbList","@id":"https:\/\/alprestamo.com\/blog\/reprogramacion-de-la-renta-ciudadana-quienes-deberan-esperar-para-cobrar\/#breadcrumb","itemListElement":[{"@type":"ListItem","position":1,"name":"Home","item":"https:\/\/alprestamo.com\/blog\/"},{"@type":"ListItem","position":2,"name":"Reprogramaci\u00f3n de la Renta Ciudadana: qui\u00e9nes deber\u00e1n esperar para cobrar\u00a0"}]},{"@type":"WebSite","@id":"https:\/\/alprestamo.com\/blog\/#website","url":"https:\/\/alprestamo.com\/blog\/","name":"Alprestamo","description":"Hacemos que todo suceda","publisher":{"@id":"https:\/\/alprestamo.com\/blog\/#organization"},"potentialAction":[{"@type":"SearchAction","target":{"@type":"EntryPoint","urlTemplate":"https:\/\/alprestamo.com\/blog\/?s={search_term_string}"},"query-input":"required name=search_term_string"}],"inLanguage":"es-AR"},{"@type":"Organization","@id":"https:\/\/alprestamo.com\/blog\/#organization","name":"Alprestamo","url":"https:\/\/alprestamo.com\/blog\/","logo":{"@type":"ImageObject","inLanguage":"es-AR","@id":"https:\/\/alprestamo.com\/blog\/#\/schema\/logo\/image\/","url":"https:\/\/alprestamo.com\/blog\/wp-content\/uploads\/2022\/10\/Imagotipo_Blanco.svg","contentUrl":"https:\/\/alprestamo.com\/blog\/wp-content\/uploads\/2022\/10\/Imagotipo_Blanco.svg","width":1199,"height":203,"caption":"Alprestamo"},"image":{"@id":"https:\/\/alprestamo.com\/blog\/#\/schema\/logo\/image\/"}},{"@type":"Person","@id":"https:\/\/alprestamo.com\/blog\/#\/schema\/person\/4c568603ceb381762b4c9062d42c7627","name":"Ramiro Querejeta","image":{"@type":"ImageObject","inLanguage":"es-AR","@id":"https:\/\/alprestamo.com\/blog\/#\/schema\/person\/image\/","url":"https:\/\/alprestamo.com\/blog\/wp-content\/uploads\/2025\/08\/1688503693490-150x150.jpeg","contentUrl":"https:\/\/alprestamo.com\/blog\/wp-content\/uploads\/2025\/08\/1688503693490-150x150.jpeg","caption":"Ramiro Querejeta"},"url":"https:\/\/alprestamo.com\/blog\/author\/ramiro\/"}]}},"uagb_featured_image_src":{"full":["https:\/\/alprestamo.com\/blog\/wp-content\/uploads\/2023\/05\/renta-ciudadana.jpg",1200,675,false],"thumbnail":["https:\/\/alprestamo.com\/blog\/wp-content\/uploads\/2023\/05\/renta-ciudadana-150x150.jpg",150,150,true],"medium":["https:\/\/alprestamo.com\/blog\/wp-content\/uploads\/2023\/05\/renta-ciudadana-300x169.jpg",300,169,true],"medium_large":["https:\/\/alprestamo.com\/blog\/wp-content\/uploads\/2023\/05\/renta-ciudadana-768x432.jpg",768,432,true],"large":["https:\/\/alprestamo.com\/blog\/wp-content\/uploads\/2023\/05\/renta-ciudadana-1024x576.jpg",1024,576,true],"1536x1536":["https:\/\/alprestamo.com\/blog\/wp-content\/uploads\/2023\/05\/renta-ciudadana.jpg",1200,675,false],"2048x2048":["https:\/\/alprestamo.com\/blog\/wp-content\/uploads\/2023\/05\/renta-ciudadana.jpg",1200,675,false]},"uagb_author_info":{"display_name":"Ramiro Querejeta","author_link":"https:\/\/alprestamo.com\/blog\/author\/ramiro\/"},"uagb_comment_info":0,"uagb_excerpt":"El Departamento de Prosperidad Social (DPS) comunic\u00f3 que la entrega del tercer ciclo de la Renta Ciudadana se reprogramar\u00e1 para las familias no bancarizadas en 19 puntos de pago para garantizar su seguridad. De esta manera, alguno de los beneficiarios no recibieron el pago el 12 de septiembre, como estaba pautado. Qui\u00e9nes deber\u00e1n esperar para&hellip;","rttpg_featured_image_url":{"full":["https:\/\/alprestamo.com\/blog\/wp-content\/uploads\/2023\/05\/renta-ciudadana.jpg",1200,675,false],"landscape":["https:\/\/alprestamo.com\/blog\/wp-content\/uploads\/2023\/05\/renta-ciudadana.jpg",1200,675,false],"portraits":["https:\/\/alprestamo.com\/blog\/wp-content\/uploads\/2023\/05\/renta-ciudadana.jpg",1200,675,false],"thumbnail":["https:\/\/alprestamo.com\/blog\/wp-content\/uploads\/2023\/05\/renta-ciudadana-150x150.jpg",150,150,true],"medium":["https:\/\/alprestamo.com\/blog\/wp-content\/uploads\/2023\/05\/renta-ciudadana-300x169.jpg",300,169,true],"large":["https:\/\/alprestamo.com\/blog\/wp-content\/uploads\/2023\/05\/renta-ciudadana-1024x576.jpg",1024,576,true],"1536x1536":["https:\/\/alprestamo.com\/blog\/wp-content\/uploads\/2023\/05\/renta-ciudadana.jpg",1200,675,false],"2048x2048":["https:\/\/alprestamo.com\/blog\/wp-content\/uploads\/2023\/05\/renta-ciudadana.jpg",1200,675,false],"rt_custom":["https:\/\/alprestamo.com\/blog\/wp-content\/uploads\/2023\/05\/renta-ciudadana.jpg",1200,675,false]},"rttpg_author":{"display_name":"Ramiro Querejeta","author_link":"https:\/\/alprestamo.com\/blog\/author\/ramiro\/"},"rttpg_comment":0,"rttpg_category":"<a href=\"https:\/\/alprestamo.com\/blog\/categoria\/co\/\" rel=\"category tag\">CO<\/a> <a href=\"https:\/\/alprestamo.com\/blog\/categoria\/co\/portada-co\/\" rel=\"category tag\">Portada<\/a> <a href=\"https:\/\/alprestamo.com\/blog\/categoria\/co\/programas-sociales\/\" rel=\"category tag\">Programas sociales<\/a>","rttpg_excerpt":"El Departamento de Prosperidad Social (DPS) comunic\u00f3 que la entrega del tercer ciclo de la Renta Ciudadana se reprogramar\u00e1 para las familias no bancarizadas en 19 puntos de pago para garantizar su seguridad. De esta manera, alguno de los beneficiarios no recibieron el pago el 12 de septiembre, como estaba pautado. Qui\u00e9nes deber\u00e1n esperar para&hellip;","_links":{"self":[{"href":"https:\/\/alprestamo.com\/blog\/wp-json\/wp\/v2\/posts\/29936"}],"collection":[{"href":"https:\/\/alprestamo.com\/blog\/wp-json\/wp\/v2\/posts"}],"about":[{"href":"https:\/\/alprestamo.com\/blog\/wp-json\/wp\/v2\/types\/post"}],"author":[{"embeddable":true,"href":"https:\/\/alprestamo.com\/blog\/wp-json\/wp\/v2\/users\/9"}],"replies":[{"embeddable":true,"href":"https:\/\/alprestamo.com\/blog\/wp-json\/wp\/v2\/comments?post=29936"}],"version-history":[{"count":5,"href":"https:\/\/alprestamo.com\/blog\/wp-json\/wp\/v2\/posts\/29936\/revisions"}],"predecessor-version":[{"id":29980,"href":"https:\/\/alprestamo.com\/blog\/wp-json\/wp\/v2\/posts\/29936\/revisions\/29980"}],"wp:featuredmedia":[{"embeddable":true,"href":"https:\/\/alprestamo.com\/blog\/wp-json\/wp\/v2\/media\/22937"}],"wp:attachment":[{"href":"https:\/\/alprestamo.com\/blog\/wp-json\/wp\/v2\/media?parent=29936"}],"wp:term":[{"taxonomy":"category","embeddable":true,"href":"https:\/\/alprestamo.com\/blog\/wp-json\/wp\/v2\/categories?post=29936"},{"taxonomy":"post_tag","embeddable":true,"href":"https:\/\/alprestamo.com\/blog\/wp-json\/wp\/v2\/tags?post=29936"}],"curies":[{"name":"wp","href":"https:\/\/api.w.org\/{rel}","templated":true}]}}