{"id":29977,"date":"2023-09-14T14:50:03","date_gmt":"2023-09-14T17:50:03","guid":{"rendered":"https:\/\/alprestamo.com\/blog\/?p=29977"},"modified":"2023-09-14T14:54:11","modified_gmt":"2023-09-14T17:54:11","slug":"como-recibo-la-tarjeta-de-mi-beca-para-empezar","status":"publish","type":"post","link":"https:\/\/alprestamo.com\/blog\/como-recibo-la-tarjeta-de-mi-beca-para-empezar\/","title":{"rendered":"C\u00f3mo recibo la tarjeta de Mi Beca para Empezar\u00a0"},"content":{"rendered":"\n<p>Si es la primera vez que tus hijos comenzar\u00e1n a recibir el apoyo del programa <strong>Mi Beca Para Empezar<\/strong>, en esta nota te contaremos en qu\u00e9 fecha recibir\u00e1n el dinero y en d\u00f3nde se realizar\u00e1 la entrega de las tarjetas.\u00a0<\/p>\n\n\n\n<p>Mi Beca para Empezar es un<strong> apoyo econ\u00f3mico del gobierno<\/strong> que entrega a ni\u00f1os y adolescentes inscritos en el ciclo escolar 2023-2024 en el nivel b\u00e1sico de escuelas p\u00fablicas y <strong>Centros de Atenci\u00f3n M\u00faltiple de la Ciudad de M\u00e9xico<\/strong>. Tiene como finalidad dar un mano para que los hogares puedan hacer frente a los costos de lo<strong>s \u00fatiles y uniformes escolares<\/strong>.\u00a0<\/p>\n\n\n\n<h2 class=\"wp-block-heading\">C\u00f3mo registrarse a Mi Beca para Empezar<\/h2>\n\n\n\n<p>Para inscribirse al programa, deber\u00e1s ingresar al <a href=\"https:\/\/registro.mibecaparaempezar.cdmx.gob.mx\">siguiente enlace<\/a> e iniciar sesi\u00f3n en el sistema a trav\u00e9s de la <strong>Llave Digital CDMX<\/strong>, que se obtuvo cuando se realiz\u00f3 el registro la primera vez. Luego deber\u00e1s ingresar estos datos:\u00a0<\/p>\n\n\n\n<ul class=\"wp-block-list\">\n<li>CURP<\/li>\n\n\n\n<li>Nombre completo<\/li>\n\n\n\n<li>Sexo<\/li>\n\n\n\n<li>Domicilio<\/li>\n\n\n\n<li>Fecha de nacimiento<\/li>\n<\/ul>\n\n\n\n<p>Cabe destacar que el Gobierno de M\u00e9xico extendi\u00f3 el registro hasta el 30 de septiembre, por lo todav\u00eda se pueden anotar a los ni\u00f1os o adolescentes.&nbsp;&nbsp;<\/p>\n\n\n\n<h2 class=\"wp-block-heading\">Cu\u00e1nto dinero entrega Mi Beca para Empezar<\/h2>\n\n\n\n<p>Seg\u00fan el sitio oficial de <em>Mi Beca para Empezar<\/em>, el apoyo econ\u00f3mico es mensual y los montos dependen del grado escolar del estudiante beneficiario.&nbsp;<\/p>\n\n\n\n<p>600 pesos para ni\u00f1os y ni\u00f1as matriculados en escuelas p\u00fablicas de nivel preescolar<\/p>\n\n\n\n<p>650 pesos para matriculados en escuelas p\u00fablicas de nivel b\u00e1sico (primaria y secundaria)<\/p>\n\n\n\n<p>650 pesos para personas registradas en Centros de Atenci\u00f3n M\u00faltiple de nivel preescolar, primaria, secundaria y laboral.&nbsp;<\/p>\n","protected":false},"excerpt":{"rendered":"<p>Si es la primera vez que tus hijos comenzar\u00e1n a recibir el apoyo del programa Mi Beca Para Empezar, en esta nota te contaremos en qu\u00e9 fecha recibir\u00e1n el dinero y en d\u00f3nde se realizar\u00e1 la entrega de las tarjetas.\u00a0 Mi Beca para Empezar es un apoyo econ\u00f3mico del gobierno que entrega a ni\u00f1os y &hellip;<\/p>\n<p class=\"read-more\"> <a class=\"\" href=\"https:\/\/alprestamo.com\/blog\/como-recibo-la-tarjeta-de-mi-beca-para-empezar\/\"> <span class=\"screen-reader-text\">C\u00f3mo recibo la tarjeta de Mi Beca para Empezar\u00a0<\/span> Leer m\u00e1s &raquo;<\/a><\/p>\n","protected":false},"author":9,"featured_media":29983,"comment_status":"closed","ping_status":"closed","sticky":false,"template":"","format":"standard","meta":{"_uag_custom_page_level_css":"","site-sidebar-layout":"default","site-content-layout":"default","ast-global-header-display":"","ast-banner-title-visibility":"","ast-main-header-display":"","ast-hfb-above-header-display":"","ast-hfb-below-header-display":"","ast-hfb-mobile-header-display":"","site-post-title":"","ast-breadcrumbs-content":"","ast-featured-img":"","footer-sml-layout":"","theme-transparent-header-meta":"","adv-header-id-meta":"","stick-header-meta":"","header-above-stick-meta":"","header-main-stick-meta":"","header-below-stick-meta":"","footnotes":""},"categories":[130,203,32],"tags":[],"class_list":["post-29977","post","type-post","status-publish","format-standard","has-post-thumbnail","hentry","category-mx","category-portada-mx","category-programas-sociales-mx"],"acf":[],"yoast_head":"<!-- This site is optimized with the Yoast SEO plugin v23.2 - https:\/\/yoast.com\/wordpress\/plugins\/seo\/ -->\n<title>C\u00f3mo recibo la tarjeta de Mi Beca para Empezar\u00a0<\/title>\n<meta name=\"description\" content=\"Si es la primera vez que tus hijos comenzar\u00e1n a recibir el apoyo del programa Mi Beca Para Empezar, en esta nota te contaremos en qu\u00e9 fecha recibir\u00e1n el\" \/>\n<meta name=\"robots\" content=\"index, follow, max-snippet:-1, max-image-preview:large, max-video-preview:-1\" \/>\n<link rel=\"canonical\" href=\"https:\/\/alprestamo.com\/blog\/como-recibo-la-tarjeta-de-mi-beca-para-empezar\/\" \/>\n<meta property=\"og:locale\" content=\"es_ES\" \/>\n<meta property=\"og:type\" content=\"article\" \/>\n<meta property=\"og:title\" content=\"C\u00f3mo recibo la tarjeta de Mi Beca para Empezar\u00a0\" \/>\n<meta property=\"og:description\" content=\"Si es la primera vez que tus hijos comenzar\u00e1n a recibir el apoyo del programa Mi Beca Para Empezar, en esta nota te contaremos en qu\u00e9 fecha recibir\u00e1n el\" \/>\n<meta property=\"og:url\" content=\"https:\/\/alprestamo.com\/blog\/como-recibo-la-tarjeta-de-mi-beca-para-empezar\/\" \/>\n<meta property=\"og:site_name\" content=\"Alprestamo - Hacemos que todo suceda\" \/>\n<meta property=\"article:published_time\" content=\"2023-09-14T17:50:03+00:00\" \/>\n<meta property=\"article:modified_time\" content=\"2023-09-14T17:54:11+00:00\" \/>\n<meta property=\"og:image\" content=\"https:\/\/alprestamo.com\/blog\/wp-content\/uploads\/2023\/09\/Diseno-sin-titulo-19.jpg\" \/>\n\t<meta property=\"og:image:width\" content=\"1024\" \/>\n\t<meta property=\"og:image:height\" content=\"768\" \/>\n\t<meta property=\"og:image:type\" content=\"image\/jpeg\" \/>\n<meta name=\"author\" content=\"Ramiro Querejeta\" \/>\n<meta name=\"twitter:card\" content=\"summary_large_image\" \/>\n<meta name=\"twitter:label1\" content=\"Escrito por\" \/>\n\t<meta name=\"twitter:data1\" content=\"Ramiro Querejeta\" \/>\n\t<meta name=\"twitter:label2\" content=\"Tiempo de lectura\" \/>\n\t<meta name=\"twitter:data2\" content=\"1 minuto\" \/>\n<script type=\"application\/ld+json\" class=\"yoast-schema-graph\">{\"@context\":\"https:\/\/schema.org\",\"@graph\":[{\"@type\":\"NewsArticle\",\"@id\":\"https:\/\/alprestamo.com\/blog\/como-recibo-la-tarjeta-de-mi-beca-para-empezar\/#article\",\"isPartOf\":{\"@id\":\"https:\/\/alprestamo.com\/blog\/como-recibo-la-tarjeta-de-mi-beca-para-empezar\/\"},\"author\":{\"name\":\"Ramiro Querejeta\",\"@id\":\"https:\/\/alprestamo.com\/blog\/#\/schema\/person\/4c568603ceb381762b4c9062d42c7627\"},\"headline\":\"C\u00f3mo recibo la tarjeta de Mi Beca para Empezar\u00a0\",\"datePublished\":\"2023-09-14T17:50:03+00:00\",\"dateModified\":\"2023-09-14T17:54:11+00:00\",\"mainEntityOfPage\":{\"@id\":\"https:\/\/alprestamo.com\/blog\/como-recibo-la-tarjeta-de-mi-beca-para-empezar\/\"},\"wordCount\":292,\"publisher\":{\"@id\":\"https:\/\/alprestamo.com\/blog\/#organization\"},\"image\":{\"@id\":\"https:\/\/alprestamo.com\/blog\/como-recibo-la-tarjeta-de-mi-beca-para-empezar\/#primaryimage\"},\"thumbnailUrl\":\"https:\/\/alprestamo.com\/blog\/wp-content\/uploads\/2023\/09\/Diseno-sin-titulo-19.jpg\",\"articleSection\":[\"MX\",\"Portada\",\"Programas Sociales\"],\"inLanguage\":\"es-AR\"},{\"@type\":\"WebPage\",\"@id\":\"https:\/\/alprestamo.com\/blog\/como-recibo-la-tarjeta-de-mi-beca-para-empezar\/\",\"url\":\"https:\/\/alprestamo.com\/blog\/como-recibo-la-tarjeta-de-mi-beca-para-empezar\/\",\"name\":\"C\u00f3mo recibo la tarjeta de Mi Beca para Empezar\u00a0\",\"isPartOf\":{\"@id\":\"https:\/\/alprestamo.com\/blog\/#website\"},\"primaryImageOfPage\":{\"@id\":\"https:\/\/alprestamo.com\/blog\/como-recibo-la-tarjeta-de-mi-beca-para-empezar\/#primaryimage\"},\"image\":{\"@id\":\"https:\/\/alprestamo.com\/blog\/como-recibo-la-tarjeta-de-mi-beca-para-empezar\/#primaryimage\"},\"thumbnailUrl\":\"https:\/\/alprestamo.com\/blog\/wp-content\/uploads\/2023\/09\/Diseno-sin-titulo-19.jpg\",\"datePublished\":\"2023-09-14T17:50:03+00:00\",\"dateModified\":\"2023-09-14T17:54:11+00:00\",\"description\":\"Si es la primera vez que tus hijos comenzar\u00e1n a recibir el apoyo del programa Mi Beca Para Empezar, en esta nota te contaremos en qu\u00e9 fecha recibir\u00e1n el\",\"breadcrumb\":{\"@id\":\"https:\/\/alprestamo.com\/blog\/como-recibo-la-tarjeta-de-mi-beca-para-empezar\/#breadcrumb\"},\"inLanguage\":\"es-AR\",\"potentialAction\":[{\"@type\":\"ReadAction\",\"target\":[\"https:\/\/alprestamo.com\/blog\/como-recibo-la-tarjeta-de-mi-beca-para-empezar\/\"]}]},{\"@type\":\"ImageObject\",\"inLanguage\":\"es-AR\",\"@id\":\"https:\/\/alprestamo.com\/blog\/como-recibo-la-tarjeta-de-mi-beca-para-empezar\/#primaryimage\",\"url\":\"https:\/\/alprestamo.com\/blog\/wp-content\/uploads\/2023\/09\/Diseno-sin-titulo-19.jpg\",\"contentUrl\":\"https:\/\/alprestamo.com\/blog\/wp-content\/uploads\/2023\/09\/Diseno-sin-titulo-19.jpg\",\"width\":1024,\"height\":768,\"caption\":\"Tarjeta Mi Beca para Empezar\"},{\"@type\":\"BreadcrumbList\",\"@id\":\"https:\/\/alprestamo.com\/blog\/como-recibo-la-tarjeta-de-mi-beca-para-empezar\/#breadcrumb\",\"itemListElement\":[{\"@type\":\"ListItem\",\"position\":1,\"name\":\"Home\",\"item\":\"https:\/\/alprestamo.com\/blog\/\"},{\"@type\":\"ListItem\",\"position\":2,\"name\":\"C\u00f3mo recibo la tarjeta de Mi Beca para Empezar\u00a0\"}]},{\"@type\":\"WebSite\",\"@id\":\"https:\/\/alprestamo.com\/blog\/#website\",\"url\":\"https:\/\/alprestamo.com\/blog\/\",\"name\":\"Alprestamo\",\"description\":\"Hacemos que todo suceda\",\"publisher\":{\"@id\":\"https:\/\/alprestamo.com\/blog\/#organization\"},\"potentialAction\":[{\"@type\":\"SearchAction\",\"target\":{\"@type\":\"EntryPoint\",\"urlTemplate\":\"https:\/\/alprestamo.com\/blog\/?s={search_term_string}\"},\"query-input\":\"required name=search_term_string\"}],\"inLanguage\":\"es-AR\"},{\"@type\":\"Organization\",\"@id\":\"https:\/\/alprestamo.com\/blog\/#organization\",\"name\":\"Alprestamo\",\"url\":\"https:\/\/alprestamo.com\/blog\/\",\"logo\":{\"@type\":\"ImageObject\",\"inLanguage\":\"es-AR\",\"@id\":\"https:\/\/alprestamo.com\/blog\/#\/schema\/logo\/image\/\",\"url\":\"https:\/\/alprestamo.com\/blog\/wp-content\/uploads\/2022\/10\/Imagotipo_Blanco.svg\",\"contentUrl\":\"https:\/\/alprestamo.com\/blog\/wp-content\/uploads\/2022\/10\/Imagotipo_Blanco.svg\",\"width\":1199,\"height\":203,\"caption\":\"Alprestamo\"},\"image\":{\"@id\":\"https:\/\/alprestamo.com\/blog\/#\/schema\/logo\/image\/\"}},{\"@type\":\"Person\",\"@id\":\"https:\/\/alprestamo.com\/blog\/#\/schema\/person\/4c568603ceb381762b4c9062d42c7627\",\"name\":\"Ramiro Querejeta\",\"image\":{\"@type\":\"ImageObject\",\"inLanguage\":\"es-AR\",\"@id\":\"https:\/\/alprestamo.com\/blog\/#\/schema\/person\/image\/\",\"url\":\"https:\/\/alprestamo.com\/blog\/wp-content\/uploads\/2025\/08\/1688503693490-150x150.jpeg\",\"contentUrl\":\"https:\/\/alprestamo.com\/blog\/wp-content\/uploads\/2025\/08\/1688503693490-150x150.jpeg\",\"caption\":\"Ramiro Querejeta\"},\"url\":\"https:\/\/alprestamo.com\/blog\/author\/ramiro\/\"}]}<\/script>\n<!-- \/ Yoast SEO plugin. -->","yoast_head_json":{"title":"C\u00f3mo recibo la tarjeta de Mi Beca para Empezar\u00a0","description":"Si es la primera vez que tus hijos comenzar\u00e1n a recibir el apoyo del programa Mi Beca Para Empezar, en esta nota te contaremos en qu\u00e9 fecha recibir\u00e1n el","robots":{"index":"index","follow":"follow","max-snippet":"max-snippet:-1","max-image-preview":"max-image-preview:large","max-video-preview":"max-video-preview:-1"},"canonical":"https:\/\/alprestamo.com\/blog\/como-recibo-la-tarjeta-de-mi-beca-para-empezar\/","og_locale":"es_ES","og_type":"article","og_title":"C\u00f3mo recibo la tarjeta de Mi Beca para Empezar\u00a0","og_description":"Si es la primera vez que tus hijos comenzar\u00e1n a recibir el apoyo del programa Mi Beca Para Empezar, en esta nota te contaremos en qu\u00e9 fecha recibir\u00e1n el","og_url":"https:\/\/alprestamo.com\/blog\/como-recibo-la-tarjeta-de-mi-beca-para-empezar\/","og_site_name":"Alprestamo - Hacemos que todo suceda","article_published_time":"2023-09-14T17:50:03+00:00","article_modified_time":"2023-09-14T17:54:11+00:00","og_image":[{"width":1024,"height":768,"url":"https:\/\/alprestamo.com\/blog\/wp-content\/uploads\/2023\/09\/Diseno-sin-titulo-19.jpg","type":"image\/jpeg"}],"author":"Ramiro Querejeta","twitter_card":"summary_large_image","twitter_misc":{"Escrito por":"Ramiro Querejeta","Tiempo de lectura":"1 minuto"},"schema":{"@context":"https:\/\/schema.org","@graph":[{"@type":"NewsArticle","@id":"https:\/\/alprestamo.com\/blog\/como-recibo-la-tarjeta-de-mi-beca-para-empezar\/#article","isPartOf":{"@id":"https:\/\/alprestamo.com\/blog\/como-recibo-la-tarjeta-de-mi-beca-para-empezar\/"},"author":{"name":"Ramiro Querejeta","@id":"https:\/\/alprestamo.com\/blog\/#\/schema\/person\/4c568603ceb381762b4c9062d42c7627"},"headline":"C\u00f3mo recibo la tarjeta de Mi Beca para Empezar\u00a0","datePublished":"2023-09-14T17:50:03+00:00","dateModified":"2023-09-14T17:54:11+00:00","mainEntityOfPage":{"@id":"https:\/\/alprestamo.com\/blog\/como-recibo-la-tarjeta-de-mi-beca-para-empezar\/"},"wordCount":292,"publisher":{"@id":"https:\/\/alprestamo.com\/blog\/#organization"},"image":{"@id":"https:\/\/alprestamo.com\/blog\/como-recibo-la-tarjeta-de-mi-beca-para-empezar\/#primaryimage"},"thumbnailUrl":"https:\/\/alprestamo.com\/blog\/wp-content\/uploads\/2023\/09\/Diseno-sin-titulo-19.jpg","articleSection":["MX","Portada","Programas Sociales"],"inLanguage":"es-AR"},{"@type":"WebPage","@id":"https:\/\/alprestamo.com\/blog\/como-recibo-la-tarjeta-de-mi-beca-para-empezar\/","url":"https:\/\/alprestamo.com\/blog\/como-recibo-la-tarjeta-de-mi-beca-para-empezar\/","name":"C\u00f3mo recibo la tarjeta de Mi Beca para Empezar\u00a0","isPartOf":{"@id":"https:\/\/alprestamo.com\/blog\/#website"},"primaryImageOfPage":{"@id":"https:\/\/alprestamo.com\/blog\/como-recibo-la-tarjeta-de-mi-beca-para-empezar\/#primaryimage"},"image":{"@id":"https:\/\/alprestamo.com\/blog\/como-recibo-la-tarjeta-de-mi-beca-para-empezar\/#primaryimage"},"thumbnailUrl":"https:\/\/alprestamo.com\/blog\/wp-content\/uploads\/2023\/09\/Diseno-sin-titulo-19.jpg","datePublished":"2023-09-14T17:50:03+00:00","dateModified":"2023-09-14T17:54:11+00:00","description":"Si es la primera vez que tus hijos comenzar\u00e1n a recibir el apoyo del programa Mi Beca Para Empezar, en esta nota te contaremos en qu\u00e9 fecha recibir\u00e1n el","breadcrumb":{"@id":"https:\/\/alprestamo.com\/blog\/como-recibo-la-tarjeta-de-mi-beca-para-empezar\/#breadcrumb"},"inLanguage":"es-AR","potentialAction":[{"@type":"ReadAction","target":["https:\/\/alprestamo.com\/blog\/como-recibo-la-tarjeta-de-mi-beca-para-empezar\/"]}]},{"@type":"ImageObject","inLanguage":"es-AR","@id":"https:\/\/alprestamo.com\/blog\/como-recibo-la-tarjeta-de-mi-beca-para-empezar\/#primaryimage","url":"https:\/\/alprestamo.com\/blog\/wp-content\/uploads\/2023\/09\/Diseno-sin-titulo-19.jpg","contentUrl":"https:\/\/alprestamo.com\/blog\/wp-content\/uploads\/2023\/09\/Diseno-sin-titulo-19.jpg","width":1024,"height":768,"caption":"Tarjeta Mi Beca para Empezar"},{"@type":"BreadcrumbList","@id":"https:\/\/alprestamo.com\/blog\/como-recibo-la-tarjeta-de-mi-beca-para-empezar\/#breadcrumb","itemListElement":[{"@type":"ListItem","position":1,"name":"Home","item":"https:\/\/alprestamo.com\/blog\/"},{"@type":"ListItem","position":2,"name":"C\u00f3mo recibo la tarjeta de Mi Beca para Empezar\u00a0"}]},{"@type":"WebSite","@id":"https:\/\/alprestamo.com\/blog\/#website","url":"https:\/\/alprestamo.com\/blog\/","name":"Alprestamo","description":"Hacemos que todo suceda","publisher":{"@id":"https:\/\/alprestamo.com\/blog\/#organization"},"potentialAction":[{"@type":"SearchAction","target":{"@type":"EntryPoint","urlTemplate":"https:\/\/alprestamo.com\/blog\/?s={search_term_string}"},"query-input":"required name=search_term_string"}],"inLanguage":"es-AR"},{"@type":"Organization","@id":"https:\/\/alprestamo.com\/blog\/#organization","name":"Alprestamo","url":"https:\/\/alprestamo.com\/blog\/","logo":{"@type":"ImageObject","inLanguage":"es-AR","@id":"https:\/\/alprestamo.com\/blog\/#\/schema\/logo\/image\/","url":"https:\/\/alprestamo.com\/blog\/wp-content\/uploads\/2022\/10\/Imagotipo_Blanco.svg","contentUrl":"https:\/\/alprestamo.com\/blog\/wp-content\/uploads\/2022\/10\/Imagotipo_Blanco.svg","width":1199,"height":203,"caption":"Alprestamo"},"image":{"@id":"https:\/\/alprestamo.com\/blog\/#\/schema\/logo\/image\/"}},{"@type":"Person","@id":"https:\/\/alprestamo.com\/blog\/#\/schema\/person\/4c568603ceb381762b4c9062d42c7627","name":"Ramiro Querejeta","image":{"@type":"ImageObject","inLanguage":"es-AR","@id":"https:\/\/alprestamo.com\/blog\/#\/schema\/person\/image\/","url":"https:\/\/alprestamo.com\/blog\/wp-content\/uploads\/2025\/08\/1688503693490-150x150.jpeg","contentUrl":"https:\/\/alprestamo.com\/blog\/wp-content\/uploads\/2025\/08\/1688503693490-150x150.jpeg","caption":"Ramiro Querejeta"},"url":"https:\/\/alprestamo.com\/blog\/author\/ramiro\/"}]}},"uagb_featured_image_src":{"full":["https:\/\/alprestamo.com\/blog\/wp-content\/uploads\/2023\/09\/Diseno-sin-titulo-19.jpg",1024,768,false],"thumbnail":["https:\/\/alprestamo.com\/blog\/wp-content\/uploads\/2023\/09\/Diseno-sin-titulo-19-150x150.jpg",150,150,true],"medium":["https:\/\/alprestamo.com\/blog\/wp-content\/uploads\/2023\/09\/Diseno-sin-titulo-19-300x225.jpg",300,225,true],"medium_large":["https:\/\/alprestamo.com\/blog\/wp-content\/uploads\/2023\/09\/Diseno-sin-titulo-19-768x576.jpg",768,576,true],"large":["https:\/\/alprestamo.com\/blog\/wp-content\/uploads\/2023\/09\/Diseno-sin-titulo-19.jpg",1024,768,false],"1536x1536":["https:\/\/alprestamo.com\/blog\/wp-content\/uploads\/2023\/09\/Diseno-sin-titulo-19.jpg",1024,768,false],"2048x2048":["https:\/\/alprestamo.com\/blog\/wp-content\/uploads\/2023\/09\/Diseno-sin-titulo-19.jpg",1024,768,false]},"uagb_author_info":{"display_name":"Ramiro Querejeta","author_link":"https:\/\/alprestamo.com\/blog\/author\/ramiro\/"},"uagb_comment_info":0,"uagb_excerpt":"Si es la primera vez que tus hijos comenzar\u00e1n a recibir el apoyo del programa Mi Beca Para Empezar, en esta nota te contaremos en qu\u00e9 fecha recibir\u00e1n el dinero y en d\u00f3nde se realizar\u00e1 la entrega de las tarjetas.\u00a0 Mi Beca para Empezar es un apoyo econ\u00f3mico del gobierno que entrega a ni\u00f1os y&hellip;","rttpg_featured_image_url":{"full":["https:\/\/alprestamo.com\/blog\/wp-content\/uploads\/2023\/09\/Diseno-sin-titulo-19.jpg",1024,768,false],"landscape":["https:\/\/alprestamo.com\/blog\/wp-content\/uploads\/2023\/09\/Diseno-sin-titulo-19.jpg",1024,768,false],"portraits":["https:\/\/alprestamo.com\/blog\/wp-content\/uploads\/2023\/09\/Diseno-sin-titulo-19.jpg",1024,768,false],"thumbnail":["https:\/\/alprestamo.com\/blog\/wp-content\/uploads\/2023\/09\/Diseno-sin-titulo-19-150x150.jpg",150,150,true],"medium":["https:\/\/alprestamo.com\/blog\/wp-content\/uploads\/2023\/09\/Diseno-sin-titulo-19-300x225.jpg",300,225,true],"large":["https:\/\/alprestamo.com\/blog\/wp-content\/uploads\/2023\/09\/Diseno-sin-titulo-19.jpg",1024,768,false],"1536x1536":["https:\/\/alprestamo.com\/blog\/wp-content\/uploads\/2023\/09\/Diseno-sin-titulo-19.jpg",1024,768,false],"2048x2048":["https:\/\/alprestamo.com\/blog\/wp-content\/uploads\/2023\/09\/Diseno-sin-titulo-19.jpg",1024,768,false],"rt_custom":["https:\/\/alprestamo.com\/blog\/wp-content\/uploads\/2023\/09\/Diseno-sin-titulo-19.jpg",1024,768,false]},"rttpg_author":{"display_name":"Ramiro Querejeta","author_link":"https:\/\/alprestamo.com\/blog\/author\/ramiro\/"},"rttpg_comment":0,"rttpg_category":"<a href=\"https:\/\/alprestamo.com\/blog\/categoria\/mx\/\" rel=\"category tag\">MX<\/a> <a href=\"https:\/\/alprestamo.com\/blog\/categoria\/mx\/portada-mx\/\" rel=\"category tag\">Portada<\/a> <a href=\"https:\/\/alprestamo.com\/blog\/categoria\/mx\/programas-sociales-mx\/\" rel=\"category tag\">Programas Sociales<\/a>","rttpg_excerpt":"Si es la primera vez que tus hijos comenzar\u00e1n a recibir el apoyo del programa Mi Beca Para Empezar, en esta nota te contaremos en qu\u00e9 fecha recibir\u00e1n el dinero y en d\u00f3nde se realizar\u00e1 la entrega de las tarjetas.\u00a0 Mi Beca para Empezar es un apoyo econ\u00f3mico del gobierno que entrega a ni\u00f1os y&hellip;","_links":{"self":[{"href":"https:\/\/alprestamo.com\/blog\/wp-json\/wp\/v2\/posts\/29977"}],"collection":[{"href":"https:\/\/alprestamo.com\/blog\/wp-json\/wp\/v2\/posts"}],"about":[{"href":"https:\/\/alprestamo.com\/blog\/wp-json\/wp\/v2\/types\/post"}],"author":[{"embeddable":true,"href":"https:\/\/alprestamo.com\/blog\/wp-json\/wp\/v2\/users\/9"}],"replies":[{"embeddable":true,"href":"https:\/\/alprestamo.com\/blog\/wp-json\/wp\/v2\/comments?post=29977"}],"version-history":[{"count":4,"href":"https:\/\/alprestamo.com\/blog\/wp-json\/wp\/v2\/posts\/29977\/revisions"}],"predecessor-version":[{"id":29986,"href":"https:\/\/alprestamo.com\/blog\/wp-json\/wp\/v2\/posts\/29977\/revisions\/29986"}],"wp:featuredmedia":[{"embeddable":true,"href":"https:\/\/alprestamo.com\/blog\/wp-json\/wp\/v2\/media\/29983"}],"wp:attachment":[{"href":"https:\/\/alprestamo.com\/blog\/wp-json\/wp\/v2\/media?parent=29977"}],"wp:term":[{"taxonomy":"category","embeddable":true,"href":"https:\/\/alprestamo.com\/blog\/wp-json\/wp\/v2\/categories?post=29977"},{"taxonomy":"post_tag","embeddable":true,"href":"https:\/\/alprestamo.com\/blog\/wp-json\/wp\/v2\/tags?post=29977"}],"curies":[{"name":"wp","href":"https:\/\/api.w.org\/{rel}","templated":true}]}}