{"id":30044,"date":"2023-09-15T16:30:30","date_gmt":"2023-09-15T19:30:30","guid":{"rendered":"https:\/\/alprestamo.com\/blog\/?p=30044"},"modified":"2023-09-21T15:45:52","modified_gmt":"2023-09-21T18:45:52","slug":"conectados-por-la-educacion-como-es-el-programa-que-regala-tabletas","status":"publish","type":"post","link":"https:\/\/alprestamo.com\/blog\/conectados-por-la-educacion-como-es-el-programa-que-regala-tabletas\/","title":{"rendered":"Conectados por la Educaci\u00f3n: c\u00f3mo es el programa que regala tabletas\u00a0"},"content":{"rendered":"\n<p>La empresa de telecomunicaciones Claro, y la entidad bancaria BBVA, se unieron para llevar a m\u00e1s de 200 <strong>instituciones educativas de Colombia<\/strong> kits escolares, para fortalecer sus habilidades digitales e internet gratuito en la sala de tecnolog\u00eda. Solamente en la ciudad <strong>Ibagu\u00e9 <\/strong>(<strong>Tolima<\/strong>) 650 estudiantes quedar\u00e1n cubiertos con este programa.&nbsp;<\/p>\n\n\n\n<p>Adem\u00e1s, en el departamento, BBVA ya entreg\u00f3 480 kits en los \u00faltimos dos a\u00f1os para apoyar la permanencia educativa.&nbsp;<\/p>\n\n\n\n<h2 class=\"wp-block-heading\">Qu\u00e9 es Conectados por la Educaci\u00f3n&nbsp;<\/h2>\n\n\n\n<p><\/p>\n\n\n\n<p><strong>Conectados por la Educaci\u00f3n<\/strong> es un programa que busca garantizar internet gratis a 200 instituciones educativas en Colombia, entregar acceso a la tecnolog\u00eda con la<strong> entrega de 3000 tabletas<\/strong> y formaci\u00f3n en competencias steam (Ciencias. Tecnolog\u00eda, Ingenier\u00eda, Artes y Matem\u00e1ticas) a 600 docentes.&nbsp;<\/p>\n\n\n\n<p>Tanto Claro como <strong>BBVA <\/strong>unieron esfuerzos para dar <strong>internet gratuita<\/strong> a las salas de tecnolog\u00eda en instituciones educativas, dotar a las escuelas y colegios p\u00fablicos de tablets programadas con contenidos digitales y formar a docentes. En 2023 y durante los \u00faltimos dos a\u00f1os, la entidad bancaria ha beneficiado a 6500 estudiantes y 250 docentes en Tolima.<\/p>\n\n\n\n<p>Escuelas Conectadas ha llegado a 181 escuelas e instituciones educativas y m\u00e1s de 239.000 estudiantes, 27 departamentos y 74 municipios en Colombia.&nbsp;<\/p>\n\n\n\n<h2 class=\"wp-block-heading\">Tabletas gratuitas&nbsp;<\/h2>\n\n\n\n<p><\/p>\n\n\n\n<p>Las tabletas facilitar\u00e1n el acceso a libros literarios y formativos, adem\u00e1s, cuentan con acceso a plataformas con contenidos en sostenibilidad, ciencias, tecnolog\u00eda, ingenier\u00eda, matem\u00e1ticas, artes y habilidades blandas como resoluci\u00f3n de problemas, con el objetivo de que los estudiantes tengan mayor acceso y de manera m\u00e1s sencilla a este tipo de tecnolog\u00eda, para fortalecer los procesos de aprendizaje.&nbsp;<\/p>\n\n\n\n<p>Entre 2022 y el a\u00f1o corriente, BBVA entreg\u00f3 tambi\u00e9n m\u00e1s de 2600 kits alimentarios y con elementos de aseo para las familias del departamento de Tolima, afectadas por la emergencia clim\u00e1tica que gener\u00f3 durante un tiempo el Volc\u00e1n Nevado del Ruiz.<\/p>\n","protected":false},"excerpt":{"rendered":"<p>La empresa de telecomunicaciones Claro, y la entidad bancaria BBVA, se unieron para llevar a m\u00e1s de 200 instituciones educativas de Colombia kits escolares, para fortalecer sus habilidades digitales e internet gratuito en la sala de tecnolog\u00eda. Solamente en la ciudad Ibagu\u00e9 (Tolima) 650 estudiantes quedar\u00e1n cubiertos con este programa.&nbsp; Adem\u00e1s, en el departamento, BBVA &hellip;<\/p>\n<p class=\"read-more\"> <a class=\"\" href=\"https:\/\/alprestamo.com\/blog\/conectados-por-la-educacion-como-es-el-programa-que-regala-tabletas\/\"> <span class=\"screen-reader-text\">Conectados por la Educaci\u00f3n: c\u00f3mo es el programa que regala tabletas\u00a0<\/span> Leer m\u00e1s &raquo;<\/a><\/p>\n","protected":false},"author":9,"featured_media":30050,"comment_status":"closed","ping_status":"closed","sticky":false,"template":"","format":"standard","meta":{"_uag_custom_page_level_css":"","site-sidebar-layout":"default","site-content-layout":"default","ast-global-header-display":"","ast-banner-title-visibility":"","ast-main-header-display":"","ast-hfb-above-header-display":"","ast-hfb-below-header-display":"","ast-hfb-mobile-header-display":"","site-post-title":"","ast-breadcrumbs-content":"","ast-featured-img":"","footer-sml-layout":"","theme-transparent-header-meta":"","adv-header-id-meta":"","stick-header-meta":"","header-above-stick-meta":"","header-main-stick-meta":"","header-below-stick-meta":"","footnotes":""},"categories":[98,100],"tags":[],"class_list":["post-30044","post","type-post","status-publish","format-standard","has-post-thumbnail","hentry","category-co","category-programas-sociales"],"acf":[],"yoast_head":"<!-- This site is optimized with the Yoast SEO plugin v23.2 - https:\/\/yoast.com\/wordpress\/plugins\/seo\/ -->\n<title>Conectados por la Educaci\u00f3n: c\u00f3mo es el programa que regala tabletas\u00a0<\/title>\n<meta name=\"description\" content=\"La empresa de telecomunicaciones Claro, y la entidad bancaria BBVA, se unieron para llevar a m\u00e1s de 200 instituciones educativas de Colombia kits\" \/>\n<meta name=\"robots\" content=\"index, follow, max-snippet:-1, max-image-preview:large, max-video-preview:-1\" \/>\n<link rel=\"canonical\" href=\"https:\/\/alprestamo.com\/blog\/conectados-por-la-educacion-como-es-el-programa-que-regala-tabletas\/\" \/>\n<meta property=\"og:locale\" content=\"es_ES\" \/>\n<meta property=\"og:type\" content=\"article\" \/>\n<meta property=\"og:title\" content=\"Conectados por la Educaci\u00f3n: c\u00f3mo es el programa que regala tabletas\u00a0\" \/>\n<meta property=\"og:description\" content=\"La empresa de telecomunicaciones Claro, y la entidad bancaria BBVA, se unieron para llevar a m\u00e1s de 200 instituciones educativas de Colombia kits\" \/>\n<meta property=\"og:url\" content=\"https:\/\/alprestamo.com\/blog\/conectados-por-la-educacion-como-es-el-programa-que-regala-tabletas\/\" \/>\n<meta property=\"og:site_name\" content=\"Alprestamo - Hacemos que todo suceda\" \/>\n<meta property=\"article:published_time\" content=\"2023-09-15T19:30:30+00:00\" \/>\n<meta property=\"article:modified_time\" content=\"2023-09-21T18:45:52+00:00\" \/>\n<meta property=\"og:image\" content=\"https:\/\/alprestamo.com\/blog\/wp-content\/uploads\/2023\/09\/81803779_presentation_normal_none-1.jpg\" \/>\n\t<meta property=\"og:image:width\" content=\"1024\" \/>\n\t<meta property=\"og:image:height\" content=\"768\" \/>\n\t<meta property=\"og:image:type\" content=\"image\/jpeg\" \/>\n<meta name=\"author\" content=\"Ramiro Querejeta\" \/>\n<meta name=\"twitter:card\" content=\"summary_large_image\" \/>\n<meta name=\"twitter:label1\" content=\"Escrito por\" \/>\n\t<meta name=\"twitter:data1\" content=\"Ramiro Querejeta\" \/>\n\t<meta name=\"twitter:label2\" content=\"Tiempo de lectura\" \/>\n\t<meta name=\"twitter:data2\" content=\"2 minutos\" \/>\n<script type=\"application\/ld+json\" class=\"yoast-schema-graph\">{\"@context\":\"https:\/\/schema.org\",\"@graph\":[{\"@type\":\"NewsArticle\",\"@id\":\"https:\/\/alprestamo.com\/blog\/conectados-por-la-educacion-como-es-el-programa-que-regala-tabletas\/#article\",\"isPartOf\":{\"@id\":\"https:\/\/alprestamo.com\/blog\/conectados-por-la-educacion-como-es-el-programa-que-regala-tabletas\/\"},\"author\":{\"name\":\"Ramiro Querejeta\",\"@id\":\"https:\/\/alprestamo.com\/blog\/#\/schema\/person\/4c568603ceb381762b4c9062d42c7627\"},\"headline\":\"Conectados por la Educaci\u00f3n: c\u00f3mo es el programa que regala tabletas\u00a0\",\"datePublished\":\"2023-09-15T19:30:30+00:00\",\"dateModified\":\"2023-09-21T18:45:52+00:00\",\"mainEntityOfPage\":{\"@id\":\"https:\/\/alprestamo.com\/blog\/conectados-por-la-educacion-como-es-el-programa-que-regala-tabletas\/\"},\"wordCount\":331,\"publisher\":{\"@id\":\"https:\/\/alprestamo.com\/blog\/#organization\"},\"image\":{\"@id\":\"https:\/\/alprestamo.com\/blog\/conectados-por-la-educacion-como-es-el-programa-que-regala-tabletas\/#primaryimage\"},\"thumbnailUrl\":\"https:\/\/alprestamo.com\/blog\/wp-content\/uploads\/2023\/09\/81803779_presentation_normal_none-1.jpg\",\"articleSection\":[\"CO\",\"Programas sociales\"],\"inLanguage\":\"es-AR\"},{\"@type\":\"WebPage\",\"@id\":\"https:\/\/alprestamo.com\/blog\/conectados-por-la-educacion-como-es-el-programa-que-regala-tabletas\/\",\"url\":\"https:\/\/alprestamo.com\/blog\/conectados-por-la-educacion-como-es-el-programa-que-regala-tabletas\/\",\"name\":\"Conectados por la Educaci\u00f3n: c\u00f3mo es el programa que regala tabletas\u00a0\",\"isPartOf\":{\"@id\":\"https:\/\/alprestamo.com\/blog\/#website\"},\"primaryImageOfPage\":{\"@id\":\"https:\/\/alprestamo.com\/blog\/conectados-por-la-educacion-como-es-el-programa-que-regala-tabletas\/#primaryimage\"},\"image\":{\"@id\":\"https:\/\/alprestamo.com\/blog\/conectados-por-la-educacion-como-es-el-programa-que-regala-tabletas\/#primaryimage\"},\"thumbnailUrl\":\"https:\/\/alprestamo.com\/blog\/wp-content\/uploads\/2023\/09\/81803779_presentation_normal_none-1.jpg\",\"datePublished\":\"2023-09-15T19:30:30+00:00\",\"dateModified\":\"2023-09-21T18:45:52+00:00\",\"description\":\"La empresa de telecomunicaciones Claro, y la entidad bancaria BBVA, se unieron para llevar a m\u00e1s de 200 instituciones educativas de Colombia kits\",\"breadcrumb\":{\"@id\":\"https:\/\/alprestamo.com\/blog\/conectados-por-la-educacion-como-es-el-programa-que-regala-tabletas\/#breadcrumb\"},\"inLanguage\":\"es-AR\",\"potentialAction\":[{\"@type\":\"ReadAction\",\"target\":[\"https:\/\/alprestamo.com\/blog\/conectados-por-la-educacion-como-es-el-programa-que-regala-tabletas\/\"]}]},{\"@type\":\"ImageObject\",\"inLanguage\":\"es-AR\",\"@id\":\"https:\/\/alprestamo.com\/blog\/conectados-por-la-educacion-como-es-el-programa-que-regala-tabletas\/#primaryimage\",\"url\":\"https:\/\/alprestamo.com\/blog\/wp-content\/uploads\/2023\/09\/81803779_presentation_normal_none-1.jpg\",\"contentUrl\":\"https:\/\/alprestamo.com\/blog\/wp-content\/uploads\/2023\/09\/81803779_presentation_normal_none-1.jpg\",\"width\":1024,\"height\":768,\"caption\":\"tabletas\"},{\"@type\":\"BreadcrumbList\",\"@id\":\"https:\/\/alprestamo.com\/blog\/conectados-por-la-educacion-como-es-el-programa-que-regala-tabletas\/#breadcrumb\",\"itemListElement\":[{\"@type\":\"ListItem\",\"position\":1,\"name\":\"Home\",\"item\":\"https:\/\/alprestamo.com\/blog\/\"},{\"@type\":\"ListItem\",\"position\":2,\"name\":\"Conectados por la Educaci\u00f3n: c\u00f3mo es el programa que regala tabletas\u00a0\"}]},{\"@type\":\"WebSite\",\"@id\":\"https:\/\/alprestamo.com\/blog\/#website\",\"url\":\"https:\/\/alprestamo.com\/blog\/\",\"name\":\"Alprestamo\",\"description\":\"Hacemos que todo suceda\",\"publisher\":{\"@id\":\"https:\/\/alprestamo.com\/blog\/#organization\"},\"potentialAction\":[{\"@type\":\"SearchAction\",\"target\":{\"@type\":\"EntryPoint\",\"urlTemplate\":\"https:\/\/alprestamo.com\/blog\/?s={search_term_string}\"},\"query-input\":\"required name=search_term_string\"}],\"inLanguage\":\"es-AR\"},{\"@type\":\"Organization\",\"@id\":\"https:\/\/alprestamo.com\/blog\/#organization\",\"name\":\"Alprestamo\",\"url\":\"https:\/\/alprestamo.com\/blog\/\",\"logo\":{\"@type\":\"ImageObject\",\"inLanguage\":\"es-AR\",\"@id\":\"https:\/\/alprestamo.com\/blog\/#\/schema\/logo\/image\/\",\"url\":\"https:\/\/alprestamo.com\/blog\/wp-content\/uploads\/2022\/10\/Imagotipo_Blanco.svg\",\"contentUrl\":\"https:\/\/alprestamo.com\/blog\/wp-content\/uploads\/2022\/10\/Imagotipo_Blanco.svg\",\"width\":1199,\"height\":203,\"caption\":\"Alprestamo\"},\"image\":{\"@id\":\"https:\/\/alprestamo.com\/blog\/#\/schema\/logo\/image\/\"}},{\"@type\":\"Person\",\"@id\":\"https:\/\/alprestamo.com\/blog\/#\/schema\/person\/4c568603ceb381762b4c9062d42c7627\",\"name\":\"Ramiro Querejeta\",\"image\":{\"@type\":\"ImageObject\",\"inLanguage\":\"es-AR\",\"@id\":\"https:\/\/alprestamo.com\/blog\/#\/schema\/person\/image\/\",\"url\":\"https:\/\/alprestamo.com\/blog\/wp-content\/uploads\/2025\/08\/1688503693490-150x150.jpeg\",\"contentUrl\":\"https:\/\/alprestamo.com\/blog\/wp-content\/uploads\/2025\/08\/1688503693490-150x150.jpeg\",\"caption\":\"Ramiro Querejeta\"},\"url\":\"https:\/\/alprestamo.com\/blog\/author\/ramiro\/\"}]}<\/script>\n<!-- \/ Yoast SEO plugin. -->","yoast_head_json":{"title":"Conectados por la Educaci\u00f3n: c\u00f3mo es el programa que regala tabletas\u00a0","description":"La empresa de telecomunicaciones Claro, y la entidad bancaria BBVA, se unieron para llevar a m\u00e1s de 200 instituciones educativas de Colombia kits","robots":{"index":"index","follow":"follow","max-snippet":"max-snippet:-1","max-image-preview":"max-image-preview:large","max-video-preview":"max-video-preview:-1"},"canonical":"https:\/\/alprestamo.com\/blog\/conectados-por-la-educacion-como-es-el-programa-que-regala-tabletas\/","og_locale":"es_ES","og_type":"article","og_title":"Conectados por la Educaci\u00f3n: c\u00f3mo es el programa que regala tabletas\u00a0","og_description":"La empresa de telecomunicaciones Claro, y la entidad bancaria BBVA, se unieron para llevar a m\u00e1s de 200 instituciones educativas de Colombia kits","og_url":"https:\/\/alprestamo.com\/blog\/conectados-por-la-educacion-como-es-el-programa-que-regala-tabletas\/","og_site_name":"Alprestamo - Hacemos que todo suceda","article_published_time":"2023-09-15T19:30:30+00:00","article_modified_time":"2023-09-21T18:45:52+00:00","og_image":[{"width":1024,"height":768,"url":"https:\/\/alprestamo.com\/blog\/wp-content\/uploads\/2023\/09\/81803779_presentation_normal_none-1.jpg","type":"image\/jpeg"}],"author":"Ramiro Querejeta","twitter_card":"summary_large_image","twitter_misc":{"Escrito por":"Ramiro Querejeta","Tiempo de lectura":"2 minutos"},"schema":{"@context":"https:\/\/schema.org","@graph":[{"@type":"NewsArticle","@id":"https:\/\/alprestamo.com\/blog\/conectados-por-la-educacion-como-es-el-programa-que-regala-tabletas\/#article","isPartOf":{"@id":"https:\/\/alprestamo.com\/blog\/conectados-por-la-educacion-como-es-el-programa-que-regala-tabletas\/"},"author":{"name":"Ramiro Querejeta","@id":"https:\/\/alprestamo.com\/blog\/#\/schema\/person\/4c568603ceb381762b4c9062d42c7627"},"headline":"Conectados por la Educaci\u00f3n: c\u00f3mo es el programa que regala tabletas\u00a0","datePublished":"2023-09-15T19:30:30+00:00","dateModified":"2023-09-21T18:45:52+00:00","mainEntityOfPage":{"@id":"https:\/\/alprestamo.com\/blog\/conectados-por-la-educacion-como-es-el-programa-que-regala-tabletas\/"},"wordCount":331,"publisher":{"@id":"https:\/\/alprestamo.com\/blog\/#organization"},"image":{"@id":"https:\/\/alprestamo.com\/blog\/conectados-por-la-educacion-como-es-el-programa-que-regala-tabletas\/#primaryimage"},"thumbnailUrl":"https:\/\/alprestamo.com\/blog\/wp-content\/uploads\/2023\/09\/81803779_presentation_normal_none-1.jpg","articleSection":["CO","Programas sociales"],"inLanguage":"es-AR"},{"@type":"WebPage","@id":"https:\/\/alprestamo.com\/blog\/conectados-por-la-educacion-como-es-el-programa-que-regala-tabletas\/","url":"https:\/\/alprestamo.com\/blog\/conectados-por-la-educacion-como-es-el-programa-que-regala-tabletas\/","name":"Conectados por la Educaci\u00f3n: c\u00f3mo es el programa que regala tabletas\u00a0","isPartOf":{"@id":"https:\/\/alprestamo.com\/blog\/#website"},"primaryImageOfPage":{"@id":"https:\/\/alprestamo.com\/blog\/conectados-por-la-educacion-como-es-el-programa-que-regala-tabletas\/#primaryimage"},"image":{"@id":"https:\/\/alprestamo.com\/blog\/conectados-por-la-educacion-como-es-el-programa-que-regala-tabletas\/#primaryimage"},"thumbnailUrl":"https:\/\/alprestamo.com\/blog\/wp-content\/uploads\/2023\/09\/81803779_presentation_normal_none-1.jpg","datePublished":"2023-09-15T19:30:30+00:00","dateModified":"2023-09-21T18:45:52+00:00","description":"La empresa de telecomunicaciones Claro, y la entidad bancaria BBVA, se unieron para llevar a m\u00e1s de 200 instituciones educativas de Colombia kits","breadcrumb":{"@id":"https:\/\/alprestamo.com\/blog\/conectados-por-la-educacion-como-es-el-programa-que-regala-tabletas\/#breadcrumb"},"inLanguage":"es-AR","potentialAction":[{"@type":"ReadAction","target":["https:\/\/alprestamo.com\/blog\/conectados-por-la-educacion-como-es-el-programa-que-regala-tabletas\/"]}]},{"@type":"ImageObject","inLanguage":"es-AR","@id":"https:\/\/alprestamo.com\/blog\/conectados-por-la-educacion-como-es-el-programa-que-regala-tabletas\/#primaryimage","url":"https:\/\/alprestamo.com\/blog\/wp-content\/uploads\/2023\/09\/81803779_presentation_normal_none-1.jpg","contentUrl":"https:\/\/alprestamo.com\/blog\/wp-content\/uploads\/2023\/09\/81803779_presentation_normal_none-1.jpg","width":1024,"height":768,"caption":"tabletas"},{"@type":"BreadcrumbList","@id":"https:\/\/alprestamo.com\/blog\/conectados-por-la-educacion-como-es-el-programa-que-regala-tabletas\/#breadcrumb","itemListElement":[{"@type":"ListItem","position":1,"name":"Home","item":"https:\/\/alprestamo.com\/blog\/"},{"@type":"ListItem","position":2,"name":"Conectados por la Educaci\u00f3n: c\u00f3mo es el programa que regala tabletas\u00a0"}]},{"@type":"WebSite","@id":"https:\/\/alprestamo.com\/blog\/#website","url":"https:\/\/alprestamo.com\/blog\/","name":"Alprestamo","description":"Hacemos que todo suceda","publisher":{"@id":"https:\/\/alprestamo.com\/blog\/#organization"},"potentialAction":[{"@type":"SearchAction","target":{"@type":"EntryPoint","urlTemplate":"https:\/\/alprestamo.com\/blog\/?s={search_term_string}"},"query-input":"required name=search_term_string"}],"inLanguage":"es-AR"},{"@type":"Organization","@id":"https:\/\/alprestamo.com\/blog\/#organization","name":"Alprestamo","url":"https:\/\/alprestamo.com\/blog\/","logo":{"@type":"ImageObject","inLanguage":"es-AR","@id":"https:\/\/alprestamo.com\/blog\/#\/schema\/logo\/image\/","url":"https:\/\/alprestamo.com\/blog\/wp-content\/uploads\/2022\/10\/Imagotipo_Blanco.svg","contentUrl":"https:\/\/alprestamo.com\/blog\/wp-content\/uploads\/2022\/10\/Imagotipo_Blanco.svg","width":1199,"height":203,"caption":"Alprestamo"},"image":{"@id":"https:\/\/alprestamo.com\/blog\/#\/schema\/logo\/image\/"}},{"@type":"Person","@id":"https:\/\/alprestamo.com\/blog\/#\/schema\/person\/4c568603ceb381762b4c9062d42c7627","name":"Ramiro Querejeta","image":{"@type":"ImageObject","inLanguage":"es-AR","@id":"https:\/\/alprestamo.com\/blog\/#\/schema\/person\/image\/","url":"https:\/\/alprestamo.com\/blog\/wp-content\/uploads\/2025\/08\/1688503693490-150x150.jpeg","contentUrl":"https:\/\/alprestamo.com\/blog\/wp-content\/uploads\/2025\/08\/1688503693490-150x150.jpeg","caption":"Ramiro Querejeta"},"url":"https:\/\/alprestamo.com\/blog\/author\/ramiro\/"}]}},"uagb_featured_image_src":{"full":["https:\/\/alprestamo.com\/blog\/wp-content\/uploads\/2023\/09\/81803779_presentation_normal_none-1.jpg",1024,768,false],"thumbnail":["https:\/\/alprestamo.com\/blog\/wp-content\/uploads\/2023\/09\/81803779_presentation_normal_none-1-150x150.jpg",150,150,true],"medium":["https:\/\/alprestamo.com\/blog\/wp-content\/uploads\/2023\/09\/81803779_presentation_normal_none-1-300x225.jpg",300,225,true],"medium_large":["https:\/\/alprestamo.com\/blog\/wp-content\/uploads\/2023\/09\/81803779_presentation_normal_none-1-768x576.jpg",768,576,true],"large":["https:\/\/alprestamo.com\/blog\/wp-content\/uploads\/2023\/09\/81803779_presentation_normal_none-1.jpg",1024,768,false],"1536x1536":["https:\/\/alprestamo.com\/blog\/wp-content\/uploads\/2023\/09\/81803779_presentation_normal_none-1.jpg",1024,768,false],"2048x2048":["https:\/\/alprestamo.com\/blog\/wp-content\/uploads\/2023\/09\/81803779_presentation_normal_none-1.jpg",1024,768,false]},"uagb_author_info":{"display_name":"Ramiro Querejeta","author_link":"https:\/\/alprestamo.com\/blog\/author\/ramiro\/"},"uagb_comment_info":0,"uagb_excerpt":"La empresa de telecomunicaciones Claro, y la entidad bancaria BBVA, se unieron para llevar a m\u00e1s de 200 instituciones educativas de Colombia kits escolares, para fortalecer sus habilidades digitales e internet gratuito en la sala de tecnolog\u00eda. Solamente en la ciudad Ibagu\u00e9 (Tolima) 650 estudiantes quedar\u00e1n cubiertos con este programa.&nbsp; Adem\u00e1s, en el departamento, BBVA&hellip;","rttpg_featured_image_url":{"full":["https:\/\/alprestamo.com\/blog\/wp-content\/uploads\/2023\/09\/81803779_presentation_normal_none-1.jpg",1024,768,false],"landscape":["https:\/\/alprestamo.com\/blog\/wp-content\/uploads\/2023\/09\/81803779_presentation_normal_none-1.jpg",1024,768,false],"portraits":["https:\/\/alprestamo.com\/blog\/wp-content\/uploads\/2023\/09\/81803779_presentation_normal_none-1.jpg",1024,768,false],"thumbnail":["https:\/\/alprestamo.com\/blog\/wp-content\/uploads\/2023\/09\/81803779_presentation_normal_none-1-150x150.jpg",150,150,true],"medium":["https:\/\/alprestamo.com\/blog\/wp-content\/uploads\/2023\/09\/81803779_presentation_normal_none-1-300x225.jpg",300,225,true],"large":["https:\/\/alprestamo.com\/blog\/wp-content\/uploads\/2023\/09\/81803779_presentation_normal_none-1.jpg",1024,768,false],"1536x1536":["https:\/\/alprestamo.com\/blog\/wp-content\/uploads\/2023\/09\/81803779_presentation_normal_none-1.jpg",1024,768,false],"2048x2048":["https:\/\/alprestamo.com\/blog\/wp-content\/uploads\/2023\/09\/81803779_presentation_normal_none-1.jpg",1024,768,false],"rt_custom":["https:\/\/alprestamo.com\/blog\/wp-content\/uploads\/2023\/09\/81803779_presentation_normal_none-1.jpg",1024,768,false]},"rttpg_author":{"display_name":"Ramiro Querejeta","author_link":"https:\/\/alprestamo.com\/blog\/author\/ramiro\/"},"rttpg_comment":0,"rttpg_category":"<a href=\"https:\/\/alprestamo.com\/blog\/categoria\/co\/\" rel=\"category tag\">CO<\/a> <a href=\"https:\/\/alprestamo.com\/blog\/categoria\/co\/programas-sociales\/\" rel=\"category tag\">Programas sociales<\/a>","rttpg_excerpt":"La empresa de telecomunicaciones Claro, y la entidad bancaria BBVA, se unieron para llevar a m\u00e1s de 200 instituciones educativas de Colombia kits escolares, para fortalecer sus habilidades digitales e internet gratuito en la sala de tecnolog\u00eda. Solamente en la ciudad Ibagu\u00e9 (Tolima) 650 estudiantes quedar\u00e1n cubiertos con este programa.&nbsp; Adem\u00e1s, en el departamento, BBVA&hellip;","_links":{"self":[{"href":"https:\/\/alprestamo.com\/blog\/wp-json\/wp\/v2\/posts\/30044"}],"collection":[{"href":"https:\/\/alprestamo.com\/blog\/wp-json\/wp\/v2\/posts"}],"about":[{"href":"https:\/\/alprestamo.com\/blog\/wp-json\/wp\/v2\/types\/post"}],"author":[{"embeddable":true,"href":"https:\/\/alprestamo.com\/blog\/wp-json\/wp\/v2\/users\/9"}],"replies":[{"embeddable":true,"href":"https:\/\/alprestamo.com\/blog\/wp-json\/wp\/v2\/comments?post=30044"}],"version-history":[{"count":5,"href":"https:\/\/alprestamo.com\/blog\/wp-json\/wp\/v2\/posts\/30044\/revisions"}],"predecessor-version":[{"id":30068,"href":"https:\/\/alprestamo.com\/blog\/wp-json\/wp\/v2\/posts\/30044\/revisions\/30068"}],"wp:featuredmedia":[{"embeddable":true,"href":"https:\/\/alprestamo.com\/blog\/wp-json\/wp\/v2\/media\/30050"}],"wp:attachment":[{"href":"https:\/\/alprestamo.com\/blog\/wp-json\/wp\/v2\/media?parent=30044"}],"wp:term":[{"taxonomy":"category","embeddable":true,"href":"https:\/\/alprestamo.com\/blog\/wp-json\/wp\/v2\/categories?post=30044"},{"taxonomy":"post_tag","embeddable":true,"href":"https:\/\/alprestamo.com\/blog\/wp-json\/wp\/v2\/tags?post=30044"}],"curies":[{"name":"wp","href":"https:\/\/api.w.org\/{rel}","templated":true}]}}