{"id":30109,"date":"2023-09-18T14:57:27","date_gmt":"2023-09-18T17:57:27","guid":{"rendered":"https:\/\/alprestamo.com\/blog\/?p=30109"},"modified":"2023-10-31T17:17:11","modified_gmt":"2023-10-31T20:17:11","slug":"becas-benito-juarez-que-es-la-cedula-de-solicitud-de-incorporacion","status":"publish","type":"post","link":"https:\/\/alprestamo.com\/blog\/becas-benito-juarez-que-es-la-cedula-de-solicitud-de-incorporacion\/","title":{"rendered":"Becas Benito Ju\u00e1rez: qu\u00e9 es la C\u00e9dula de Solicitud de Incorporaci\u00f3n"},"content":{"rendered":"\n<p>Quienes est\u00e9n interesados en formar parte de las<strong> Becas Benito Ju\u00e1rez <\/strong>deben saber que hay un requisito fundamental y es la <strong>C\u00e9dula de Solicitud de Incorporaci\u00f3n<\/strong>. Te contamos qu\u00e9 es y c\u00f3mo tramitarla en este art\u00edculo.&nbsp;<\/p>\n\n\n\n<h2 class=\"wp-block-heading\">Qu\u00e9 es la C\u00e9dula de Incorporaci\u00f3n de las Becas Benito Ju\u00e1rez<\/h2>\n\n\n\n<p><\/p>\n\n\n\n<p>La<strong> C\u00e9dula de Solicitud de Incorporaci\u00f3n en L\u00ednea (CSI) <\/strong>es una herramienta digital con la que se puede registrar la solicitud a la<strong> lista de espera <\/strong>para la beca de Educaci\u00f3n B\u00e1sica que entrega el Gobierno de M\u00e9xico a las entidades clasificadas como Prioritarias o Susceptibles de atenci\u00f3n.&nbsp;<\/p>\n\n\n\n<p>Para saber si una instituci\u00f3n es prioritaria o susceptible debes entrar al buscador de las <a href=\"https:\/\/alprestamo.com\/blog\/mx\/programas-sociales-mx\/como-recibo-la-tarjeta-de-mi-beca-para-empezar\/\">Becas Benito Ju\u00e1rez<\/a>, ingresar los datos personales y de la escuela, y el sistema te dir\u00e1 la clasificaci\u00f3n de la instituci\u00f3n educativa. &nbsp;<\/p>\n\n\n\n<h2 class=\"wp-block-heading\">Escuelas prioritarias o susceptibles\u00a0<\/h2>\n\n\n\n<p><\/p>\n\n\n\n<p><strong>Escuelas prioritarias<\/strong>. el personal del programa estatal se acercar\u00e1 al plantel en donde estudian los alumnos y aplicar\u00e1 la C\u00e9dula \u00danica.&nbsp;<\/p>\n\n\n\n<p><strong>Escuelas susceptibles<\/strong>: los menores deber\u00e1n completar la C\u00e9dula de Solicitud de Incorporaci\u00f3n en L\u00ednea que podr\u00e1n encontrar en el buscador de las Becas Benito Ju\u00e1rez.&nbsp;<\/p>\n\n\n\n<p><strong>Escuela no susceptible<\/strong>: la escuela no es parte de la cobertura de atenci\u00f3n y sus estudiantes no ser\u00e1n considerados para obtener la beca.&nbsp;<\/p>\n\n\n\n<h2 class=\"wp-block-heading\">Requisitos para la C\u00e9dula de Solicitud&nbsp;<\/h2>\n\n\n\n<ul class=\"wp-block-list\">\n<li>CURP del solicitante<\/li>\n\n\n\n<li>Comprobante de domicilio<\/li>\n\n\n\n<li>N\u00famero de tel\u00e9fono&nbsp;<\/li>\n\n\n\n<li>Correo electr\u00f3nico<\/li>\n<\/ul>\n\n\n\n<h2 class=\"wp-block-heading\">Calendario de pagos de las Becas Benito Ju\u00e1rez&nbsp;<\/h2>\n\n\n\n<p>Las fechas de <a href=\"https:\/\/alprestamo.com\/blog\/mx\/programas-sociales-mx\/mi-beca-para-empezar-quienes-pueden-recibir-un-pago-doble\/\">pago de las Becas Benito Ju\u00e1rez<\/a> 2023 son las siguientes:&nbsp;<\/p>\n\n\n\n<p>1\u00b0 periodo (enero-febrero y marzo-abril): pago doble de 3360 pesos que se deposita la segunda semana de febrero hasta mediados de marzo.&nbsp;<\/p>\n\n\n\n<p>2\u00b0 periodo (junio-julio): segundo pago de 1680 pesos, que se depositan entre la tercera y cuarta semana de julio.&nbsp;<\/p>\n\n\n\n<p>3\u00b0 periodo (septiembre-octubre y noviembre-diciembre): este \u00faltimo pago es de 3360 y se entrega entre la segunda y tercera semana del mes de noviembre.&nbsp;<\/p>\n","protected":false},"excerpt":{"rendered":"<p>Quienes est\u00e9n interesados en formar parte de las Becas Benito Ju\u00e1rez deben saber que hay un requisito fundamental y es la C\u00e9dula de Solicitud de Incorporaci\u00f3n. Te contamos qu\u00e9 es y c\u00f3mo tramitarla en este art\u00edculo.&nbsp; Qu\u00e9 es la C\u00e9dula de Incorporaci\u00f3n de las Becas Benito Ju\u00e1rez La C\u00e9dula de Solicitud de Incorporaci\u00f3n en L\u00ednea &hellip;<\/p>\n<p class=\"read-more\"> <a class=\"\" href=\"https:\/\/alprestamo.com\/blog\/becas-benito-juarez-que-es-la-cedula-de-solicitud-de-incorporacion\/\"> <span class=\"screen-reader-text\">Becas Benito Ju\u00e1rez: qu\u00e9 es la C\u00e9dula de Solicitud de Incorporaci\u00f3n<\/span> Leer m\u00e1s &raquo;<\/a><\/p>\n","protected":false},"author":9,"featured_media":30115,"comment_status":"closed","ping_status":"closed","sticky":false,"template":"","format":"standard","meta":{"_uag_custom_page_level_css":"","site-sidebar-layout":"default","site-content-layout":"default","ast-global-header-display":"","ast-banner-title-visibility":"","ast-main-header-display":"","ast-hfb-above-header-display":"","ast-hfb-below-header-display":"","ast-hfb-mobile-header-display":"","site-post-title":"","ast-breadcrumbs-content":"","ast-featured-img":"","footer-sml-layout":"","theme-transparent-header-meta":"","adv-header-id-meta":"","stick-header-meta":"","header-above-stick-meta":"","header-main-stick-meta":"","header-below-stick-meta":"","footnotes":""},"categories":[130,32],"tags":[],"class_list":["post-30109","post","type-post","status-publish","format-standard","has-post-thumbnail","hentry","category-mx","category-programas-sociales-mx"],"acf":[],"yoast_head":"<!-- This site is optimized with the Yoast SEO plugin v23.2 - https:\/\/yoast.com\/wordpress\/plugins\/seo\/ -->\n<title>Becas Benito Ju\u00e1rez: qu\u00e9 es la C\u00e9dula de Solicitud de Incorporaci\u00f3n<\/title>\n<meta name=\"description\" content=\"Quienes est\u00e9n interesados en formar parte de las Becas Benito Ju\u00e1rez deben saber que hay un requisito fundamental y es la C\u00e9dula de Solicitud de\" \/>\n<meta name=\"robots\" content=\"index, follow, max-snippet:-1, max-image-preview:large, max-video-preview:-1\" \/>\n<link rel=\"canonical\" href=\"https:\/\/alprestamo.com\/blog\/becas-benito-juarez-que-es-la-cedula-de-solicitud-de-incorporacion\/\" \/>\n<meta property=\"og:locale\" content=\"es_ES\" \/>\n<meta property=\"og:type\" content=\"article\" \/>\n<meta property=\"og:title\" content=\"Becas Benito Ju\u00e1rez: qu\u00e9 es la C\u00e9dula de Solicitud de Incorporaci\u00f3n\" \/>\n<meta property=\"og:description\" content=\"Quienes est\u00e9n interesados en formar parte de las Becas Benito Ju\u00e1rez deben saber que hay un requisito fundamental y es la C\u00e9dula de Solicitud de\" \/>\n<meta property=\"og:url\" content=\"https:\/\/alprestamo.com\/blog\/becas-benito-juarez-que-es-la-cedula-de-solicitud-de-incorporacion\/\" \/>\n<meta property=\"og:site_name\" content=\"Alprestamo - Hacemos que todo suceda\" \/>\n<meta property=\"article:published_time\" content=\"2023-09-18T17:57:27+00:00\" \/>\n<meta property=\"article:modified_time\" content=\"2023-10-31T20:17:11+00:00\" \/>\n<meta property=\"og:image\" content=\"https:\/\/alprestamo.com\/blog\/wp-content\/uploads\/2023\/09\/Diseno-sin-titulo-28.jpg\" \/>\n\t<meta property=\"og:image:width\" content=\"1024\" \/>\n\t<meta property=\"og:image:height\" content=\"768\" \/>\n\t<meta property=\"og:image:type\" content=\"image\/jpeg\" \/>\n<meta name=\"author\" content=\"Ramiro Querejeta\" \/>\n<meta name=\"twitter:card\" content=\"summary_large_image\" \/>\n<meta name=\"twitter:label1\" content=\"Escrito por\" \/>\n\t<meta name=\"twitter:data1\" content=\"Ramiro Querejeta\" \/>\n\t<meta name=\"twitter:label2\" content=\"Tiempo de lectura\" \/>\n\t<meta name=\"twitter:data2\" content=\"2 minutos\" \/>\n<script type=\"application\/ld+json\" class=\"yoast-schema-graph\">{\"@context\":\"https:\/\/schema.org\",\"@graph\":[{\"@type\":\"NewsArticle\",\"@id\":\"https:\/\/alprestamo.com\/blog\/becas-benito-juarez-que-es-la-cedula-de-solicitud-de-incorporacion\/#article\",\"isPartOf\":{\"@id\":\"https:\/\/alprestamo.com\/blog\/becas-benito-juarez-que-es-la-cedula-de-solicitud-de-incorporacion\/\"},\"author\":{\"name\":\"Ramiro Querejeta\",\"@id\":\"https:\/\/alprestamo.com\/blog\/#\/schema\/person\/4c568603ceb381762b4c9062d42c7627\"},\"headline\":\"Becas Benito Ju\u00e1rez: qu\u00e9 es la C\u00e9dula de Solicitud de Incorporaci\u00f3n\",\"datePublished\":\"2023-09-18T17:57:27+00:00\",\"dateModified\":\"2023-10-31T20:17:11+00:00\",\"mainEntityOfPage\":{\"@id\":\"https:\/\/alprestamo.com\/blog\/becas-benito-juarez-que-es-la-cedula-de-solicitud-de-incorporacion\/\"},\"wordCount\":363,\"publisher\":{\"@id\":\"https:\/\/alprestamo.com\/blog\/#organization\"},\"image\":{\"@id\":\"https:\/\/alprestamo.com\/blog\/becas-benito-juarez-que-es-la-cedula-de-solicitud-de-incorporacion\/#primaryimage\"},\"thumbnailUrl\":\"https:\/\/alprestamo.com\/blog\/wp-content\/uploads\/2023\/09\/Diseno-sin-titulo-28.jpg\",\"articleSection\":[\"MX\",\"Programas Sociales\"],\"inLanguage\":\"es-AR\"},{\"@type\":\"WebPage\",\"@id\":\"https:\/\/alprestamo.com\/blog\/becas-benito-juarez-que-es-la-cedula-de-solicitud-de-incorporacion\/\",\"url\":\"https:\/\/alprestamo.com\/blog\/becas-benito-juarez-que-es-la-cedula-de-solicitud-de-incorporacion\/\",\"name\":\"Becas Benito Ju\u00e1rez: qu\u00e9 es la C\u00e9dula de Solicitud de Incorporaci\u00f3n\",\"isPartOf\":{\"@id\":\"https:\/\/alprestamo.com\/blog\/#website\"},\"primaryImageOfPage\":{\"@id\":\"https:\/\/alprestamo.com\/blog\/becas-benito-juarez-que-es-la-cedula-de-solicitud-de-incorporacion\/#primaryimage\"},\"image\":{\"@id\":\"https:\/\/alprestamo.com\/blog\/becas-benito-juarez-que-es-la-cedula-de-solicitud-de-incorporacion\/#primaryimage\"},\"thumbnailUrl\":\"https:\/\/alprestamo.com\/blog\/wp-content\/uploads\/2023\/09\/Diseno-sin-titulo-28.jpg\",\"datePublished\":\"2023-09-18T17:57:27+00:00\",\"dateModified\":\"2023-10-31T20:17:11+00:00\",\"description\":\"Quienes est\u00e9n interesados en formar parte de las Becas Benito Ju\u00e1rez deben saber que hay un requisito fundamental y es la C\u00e9dula de Solicitud de\",\"breadcrumb\":{\"@id\":\"https:\/\/alprestamo.com\/blog\/becas-benito-juarez-que-es-la-cedula-de-solicitud-de-incorporacion\/#breadcrumb\"},\"inLanguage\":\"es-AR\",\"potentialAction\":[{\"@type\":\"ReadAction\",\"target\":[\"https:\/\/alprestamo.com\/blog\/becas-benito-juarez-que-es-la-cedula-de-solicitud-de-incorporacion\/\"]}]},{\"@type\":\"ImageObject\",\"inLanguage\":\"es-AR\",\"@id\":\"https:\/\/alprestamo.com\/blog\/becas-benito-juarez-que-es-la-cedula-de-solicitud-de-incorporacion\/#primaryimage\",\"url\":\"https:\/\/alprestamo.com\/blog\/wp-content\/uploads\/2023\/09\/Diseno-sin-titulo-28.jpg\",\"contentUrl\":\"https:\/\/alprestamo.com\/blog\/wp-content\/uploads\/2023\/09\/Diseno-sin-titulo-28.jpg\",\"width\":1024,\"height\":768,\"caption\":\"Becas Benito Ju\u00e1rez\"},{\"@type\":\"BreadcrumbList\",\"@id\":\"https:\/\/alprestamo.com\/blog\/becas-benito-juarez-que-es-la-cedula-de-solicitud-de-incorporacion\/#breadcrumb\",\"itemListElement\":[{\"@type\":\"ListItem\",\"position\":1,\"name\":\"Home\",\"item\":\"https:\/\/alprestamo.com\/blog\/\"},{\"@type\":\"ListItem\",\"position\":2,\"name\":\"Becas Benito Ju\u00e1rez: qu\u00e9 es la C\u00e9dula de Solicitud de Incorporaci\u00f3n\"}]},{\"@type\":\"WebSite\",\"@id\":\"https:\/\/alprestamo.com\/blog\/#website\",\"url\":\"https:\/\/alprestamo.com\/blog\/\",\"name\":\"Alprestamo\",\"description\":\"Hacemos que todo suceda\",\"publisher\":{\"@id\":\"https:\/\/alprestamo.com\/blog\/#organization\"},\"potentialAction\":[{\"@type\":\"SearchAction\",\"target\":{\"@type\":\"EntryPoint\",\"urlTemplate\":\"https:\/\/alprestamo.com\/blog\/?s={search_term_string}\"},\"query-input\":\"required name=search_term_string\"}],\"inLanguage\":\"es-AR\"},{\"@type\":\"Organization\",\"@id\":\"https:\/\/alprestamo.com\/blog\/#organization\",\"name\":\"Alprestamo\",\"url\":\"https:\/\/alprestamo.com\/blog\/\",\"logo\":{\"@type\":\"ImageObject\",\"inLanguage\":\"es-AR\",\"@id\":\"https:\/\/alprestamo.com\/blog\/#\/schema\/logo\/image\/\",\"url\":\"https:\/\/alprestamo.com\/blog\/wp-content\/uploads\/2022\/10\/Imagotipo_Blanco.svg\",\"contentUrl\":\"https:\/\/alprestamo.com\/blog\/wp-content\/uploads\/2022\/10\/Imagotipo_Blanco.svg\",\"width\":1199,\"height\":203,\"caption\":\"Alprestamo\"},\"image\":{\"@id\":\"https:\/\/alprestamo.com\/blog\/#\/schema\/logo\/image\/\"}},{\"@type\":\"Person\",\"@id\":\"https:\/\/alprestamo.com\/blog\/#\/schema\/person\/4c568603ceb381762b4c9062d42c7627\",\"name\":\"Ramiro Querejeta\",\"image\":{\"@type\":\"ImageObject\",\"inLanguage\":\"es-AR\",\"@id\":\"https:\/\/alprestamo.com\/blog\/#\/schema\/person\/image\/\",\"url\":\"https:\/\/alprestamo.com\/blog\/wp-content\/uploads\/2025\/08\/1688503693490-150x150.jpeg\",\"contentUrl\":\"https:\/\/alprestamo.com\/blog\/wp-content\/uploads\/2025\/08\/1688503693490-150x150.jpeg\",\"caption\":\"Ramiro Querejeta\"},\"url\":\"https:\/\/alprestamo.com\/blog\/author\/ramiro\/\"}]}<\/script>\n<!-- \/ Yoast SEO plugin. -->","yoast_head_json":{"title":"Becas Benito Ju\u00e1rez: qu\u00e9 es la C\u00e9dula de Solicitud de Incorporaci\u00f3n","description":"Quienes est\u00e9n interesados en formar parte de las Becas Benito Ju\u00e1rez deben saber que hay un requisito fundamental y es la C\u00e9dula de Solicitud de","robots":{"index":"index","follow":"follow","max-snippet":"max-snippet:-1","max-image-preview":"max-image-preview:large","max-video-preview":"max-video-preview:-1"},"canonical":"https:\/\/alprestamo.com\/blog\/becas-benito-juarez-que-es-la-cedula-de-solicitud-de-incorporacion\/","og_locale":"es_ES","og_type":"article","og_title":"Becas Benito Ju\u00e1rez: qu\u00e9 es la C\u00e9dula de Solicitud de Incorporaci\u00f3n","og_description":"Quienes est\u00e9n interesados en formar parte de las Becas Benito Ju\u00e1rez deben saber que hay un requisito fundamental y es la C\u00e9dula de Solicitud de","og_url":"https:\/\/alprestamo.com\/blog\/becas-benito-juarez-que-es-la-cedula-de-solicitud-de-incorporacion\/","og_site_name":"Alprestamo - Hacemos que todo suceda","article_published_time":"2023-09-18T17:57:27+00:00","article_modified_time":"2023-10-31T20:17:11+00:00","og_image":[{"width":1024,"height":768,"url":"https:\/\/alprestamo.com\/blog\/wp-content\/uploads\/2023\/09\/Diseno-sin-titulo-28.jpg","type":"image\/jpeg"}],"author":"Ramiro Querejeta","twitter_card":"summary_large_image","twitter_misc":{"Escrito por":"Ramiro Querejeta","Tiempo de lectura":"2 minutos"},"schema":{"@context":"https:\/\/schema.org","@graph":[{"@type":"NewsArticle","@id":"https:\/\/alprestamo.com\/blog\/becas-benito-juarez-que-es-la-cedula-de-solicitud-de-incorporacion\/#article","isPartOf":{"@id":"https:\/\/alprestamo.com\/blog\/becas-benito-juarez-que-es-la-cedula-de-solicitud-de-incorporacion\/"},"author":{"name":"Ramiro Querejeta","@id":"https:\/\/alprestamo.com\/blog\/#\/schema\/person\/4c568603ceb381762b4c9062d42c7627"},"headline":"Becas Benito Ju\u00e1rez: qu\u00e9 es la C\u00e9dula de Solicitud de Incorporaci\u00f3n","datePublished":"2023-09-18T17:57:27+00:00","dateModified":"2023-10-31T20:17:11+00:00","mainEntityOfPage":{"@id":"https:\/\/alprestamo.com\/blog\/becas-benito-juarez-que-es-la-cedula-de-solicitud-de-incorporacion\/"},"wordCount":363,"publisher":{"@id":"https:\/\/alprestamo.com\/blog\/#organization"},"image":{"@id":"https:\/\/alprestamo.com\/blog\/becas-benito-juarez-que-es-la-cedula-de-solicitud-de-incorporacion\/#primaryimage"},"thumbnailUrl":"https:\/\/alprestamo.com\/blog\/wp-content\/uploads\/2023\/09\/Diseno-sin-titulo-28.jpg","articleSection":["MX","Programas Sociales"],"inLanguage":"es-AR"},{"@type":"WebPage","@id":"https:\/\/alprestamo.com\/blog\/becas-benito-juarez-que-es-la-cedula-de-solicitud-de-incorporacion\/","url":"https:\/\/alprestamo.com\/blog\/becas-benito-juarez-que-es-la-cedula-de-solicitud-de-incorporacion\/","name":"Becas Benito Ju\u00e1rez: qu\u00e9 es la C\u00e9dula de Solicitud de Incorporaci\u00f3n","isPartOf":{"@id":"https:\/\/alprestamo.com\/blog\/#website"},"primaryImageOfPage":{"@id":"https:\/\/alprestamo.com\/blog\/becas-benito-juarez-que-es-la-cedula-de-solicitud-de-incorporacion\/#primaryimage"},"image":{"@id":"https:\/\/alprestamo.com\/blog\/becas-benito-juarez-que-es-la-cedula-de-solicitud-de-incorporacion\/#primaryimage"},"thumbnailUrl":"https:\/\/alprestamo.com\/blog\/wp-content\/uploads\/2023\/09\/Diseno-sin-titulo-28.jpg","datePublished":"2023-09-18T17:57:27+00:00","dateModified":"2023-10-31T20:17:11+00:00","description":"Quienes est\u00e9n interesados en formar parte de las Becas Benito Ju\u00e1rez deben saber que hay un requisito fundamental y es la C\u00e9dula de Solicitud de","breadcrumb":{"@id":"https:\/\/alprestamo.com\/blog\/becas-benito-juarez-que-es-la-cedula-de-solicitud-de-incorporacion\/#breadcrumb"},"inLanguage":"es-AR","potentialAction":[{"@type":"ReadAction","target":["https:\/\/alprestamo.com\/blog\/becas-benito-juarez-que-es-la-cedula-de-solicitud-de-incorporacion\/"]}]},{"@type":"ImageObject","inLanguage":"es-AR","@id":"https:\/\/alprestamo.com\/blog\/becas-benito-juarez-que-es-la-cedula-de-solicitud-de-incorporacion\/#primaryimage","url":"https:\/\/alprestamo.com\/blog\/wp-content\/uploads\/2023\/09\/Diseno-sin-titulo-28.jpg","contentUrl":"https:\/\/alprestamo.com\/blog\/wp-content\/uploads\/2023\/09\/Diseno-sin-titulo-28.jpg","width":1024,"height":768,"caption":"Becas Benito Ju\u00e1rez"},{"@type":"BreadcrumbList","@id":"https:\/\/alprestamo.com\/blog\/becas-benito-juarez-que-es-la-cedula-de-solicitud-de-incorporacion\/#breadcrumb","itemListElement":[{"@type":"ListItem","position":1,"name":"Home","item":"https:\/\/alprestamo.com\/blog\/"},{"@type":"ListItem","position":2,"name":"Becas Benito Ju\u00e1rez: qu\u00e9 es la C\u00e9dula de Solicitud de Incorporaci\u00f3n"}]},{"@type":"WebSite","@id":"https:\/\/alprestamo.com\/blog\/#website","url":"https:\/\/alprestamo.com\/blog\/","name":"Alprestamo","description":"Hacemos que todo suceda","publisher":{"@id":"https:\/\/alprestamo.com\/blog\/#organization"},"potentialAction":[{"@type":"SearchAction","target":{"@type":"EntryPoint","urlTemplate":"https:\/\/alprestamo.com\/blog\/?s={search_term_string}"},"query-input":"required name=search_term_string"}],"inLanguage":"es-AR"},{"@type":"Organization","@id":"https:\/\/alprestamo.com\/blog\/#organization","name":"Alprestamo","url":"https:\/\/alprestamo.com\/blog\/","logo":{"@type":"ImageObject","inLanguage":"es-AR","@id":"https:\/\/alprestamo.com\/blog\/#\/schema\/logo\/image\/","url":"https:\/\/alprestamo.com\/blog\/wp-content\/uploads\/2022\/10\/Imagotipo_Blanco.svg","contentUrl":"https:\/\/alprestamo.com\/blog\/wp-content\/uploads\/2022\/10\/Imagotipo_Blanco.svg","width":1199,"height":203,"caption":"Alprestamo"},"image":{"@id":"https:\/\/alprestamo.com\/blog\/#\/schema\/logo\/image\/"}},{"@type":"Person","@id":"https:\/\/alprestamo.com\/blog\/#\/schema\/person\/4c568603ceb381762b4c9062d42c7627","name":"Ramiro Querejeta","image":{"@type":"ImageObject","inLanguage":"es-AR","@id":"https:\/\/alprestamo.com\/blog\/#\/schema\/person\/image\/","url":"https:\/\/alprestamo.com\/blog\/wp-content\/uploads\/2025\/08\/1688503693490-150x150.jpeg","contentUrl":"https:\/\/alprestamo.com\/blog\/wp-content\/uploads\/2025\/08\/1688503693490-150x150.jpeg","caption":"Ramiro Querejeta"},"url":"https:\/\/alprestamo.com\/blog\/author\/ramiro\/"}]}},"uagb_featured_image_src":{"full":["https:\/\/alprestamo.com\/blog\/wp-content\/uploads\/2023\/09\/Diseno-sin-titulo-28.jpg",1024,768,false],"thumbnail":["https:\/\/alprestamo.com\/blog\/wp-content\/uploads\/2023\/09\/Diseno-sin-titulo-28-150x150.jpg",150,150,true],"medium":["https:\/\/alprestamo.com\/blog\/wp-content\/uploads\/2023\/09\/Diseno-sin-titulo-28-300x225.jpg",300,225,true],"medium_large":["https:\/\/alprestamo.com\/blog\/wp-content\/uploads\/2023\/09\/Diseno-sin-titulo-28-768x576.jpg",768,576,true],"large":["https:\/\/alprestamo.com\/blog\/wp-content\/uploads\/2023\/09\/Diseno-sin-titulo-28.jpg",1024,768,false],"1536x1536":["https:\/\/alprestamo.com\/blog\/wp-content\/uploads\/2023\/09\/Diseno-sin-titulo-28.jpg",1024,768,false],"2048x2048":["https:\/\/alprestamo.com\/blog\/wp-content\/uploads\/2023\/09\/Diseno-sin-titulo-28.jpg",1024,768,false]},"uagb_author_info":{"display_name":"Ramiro Querejeta","author_link":"https:\/\/alprestamo.com\/blog\/author\/ramiro\/"},"uagb_comment_info":0,"uagb_excerpt":"Quienes est\u00e9n interesados en formar parte de las Becas Benito Ju\u00e1rez deben saber que hay un requisito fundamental y es la C\u00e9dula de Solicitud de Incorporaci\u00f3n. Te contamos qu\u00e9 es y c\u00f3mo tramitarla en este art\u00edculo.&nbsp; Qu\u00e9 es la C\u00e9dula de Incorporaci\u00f3n de las Becas Benito Ju\u00e1rez La C\u00e9dula de Solicitud de Incorporaci\u00f3n en L\u00ednea&hellip;","rttpg_featured_image_url":{"full":["https:\/\/alprestamo.com\/blog\/wp-content\/uploads\/2023\/09\/Diseno-sin-titulo-28.jpg",1024,768,false],"landscape":["https:\/\/alprestamo.com\/blog\/wp-content\/uploads\/2023\/09\/Diseno-sin-titulo-28.jpg",1024,768,false],"portraits":["https:\/\/alprestamo.com\/blog\/wp-content\/uploads\/2023\/09\/Diseno-sin-titulo-28.jpg",1024,768,false],"thumbnail":["https:\/\/alprestamo.com\/blog\/wp-content\/uploads\/2023\/09\/Diseno-sin-titulo-28-150x150.jpg",150,150,true],"medium":["https:\/\/alprestamo.com\/blog\/wp-content\/uploads\/2023\/09\/Diseno-sin-titulo-28-300x225.jpg",300,225,true],"large":["https:\/\/alprestamo.com\/blog\/wp-content\/uploads\/2023\/09\/Diseno-sin-titulo-28.jpg",1024,768,false],"1536x1536":["https:\/\/alprestamo.com\/blog\/wp-content\/uploads\/2023\/09\/Diseno-sin-titulo-28.jpg",1024,768,false],"2048x2048":["https:\/\/alprestamo.com\/blog\/wp-content\/uploads\/2023\/09\/Diseno-sin-titulo-28.jpg",1024,768,false],"rt_custom":["https:\/\/alprestamo.com\/blog\/wp-content\/uploads\/2023\/09\/Diseno-sin-titulo-28.jpg",1024,768,false]},"rttpg_author":{"display_name":"Ramiro Querejeta","author_link":"https:\/\/alprestamo.com\/blog\/author\/ramiro\/"},"rttpg_comment":0,"rttpg_category":"<a href=\"https:\/\/alprestamo.com\/blog\/categoria\/mx\/\" rel=\"category tag\">MX<\/a> <a href=\"https:\/\/alprestamo.com\/blog\/categoria\/mx\/programas-sociales-mx\/\" rel=\"category tag\">Programas Sociales<\/a>","rttpg_excerpt":"Quienes est\u00e9n interesados en formar parte de las Becas Benito Ju\u00e1rez deben saber que hay un requisito fundamental y es la C\u00e9dula de Solicitud de Incorporaci\u00f3n. Te contamos qu\u00e9 es y c\u00f3mo tramitarla en este art\u00edculo.&nbsp; Qu\u00e9 es la C\u00e9dula de Incorporaci\u00f3n de las Becas Benito Ju\u00e1rez La C\u00e9dula de Solicitud de Incorporaci\u00f3n en L\u00ednea&hellip;","_links":{"self":[{"href":"https:\/\/alprestamo.com\/blog\/wp-json\/wp\/v2\/posts\/30109"}],"collection":[{"href":"https:\/\/alprestamo.com\/blog\/wp-json\/wp\/v2\/posts"}],"about":[{"href":"https:\/\/alprestamo.com\/blog\/wp-json\/wp\/v2\/types\/post"}],"author":[{"embeddable":true,"href":"https:\/\/alprestamo.com\/blog\/wp-json\/wp\/v2\/users\/9"}],"replies":[{"embeddable":true,"href":"https:\/\/alprestamo.com\/blog\/wp-json\/wp\/v2\/comments?post=30109"}],"version-history":[{"count":5,"href":"https:\/\/alprestamo.com\/blog\/wp-json\/wp\/v2\/posts\/30109\/revisions"}],"predecessor-version":[{"id":32355,"href":"https:\/\/alprestamo.com\/blog\/wp-json\/wp\/v2\/posts\/30109\/revisions\/32355"}],"wp:featuredmedia":[{"embeddable":true,"href":"https:\/\/alprestamo.com\/blog\/wp-json\/wp\/v2\/media\/30115"}],"wp:attachment":[{"href":"https:\/\/alprestamo.com\/blog\/wp-json\/wp\/v2\/media?parent=30109"}],"wp:term":[{"taxonomy":"category","embeddable":true,"href":"https:\/\/alprestamo.com\/blog\/wp-json\/wp\/v2\/categories?post=30109"},{"taxonomy":"post_tag","embeddable":true,"href":"https:\/\/alprestamo.com\/blog\/wp-json\/wp\/v2\/tags?post=30109"}],"curies":[{"name":"wp","href":"https:\/\/api.w.org\/{rel}","templated":true}]}}