{"id":30602,"date":"2023-09-26T12:29:23","date_gmt":"2023-09-26T15:29:23","guid":{"rendered":"https:\/\/alprestamo.com\/blog\/?p=30602"},"modified":"2023-09-26T12:37:47","modified_gmt":"2023-09-26T15:37:47","slug":"como-ahorrar-para-el-viernes-negro-y-navidad","status":"publish","type":"post","link":"https:\/\/alprestamo.com\/blog\/como-ahorrar-para-el-viernes-negro-y-navidad\/","title":{"rendered":"C\u00f3mo ahorrar para el \u201cViernes Negro\u201d y Navidad\u00a0"},"content":{"rendered":"\n<p>En <strong>Rep\u00fablica Dominicana <\/strong>hay dos fechas que implican muchos gastos para algunas personas: el<strong> Viernes Negro<\/strong> (o <em>Black Friday<\/em>) y las fiestas de fin de a\u00f1o. Es por eso que en este art\u00edculo te contaremos c\u00f3mo ahorrar en las compras de estas fechas sin tener dolores de cabeza.&nbsp;<\/p>\n\n\n\n<p>El viernes 24 de noviembre, todos los comercios ofrecer\u00e1n sus productos a precios m\u00e1s bajos. Este<strong> evento a nivel mundial<\/strong> es el m\u00e1s esperado por los clientes por sus ofertas de \u00faltimo momento y porque est\u00e1 cerca de la <strong>fecha de Navidad<\/strong>.&nbsp;<\/p>\n\n\n\n<p>Sin embargo, todo apunta a que los comercios comenzar\u00e1n a ofrecer descuentos entre dos y tres semanas antes del Black Friday, por lo que es posible que desde el 7 de noviembre ya se puedan encontrar ciertas <strong>ofertas<\/strong>.&nbsp;<\/p>\n\n\n\n<h2 class=\"wp-block-heading\">C\u00f3mo ahorrar en el Viernes Negro<\/h2>\n\n\n\n<p>Muchos dominicanos se quejaron el a\u00f1o pasado porque las tiendas aumentaban los precios meses antes para simular que hubo <strong>rebajas <\/strong>cuando llega la fecha. Para evitar esto, ser\u00eda conveniente empezar a observar los art\u00edculos que te interesan desde ahora, para ver si cambian sus precios de cara al Viernes Negro.&nbsp;<\/p>\n\n\n\n<p>Del mismo modo, ser\u00eda oportuno asegurarse que al momento de la compra, las condiciones de devoluci\u00f3n y plazos sean las mismas o cambian, teniendo en cuenta que muchos comercios lo extienden hasta despu\u00e9s de la Navidad.&nbsp;<\/p>\n\n\n\n<h2 class=\"wp-block-heading\">C\u00f3mo ahorrar en Navidad<\/h2>\n\n\n\n<p>Pensar en las personas a quienes se les va a regalar y con qu\u00e9 detalle queremos darle un obsequio es uno de los consejos que dejan los expertos. Esto evita las <strong>compras de \u00faltimo momento<\/strong> y tener que pagar cifras altas por esos regalos.&nbsp;<\/p>\n\n\n\n<p>El otro consejo es <strong>limitar el monto <\/strong>que se va destinar a esos regalos. Poner un l\u00edmite al dinero que se van a asignar para regalos, comenzando por el c\u00edrculo familiar m\u00e1s cercano y tal vez algunos amigos.&nbsp;<\/p>\n","protected":false},"excerpt":{"rendered":"<p>En Rep\u00fablica Dominicana hay dos fechas que implican muchos gastos para algunas personas: el Viernes Negro (o Black Friday) y las fiestas de fin de a\u00f1o. Es por eso que en este art\u00edculo te contaremos c\u00f3mo ahorrar en las compras de estas fechas sin tener dolores de cabeza.&nbsp; El viernes 24 de noviembre, todos los &hellip;<\/p>\n<p class=\"read-more\"> <a class=\"\" href=\"https:\/\/alprestamo.com\/blog\/como-ahorrar-para-el-viernes-negro-y-navidad\/\"> <span class=\"screen-reader-text\">C\u00f3mo ahorrar para el \u201cViernes Negro\u201d y Navidad\u00a0<\/span> Leer m\u00e1s &raquo;<\/a><\/p>\n","protected":false},"author":9,"featured_media":19127,"comment_status":"closed","ping_status":"closed","sticky":false,"template":"","format":"standard","meta":{"_uag_custom_page_level_css":"","site-sidebar-layout":"default","site-content-layout":"default","ast-global-header-display":"","ast-banner-title-visibility":"","ast-main-header-display":"","ast-hfb-above-header-display":"","ast-hfb-below-header-display":"","ast-hfb-mobile-header-display":"","site-post-title":"","ast-breadcrumbs-content":"","ast-featured-img":"","footer-sml-layout":"","theme-transparent-header-meta":"","adv-header-id-meta":"","stick-header-meta":"","header-above-stick-meta":"","header-main-stick-meta":"","header-below-stick-meta":"","footnotes":""},"categories":[147,132,201],"tags":[],"class_list":["post-30602","post","type-post","status-publish","format-standard","has-post-thumbnail","hentry","category-consejos-financieros-do","category-rd","category-portada-do"],"acf":[],"yoast_head":"<!-- This site is optimized with the Yoast SEO plugin v23.2 - https:\/\/yoast.com\/wordpress\/plugins\/seo\/ -->\n<title>C\u00f3mo ahorrar para el \u201cViernes Negro\u201d y Navidad\u00a0<\/title>\n<meta name=\"description\" content=\"En Rep\u00fablica Dominicana hay dos fechas que implican muchos gastos para algunas personas: el Viernes Negro (o Black Friday) y las fiestas de fin de a\u00f1o. Es\" \/>\n<meta name=\"robots\" content=\"index, follow, max-snippet:-1, max-image-preview:large, max-video-preview:-1\" \/>\n<link rel=\"canonical\" href=\"https:\/\/alprestamo.com\/blog\/como-ahorrar-para-el-viernes-negro-y-navidad\/\" \/>\n<meta property=\"og:locale\" content=\"es_ES\" \/>\n<meta property=\"og:type\" content=\"article\" \/>\n<meta property=\"og:title\" content=\"C\u00f3mo ahorrar para el \u201cViernes Negro\u201d y Navidad\u00a0\" \/>\n<meta property=\"og:description\" content=\"En Rep\u00fablica Dominicana hay dos fechas que implican muchos gastos para algunas personas: el Viernes Negro (o Black Friday) y las fiestas de fin de a\u00f1o. Es\" \/>\n<meta property=\"og:url\" content=\"https:\/\/alprestamo.com\/blog\/como-ahorrar-para-el-viernes-negro-y-navidad\/\" \/>\n<meta property=\"og:site_name\" content=\"Alprestamo - Hacemos que todo suceda\" \/>\n<meta property=\"article:published_time\" content=\"2023-09-26T15:29:23+00:00\" \/>\n<meta property=\"article:modified_time\" content=\"2023-09-26T15:37:47+00:00\" \/>\n<meta property=\"og:image\" content=\"https:\/\/alprestamo.com\/blog\/wp-content\/uploads\/2022\/12\/Ahorrar-en-compras-naviden\u0303as.webp\" \/>\n\t<meta property=\"og:image:width\" content=\"1960\" \/>\n\t<meta property=\"og:image:height\" content=\"1103\" \/>\n\t<meta property=\"og:image:type\" content=\"image\/webp\" \/>\n<meta name=\"author\" content=\"Ramiro Querejeta\" \/>\n<meta name=\"twitter:card\" content=\"summary_large_image\" \/>\n<meta name=\"twitter:label1\" content=\"Escrito por\" \/>\n\t<meta name=\"twitter:data1\" content=\"Ramiro Querejeta\" \/>\n\t<meta name=\"twitter:label2\" content=\"Tiempo de lectura\" \/>\n\t<meta name=\"twitter:data2\" content=\"2 minutos\" \/>\n<script type=\"application\/ld+json\" class=\"yoast-schema-graph\">{\"@context\":\"https:\/\/schema.org\",\"@graph\":[{\"@type\":\"NewsArticle\",\"@id\":\"https:\/\/alprestamo.com\/blog\/como-ahorrar-para-el-viernes-negro-y-navidad\/#article\",\"isPartOf\":{\"@id\":\"https:\/\/alprestamo.com\/blog\/como-ahorrar-para-el-viernes-negro-y-navidad\/\"},\"author\":{\"name\":\"Ramiro Querejeta\",\"@id\":\"https:\/\/alprestamo.com\/blog\/#\/schema\/person\/4c568603ceb381762b4c9062d42c7627\"},\"headline\":\"C\u00f3mo ahorrar para el \u201cViernes Negro\u201d y Navidad\u00a0\",\"datePublished\":\"2023-09-26T15:29:23+00:00\",\"dateModified\":\"2023-09-26T15:37:47+00:00\",\"mainEntityOfPage\":{\"@id\":\"https:\/\/alprestamo.com\/blog\/como-ahorrar-para-el-viernes-negro-y-navidad\/\"},\"wordCount\":339,\"publisher\":{\"@id\":\"https:\/\/alprestamo.com\/blog\/#organization\"},\"image\":{\"@id\":\"https:\/\/alprestamo.com\/blog\/como-ahorrar-para-el-viernes-negro-y-navidad\/#primaryimage\"},\"thumbnailUrl\":\"https:\/\/alprestamo.com\/blog\/wp-content\/uploads\/2022\/12\/Ahorrar-en-compras-naviden\u0303as.webp\",\"articleSection\":[\"Consejos financieros\",\"DO\",\"Portada\"],\"inLanguage\":\"es-AR\"},{\"@type\":\"WebPage\",\"@id\":\"https:\/\/alprestamo.com\/blog\/como-ahorrar-para-el-viernes-negro-y-navidad\/\",\"url\":\"https:\/\/alprestamo.com\/blog\/como-ahorrar-para-el-viernes-negro-y-navidad\/\",\"name\":\"C\u00f3mo ahorrar para el \u201cViernes Negro\u201d y Navidad\u00a0\",\"isPartOf\":{\"@id\":\"https:\/\/alprestamo.com\/blog\/#website\"},\"primaryImageOfPage\":{\"@id\":\"https:\/\/alprestamo.com\/blog\/como-ahorrar-para-el-viernes-negro-y-navidad\/#primaryimage\"},\"image\":{\"@id\":\"https:\/\/alprestamo.com\/blog\/como-ahorrar-para-el-viernes-negro-y-navidad\/#primaryimage\"},\"thumbnailUrl\":\"https:\/\/alprestamo.com\/blog\/wp-content\/uploads\/2022\/12\/Ahorrar-en-compras-naviden\u0303as.webp\",\"datePublished\":\"2023-09-26T15:29:23+00:00\",\"dateModified\":\"2023-09-26T15:37:47+00:00\",\"description\":\"En Rep\u00fablica Dominicana hay dos fechas que implican muchos gastos para algunas personas: el Viernes Negro (o Black Friday) y las fiestas de fin de a\u00f1o. Es\",\"breadcrumb\":{\"@id\":\"https:\/\/alprestamo.com\/blog\/como-ahorrar-para-el-viernes-negro-y-navidad\/#breadcrumb\"},\"inLanguage\":\"es-AR\",\"potentialAction\":[{\"@type\":\"ReadAction\",\"target\":[\"https:\/\/alprestamo.com\/blog\/como-ahorrar-para-el-viernes-negro-y-navidad\/\"]}]},{\"@type\":\"ImageObject\",\"inLanguage\":\"es-AR\",\"@id\":\"https:\/\/alprestamo.com\/blog\/como-ahorrar-para-el-viernes-negro-y-navidad\/#primaryimage\",\"url\":\"https:\/\/alprestamo.com\/blog\/wp-content\/uploads\/2022\/12\/Ahorrar-en-compras-naviden\u0303as.webp\",\"contentUrl\":\"https:\/\/alprestamo.com\/blog\/wp-content\/uploads\/2022\/12\/Ahorrar-en-compras-naviden\u0303as.webp\",\"width\":1960,\"height\":1103,\"caption\":\"Ahorrar en Viernes Negro\"},{\"@type\":\"BreadcrumbList\",\"@id\":\"https:\/\/alprestamo.com\/blog\/como-ahorrar-para-el-viernes-negro-y-navidad\/#breadcrumb\",\"itemListElement\":[{\"@type\":\"ListItem\",\"position\":1,\"name\":\"Home\",\"item\":\"https:\/\/alprestamo.com\/blog\/\"},{\"@type\":\"ListItem\",\"position\":2,\"name\":\"C\u00f3mo ahorrar para el \u201cViernes Negro\u201d y Navidad\u00a0\"}]},{\"@type\":\"WebSite\",\"@id\":\"https:\/\/alprestamo.com\/blog\/#website\",\"url\":\"https:\/\/alprestamo.com\/blog\/\",\"name\":\"Alprestamo\",\"description\":\"Hacemos que todo suceda\",\"publisher\":{\"@id\":\"https:\/\/alprestamo.com\/blog\/#organization\"},\"potentialAction\":[{\"@type\":\"SearchAction\",\"target\":{\"@type\":\"EntryPoint\",\"urlTemplate\":\"https:\/\/alprestamo.com\/blog\/?s={search_term_string}\"},\"query-input\":\"required name=search_term_string\"}],\"inLanguage\":\"es-AR\"},{\"@type\":\"Organization\",\"@id\":\"https:\/\/alprestamo.com\/blog\/#organization\",\"name\":\"Alprestamo\",\"url\":\"https:\/\/alprestamo.com\/blog\/\",\"logo\":{\"@type\":\"ImageObject\",\"inLanguage\":\"es-AR\",\"@id\":\"https:\/\/alprestamo.com\/blog\/#\/schema\/logo\/image\/\",\"url\":\"https:\/\/alprestamo.com\/blog\/wp-content\/uploads\/2022\/10\/Imagotipo_Blanco.svg\",\"contentUrl\":\"https:\/\/alprestamo.com\/blog\/wp-content\/uploads\/2022\/10\/Imagotipo_Blanco.svg\",\"width\":1199,\"height\":203,\"caption\":\"Alprestamo\"},\"image\":{\"@id\":\"https:\/\/alprestamo.com\/blog\/#\/schema\/logo\/image\/\"}},{\"@type\":\"Person\",\"@id\":\"https:\/\/alprestamo.com\/blog\/#\/schema\/person\/4c568603ceb381762b4c9062d42c7627\",\"name\":\"Ramiro Querejeta\",\"image\":{\"@type\":\"ImageObject\",\"inLanguage\":\"es-AR\",\"@id\":\"https:\/\/alprestamo.com\/blog\/#\/schema\/person\/image\/\",\"url\":\"https:\/\/alprestamo.com\/blog\/wp-content\/uploads\/2025\/08\/1688503693490-150x150.jpeg\",\"contentUrl\":\"https:\/\/alprestamo.com\/blog\/wp-content\/uploads\/2025\/08\/1688503693490-150x150.jpeg\",\"caption\":\"Ramiro Querejeta\"},\"url\":\"https:\/\/alprestamo.com\/blog\/author\/ramiro\/\"}]}<\/script>\n<!-- \/ Yoast SEO plugin. -->","yoast_head_json":{"title":"C\u00f3mo ahorrar para el \u201cViernes Negro\u201d y Navidad\u00a0","description":"En Rep\u00fablica Dominicana hay dos fechas que implican muchos gastos para algunas personas: el Viernes Negro (o Black Friday) y las fiestas de fin de a\u00f1o. Es","robots":{"index":"index","follow":"follow","max-snippet":"max-snippet:-1","max-image-preview":"max-image-preview:large","max-video-preview":"max-video-preview:-1"},"canonical":"https:\/\/alprestamo.com\/blog\/como-ahorrar-para-el-viernes-negro-y-navidad\/","og_locale":"es_ES","og_type":"article","og_title":"C\u00f3mo ahorrar para el \u201cViernes Negro\u201d y Navidad\u00a0","og_description":"En Rep\u00fablica Dominicana hay dos fechas que implican muchos gastos para algunas personas: el Viernes Negro (o Black Friday) y las fiestas de fin de a\u00f1o. Es","og_url":"https:\/\/alprestamo.com\/blog\/como-ahorrar-para-el-viernes-negro-y-navidad\/","og_site_name":"Alprestamo - Hacemos que todo suceda","article_published_time":"2023-09-26T15:29:23+00:00","article_modified_time":"2023-09-26T15:37:47+00:00","og_image":[{"width":1960,"height":1103,"url":"https:\/\/alprestamo.com\/blog\/wp-content\/uploads\/2022\/12\/Ahorrar-en-compras-naviden\u0303as.webp","type":"image\/webp"}],"author":"Ramiro Querejeta","twitter_card":"summary_large_image","twitter_misc":{"Escrito por":"Ramiro Querejeta","Tiempo de lectura":"2 minutos"},"schema":{"@context":"https:\/\/schema.org","@graph":[{"@type":"NewsArticle","@id":"https:\/\/alprestamo.com\/blog\/como-ahorrar-para-el-viernes-negro-y-navidad\/#article","isPartOf":{"@id":"https:\/\/alprestamo.com\/blog\/como-ahorrar-para-el-viernes-negro-y-navidad\/"},"author":{"name":"Ramiro Querejeta","@id":"https:\/\/alprestamo.com\/blog\/#\/schema\/person\/4c568603ceb381762b4c9062d42c7627"},"headline":"C\u00f3mo ahorrar para el \u201cViernes Negro\u201d y Navidad\u00a0","datePublished":"2023-09-26T15:29:23+00:00","dateModified":"2023-09-26T15:37:47+00:00","mainEntityOfPage":{"@id":"https:\/\/alprestamo.com\/blog\/como-ahorrar-para-el-viernes-negro-y-navidad\/"},"wordCount":339,"publisher":{"@id":"https:\/\/alprestamo.com\/blog\/#organization"},"image":{"@id":"https:\/\/alprestamo.com\/blog\/como-ahorrar-para-el-viernes-negro-y-navidad\/#primaryimage"},"thumbnailUrl":"https:\/\/alprestamo.com\/blog\/wp-content\/uploads\/2022\/12\/Ahorrar-en-compras-naviden\u0303as.webp","articleSection":["Consejos financieros","DO","Portada"],"inLanguage":"es-AR"},{"@type":"WebPage","@id":"https:\/\/alprestamo.com\/blog\/como-ahorrar-para-el-viernes-negro-y-navidad\/","url":"https:\/\/alprestamo.com\/blog\/como-ahorrar-para-el-viernes-negro-y-navidad\/","name":"C\u00f3mo ahorrar para el \u201cViernes Negro\u201d y Navidad\u00a0","isPartOf":{"@id":"https:\/\/alprestamo.com\/blog\/#website"},"primaryImageOfPage":{"@id":"https:\/\/alprestamo.com\/blog\/como-ahorrar-para-el-viernes-negro-y-navidad\/#primaryimage"},"image":{"@id":"https:\/\/alprestamo.com\/blog\/como-ahorrar-para-el-viernes-negro-y-navidad\/#primaryimage"},"thumbnailUrl":"https:\/\/alprestamo.com\/blog\/wp-content\/uploads\/2022\/12\/Ahorrar-en-compras-naviden\u0303as.webp","datePublished":"2023-09-26T15:29:23+00:00","dateModified":"2023-09-26T15:37:47+00:00","description":"En Rep\u00fablica Dominicana hay dos fechas que implican muchos gastos para algunas personas: el Viernes Negro (o Black Friday) y las fiestas de fin de a\u00f1o. Es","breadcrumb":{"@id":"https:\/\/alprestamo.com\/blog\/como-ahorrar-para-el-viernes-negro-y-navidad\/#breadcrumb"},"inLanguage":"es-AR","potentialAction":[{"@type":"ReadAction","target":["https:\/\/alprestamo.com\/blog\/como-ahorrar-para-el-viernes-negro-y-navidad\/"]}]},{"@type":"ImageObject","inLanguage":"es-AR","@id":"https:\/\/alprestamo.com\/blog\/como-ahorrar-para-el-viernes-negro-y-navidad\/#primaryimage","url":"https:\/\/alprestamo.com\/blog\/wp-content\/uploads\/2022\/12\/Ahorrar-en-compras-naviden\u0303as.webp","contentUrl":"https:\/\/alprestamo.com\/blog\/wp-content\/uploads\/2022\/12\/Ahorrar-en-compras-naviden\u0303as.webp","width":1960,"height":1103,"caption":"Ahorrar en Viernes Negro"},{"@type":"BreadcrumbList","@id":"https:\/\/alprestamo.com\/blog\/como-ahorrar-para-el-viernes-negro-y-navidad\/#breadcrumb","itemListElement":[{"@type":"ListItem","position":1,"name":"Home","item":"https:\/\/alprestamo.com\/blog\/"},{"@type":"ListItem","position":2,"name":"C\u00f3mo ahorrar para el \u201cViernes Negro\u201d y Navidad\u00a0"}]},{"@type":"WebSite","@id":"https:\/\/alprestamo.com\/blog\/#website","url":"https:\/\/alprestamo.com\/blog\/","name":"Alprestamo","description":"Hacemos que todo suceda","publisher":{"@id":"https:\/\/alprestamo.com\/blog\/#organization"},"potentialAction":[{"@type":"SearchAction","target":{"@type":"EntryPoint","urlTemplate":"https:\/\/alprestamo.com\/blog\/?s={search_term_string}"},"query-input":"required name=search_term_string"}],"inLanguage":"es-AR"},{"@type":"Organization","@id":"https:\/\/alprestamo.com\/blog\/#organization","name":"Alprestamo","url":"https:\/\/alprestamo.com\/blog\/","logo":{"@type":"ImageObject","inLanguage":"es-AR","@id":"https:\/\/alprestamo.com\/blog\/#\/schema\/logo\/image\/","url":"https:\/\/alprestamo.com\/blog\/wp-content\/uploads\/2022\/10\/Imagotipo_Blanco.svg","contentUrl":"https:\/\/alprestamo.com\/blog\/wp-content\/uploads\/2022\/10\/Imagotipo_Blanco.svg","width":1199,"height":203,"caption":"Alprestamo"},"image":{"@id":"https:\/\/alprestamo.com\/blog\/#\/schema\/logo\/image\/"}},{"@type":"Person","@id":"https:\/\/alprestamo.com\/blog\/#\/schema\/person\/4c568603ceb381762b4c9062d42c7627","name":"Ramiro Querejeta","image":{"@type":"ImageObject","inLanguage":"es-AR","@id":"https:\/\/alprestamo.com\/blog\/#\/schema\/person\/image\/","url":"https:\/\/alprestamo.com\/blog\/wp-content\/uploads\/2025\/08\/1688503693490-150x150.jpeg","contentUrl":"https:\/\/alprestamo.com\/blog\/wp-content\/uploads\/2025\/08\/1688503693490-150x150.jpeg","caption":"Ramiro Querejeta"},"url":"https:\/\/alprestamo.com\/blog\/author\/ramiro\/"}]}},"uagb_featured_image_src":{"full":["https:\/\/alprestamo.com\/blog\/wp-content\/uploads\/2022\/12\/Ahorrar-en-compras-naviden\u0303as.webp",1960,1103,false],"thumbnail":["https:\/\/alprestamo.com\/blog\/wp-content\/uploads\/2022\/12\/Ahorrar-en-compras-naviden\u0303as-150x150.webp",150,150,true],"medium":["https:\/\/alprestamo.com\/blog\/wp-content\/uploads\/2022\/12\/Ahorrar-en-compras-naviden\u0303as-300x169.webp",300,169,true],"medium_large":["https:\/\/alprestamo.com\/blog\/wp-content\/uploads\/2022\/12\/Ahorrar-en-compras-naviden\u0303as-768x432.webp",768,432,true],"large":["https:\/\/alprestamo.com\/blog\/wp-content\/uploads\/2022\/12\/Ahorrar-en-compras-naviden\u0303as-1024x576.webp",1024,576,true],"1536x1536":["https:\/\/alprestamo.com\/blog\/wp-content\/uploads\/2022\/12\/Ahorrar-en-compras-naviden\u0303as-1536x864.webp",1536,864,true],"2048x2048":["https:\/\/alprestamo.com\/blog\/wp-content\/uploads\/2022\/12\/Ahorrar-en-compras-naviden\u0303as.webp",1960,1103,false]},"uagb_author_info":{"display_name":"Ramiro Querejeta","author_link":"https:\/\/alprestamo.com\/blog\/author\/ramiro\/"},"uagb_comment_info":0,"uagb_excerpt":"En Rep\u00fablica Dominicana hay dos fechas que implican muchos gastos para algunas personas: el Viernes Negro (o Black Friday) y las fiestas de fin de a\u00f1o. Es por eso que en este art\u00edculo te contaremos c\u00f3mo ahorrar en las compras de estas fechas sin tener dolores de cabeza.&nbsp; El viernes 24 de noviembre, todos los&hellip;","rttpg_featured_image_url":{"full":["https:\/\/alprestamo.com\/blog\/wp-content\/uploads\/2022\/12\/Ahorrar-en-compras-naviden\u0303as.webp",1960,1103,false],"landscape":["https:\/\/alprestamo.com\/blog\/wp-content\/uploads\/2022\/12\/Ahorrar-en-compras-naviden\u0303as.webp",1960,1103,false],"portraits":["https:\/\/alprestamo.com\/blog\/wp-content\/uploads\/2022\/12\/Ahorrar-en-compras-naviden\u0303as.webp",1960,1103,false],"thumbnail":["https:\/\/alprestamo.com\/blog\/wp-content\/uploads\/2022\/12\/Ahorrar-en-compras-naviden\u0303as-150x150.webp",150,150,true],"medium":["https:\/\/alprestamo.com\/blog\/wp-content\/uploads\/2022\/12\/Ahorrar-en-compras-naviden\u0303as-300x169.webp",300,169,true],"large":["https:\/\/alprestamo.com\/blog\/wp-content\/uploads\/2022\/12\/Ahorrar-en-compras-naviden\u0303as-1024x576.webp",1024,576,true],"1536x1536":["https:\/\/alprestamo.com\/blog\/wp-content\/uploads\/2022\/12\/Ahorrar-en-compras-naviden\u0303as-1536x864.webp",1536,864,true],"2048x2048":["https:\/\/alprestamo.com\/blog\/wp-content\/uploads\/2022\/12\/Ahorrar-en-compras-naviden\u0303as.webp",1960,1103,false],"rt_custom":["https:\/\/alprestamo.com\/blog\/wp-content\/uploads\/2022\/12\/Ahorrar-en-compras-naviden\u0303as.webp",1960,1103,false]},"rttpg_author":{"display_name":"Ramiro Querejeta","author_link":"https:\/\/alprestamo.com\/blog\/author\/ramiro\/"},"rttpg_comment":0,"rttpg_category":"<a href=\"https:\/\/alprestamo.com\/blog\/categoria\/rd\/consejos-financieros-do\/\" rel=\"category tag\">Consejos financieros<\/a> <a href=\"https:\/\/alprestamo.com\/blog\/categoria\/rd\/\" rel=\"category tag\">DO<\/a> <a href=\"https:\/\/alprestamo.com\/blog\/categoria\/rd\/portada-do\/\" rel=\"category tag\">Portada<\/a>","rttpg_excerpt":"En Rep\u00fablica Dominicana hay dos fechas que implican muchos gastos para algunas personas: el Viernes Negro (o Black Friday) y las fiestas de fin de a\u00f1o. Es por eso que en este art\u00edculo te contaremos c\u00f3mo ahorrar en las compras de estas fechas sin tener dolores de cabeza.&nbsp; El viernes 24 de noviembre, todos los&hellip;","_links":{"self":[{"href":"https:\/\/alprestamo.com\/blog\/wp-json\/wp\/v2\/posts\/30602"}],"collection":[{"href":"https:\/\/alprestamo.com\/blog\/wp-json\/wp\/v2\/posts"}],"about":[{"href":"https:\/\/alprestamo.com\/blog\/wp-json\/wp\/v2\/types\/post"}],"author":[{"embeddable":true,"href":"https:\/\/alprestamo.com\/blog\/wp-json\/wp\/v2\/users\/9"}],"replies":[{"embeddable":true,"href":"https:\/\/alprestamo.com\/blog\/wp-json\/wp\/v2\/comments?post=30602"}],"version-history":[{"count":6,"href":"https:\/\/alprestamo.com\/blog\/wp-json\/wp\/v2\/posts\/30602\/revisions"}],"predecessor-version":[{"id":30612,"href":"https:\/\/alprestamo.com\/blog\/wp-json\/wp\/v2\/posts\/30602\/revisions\/30612"}],"wp:featuredmedia":[{"embeddable":true,"href":"https:\/\/alprestamo.com\/blog\/wp-json\/wp\/v2\/media\/19127"}],"wp:attachment":[{"href":"https:\/\/alprestamo.com\/blog\/wp-json\/wp\/v2\/media?parent=30602"}],"wp:term":[{"taxonomy":"category","embeddable":true,"href":"https:\/\/alprestamo.com\/blog\/wp-json\/wp\/v2\/categories?post=30602"},{"taxonomy":"post_tag","embeddable":true,"href":"https:\/\/alprestamo.com\/blog\/wp-json\/wp\/v2\/tags?post=30602"}],"curies":[{"name":"wp","href":"https:\/\/api.w.org\/{rel}","templated":true}]}}