{"id":30667,"date":"2023-09-27T10:30:00","date_gmt":"2023-09-27T13:30:00","guid":{"rendered":"https:\/\/alprestamo.com\/blog\/?p=30667"},"modified":"2023-09-27T10:30:00","modified_gmt":"2023-09-27T13:30:00","slug":"como-recibir-el-subsidio-por-desempleo-a-traves-la-caja-de-compensacion","status":"publish","type":"post","link":"https:\/\/alprestamo.com\/blog\/como-recibir-el-subsidio-por-desempleo-a-traves-la-caja-de-compensacion\/","title":{"rendered":"C\u00f3mo recibir el subsidio por desempleo a trav\u00e9s la caja de compensaci\u00f3n"},"content":{"rendered":"\n<p>El <strong>subsidio por desempleo <\/strong>fue creado mediante el Decreto 801 del 4 de junio para darle un alivio econ\u00f3mico a quienes perdieron su trabajo durante la crisis sanitaria del Covid-19.&nbsp;<\/p>\n\n\n\n<p>El subsidio por desempleo garantiza que se mantenga el acceso a la salud, al sistema pensional, al <a href=\"https:\/\/alprestamo.com\/blog\/co\/gobierno-anuncio-subsidio-de-500-mil-pesos-a-27-mil-familias\/\">subsidio familiar<\/a> y a los servicios de intermediaci\u00f3n y capacitaci\u00f3n, en caso de no contar con una fuente de ingresos.&nbsp;<\/p>\n\n\n\n<h2 class=\"wp-block-heading\">Qui\u00e9nes pueden acceder al subsidio por desempleo&nbsp;<\/h2>\n\n\n\n<p><\/p>\n\n\n\n<p>Este decreto abarca a trabajadores dependientes cesantes categor\u00eda A y B que aportaron a la <strong>caja de compensaci\u00f3n familiar<\/strong> durante por lo menos seis meses continuos o discontinuos en los \u00faltimos 5 a\u00f1os que hayan perdido su trabajo. Tambi\u00e9n pueden acceder quienes <a href=\"https:\/\/alprestamo.com\/blog\/co\/mundo-laboral-co\/subsidio-para-desempleados-que-es-y-como-acceder\/\">perdieron su empleo<\/a> y no hayan sido beneficiarios del <strong>Mecanismo de Protecci\u00f3n al Cesante<\/strong> en los \u00faltimos tres a\u00f1os.&nbsp;<\/p>\n\n\n\n<p>Quienes hayan estado inscritos durante un a\u00f1o en la<a href=\"https:\/\/alprestamo.com\/blog\/co\/cajas-de-compensacion-como-acceder-a-los-subsidios-que-ofrecen\/\"> caja de compensaci\u00f3n<\/a> recibir\u00e1n una <strong>ayuda econ\u00f3mica<\/strong> para cubrir los gastos, de acuerdo a las necesidades y prioridades de consumo de cada persona, por un valor de <strong>dos <a href=\"https:\/\/alprestamo.com\/blog\/co\/incremento-del-salario-minimo-en-colombia-a-cuanto-ascenderia\/\">salarios m\u00ednimos<\/a> <\/strong>mensuales legales vigentes, divididos en tres mensualidades iguales.<\/p>\n\n\n\n<h2 class=\"wp-block-heading\">Requisitos del subsidio por desempleo&nbsp;<\/h2>\n\n\n\n<p><\/p>\n\n\n\n<p>Para poder acceder al subsidio por desempleo se deben cumplir los siguientes requisitos:&nbsp;<\/p>\n\n\n\n<ul class=\"wp-block-list\">\n<li>Ser un empleador que haya cotizado en la<strong> categor\u00eda de A o B <\/strong>del est\u00e1ndar salarial&nbsp;<\/li>\n\n\n\n<li>Haber sido un empleado o trabajador independiente<\/li>\n\n\n\n<li>No tener contrato laboral vigente y no tener ingresos suficientes&nbsp;<\/li>\n\n\n\n<li>Personas que realizaron aportes voluntarios a una caja de compensaci\u00f3n familiar, continuos o no, durante 12 meses en los \u00faltimos cinco a\u00f1os&nbsp;<\/li>\n\n\n\n<li>No estar activo en una EPS<\/li>\n<\/ul>\n\n\n\n<h2 class=\"wp-block-heading\">C\u00f3mo aplicar al subsidio por desempleo&nbsp;<\/h2>\n\n\n\n<p><\/p>\n\n\n\n<p>Seg\u00fan el<strong> Ministerio de Trabajo<\/strong>, si cumples con los requisitos debes presentar los siguientes documentos en su \u00faltima caja de compensaci\u00f3n:&nbsp;<\/p>\n\n\n\n<ul class=\"wp-block-list\">\n<li>Certificado laboral que certifique la fecha de retiro del \u00faltimo empleo en donde se vea el NIT de la empresa y firma.&nbsp;<\/li>\n\n\n\n<li>Formulario \u00fanico de Postulaci\u00f3n al Mecanismo de Protecci\u00f3n al Cesante, el cual debe hacerse de forma electr\u00f3nica<\/li>\n<\/ul>\n\n\n\n<p>Cabe recordar que durante el proceso, la persona debe inscribirse en la <strong>Red de Servicios de Empleo<\/strong> y estar como vacante en la b\u00fasqueda de algunos de los trabajos que se ofrecen.<\/p>\n","protected":false},"excerpt":{"rendered":"<p>El subsidio por desempleo fue creado mediante el Decreto 801 del 4 de junio para darle un alivio econ\u00f3mico a quienes perdieron su trabajo durante la crisis sanitaria del Covid-19.&nbsp; El subsidio por desempleo garantiza que se mantenga el acceso a la salud, al sistema pensional, al subsidio familiar y a los servicios de intermediaci\u00f3n &hellip;<\/p>\n<p class=\"read-more\"> <a class=\"\" href=\"https:\/\/alprestamo.com\/blog\/como-recibir-el-subsidio-por-desempleo-a-traves-la-caja-de-compensacion\/\"> <span class=\"screen-reader-text\">C\u00f3mo recibir el subsidio por desempleo a trav\u00e9s la caja de compensaci\u00f3n<\/span> Leer m\u00e1s &raquo;<\/a><\/p>\n","protected":false},"author":9,"featured_media":30672,"comment_status":"closed","ping_status":"closed","sticky":false,"template":"","format":"standard","meta":{"_uag_custom_page_level_css":"","site-sidebar-layout":"default","site-content-layout":"default","ast-global-header-display":"","ast-banner-title-visibility":"","ast-main-header-display":"","ast-hfb-above-header-display":"","ast-hfb-below-header-display":"","ast-hfb-mobile-header-display":"","site-post-title":"","ast-breadcrumbs-content":"","ast-featured-img":"","footer-sml-layout":"","theme-transparent-header-meta":"","adv-header-id-meta":"","stick-header-meta":"","header-above-stick-meta":"","header-main-stick-meta":"","header-below-stick-meta":"","footnotes":""},"categories":[98,197,100],"tags":[],"class_list":["post-30667","post","type-post","status-publish","format-standard","has-post-thumbnail","hentry","category-co","category-portada-co","category-programas-sociales"],"acf":[],"yoast_head":"<!-- This site is optimized with the Yoast SEO plugin v23.2 - https:\/\/yoast.com\/wordpress\/plugins\/seo\/ -->\n<title>C\u00f3mo recibir el subsidio por desempleo a trav\u00e9s la caja de compensaci\u00f3n<\/title>\n<meta name=\"description\" content=\"El subsidio por desempleo fue creado mediante el Decreto 801 del 4 de junio para darle un alivio econ\u00f3mico a quienes perdieron su trabajo durante la\" \/>\n<meta name=\"robots\" content=\"index, follow, max-snippet:-1, max-image-preview:large, max-video-preview:-1\" \/>\n<link rel=\"canonical\" href=\"https:\/\/alprestamo.com\/blog\/como-recibir-el-subsidio-por-desempleo-a-traves-la-caja-de-compensacion\/\" \/>\n<meta property=\"og:locale\" content=\"es_ES\" \/>\n<meta property=\"og:type\" content=\"article\" \/>\n<meta property=\"og:title\" content=\"C\u00f3mo recibir el subsidio por desempleo a trav\u00e9s la caja de compensaci\u00f3n\" \/>\n<meta property=\"og:description\" content=\"El subsidio por desempleo fue creado mediante el Decreto 801 del 4 de junio para darle un alivio econ\u00f3mico a quienes perdieron su trabajo durante la\" \/>\n<meta property=\"og:url\" content=\"https:\/\/alprestamo.com\/blog\/como-recibir-el-subsidio-por-desempleo-a-traves-la-caja-de-compensacion\/\" \/>\n<meta property=\"og:site_name\" content=\"Alprestamo - Hacemos que todo suceda\" \/>\n<meta property=\"article:published_time\" content=\"2023-09-27T13:30:00+00:00\" \/>\n<meta property=\"og:image\" content=\"https:\/\/alprestamo.com\/blog\/wp-content\/uploads\/2023\/09\/Diseno-sin-titulo-48.jpg\" \/>\n\t<meta property=\"og:image:width\" content=\"1024\" \/>\n\t<meta property=\"og:image:height\" content=\"768\" \/>\n\t<meta property=\"og:image:type\" content=\"image\/jpeg\" \/>\n<meta name=\"author\" content=\"Ramiro Querejeta\" \/>\n<meta name=\"twitter:card\" content=\"summary_large_image\" \/>\n<meta name=\"twitter:label1\" content=\"Escrito por\" \/>\n\t<meta name=\"twitter:data1\" content=\"Ramiro Querejeta\" \/>\n\t<meta name=\"twitter:label2\" content=\"Tiempo de lectura\" \/>\n\t<meta name=\"twitter:data2\" content=\"2 minutos\" \/>\n<script type=\"application\/ld+json\" class=\"yoast-schema-graph\">{\"@context\":\"https:\/\/schema.org\",\"@graph\":[{\"@type\":\"NewsArticle\",\"@id\":\"https:\/\/alprestamo.com\/blog\/como-recibir-el-subsidio-por-desempleo-a-traves-la-caja-de-compensacion\/#article\",\"isPartOf\":{\"@id\":\"https:\/\/alprestamo.com\/blog\/como-recibir-el-subsidio-por-desempleo-a-traves-la-caja-de-compensacion\/\"},\"author\":{\"name\":\"Ramiro Querejeta\",\"@id\":\"https:\/\/alprestamo.com\/blog\/#\/schema\/person\/4c568603ceb381762b4c9062d42c7627\"},\"headline\":\"C\u00f3mo recibir el subsidio por desempleo a trav\u00e9s la caja de compensaci\u00f3n\",\"datePublished\":\"2023-09-27T13:30:00+00:00\",\"dateModified\":\"2023-09-27T13:30:00+00:00\",\"mainEntityOfPage\":{\"@id\":\"https:\/\/alprestamo.com\/blog\/como-recibir-el-subsidio-por-desempleo-a-traves-la-caja-de-compensacion\/\"},\"wordCount\":408,\"publisher\":{\"@id\":\"https:\/\/alprestamo.com\/blog\/#organization\"},\"image\":{\"@id\":\"https:\/\/alprestamo.com\/blog\/como-recibir-el-subsidio-por-desempleo-a-traves-la-caja-de-compensacion\/#primaryimage\"},\"thumbnailUrl\":\"https:\/\/alprestamo.com\/blog\/wp-content\/uploads\/2023\/09\/Diseno-sin-titulo-48.jpg\",\"articleSection\":[\"CO\",\"Portada\",\"Programas sociales\"],\"inLanguage\":\"es-AR\"},{\"@type\":\"WebPage\",\"@id\":\"https:\/\/alprestamo.com\/blog\/como-recibir-el-subsidio-por-desempleo-a-traves-la-caja-de-compensacion\/\",\"url\":\"https:\/\/alprestamo.com\/blog\/como-recibir-el-subsidio-por-desempleo-a-traves-la-caja-de-compensacion\/\",\"name\":\"C\u00f3mo recibir el subsidio por desempleo a trav\u00e9s la caja de compensaci\u00f3n\",\"isPartOf\":{\"@id\":\"https:\/\/alprestamo.com\/blog\/#website\"},\"primaryImageOfPage\":{\"@id\":\"https:\/\/alprestamo.com\/blog\/como-recibir-el-subsidio-por-desempleo-a-traves-la-caja-de-compensacion\/#primaryimage\"},\"image\":{\"@id\":\"https:\/\/alprestamo.com\/blog\/como-recibir-el-subsidio-por-desempleo-a-traves-la-caja-de-compensacion\/#primaryimage\"},\"thumbnailUrl\":\"https:\/\/alprestamo.com\/blog\/wp-content\/uploads\/2023\/09\/Diseno-sin-titulo-48.jpg\",\"datePublished\":\"2023-09-27T13:30:00+00:00\",\"dateModified\":\"2023-09-27T13:30:00+00:00\",\"description\":\"El subsidio por desempleo fue creado mediante el Decreto 801 del 4 de junio para darle un alivio econ\u00f3mico a quienes perdieron su trabajo durante la\",\"breadcrumb\":{\"@id\":\"https:\/\/alprestamo.com\/blog\/como-recibir-el-subsidio-por-desempleo-a-traves-la-caja-de-compensacion\/#breadcrumb\"},\"inLanguage\":\"es-AR\",\"potentialAction\":[{\"@type\":\"ReadAction\",\"target\":[\"https:\/\/alprestamo.com\/blog\/como-recibir-el-subsidio-por-desempleo-a-traves-la-caja-de-compensacion\/\"]}]},{\"@type\":\"ImageObject\",\"inLanguage\":\"es-AR\",\"@id\":\"https:\/\/alprestamo.com\/blog\/como-recibir-el-subsidio-por-desempleo-a-traves-la-caja-de-compensacion\/#primaryimage\",\"url\":\"https:\/\/alprestamo.com\/blog\/wp-content\/uploads\/2023\/09\/Diseno-sin-titulo-48.jpg\",\"contentUrl\":\"https:\/\/alprestamo.com\/blog\/wp-content\/uploads\/2023\/09\/Diseno-sin-titulo-48.jpg\",\"width\":1024,\"height\":768,\"caption\":\"Subsidio por desempleo\"},{\"@type\":\"BreadcrumbList\",\"@id\":\"https:\/\/alprestamo.com\/blog\/como-recibir-el-subsidio-por-desempleo-a-traves-la-caja-de-compensacion\/#breadcrumb\",\"itemListElement\":[{\"@type\":\"ListItem\",\"position\":1,\"name\":\"Home\",\"item\":\"https:\/\/alprestamo.com\/blog\/\"},{\"@type\":\"ListItem\",\"position\":2,\"name\":\"C\u00f3mo recibir el subsidio por desempleo a trav\u00e9s la caja de compensaci\u00f3n\"}]},{\"@type\":\"WebSite\",\"@id\":\"https:\/\/alprestamo.com\/blog\/#website\",\"url\":\"https:\/\/alprestamo.com\/blog\/\",\"name\":\"Alprestamo\",\"description\":\"Hacemos que todo suceda\",\"publisher\":{\"@id\":\"https:\/\/alprestamo.com\/blog\/#organization\"},\"potentialAction\":[{\"@type\":\"SearchAction\",\"target\":{\"@type\":\"EntryPoint\",\"urlTemplate\":\"https:\/\/alprestamo.com\/blog\/?s={search_term_string}\"},\"query-input\":\"required name=search_term_string\"}],\"inLanguage\":\"es-AR\"},{\"@type\":\"Organization\",\"@id\":\"https:\/\/alprestamo.com\/blog\/#organization\",\"name\":\"Alprestamo\",\"url\":\"https:\/\/alprestamo.com\/blog\/\",\"logo\":{\"@type\":\"ImageObject\",\"inLanguage\":\"es-AR\",\"@id\":\"https:\/\/alprestamo.com\/blog\/#\/schema\/logo\/image\/\",\"url\":\"https:\/\/alprestamo.com\/blog\/wp-content\/uploads\/2022\/10\/Imagotipo_Blanco.svg\",\"contentUrl\":\"https:\/\/alprestamo.com\/blog\/wp-content\/uploads\/2022\/10\/Imagotipo_Blanco.svg\",\"width\":1199,\"height\":203,\"caption\":\"Alprestamo\"},\"image\":{\"@id\":\"https:\/\/alprestamo.com\/blog\/#\/schema\/logo\/image\/\"}},{\"@type\":\"Person\",\"@id\":\"https:\/\/alprestamo.com\/blog\/#\/schema\/person\/4c568603ceb381762b4c9062d42c7627\",\"name\":\"Ramiro Querejeta\",\"image\":{\"@type\":\"ImageObject\",\"inLanguage\":\"es-AR\",\"@id\":\"https:\/\/alprestamo.com\/blog\/#\/schema\/person\/image\/\",\"url\":\"https:\/\/alprestamo.com\/blog\/wp-content\/uploads\/2025\/08\/1688503693490-150x150.jpeg\",\"contentUrl\":\"https:\/\/alprestamo.com\/blog\/wp-content\/uploads\/2025\/08\/1688503693490-150x150.jpeg\",\"caption\":\"Ramiro Querejeta\"},\"url\":\"https:\/\/alprestamo.com\/blog\/author\/ramiro\/\"}]}<\/script>\n<!-- \/ Yoast SEO plugin. -->","yoast_head_json":{"title":"C\u00f3mo recibir el subsidio por desempleo a trav\u00e9s la caja de compensaci\u00f3n","description":"El subsidio por desempleo fue creado mediante el Decreto 801 del 4 de junio para darle un alivio econ\u00f3mico a quienes perdieron su trabajo durante la","robots":{"index":"index","follow":"follow","max-snippet":"max-snippet:-1","max-image-preview":"max-image-preview:large","max-video-preview":"max-video-preview:-1"},"canonical":"https:\/\/alprestamo.com\/blog\/como-recibir-el-subsidio-por-desempleo-a-traves-la-caja-de-compensacion\/","og_locale":"es_ES","og_type":"article","og_title":"C\u00f3mo recibir el subsidio por desempleo a trav\u00e9s la caja de compensaci\u00f3n","og_description":"El subsidio por desempleo fue creado mediante el Decreto 801 del 4 de junio para darle un alivio econ\u00f3mico a quienes perdieron su trabajo durante la","og_url":"https:\/\/alprestamo.com\/blog\/como-recibir-el-subsidio-por-desempleo-a-traves-la-caja-de-compensacion\/","og_site_name":"Alprestamo - Hacemos que todo suceda","article_published_time":"2023-09-27T13:30:00+00:00","og_image":[{"width":1024,"height":768,"url":"https:\/\/alprestamo.com\/blog\/wp-content\/uploads\/2023\/09\/Diseno-sin-titulo-48.jpg","type":"image\/jpeg"}],"author":"Ramiro Querejeta","twitter_card":"summary_large_image","twitter_misc":{"Escrito por":"Ramiro Querejeta","Tiempo de lectura":"2 minutos"},"schema":{"@context":"https:\/\/schema.org","@graph":[{"@type":"NewsArticle","@id":"https:\/\/alprestamo.com\/blog\/como-recibir-el-subsidio-por-desempleo-a-traves-la-caja-de-compensacion\/#article","isPartOf":{"@id":"https:\/\/alprestamo.com\/blog\/como-recibir-el-subsidio-por-desempleo-a-traves-la-caja-de-compensacion\/"},"author":{"name":"Ramiro Querejeta","@id":"https:\/\/alprestamo.com\/blog\/#\/schema\/person\/4c568603ceb381762b4c9062d42c7627"},"headline":"C\u00f3mo recibir el subsidio por desempleo a trav\u00e9s la caja de compensaci\u00f3n","datePublished":"2023-09-27T13:30:00+00:00","dateModified":"2023-09-27T13:30:00+00:00","mainEntityOfPage":{"@id":"https:\/\/alprestamo.com\/blog\/como-recibir-el-subsidio-por-desempleo-a-traves-la-caja-de-compensacion\/"},"wordCount":408,"publisher":{"@id":"https:\/\/alprestamo.com\/blog\/#organization"},"image":{"@id":"https:\/\/alprestamo.com\/blog\/como-recibir-el-subsidio-por-desempleo-a-traves-la-caja-de-compensacion\/#primaryimage"},"thumbnailUrl":"https:\/\/alprestamo.com\/blog\/wp-content\/uploads\/2023\/09\/Diseno-sin-titulo-48.jpg","articleSection":["CO","Portada","Programas sociales"],"inLanguage":"es-AR"},{"@type":"WebPage","@id":"https:\/\/alprestamo.com\/blog\/como-recibir-el-subsidio-por-desempleo-a-traves-la-caja-de-compensacion\/","url":"https:\/\/alprestamo.com\/blog\/como-recibir-el-subsidio-por-desempleo-a-traves-la-caja-de-compensacion\/","name":"C\u00f3mo recibir el subsidio por desempleo a trav\u00e9s la caja de compensaci\u00f3n","isPartOf":{"@id":"https:\/\/alprestamo.com\/blog\/#website"},"primaryImageOfPage":{"@id":"https:\/\/alprestamo.com\/blog\/como-recibir-el-subsidio-por-desempleo-a-traves-la-caja-de-compensacion\/#primaryimage"},"image":{"@id":"https:\/\/alprestamo.com\/blog\/como-recibir-el-subsidio-por-desempleo-a-traves-la-caja-de-compensacion\/#primaryimage"},"thumbnailUrl":"https:\/\/alprestamo.com\/blog\/wp-content\/uploads\/2023\/09\/Diseno-sin-titulo-48.jpg","datePublished":"2023-09-27T13:30:00+00:00","dateModified":"2023-09-27T13:30:00+00:00","description":"El subsidio por desempleo fue creado mediante el Decreto 801 del 4 de junio para darle un alivio econ\u00f3mico a quienes perdieron su trabajo durante la","breadcrumb":{"@id":"https:\/\/alprestamo.com\/blog\/como-recibir-el-subsidio-por-desempleo-a-traves-la-caja-de-compensacion\/#breadcrumb"},"inLanguage":"es-AR","potentialAction":[{"@type":"ReadAction","target":["https:\/\/alprestamo.com\/blog\/como-recibir-el-subsidio-por-desempleo-a-traves-la-caja-de-compensacion\/"]}]},{"@type":"ImageObject","inLanguage":"es-AR","@id":"https:\/\/alprestamo.com\/blog\/como-recibir-el-subsidio-por-desempleo-a-traves-la-caja-de-compensacion\/#primaryimage","url":"https:\/\/alprestamo.com\/blog\/wp-content\/uploads\/2023\/09\/Diseno-sin-titulo-48.jpg","contentUrl":"https:\/\/alprestamo.com\/blog\/wp-content\/uploads\/2023\/09\/Diseno-sin-titulo-48.jpg","width":1024,"height":768,"caption":"Subsidio por desempleo"},{"@type":"BreadcrumbList","@id":"https:\/\/alprestamo.com\/blog\/como-recibir-el-subsidio-por-desempleo-a-traves-la-caja-de-compensacion\/#breadcrumb","itemListElement":[{"@type":"ListItem","position":1,"name":"Home","item":"https:\/\/alprestamo.com\/blog\/"},{"@type":"ListItem","position":2,"name":"C\u00f3mo recibir el subsidio por desempleo a trav\u00e9s la caja de compensaci\u00f3n"}]},{"@type":"WebSite","@id":"https:\/\/alprestamo.com\/blog\/#website","url":"https:\/\/alprestamo.com\/blog\/","name":"Alprestamo","description":"Hacemos que todo suceda","publisher":{"@id":"https:\/\/alprestamo.com\/blog\/#organization"},"potentialAction":[{"@type":"SearchAction","target":{"@type":"EntryPoint","urlTemplate":"https:\/\/alprestamo.com\/blog\/?s={search_term_string}"},"query-input":"required name=search_term_string"}],"inLanguage":"es-AR"},{"@type":"Organization","@id":"https:\/\/alprestamo.com\/blog\/#organization","name":"Alprestamo","url":"https:\/\/alprestamo.com\/blog\/","logo":{"@type":"ImageObject","inLanguage":"es-AR","@id":"https:\/\/alprestamo.com\/blog\/#\/schema\/logo\/image\/","url":"https:\/\/alprestamo.com\/blog\/wp-content\/uploads\/2022\/10\/Imagotipo_Blanco.svg","contentUrl":"https:\/\/alprestamo.com\/blog\/wp-content\/uploads\/2022\/10\/Imagotipo_Blanco.svg","width":1199,"height":203,"caption":"Alprestamo"},"image":{"@id":"https:\/\/alprestamo.com\/blog\/#\/schema\/logo\/image\/"}},{"@type":"Person","@id":"https:\/\/alprestamo.com\/blog\/#\/schema\/person\/4c568603ceb381762b4c9062d42c7627","name":"Ramiro Querejeta","image":{"@type":"ImageObject","inLanguage":"es-AR","@id":"https:\/\/alprestamo.com\/blog\/#\/schema\/person\/image\/","url":"https:\/\/alprestamo.com\/blog\/wp-content\/uploads\/2025\/08\/1688503693490-150x150.jpeg","contentUrl":"https:\/\/alprestamo.com\/blog\/wp-content\/uploads\/2025\/08\/1688503693490-150x150.jpeg","caption":"Ramiro Querejeta"},"url":"https:\/\/alprestamo.com\/blog\/author\/ramiro\/"}]}},"uagb_featured_image_src":{"full":["https:\/\/alprestamo.com\/blog\/wp-content\/uploads\/2023\/09\/Diseno-sin-titulo-48.jpg",1024,768,false],"thumbnail":["https:\/\/alprestamo.com\/blog\/wp-content\/uploads\/2023\/09\/Diseno-sin-titulo-48-150x150.jpg",150,150,true],"medium":["https:\/\/alprestamo.com\/blog\/wp-content\/uploads\/2023\/09\/Diseno-sin-titulo-48-300x225.jpg",300,225,true],"medium_large":["https:\/\/alprestamo.com\/blog\/wp-content\/uploads\/2023\/09\/Diseno-sin-titulo-48-768x576.jpg",768,576,true],"large":["https:\/\/alprestamo.com\/blog\/wp-content\/uploads\/2023\/09\/Diseno-sin-titulo-48.jpg",1024,768,false],"1536x1536":["https:\/\/alprestamo.com\/blog\/wp-content\/uploads\/2023\/09\/Diseno-sin-titulo-48.jpg",1024,768,false],"2048x2048":["https:\/\/alprestamo.com\/blog\/wp-content\/uploads\/2023\/09\/Diseno-sin-titulo-48.jpg",1024,768,false]},"uagb_author_info":{"display_name":"Ramiro Querejeta","author_link":"https:\/\/alprestamo.com\/blog\/author\/ramiro\/"},"uagb_comment_info":0,"uagb_excerpt":"El subsidio por desempleo fue creado mediante el Decreto 801 del 4 de junio para darle un alivio econ\u00f3mico a quienes perdieron su trabajo durante la crisis sanitaria del Covid-19.&nbsp; El subsidio por desempleo garantiza que se mantenga el acceso a la salud, al sistema pensional, al subsidio familiar y a los servicios de intermediaci\u00f3n&hellip;","rttpg_featured_image_url":{"full":["https:\/\/alprestamo.com\/blog\/wp-content\/uploads\/2023\/09\/Diseno-sin-titulo-48.jpg",1024,768,false],"landscape":["https:\/\/alprestamo.com\/blog\/wp-content\/uploads\/2023\/09\/Diseno-sin-titulo-48.jpg",1024,768,false],"portraits":["https:\/\/alprestamo.com\/blog\/wp-content\/uploads\/2023\/09\/Diseno-sin-titulo-48.jpg",1024,768,false],"thumbnail":["https:\/\/alprestamo.com\/blog\/wp-content\/uploads\/2023\/09\/Diseno-sin-titulo-48-150x150.jpg",150,150,true],"medium":["https:\/\/alprestamo.com\/blog\/wp-content\/uploads\/2023\/09\/Diseno-sin-titulo-48-300x225.jpg",300,225,true],"large":["https:\/\/alprestamo.com\/blog\/wp-content\/uploads\/2023\/09\/Diseno-sin-titulo-48.jpg",1024,768,false],"1536x1536":["https:\/\/alprestamo.com\/blog\/wp-content\/uploads\/2023\/09\/Diseno-sin-titulo-48.jpg",1024,768,false],"2048x2048":["https:\/\/alprestamo.com\/blog\/wp-content\/uploads\/2023\/09\/Diseno-sin-titulo-48.jpg",1024,768,false],"rt_custom":["https:\/\/alprestamo.com\/blog\/wp-content\/uploads\/2023\/09\/Diseno-sin-titulo-48.jpg",1024,768,false]},"rttpg_author":{"display_name":"Ramiro Querejeta","author_link":"https:\/\/alprestamo.com\/blog\/author\/ramiro\/"},"rttpg_comment":0,"rttpg_category":"<a href=\"https:\/\/alprestamo.com\/blog\/categoria\/co\/\" rel=\"category tag\">CO<\/a> <a href=\"https:\/\/alprestamo.com\/blog\/categoria\/co\/portada-co\/\" rel=\"category tag\">Portada<\/a> <a href=\"https:\/\/alprestamo.com\/blog\/categoria\/co\/programas-sociales\/\" rel=\"category tag\">Programas sociales<\/a>","rttpg_excerpt":"El subsidio por desempleo fue creado mediante el Decreto 801 del 4 de junio para darle un alivio econ\u00f3mico a quienes perdieron su trabajo durante la crisis sanitaria del Covid-19.&nbsp; El subsidio por desempleo garantiza que se mantenga el acceso a la salud, al sistema pensional, al subsidio familiar y a los servicios de intermediaci\u00f3n&hellip;","_links":{"self":[{"href":"https:\/\/alprestamo.com\/blog\/wp-json\/wp\/v2\/posts\/30667"}],"collection":[{"href":"https:\/\/alprestamo.com\/blog\/wp-json\/wp\/v2\/posts"}],"about":[{"href":"https:\/\/alprestamo.com\/blog\/wp-json\/wp\/v2\/types\/post"}],"author":[{"embeddable":true,"href":"https:\/\/alprestamo.com\/blog\/wp-json\/wp\/v2\/users\/9"}],"replies":[{"embeddable":true,"href":"https:\/\/alprestamo.com\/blog\/wp-json\/wp\/v2\/comments?post=30667"}],"version-history":[{"count":5,"href":"https:\/\/alprestamo.com\/blog\/wp-json\/wp\/v2\/posts\/30667\/revisions"}],"predecessor-version":[{"id":30676,"href":"https:\/\/alprestamo.com\/blog\/wp-json\/wp\/v2\/posts\/30667\/revisions\/30676"}],"wp:featuredmedia":[{"embeddable":true,"href":"https:\/\/alprestamo.com\/blog\/wp-json\/wp\/v2\/media\/30672"}],"wp:attachment":[{"href":"https:\/\/alprestamo.com\/blog\/wp-json\/wp\/v2\/media?parent=30667"}],"wp:term":[{"taxonomy":"category","embeddable":true,"href":"https:\/\/alprestamo.com\/blog\/wp-json\/wp\/v2\/categories?post=30667"},{"taxonomy":"post_tag","embeddable":true,"href":"https:\/\/alprestamo.com\/blog\/wp-json\/wp\/v2\/tags?post=30667"}],"curies":[{"name":"wp","href":"https:\/\/api.w.org\/{rel}","templated":true}]}}