{"id":30855,"date":"2023-09-29T10:30:00","date_gmt":"2023-09-29T13:30:00","guid":{"rendered":"https:\/\/alprestamo.com\/blog\/?p=30855"},"modified":"2023-09-29T11:52:32","modified_gmt":"2023-09-29T14:52:32","slug":"que-hogares-cobraran-500-mil-del-gobierno-en-noviembre-y-diciembre","status":"publish","type":"post","link":"https:\/\/alprestamo.com\/blog\/que-hogares-cobraran-500-mil-del-gobierno-en-noviembre-y-diciembre\/","title":{"rendered":"Qu\u00e9 hogares cobrar\u00e1n $500 mil del Gobierno en noviembre y diciembre"},"content":{"rendered":"\n<p>El Gobierno Nacional comenz\u00f3 a implementar acciones y estrategias para poner en marcha una transferencia no condicionada en noviembre y diciembre para las<strong> familias Wayuu de La Guajira<\/strong> con ni\u00f1os en primera infancia y madres gestantes.&nbsp;<\/p>\n\n\n\n<p>La transferencia de parte del Estado es de<strong> <\/strong><a href=\"https:\/\/alprestamo.com\/blog\/co\/ayuda-economica-de-500-mil-para-jefes-y-jefas-de-familia-como-cobrarla\/\"><strong>$500 mil <\/strong>por familia<\/a>. Adem\u00e1s, hay que destacar que esta ayuda ser\u00e1 el comienzo para luego hacer una transici\u00f3n hacia la<a href=\"https:\/\/alprestamo.com\/blog\/co\/como-consultar-el-pago-de-la-renta-ciudadana-de-hasta-500-000\/\"> <strong>Renta Ciudadana<\/strong><\/a>.&nbsp;<\/p>\n\n\n\n<p>La<strong> Renta Wayuu<\/strong>, como se decidi\u00f3 denominar a esta <a href=\"https:\/\/alprestamo.com\/blog\/co\/ayuda-economica-2023-comienzan-pagos-de-agosto\/\">ayuda econ\u00f3mica<\/a>, tiene el objetivo de proporcionar a estas familias los recursos necesarios para acceder a una canasta b\u00e1sica de alimentos y combatir la desnutrici\u00f3n en el departamento colombiano.&nbsp;<\/p>\n\n\n\n<p>En el corto plazo, el enfoque es aliviar las dificultades econ\u00f3micas, pero en el mediano y largo plazo, el objetivo se ampl\u00eda: acompa\u00f1ar a las familias en el desarrollo de capacidades dentro de sus contextos y entornos, respetando sus costumbres y creencias; asegurar que tengan los recursos sostenibles para su subsistencia, contribuyendo a mitigar las muertes por la desnutrici\u00f3n que imperan en la zona.&nbsp;<\/p>\n\n\n\n<h2 class=\"wp-block-heading\">Cu\u00e1ntas familias cobrar\u00e1n $500 mil&nbsp;<\/h2>\n\n\n\n<p><\/p>\n\n\n\n<p>El<a href=\"https:\/\/alprestamo.com\/blog\/co\/conectados-por-la-educacion-como-es-el-programa-que-regala-tabletas\/\"> programa<\/a> que se lleva a cabo contempla a todos los Wayuu que tienen una <strong>identificaci\u00f3n expedida en Colombia<\/strong>. Esto quiere decir que aquellos con un documento legal v\u00e1lido ser\u00e1n elegibles para cobrar los 500 mil pesos.&nbsp;<\/p>\n\n\n\n<p>De acuerdo a los registros del censo, unas <strong>30.000 familias se ver\u00e1n beneficiadas<\/strong> de este subsidio. De este total, ya se han identificado 27.000 mediante una base de datos que estableci\u00f3<strong> Prosperidad Social<\/strong>. Esta base contiene datos del Ministerio de Salud, del ICBF, de la Unidad de V\u00edctimas y de los programas propios de Prosperidad Social que atienden <strong>comunidades ind\u00edgenas<\/strong>.&nbsp;<\/p>\n\n\n\n<h2 class=\"wp-block-heading\">M\u00e9todo de pago de los 500 mil pesos<\/h2>\n\n\n\n<p><\/p>\n\n\n\n<p>Se estima que el primer pago para las familias de La Guajira se lleve a cabo despu\u00e9s de las elecciones, por lo que se espera que sea en la primera semana de noviembre.&nbsp;<\/p>\n\n\n\n<p>En cuanto al m\u00e9todo de pago, se est\u00e1 evaluando la mejor manera de hacerlo. En algunas \u00e1reas podr\u00eda ser m\u00e1s conveniente llegar a los puntos de pago, mientras que en otras, ser\u00eda m\u00e1s adecuado entregar la ayuda directamente en efectivo.&nbsp;&nbsp;<\/p>\n\n\n\n<h2 class=\"wp-block-heading\">Cronograma de pagos&nbsp;<\/h2>\n\n\n\n<p><\/p>\n\n\n\n<p>Las familias Wayuu recibir\u00e1n el<strong> primer pago de 500 mil pesos<\/strong> no condicionado en noviembre, y de acuerdo al decreto del Gobierno, luego de esta transferencia las familias ingresar\u00e1n autom\u00e1ticamente al programa de la Renta Ciudadana.&nbsp;En diciembre, por su parte, recibir\u00e1n el <strong>segundo pago<\/strong> de estos 500 mil pesos.<\/p>\n","protected":false},"excerpt":{"rendered":"<p>El Gobierno Nacional comenz\u00f3 a implementar acciones y estrategias para poner en marcha una transferencia no condicionada en noviembre y diciembre para las familias Wayuu de La Guajira con ni\u00f1os en primera infancia y madres gestantes.&nbsp; La transferencia de parte del Estado es de $500 mil por familia. Adem\u00e1s, hay que destacar que esta ayuda &hellip;<\/p>\n<p class=\"read-more\"> <a class=\"\" href=\"https:\/\/alprestamo.com\/blog\/que-hogares-cobraran-500-mil-del-gobierno-en-noviembre-y-diciembre\/\"> <span class=\"screen-reader-text\">Qu\u00e9 hogares cobrar\u00e1n $500 mil del Gobierno en noviembre y diciembre<\/span> Leer m\u00e1s &raquo;<\/a><\/p>\n","protected":false},"author":9,"featured_media":30865,"comment_status":"closed","ping_status":"closed","sticky":false,"template":"","format":"standard","meta":{"_uag_custom_page_level_css":"","site-sidebar-layout":"default","site-content-layout":"default","ast-global-header-display":"","ast-banner-title-visibility":"","ast-main-header-display":"","ast-hfb-above-header-display":"","ast-hfb-below-header-display":"","ast-hfb-mobile-header-display":"","site-post-title":"","ast-breadcrumbs-content":"","ast-featured-img":"","footer-sml-layout":"","theme-transparent-header-meta":"","adv-header-id-meta":"","stick-header-meta":"","header-above-stick-meta":"","header-main-stick-meta":"","header-below-stick-meta":"","footnotes":""},"categories":[98,197,100],"tags":[],"class_list":["post-30855","post","type-post","status-publish","format-standard","has-post-thumbnail","hentry","category-co","category-portada-co","category-programas-sociales"],"acf":[],"yoast_head":"<!-- This site is optimized with the Yoast SEO plugin v23.2 - https:\/\/yoast.com\/wordpress\/plugins\/seo\/ -->\n<title>Qu\u00e9 hogares cobrar\u00e1n $500 mil del Gobierno en noviembre y diciembre<\/title>\n<meta name=\"description\" content=\"El Gobierno Nacional comenz\u00f3 a implementar acciones y estrategias para poner en marcha una transferencia no condicionada en noviembre y diciembre para las\" \/>\n<meta name=\"robots\" content=\"index, follow, max-snippet:-1, max-image-preview:large, max-video-preview:-1\" \/>\n<link rel=\"canonical\" href=\"https:\/\/alprestamo.com\/blog\/que-hogares-cobraran-500-mil-del-gobierno-en-noviembre-y-diciembre\/\" \/>\n<meta property=\"og:locale\" content=\"es_ES\" \/>\n<meta property=\"og:type\" content=\"article\" \/>\n<meta property=\"og:title\" content=\"Qu\u00e9 hogares cobrar\u00e1n $500 mil del Gobierno en noviembre y diciembre\" \/>\n<meta property=\"og:description\" content=\"El Gobierno Nacional comenz\u00f3 a implementar acciones y estrategias para poner en marcha una transferencia no condicionada en noviembre y diciembre para las\" \/>\n<meta property=\"og:url\" content=\"https:\/\/alprestamo.com\/blog\/que-hogares-cobraran-500-mil-del-gobierno-en-noviembre-y-diciembre\/\" \/>\n<meta property=\"og:site_name\" content=\"Alprestamo - Hacemos que todo suceda\" \/>\n<meta property=\"article:published_time\" content=\"2023-09-29T13:30:00+00:00\" \/>\n<meta property=\"article:modified_time\" content=\"2023-09-29T14:52:32+00:00\" \/>\n<meta property=\"og:image\" content=\"https:\/\/alprestamo.com\/blog\/wp-content\/uploads\/2023\/09\/Diseno-sin-titulo-54-1.jpg\" \/>\n\t<meta property=\"og:image:width\" content=\"1024\" \/>\n\t<meta property=\"og:image:height\" content=\"768\" \/>\n\t<meta property=\"og:image:type\" content=\"image\/jpeg\" \/>\n<meta name=\"author\" content=\"Ramiro Querejeta\" \/>\n<meta name=\"twitter:card\" content=\"summary_large_image\" \/>\n<meta name=\"twitter:label1\" content=\"Escrito por\" \/>\n\t<meta name=\"twitter:data1\" content=\"Ramiro Querejeta\" \/>\n\t<meta name=\"twitter:label2\" content=\"Tiempo de lectura\" \/>\n\t<meta name=\"twitter:data2\" content=\"2 minutos\" \/>\n<script type=\"application\/ld+json\" class=\"yoast-schema-graph\">{\"@context\":\"https:\/\/schema.org\",\"@graph\":[{\"@type\":\"NewsArticle\",\"@id\":\"https:\/\/alprestamo.com\/blog\/que-hogares-cobraran-500-mil-del-gobierno-en-noviembre-y-diciembre\/#article\",\"isPartOf\":{\"@id\":\"https:\/\/alprestamo.com\/blog\/que-hogares-cobraran-500-mil-del-gobierno-en-noviembre-y-diciembre\/\"},\"author\":{\"name\":\"Ramiro Querejeta\",\"@id\":\"https:\/\/alprestamo.com\/blog\/#\/schema\/person\/4c568603ceb381762b4c9062d42c7627\"},\"headline\":\"Qu\u00e9 hogares cobrar\u00e1n $500 mil del Gobierno en noviembre y diciembre\",\"datePublished\":\"2023-09-29T13:30:00+00:00\",\"dateModified\":\"2023-09-29T14:52:32+00:00\",\"mainEntityOfPage\":{\"@id\":\"https:\/\/alprestamo.com\/blog\/que-hogares-cobraran-500-mil-del-gobierno-en-noviembre-y-diciembre\/\"},\"wordCount\":449,\"publisher\":{\"@id\":\"https:\/\/alprestamo.com\/blog\/#organization\"},\"image\":{\"@id\":\"https:\/\/alprestamo.com\/blog\/que-hogares-cobraran-500-mil-del-gobierno-en-noviembre-y-diciembre\/#primaryimage\"},\"thumbnailUrl\":\"https:\/\/alprestamo.com\/blog\/wp-content\/uploads\/2023\/09\/Diseno-sin-titulo-54-1.jpg\",\"articleSection\":[\"CO\",\"Portada\",\"Programas sociales\"],\"inLanguage\":\"es-AR\"},{\"@type\":\"WebPage\",\"@id\":\"https:\/\/alprestamo.com\/blog\/que-hogares-cobraran-500-mil-del-gobierno-en-noviembre-y-diciembre\/\",\"url\":\"https:\/\/alprestamo.com\/blog\/que-hogares-cobraran-500-mil-del-gobierno-en-noviembre-y-diciembre\/\",\"name\":\"Qu\u00e9 hogares cobrar\u00e1n $500 mil del Gobierno en noviembre y diciembre\",\"isPartOf\":{\"@id\":\"https:\/\/alprestamo.com\/blog\/#website\"},\"primaryImageOfPage\":{\"@id\":\"https:\/\/alprestamo.com\/blog\/que-hogares-cobraran-500-mil-del-gobierno-en-noviembre-y-diciembre\/#primaryimage\"},\"image\":{\"@id\":\"https:\/\/alprestamo.com\/blog\/que-hogares-cobraran-500-mil-del-gobierno-en-noviembre-y-diciembre\/#primaryimage\"},\"thumbnailUrl\":\"https:\/\/alprestamo.com\/blog\/wp-content\/uploads\/2023\/09\/Diseno-sin-titulo-54-1.jpg\",\"datePublished\":\"2023-09-29T13:30:00+00:00\",\"dateModified\":\"2023-09-29T14:52:32+00:00\",\"description\":\"El Gobierno Nacional comenz\u00f3 a implementar acciones y estrategias para poner en marcha una transferencia no condicionada en noviembre y diciembre para las\",\"breadcrumb\":{\"@id\":\"https:\/\/alprestamo.com\/blog\/que-hogares-cobraran-500-mil-del-gobierno-en-noviembre-y-diciembre\/#breadcrumb\"},\"inLanguage\":\"es-AR\",\"potentialAction\":[{\"@type\":\"ReadAction\",\"target\":[\"https:\/\/alprestamo.com\/blog\/que-hogares-cobraran-500-mil-del-gobierno-en-noviembre-y-diciembre\/\"]}]},{\"@type\":\"ImageObject\",\"inLanguage\":\"es-AR\",\"@id\":\"https:\/\/alprestamo.com\/blog\/que-hogares-cobraran-500-mil-del-gobierno-en-noviembre-y-diciembre\/#primaryimage\",\"url\":\"https:\/\/alprestamo.com\/blog\/wp-content\/uploads\/2023\/09\/Diseno-sin-titulo-54-1.jpg\",\"contentUrl\":\"https:\/\/alprestamo.com\/blog\/wp-content\/uploads\/2023\/09\/Diseno-sin-titulo-54-1.jpg\",\"width\":1024,\"height\":768,\"caption\":\"500 mil pesos en noviembre y diciembre\"},{\"@type\":\"BreadcrumbList\",\"@id\":\"https:\/\/alprestamo.com\/blog\/que-hogares-cobraran-500-mil-del-gobierno-en-noviembre-y-diciembre\/#breadcrumb\",\"itemListElement\":[{\"@type\":\"ListItem\",\"position\":1,\"name\":\"Home\",\"item\":\"https:\/\/alprestamo.com\/blog\/\"},{\"@type\":\"ListItem\",\"position\":2,\"name\":\"Qu\u00e9 hogares cobrar\u00e1n $500 mil del Gobierno en noviembre y diciembre\"}]},{\"@type\":\"WebSite\",\"@id\":\"https:\/\/alprestamo.com\/blog\/#website\",\"url\":\"https:\/\/alprestamo.com\/blog\/\",\"name\":\"Alprestamo\",\"description\":\"Hacemos que todo suceda\",\"publisher\":{\"@id\":\"https:\/\/alprestamo.com\/blog\/#organization\"},\"potentialAction\":[{\"@type\":\"SearchAction\",\"target\":{\"@type\":\"EntryPoint\",\"urlTemplate\":\"https:\/\/alprestamo.com\/blog\/?s={search_term_string}\"},\"query-input\":\"required name=search_term_string\"}],\"inLanguage\":\"es-AR\"},{\"@type\":\"Organization\",\"@id\":\"https:\/\/alprestamo.com\/blog\/#organization\",\"name\":\"Alprestamo\",\"url\":\"https:\/\/alprestamo.com\/blog\/\",\"logo\":{\"@type\":\"ImageObject\",\"inLanguage\":\"es-AR\",\"@id\":\"https:\/\/alprestamo.com\/blog\/#\/schema\/logo\/image\/\",\"url\":\"https:\/\/alprestamo.com\/blog\/wp-content\/uploads\/2022\/10\/Imagotipo_Blanco.svg\",\"contentUrl\":\"https:\/\/alprestamo.com\/blog\/wp-content\/uploads\/2022\/10\/Imagotipo_Blanco.svg\",\"width\":1199,\"height\":203,\"caption\":\"Alprestamo\"},\"image\":{\"@id\":\"https:\/\/alprestamo.com\/blog\/#\/schema\/logo\/image\/\"}},{\"@type\":\"Person\",\"@id\":\"https:\/\/alprestamo.com\/blog\/#\/schema\/person\/4c568603ceb381762b4c9062d42c7627\",\"name\":\"Ramiro Querejeta\",\"image\":{\"@type\":\"ImageObject\",\"inLanguage\":\"es-AR\",\"@id\":\"https:\/\/alprestamo.com\/blog\/#\/schema\/person\/image\/\",\"url\":\"https:\/\/alprestamo.com\/blog\/wp-content\/uploads\/2025\/08\/1688503693490-150x150.jpeg\",\"contentUrl\":\"https:\/\/alprestamo.com\/blog\/wp-content\/uploads\/2025\/08\/1688503693490-150x150.jpeg\",\"caption\":\"Ramiro Querejeta\"},\"url\":\"https:\/\/alprestamo.com\/blog\/author\/ramiro\/\"}]}<\/script>\n<!-- \/ Yoast SEO plugin. -->","yoast_head_json":{"title":"Qu\u00e9 hogares cobrar\u00e1n $500 mil del Gobierno en noviembre y diciembre","description":"El Gobierno Nacional comenz\u00f3 a implementar acciones y estrategias para poner en marcha una transferencia no condicionada en noviembre y diciembre para las","robots":{"index":"index","follow":"follow","max-snippet":"max-snippet:-1","max-image-preview":"max-image-preview:large","max-video-preview":"max-video-preview:-1"},"canonical":"https:\/\/alprestamo.com\/blog\/que-hogares-cobraran-500-mil-del-gobierno-en-noviembre-y-diciembre\/","og_locale":"es_ES","og_type":"article","og_title":"Qu\u00e9 hogares cobrar\u00e1n $500 mil del Gobierno en noviembre y diciembre","og_description":"El Gobierno Nacional comenz\u00f3 a implementar acciones y estrategias para poner en marcha una transferencia no condicionada en noviembre y diciembre para las","og_url":"https:\/\/alprestamo.com\/blog\/que-hogares-cobraran-500-mil-del-gobierno-en-noviembre-y-diciembre\/","og_site_name":"Alprestamo - Hacemos que todo suceda","article_published_time":"2023-09-29T13:30:00+00:00","article_modified_time":"2023-09-29T14:52:32+00:00","og_image":[{"width":1024,"height":768,"url":"https:\/\/alprestamo.com\/blog\/wp-content\/uploads\/2023\/09\/Diseno-sin-titulo-54-1.jpg","type":"image\/jpeg"}],"author":"Ramiro Querejeta","twitter_card":"summary_large_image","twitter_misc":{"Escrito por":"Ramiro Querejeta","Tiempo de lectura":"2 minutos"},"schema":{"@context":"https:\/\/schema.org","@graph":[{"@type":"NewsArticle","@id":"https:\/\/alprestamo.com\/blog\/que-hogares-cobraran-500-mil-del-gobierno-en-noviembre-y-diciembre\/#article","isPartOf":{"@id":"https:\/\/alprestamo.com\/blog\/que-hogares-cobraran-500-mil-del-gobierno-en-noviembre-y-diciembre\/"},"author":{"name":"Ramiro Querejeta","@id":"https:\/\/alprestamo.com\/blog\/#\/schema\/person\/4c568603ceb381762b4c9062d42c7627"},"headline":"Qu\u00e9 hogares cobrar\u00e1n $500 mil del Gobierno en noviembre y diciembre","datePublished":"2023-09-29T13:30:00+00:00","dateModified":"2023-09-29T14:52:32+00:00","mainEntityOfPage":{"@id":"https:\/\/alprestamo.com\/blog\/que-hogares-cobraran-500-mil-del-gobierno-en-noviembre-y-diciembre\/"},"wordCount":449,"publisher":{"@id":"https:\/\/alprestamo.com\/blog\/#organization"},"image":{"@id":"https:\/\/alprestamo.com\/blog\/que-hogares-cobraran-500-mil-del-gobierno-en-noviembre-y-diciembre\/#primaryimage"},"thumbnailUrl":"https:\/\/alprestamo.com\/blog\/wp-content\/uploads\/2023\/09\/Diseno-sin-titulo-54-1.jpg","articleSection":["CO","Portada","Programas sociales"],"inLanguage":"es-AR"},{"@type":"WebPage","@id":"https:\/\/alprestamo.com\/blog\/que-hogares-cobraran-500-mil-del-gobierno-en-noviembre-y-diciembre\/","url":"https:\/\/alprestamo.com\/blog\/que-hogares-cobraran-500-mil-del-gobierno-en-noviembre-y-diciembre\/","name":"Qu\u00e9 hogares cobrar\u00e1n $500 mil del Gobierno en noviembre y diciembre","isPartOf":{"@id":"https:\/\/alprestamo.com\/blog\/#website"},"primaryImageOfPage":{"@id":"https:\/\/alprestamo.com\/blog\/que-hogares-cobraran-500-mil-del-gobierno-en-noviembre-y-diciembre\/#primaryimage"},"image":{"@id":"https:\/\/alprestamo.com\/blog\/que-hogares-cobraran-500-mil-del-gobierno-en-noviembre-y-diciembre\/#primaryimage"},"thumbnailUrl":"https:\/\/alprestamo.com\/blog\/wp-content\/uploads\/2023\/09\/Diseno-sin-titulo-54-1.jpg","datePublished":"2023-09-29T13:30:00+00:00","dateModified":"2023-09-29T14:52:32+00:00","description":"El Gobierno Nacional comenz\u00f3 a implementar acciones y estrategias para poner en marcha una transferencia no condicionada en noviembre y diciembre para las","breadcrumb":{"@id":"https:\/\/alprestamo.com\/blog\/que-hogares-cobraran-500-mil-del-gobierno-en-noviembre-y-diciembre\/#breadcrumb"},"inLanguage":"es-AR","potentialAction":[{"@type":"ReadAction","target":["https:\/\/alprestamo.com\/blog\/que-hogares-cobraran-500-mil-del-gobierno-en-noviembre-y-diciembre\/"]}]},{"@type":"ImageObject","inLanguage":"es-AR","@id":"https:\/\/alprestamo.com\/blog\/que-hogares-cobraran-500-mil-del-gobierno-en-noviembre-y-diciembre\/#primaryimage","url":"https:\/\/alprestamo.com\/blog\/wp-content\/uploads\/2023\/09\/Diseno-sin-titulo-54-1.jpg","contentUrl":"https:\/\/alprestamo.com\/blog\/wp-content\/uploads\/2023\/09\/Diseno-sin-titulo-54-1.jpg","width":1024,"height":768,"caption":"500 mil pesos en noviembre y diciembre"},{"@type":"BreadcrumbList","@id":"https:\/\/alprestamo.com\/blog\/que-hogares-cobraran-500-mil-del-gobierno-en-noviembre-y-diciembre\/#breadcrumb","itemListElement":[{"@type":"ListItem","position":1,"name":"Home","item":"https:\/\/alprestamo.com\/blog\/"},{"@type":"ListItem","position":2,"name":"Qu\u00e9 hogares cobrar\u00e1n $500 mil del Gobierno en noviembre y diciembre"}]},{"@type":"WebSite","@id":"https:\/\/alprestamo.com\/blog\/#website","url":"https:\/\/alprestamo.com\/blog\/","name":"Alprestamo","description":"Hacemos que todo suceda","publisher":{"@id":"https:\/\/alprestamo.com\/blog\/#organization"},"potentialAction":[{"@type":"SearchAction","target":{"@type":"EntryPoint","urlTemplate":"https:\/\/alprestamo.com\/blog\/?s={search_term_string}"},"query-input":"required name=search_term_string"}],"inLanguage":"es-AR"},{"@type":"Organization","@id":"https:\/\/alprestamo.com\/blog\/#organization","name":"Alprestamo","url":"https:\/\/alprestamo.com\/blog\/","logo":{"@type":"ImageObject","inLanguage":"es-AR","@id":"https:\/\/alprestamo.com\/blog\/#\/schema\/logo\/image\/","url":"https:\/\/alprestamo.com\/blog\/wp-content\/uploads\/2022\/10\/Imagotipo_Blanco.svg","contentUrl":"https:\/\/alprestamo.com\/blog\/wp-content\/uploads\/2022\/10\/Imagotipo_Blanco.svg","width":1199,"height":203,"caption":"Alprestamo"},"image":{"@id":"https:\/\/alprestamo.com\/blog\/#\/schema\/logo\/image\/"}},{"@type":"Person","@id":"https:\/\/alprestamo.com\/blog\/#\/schema\/person\/4c568603ceb381762b4c9062d42c7627","name":"Ramiro Querejeta","image":{"@type":"ImageObject","inLanguage":"es-AR","@id":"https:\/\/alprestamo.com\/blog\/#\/schema\/person\/image\/","url":"https:\/\/alprestamo.com\/blog\/wp-content\/uploads\/2025\/08\/1688503693490-150x150.jpeg","contentUrl":"https:\/\/alprestamo.com\/blog\/wp-content\/uploads\/2025\/08\/1688503693490-150x150.jpeg","caption":"Ramiro Querejeta"},"url":"https:\/\/alprestamo.com\/blog\/author\/ramiro\/"}]}},"uagb_featured_image_src":{"full":["https:\/\/alprestamo.com\/blog\/wp-content\/uploads\/2023\/09\/Diseno-sin-titulo-54-1.jpg",1024,768,false],"thumbnail":["https:\/\/alprestamo.com\/blog\/wp-content\/uploads\/2023\/09\/Diseno-sin-titulo-54-1-150x150.jpg",150,150,true],"medium":["https:\/\/alprestamo.com\/blog\/wp-content\/uploads\/2023\/09\/Diseno-sin-titulo-54-1-300x225.jpg",300,225,true],"medium_large":["https:\/\/alprestamo.com\/blog\/wp-content\/uploads\/2023\/09\/Diseno-sin-titulo-54-1-768x576.jpg",768,576,true],"large":["https:\/\/alprestamo.com\/blog\/wp-content\/uploads\/2023\/09\/Diseno-sin-titulo-54-1.jpg",1024,768,false],"1536x1536":["https:\/\/alprestamo.com\/blog\/wp-content\/uploads\/2023\/09\/Diseno-sin-titulo-54-1.jpg",1024,768,false],"2048x2048":["https:\/\/alprestamo.com\/blog\/wp-content\/uploads\/2023\/09\/Diseno-sin-titulo-54-1.jpg",1024,768,false]},"uagb_author_info":{"display_name":"Ramiro Querejeta","author_link":"https:\/\/alprestamo.com\/blog\/author\/ramiro\/"},"uagb_comment_info":0,"uagb_excerpt":"El Gobierno Nacional comenz\u00f3 a implementar acciones y estrategias para poner en marcha una transferencia no condicionada en noviembre y diciembre para las familias Wayuu de La Guajira con ni\u00f1os en primera infancia y madres gestantes.&nbsp; La transferencia de parte del Estado es de $500 mil por familia. Adem\u00e1s, hay que destacar que esta ayuda&hellip;","rttpg_featured_image_url":{"full":["https:\/\/alprestamo.com\/blog\/wp-content\/uploads\/2023\/09\/Diseno-sin-titulo-54-1.jpg",1024,768,false],"landscape":["https:\/\/alprestamo.com\/blog\/wp-content\/uploads\/2023\/09\/Diseno-sin-titulo-54-1.jpg",1024,768,false],"portraits":["https:\/\/alprestamo.com\/blog\/wp-content\/uploads\/2023\/09\/Diseno-sin-titulo-54-1.jpg",1024,768,false],"thumbnail":["https:\/\/alprestamo.com\/blog\/wp-content\/uploads\/2023\/09\/Diseno-sin-titulo-54-1-150x150.jpg",150,150,true],"medium":["https:\/\/alprestamo.com\/blog\/wp-content\/uploads\/2023\/09\/Diseno-sin-titulo-54-1-300x225.jpg",300,225,true],"large":["https:\/\/alprestamo.com\/blog\/wp-content\/uploads\/2023\/09\/Diseno-sin-titulo-54-1.jpg",1024,768,false],"1536x1536":["https:\/\/alprestamo.com\/blog\/wp-content\/uploads\/2023\/09\/Diseno-sin-titulo-54-1.jpg",1024,768,false],"2048x2048":["https:\/\/alprestamo.com\/blog\/wp-content\/uploads\/2023\/09\/Diseno-sin-titulo-54-1.jpg",1024,768,false],"rt_custom":["https:\/\/alprestamo.com\/blog\/wp-content\/uploads\/2023\/09\/Diseno-sin-titulo-54-1.jpg",1024,768,false]},"rttpg_author":{"display_name":"Ramiro Querejeta","author_link":"https:\/\/alprestamo.com\/blog\/author\/ramiro\/"},"rttpg_comment":0,"rttpg_category":"<a href=\"https:\/\/alprestamo.com\/blog\/categoria\/co\/\" rel=\"category tag\">CO<\/a> <a href=\"https:\/\/alprestamo.com\/blog\/categoria\/co\/portada-co\/\" rel=\"category tag\">Portada<\/a> <a href=\"https:\/\/alprestamo.com\/blog\/categoria\/co\/programas-sociales\/\" rel=\"category tag\">Programas sociales<\/a>","rttpg_excerpt":"El Gobierno Nacional comenz\u00f3 a implementar acciones y estrategias para poner en marcha una transferencia no condicionada en noviembre y diciembre para las familias Wayuu de La Guajira con ni\u00f1os en primera infancia y madres gestantes.&nbsp; La transferencia de parte del Estado es de $500 mil por familia. Adem\u00e1s, hay que destacar que esta ayuda&hellip;","_links":{"self":[{"href":"https:\/\/alprestamo.com\/blog\/wp-json\/wp\/v2\/posts\/30855"}],"collection":[{"href":"https:\/\/alprestamo.com\/blog\/wp-json\/wp\/v2\/posts"}],"about":[{"href":"https:\/\/alprestamo.com\/blog\/wp-json\/wp\/v2\/types\/post"}],"author":[{"embeddable":true,"href":"https:\/\/alprestamo.com\/blog\/wp-json\/wp\/v2\/users\/9"}],"replies":[{"embeddable":true,"href":"https:\/\/alprestamo.com\/blog\/wp-json\/wp\/v2\/comments?post=30855"}],"version-history":[{"count":4,"href":"https:\/\/alprestamo.com\/blog\/wp-json\/wp\/v2\/posts\/30855\/revisions"}],"predecessor-version":[{"id":30911,"href":"https:\/\/alprestamo.com\/blog\/wp-json\/wp\/v2\/posts\/30855\/revisions\/30911"}],"wp:featuredmedia":[{"embeddable":true,"href":"https:\/\/alprestamo.com\/blog\/wp-json\/wp\/v2\/media\/30865"}],"wp:attachment":[{"href":"https:\/\/alprestamo.com\/blog\/wp-json\/wp\/v2\/media?parent=30855"}],"wp:term":[{"taxonomy":"category","embeddable":true,"href":"https:\/\/alprestamo.com\/blog\/wp-json\/wp\/v2\/categories?post=30855"},{"taxonomy":"post_tag","embeddable":true,"href":"https:\/\/alprestamo.com\/blog\/wp-json\/wp\/v2\/tags?post=30855"}],"curies":[{"name":"wp","href":"https:\/\/api.w.org\/{rel}","templated":true}]}}