{"id":31028,"date":"2023-10-02T15:34:34","date_gmt":"2023-10-02T18:34:34","guid":{"rendered":"https:\/\/alprestamo.com\/blog\/?p=31028"},"modified":"2023-10-18T12:54:14","modified_gmt":"2023-10-18T15:54:14","slug":"fecha-de-cobro-de-mi-beca-para-empezar-en-octubre","status":"publish","type":"post","link":"https:\/\/alprestamo.com\/blog\/fecha-de-cobro-de-mi-beca-para-empezar-en-octubre\/","title":{"rendered":"Fecha de cobro de Mi Beca para Empezar en octubre"},"content":{"rendered":"\n<p>El primer mes del ciclo escolar 2023-2024 se encuentra a punto de terminar, por lo que en el mes de octubre, el <strong>programa Mi Beca para Empezar <\/strong>extender\u00e1 el dep\u00f3sito del siguiente periodo de actividades acad\u00e9micas.&nbsp;<\/p>\n\n\n\n<p>El cobro de Mi Beca para Empezar es todos los meses mediante la<a href=\"https:\/\/alprestamo.com\/blog\/mx\/programas-sociales-mx\/como-recibo-la-tarjeta-de-mi-beca-para-empezar\/\"> tarjeta del programa<\/a>, que permite cubrir los gastos para la <strong>compra de art\u00edculos escolares<\/strong>, transporte, uniformes y alimentaci\u00f3n.&nbsp;<\/p>\n\n\n\n<h2 class=\"wp-block-heading\">Quienes cobran Mi Beca para Empezar&nbsp;<\/h2>\n\n\n\n<p><\/p>\n\n\n\n<p>Quienes podr\u00e1n recibir esta<a href=\"https:\/\/alprestamo.com\/blog\/mx\/programas-sociales-mx\/que-apoyos-sociales-hay-en-mexico\/\"> ayuda econ\u00f3mica por parte del Estado<\/a> son los ni\u00f1os, ni\u00f1as y adolescentes que se encuentren inscritos en escuelas p\u00fablicas de nivel b\u00e1sico, o en <strong>Centros de Atenci\u00f3n M\u00faltiple<\/strong>.<\/p>\n\n\n\n<h2 class=\"wp-block-heading\">Fecha de pago de Mi Beca para empezar en octubre&nbsp;<\/h2>\n\n\n\n<p><\/p>\n\n\n\n<p>Seg\u00fan el calendario de<a href=\"https:\/\/alprestamo.com\/blog\/mx\/programas-sociales-mx\/mi-beca-para-empezar-quienes-pueden-recibir-un-pago-doble\/\"> pagos del programa<\/a>, el dep\u00f3sito del mes de octubre se llevar\u00e1 a cabo a partir del primer d\u00eda del mes, por lo que la mayor\u00eda de los beneficiarios deber\u00edan tener su dinero depositado.&nbsp;<\/p>\n\n\n\n<h2 class=\"wp-block-heading\">Montos de Mi Beca para Empezar&nbsp;<\/h2>\n\n\n\n<p><\/p>\n\n\n\n<p>Los montos de dinero que entrega <em>Mi Beca para Empezar <\/em>en 2023 son diferentes, ya que estos tienen que ver con los niveles acad\u00e9micos. Por lo tanto, los dep\u00f3sitos ser\u00e1n los siguientes:&nbsp;<\/p>\n\n\n\n<ul class=\"wp-block-list\">\n<li><strong>Preescolar: 600 pesos&nbsp;<\/strong><\/li>\n\n\n\n<li><strong>Primaria: 650 pesos&nbsp;<\/strong><\/li>\n\n\n\n<li><strong>Secundaria: 650 pesos&nbsp;<\/strong><\/li>\n<\/ul>\n","protected":false},"excerpt":{"rendered":"<p>El primer mes del ciclo escolar 2023-2024 se encuentra a punto de terminar, por lo que en el mes de octubre, el programa Mi Beca para Empezar extender\u00e1 el dep\u00f3sito del siguiente periodo de actividades acad\u00e9micas.&nbsp; El cobro de Mi Beca para Empezar es todos los meses mediante la tarjeta del programa, que permite cubrir &hellip;<\/p>\n<p class=\"read-more\"> <a class=\"\" href=\"https:\/\/alprestamo.com\/blog\/fecha-de-cobro-de-mi-beca-para-empezar-en-octubre\/\"> <span class=\"screen-reader-text\">Fecha de cobro de Mi Beca para Empezar en octubre<\/span> Leer m\u00e1s &raquo;<\/a><\/p>\n","protected":false},"author":9,"featured_media":31032,"comment_status":"closed","ping_status":"closed","sticky":false,"template":"","format":"standard","meta":{"_uag_custom_page_level_css":"","site-sidebar-layout":"default","site-content-layout":"default","ast-global-header-display":"","ast-banner-title-visibility":"","ast-main-header-display":"","ast-hfb-above-header-display":"","ast-hfb-below-header-display":"","ast-hfb-mobile-header-display":"","site-post-title":"","ast-breadcrumbs-content":"","ast-featured-img":"","footer-sml-layout":"","theme-transparent-header-meta":"","adv-header-id-meta":"","stick-header-meta":"","header-above-stick-meta":"","header-main-stick-meta":"","header-below-stick-meta":"","footnotes":""},"categories":[130,32],"tags":[],"class_list":["post-31028","post","type-post","status-publish","format-standard","has-post-thumbnail","hentry","category-mx","category-programas-sociales-mx"],"acf":[],"yoast_head":"<!-- This site is optimized with the Yoast SEO plugin v23.2 - https:\/\/yoast.com\/wordpress\/plugins\/seo\/ -->\n<title>Fecha de cobro de Mi Beca para Empezar en octubre<\/title>\n<meta name=\"description\" content=\"El primer mes del ciclo escolar 2023-2024 se encuentra a punto de terminar, por lo que en el mes de octubre, el programa Mi Beca para Empezar extender\u00e1 el\" \/>\n<meta name=\"robots\" content=\"index, follow, max-snippet:-1, max-image-preview:large, max-video-preview:-1\" \/>\n<link rel=\"canonical\" href=\"https:\/\/alprestamo.com\/blog\/fecha-de-cobro-de-mi-beca-para-empezar-en-octubre\/\" \/>\n<meta property=\"og:locale\" content=\"es_ES\" \/>\n<meta property=\"og:type\" content=\"article\" \/>\n<meta property=\"og:title\" content=\"Fecha de cobro de Mi Beca para Empezar en octubre\" \/>\n<meta property=\"og:description\" content=\"El primer mes del ciclo escolar 2023-2024 se encuentra a punto de terminar, por lo que en el mes de octubre, el programa Mi Beca para Empezar extender\u00e1 el\" \/>\n<meta property=\"og:url\" content=\"https:\/\/alprestamo.com\/blog\/fecha-de-cobro-de-mi-beca-para-empezar-en-octubre\/\" \/>\n<meta property=\"og:site_name\" content=\"Alprestamo - Hacemos que todo suceda\" \/>\n<meta property=\"article:published_time\" content=\"2023-10-02T18:34:34+00:00\" \/>\n<meta property=\"article:modified_time\" content=\"2023-10-18T15:54:14+00:00\" \/>\n<meta property=\"og:image\" content=\"https:\/\/alprestamo.com\/blog\/wp-content\/uploads\/2023\/10\/Diseno-sin-titulo-65.jpg\" \/>\n\t<meta property=\"og:image:width\" content=\"1024\" \/>\n\t<meta property=\"og:image:height\" content=\"768\" \/>\n\t<meta property=\"og:image:type\" content=\"image\/jpeg\" \/>\n<meta name=\"author\" content=\"Ramiro Querejeta\" \/>\n<meta name=\"twitter:card\" content=\"summary_large_image\" \/>\n<meta name=\"twitter:label1\" content=\"Escrito por\" \/>\n\t<meta name=\"twitter:data1\" content=\"Ramiro Querejeta\" \/>\n\t<meta name=\"twitter:label2\" content=\"Tiempo de lectura\" \/>\n\t<meta name=\"twitter:data2\" content=\"1 minuto\" \/>\n<script type=\"application\/ld+json\" class=\"yoast-schema-graph\">{\"@context\":\"https:\/\/schema.org\",\"@graph\":[{\"@type\":\"NewsArticle\",\"@id\":\"https:\/\/alprestamo.com\/blog\/fecha-de-cobro-de-mi-beca-para-empezar-en-octubre\/#article\",\"isPartOf\":{\"@id\":\"https:\/\/alprestamo.com\/blog\/fecha-de-cobro-de-mi-beca-para-empezar-en-octubre\/\"},\"author\":{\"name\":\"Ramiro Querejeta\",\"@id\":\"https:\/\/alprestamo.com\/blog\/#\/schema\/person\/4c568603ceb381762b4c9062d42c7627\"},\"headline\":\"Fecha de cobro de Mi Beca para Empezar en octubre\",\"datePublished\":\"2023-10-02T18:34:34+00:00\",\"dateModified\":\"2023-10-18T15:54:14+00:00\",\"mainEntityOfPage\":{\"@id\":\"https:\/\/alprestamo.com\/blog\/fecha-de-cobro-de-mi-beca-para-empezar-en-octubre\/\"},\"wordCount\":235,\"publisher\":{\"@id\":\"https:\/\/alprestamo.com\/blog\/#organization\"},\"image\":{\"@id\":\"https:\/\/alprestamo.com\/blog\/fecha-de-cobro-de-mi-beca-para-empezar-en-octubre\/#primaryimage\"},\"thumbnailUrl\":\"https:\/\/alprestamo.com\/blog\/wp-content\/uploads\/2023\/10\/Diseno-sin-titulo-65.jpg\",\"articleSection\":[\"MX\",\"Programas Sociales\"],\"inLanguage\":\"es-AR\"},{\"@type\":\"WebPage\",\"@id\":\"https:\/\/alprestamo.com\/blog\/fecha-de-cobro-de-mi-beca-para-empezar-en-octubre\/\",\"url\":\"https:\/\/alprestamo.com\/blog\/fecha-de-cobro-de-mi-beca-para-empezar-en-octubre\/\",\"name\":\"Fecha de cobro de Mi Beca para Empezar en octubre\",\"isPartOf\":{\"@id\":\"https:\/\/alprestamo.com\/blog\/#website\"},\"primaryImageOfPage\":{\"@id\":\"https:\/\/alprestamo.com\/blog\/fecha-de-cobro-de-mi-beca-para-empezar-en-octubre\/#primaryimage\"},\"image\":{\"@id\":\"https:\/\/alprestamo.com\/blog\/fecha-de-cobro-de-mi-beca-para-empezar-en-octubre\/#primaryimage\"},\"thumbnailUrl\":\"https:\/\/alprestamo.com\/blog\/wp-content\/uploads\/2023\/10\/Diseno-sin-titulo-65.jpg\",\"datePublished\":\"2023-10-02T18:34:34+00:00\",\"dateModified\":\"2023-10-18T15:54:14+00:00\",\"description\":\"El primer mes del ciclo escolar 2023-2024 se encuentra a punto de terminar, por lo que en el mes de octubre, el programa Mi Beca para Empezar extender\u00e1 el\",\"breadcrumb\":{\"@id\":\"https:\/\/alprestamo.com\/blog\/fecha-de-cobro-de-mi-beca-para-empezar-en-octubre\/#breadcrumb\"},\"inLanguage\":\"es-AR\",\"potentialAction\":[{\"@type\":\"ReadAction\",\"target\":[\"https:\/\/alprestamo.com\/blog\/fecha-de-cobro-de-mi-beca-para-empezar-en-octubre\/\"]}]},{\"@type\":\"ImageObject\",\"inLanguage\":\"es-AR\",\"@id\":\"https:\/\/alprestamo.com\/blog\/fecha-de-cobro-de-mi-beca-para-empezar-en-octubre\/#primaryimage\",\"url\":\"https:\/\/alprestamo.com\/blog\/wp-content\/uploads\/2023\/10\/Diseno-sin-titulo-65.jpg\",\"contentUrl\":\"https:\/\/alprestamo.com\/blog\/wp-content\/uploads\/2023\/10\/Diseno-sin-titulo-65.jpg\",\"width\":1024,\"height\":768,\"caption\":\"Mi Beca para Empezar octubre\"},{\"@type\":\"BreadcrumbList\",\"@id\":\"https:\/\/alprestamo.com\/blog\/fecha-de-cobro-de-mi-beca-para-empezar-en-octubre\/#breadcrumb\",\"itemListElement\":[{\"@type\":\"ListItem\",\"position\":1,\"name\":\"Home\",\"item\":\"https:\/\/alprestamo.com\/blog\/\"},{\"@type\":\"ListItem\",\"position\":2,\"name\":\"Fecha de cobro de Mi Beca para Empezar en octubre\"}]},{\"@type\":\"WebSite\",\"@id\":\"https:\/\/alprestamo.com\/blog\/#website\",\"url\":\"https:\/\/alprestamo.com\/blog\/\",\"name\":\"Alprestamo\",\"description\":\"Hacemos que todo suceda\",\"publisher\":{\"@id\":\"https:\/\/alprestamo.com\/blog\/#organization\"},\"potentialAction\":[{\"@type\":\"SearchAction\",\"target\":{\"@type\":\"EntryPoint\",\"urlTemplate\":\"https:\/\/alprestamo.com\/blog\/?s={search_term_string}\"},\"query-input\":\"required name=search_term_string\"}],\"inLanguage\":\"es-AR\"},{\"@type\":\"Organization\",\"@id\":\"https:\/\/alprestamo.com\/blog\/#organization\",\"name\":\"Alprestamo\",\"url\":\"https:\/\/alprestamo.com\/blog\/\",\"logo\":{\"@type\":\"ImageObject\",\"inLanguage\":\"es-AR\",\"@id\":\"https:\/\/alprestamo.com\/blog\/#\/schema\/logo\/image\/\",\"url\":\"https:\/\/alprestamo.com\/blog\/wp-content\/uploads\/2022\/10\/Imagotipo_Blanco.svg\",\"contentUrl\":\"https:\/\/alprestamo.com\/blog\/wp-content\/uploads\/2022\/10\/Imagotipo_Blanco.svg\",\"width\":1199,\"height\":203,\"caption\":\"Alprestamo\"},\"image\":{\"@id\":\"https:\/\/alprestamo.com\/blog\/#\/schema\/logo\/image\/\"}},{\"@type\":\"Person\",\"@id\":\"https:\/\/alprestamo.com\/blog\/#\/schema\/person\/4c568603ceb381762b4c9062d42c7627\",\"name\":\"Ramiro Querejeta\",\"image\":{\"@type\":\"ImageObject\",\"inLanguage\":\"es-AR\",\"@id\":\"https:\/\/alprestamo.com\/blog\/#\/schema\/person\/image\/\",\"url\":\"https:\/\/alprestamo.com\/blog\/wp-content\/uploads\/2025\/08\/1688503693490-150x150.jpeg\",\"contentUrl\":\"https:\/\/alprestamo.com\/blog\/wp-content\/uploads\/2025\/08\/1688503693490-150x150.jpeg\",\"caption\":\"Ramiro Querejeta\"},\"url\":\"https:\/\/alprestamo.com\/blog\/author\/ramiro\/\"}]}<\/script>\n<!-- \/ Yoast SEO plugin. -->","yoast_head_json":{"title":"Fecha de cobro de Mi Beca para Empezar en octubre","description":"El primer mes del ciclo escolar 2023-2024 se encuentra a punto de terminar, por lo que en el mes de octubre, el programa Mi Beca para Empezar extender\u00e1 el","robots":{"index":"index","follow":"follow","max-snippet":"max-snippet:-1","max-image-preview":"max-image-preview:large","max-video-preview":"max-video-preview:-1"},"canonical":"https:\/\/alprestamo.com\/blog\/fecha-de-cobro-de-mi-beca-para-empezar-en-octubre\/","og_locale":"es_ES","og_type":"article","og_title":"Fecha de cobro de Mi Beca para Empezar en octubre","og_description":"El primer mes del ciclo escolar 2023-2024 se encuentra a punto de terminar, por lo que en el mes de octubre, el programa Mi Beca para Empezar extender\u00e1 el","og_url":"https:\/\/alprestamo.com\/blog\/fecha-de-cobro-de-mi-beca-para-empezar-en-octubre\/","og_site_name":"Alprestamo - Hacemos que todo suceda","article_published_time":"2023-10-02T18:34:34+00:00","article_modified_time":"2023-10-18T15:54:14+00:00","og_image":[{"width":1024,"height":768,"url":"https:\/\/alprestamo.com\/blog\/wp-content\/uploads\/2023\/10\/Diseno-sin-titulo-65.jpg","type":"image\/jpeg"}],"author":"Ramiro Querejeta","twitter_card":"summary_large_image","twitter_misc":{"Escrito por":"Ramiro Querejeta","Tiempo de lectura":"1 minuto"},"schema":{"@context":"https:\/\/schema.org","@graph":[{"@type":"NewsArticle","@id":"https:\/\/alprestamo.com\/blog\/fecha-de-cobro-de-mi-beca-para-empezar-en-octubre\/#article","isPartOf":{"@id":"https:\/\/alprestamo.com\/blog\/fecha-de-cobro-de-mi-beca-para-empezar-en-octubre\/"},"author":{"name":"Ramiro Querejeta","@id":"https:\/\/alprestamo.com\/blog\/#\/schema\/person\/4c568603ceb381762b4c9062d42c7627"},"headline":"Fecha de cobro de Mi Beca para Empezar en octubre","datePublished":"2023-10-02T18:34:34+00:00","dateModified":"2023-10-18T15:54:14+00:00","mainEntityOfPage":{"@id":"https:\/\/alprestamo.com\/blog\/fecha-de-cobro-de-mi-beca-para-empezar-en-octubre\/"},"wordCount":235,"publisher":{"@id":"https:\/\/alprestamo.com\/blog\/#organization"},"image":{"@id":"https:\/\/alprestamo.com\/blog\/fecha-de-cobro-de-mi-beca-para-empezar-en-octubre\/#primaryimage"},"thumbnailUrl":"https:\/\/alprestamo.com\/blog\/wp-content\/uploads\/2023\/10\/Diseno-sin-titulo-65.jpg","articleSection":["MX","Programas Sociales"],"inLanguage":"es-AR"},{"@type":"WebPage","@id":"https:\/\/alprestamo.com\/blog\/fecha-de-cobro-de-mi-beca-para-empezar-en-octubre\/","url":"https:\/\/alprestamo.com\/blog\/fecha-de-cobro-de-mi-beca-para-empezar-en-octubre\/","name":"Fecha de cobro de Mi Beca para Empezar en octubre","isPartOf":{"@id":"https:\/\/alprestamo.com\/blog\/#website"},"primaryImageOfPage":{"@id":"https:\/\/alprestamo.com\/blog\/fecha-de-cobro-de-mi-beca-para-empezar-en-octubre\/#primaryimage"},"image":{"@id":"https:\/\/alprestamo.com\/blog\/fecha-de-cobro-de-mi-beca-para-empezar-en-octubre\/#primaryimage"},"thumbnailUrl":"https:\/\/alprestamo.com\/blog\/wp-content\/uploads\/2023\/10\/Diseno-sin-titulo-65.jpg","datePublished":"2023-10-02T18:34:34+00:00","dateModified":"2023-10-18T15:54:14+00:00","description":"El primer mes del ciclo escolar 2023-2024 se encuentra a punto de terminar, por lo que en el mes de octubre, el programa Mi Beca para Empezar extender\u00e1 el","breadcrumb":{"@id":"https:\/\/alprestamo.com\/blog\/fecha-de-cobro-de-mi-beca-para-empezar-en-octubre\/#breadcrumb"},"inLanguage":"es-AR","potentialAction":[{"@type":"ReadAction","target":["https:\/\/alprestamo.com\/blog\/fecha-de-cobro-de-mi-beca-para-empezar-en-octubre\/"]}]},{"@type":"ImageObject","inLanguage":"es-AR","@id":"https:\/\/alprestamo.com\/blog\/fecha-de-cobro-de-mi-beca-para-empezar-en-octubre\/#primaryimage","url":"https:\/\/alprestamo.com\/blog\/wp-content\/uploads\/2023\/10\/Diseno-sin-titulo-65.jpg","contentUrl":"https:\/\/alprestamo.com\/blog\/wp-content\/uploads\/2023\/10\/Diseno-sin-titulo-65.jpg","width":1024,"height":768,"caption":"Mi Beca para Empezar octubre"},{"@type":"BreadcrumbList","@id":"https:\/\/alprestamo.com\/blog\/fecha-de-cobro-de-mi-beca-para-empezar-en-octubre\/#breadcrumb","itemListElement":[{"@type":"ListItem","position":1,"name":"Home","item":"https:\/\/alprestamo.com\/blog\/"},{"@type":"ListItem","position":2,"name":"Fecha de cobro de Mi Beca para Empezar en octubre"}]},{"@type":"WebSite","@id":"https:\/\/alprestamo.com\/blog\/#website","url":"https:\/\/alprestamo.com\/blog\/","name":"Alprestamo","description":"Hacemos que todo suceda","publisher":{"@id":"https:\/\/alprestamo.com\/blog\/#organization"},"potentialAction":[{"@type":"SearchAction","target":{"@type":"EntryPoint","urlTemplate":"https:\/\/alprestamo.com\/blog\/?s={search_term_string}"},"query-input":"required name=search_term_string"}],"inLanguage":"es-AR"},{"@type":"Organization","@id":"https:\/\/alprestamo.com\/blog\/#organization","name":"Alprestamo","url":"https:\/\/alprestamo.com\/blog\/","logo":{"@type":"ImageObject","inLanguage":"es-AR","@id":"https:\/\/alprestamo.com\/blog\/#\/schema\/logo\/image\/","url":"https:\/\/alprestamo.com\/blog\/wp-content\/uploads\/2022\/10\/Imagotipo_Blanco.svg","contentUrl":"https:\/\/alprestamo.com\/blog\/wp-content\/uploads\/2022\/10\/Imagotipo_Blanco.svg","width":1199,"height":203,"caption":"Alprestamo"},"image":{"@id":"https:\/\/alprestamo.com\/blog\/#\/schema\/logo\/image\/"}},{"@type":"Person","@id":"https:\/\/alprestamo.com\/blog\/#\/schema\/person\/4c568603ceb381762b4c9062d42c7627","name":"Ramiro Querejeta","image":{"@type":"ImageObject","inLanguage":"es-AR","@id":"https:\/\/alprestamo.com\/blog\/#\/schema\/person\/image\/","url":"https:\/\/alprestamo.com\/blog\/wp-content\/uploads\/2025\/08\/1688503693490-150x150.jpeg","contentUrl":"https:\/\/alprestamo.com\/blog\/wp-content\/uploads\/2025\/08\/1688503693490-150x150.jpeg","caption":"Ramiro Querejeta"},"url":"https:\/\/alprestamo.com\/blog\/author\/ramiro\/"}]}},"uagb_featured_image_src":{"full":["https:\/\/alprestamo.com\/blog\/wp-content\/uploads\/2023\/10\/Diseno-sin-titulo-65.jpg",1024,768,false],"thumbnail":["https:\/\/alprestamo.com\/blog\/wp-content\/uploads\/2023\/10\/Diseno-sin-titulo-65-150x150.jpg",150,150,true],"medium":["https:\/\/alprestamo.com\/blog\/wp-content\/uploads\/2023\/10\/Diseno-sin-titulo-65-300x225.jpg",300,225,true],"medium_large":["https:\/\/alprestamo.com\/blog\/wp-content\/uploads\/2023\/10\/Diseno-sin-titulo-65-768x576.jpg",768,576,true],"large":["https:\/\/alprestamo.com\/blog\/wp-content\/uploads\/2023\/10\/Diseno-sin-titulo-65.jpg",1024,768,false],"1536x1536":["https:\/\/alprestamo.com\/blog\/wp-content\/uploads\/2023\/10\/Diseno-sin-titulo-65.jpg",1024,768,false],"2048x2048":["https:\/\/alprestamo.com\/blog\/wp-content\/uploads\/2023\/10\/Diseno-sin-titulo-65.jpg",1024,768,false]},"uagb_author_info":{"display_name":"Ramiro Querejeta","author_link":"https:\/\/alprestamo.com\/blog\/author\/ramiro\/"},"uagb_comment_info":0,"uagb_excerpt":"El primer mes del ciclo escolar 2023-2024 se encuentra a punto de terminar, por lo que en el mes de octubre, el programa Mi Beca para Empezar extender\u00e1 el dep\u00f3sito del siguiente periodo de actividades acad\u00e9micas.&nbsp; El cobro de Mi Beca para Empezar es todos los meses mediante la tarjeta del programa, que permite cubrir&hellip;","rttpg_featured_image_url":{"full":["https:\/\/alprestamo.com\/blog\/wp-content\/uploads\/2023\/10\/Diseno-sin-titulo-65.jpg",1024,768,false],"landscape":["https:\/\/alprestamo.com\/blog\/wp-content\/uploads\/2023\/10\/Diseno-sin-titulo-65.jpg",1024,768,false],"portraits":["https:\/\/alprestamo.com\/blog\/wp-content\/uploads\/2023\/10\/Diseno-sin-titulo-65.jpg",1024,768,false],"thumbnail":["https:\/\/alprestamo.com\/blog\/wp-content\/uploads\/2023\/10\/Diseno-sin-titulo-65-150x150.jpg",150,150,true],"medium":["https:\/\/alprestamo.com\/blog\/wp-content\/uploads\/2023\/10\/Diseno-sin-titulo-65-300x225.jpg",300,225,true],"large":["https:\/\/alprestamo.com\/blog\/wp-content\/uploads\/2023\/10\/Diseno-sin-titulo-65.jpg",1024,768,false],"1536x1536":["https:\/\/alprestamo.com\/blog\/wp-content\/uploads\/2023\/10\/Diseno-sin-titulo-65.jpg",1024,768,false],"2048x2048":["https:\/\/alprestamo.com\/blog\/wp-content\/uploads\/2023\/10\/Diseno-sin-titulo-65.jpg",1024,768,false],"rt_custom":["https:\/\/alprestamo.com\/blog\/wp-content\/uploads\/2023\/10\/Diseno-sin-titulo-65.jpg",1024,768,false]},"rttpg_author":{"display_name":"Ramiro Querejeta","author_link":"https:\/\/alprestamo.com\/blog\/author\/ramiro\/"},"rttpg_comment":0,"rttpg_category":"<a href=\"https:\/\/alprestamo.com\/blog\/categoria\/mx\/\" rel=\"category tag\">MX<\/a> <a href=\"https:\/\/alprestamo.com\/blog\/categoria\/mx\/programas-sociales-mx\/\" rel=\"category tag\">Programas Sociales<\/a>","rttpg_excerpt":"El primer mes del ciclo escolar 2023-2024 se encuentra a punto de terminar, por lo que en el mes de octubre, el programa Mi Beca para Empezar extender\u00e1 el dep\u00f3sito del siguiente periodo de actividades acad\u00e9micas.&nbsp; El cobro de Mi Beca para Empezar es todos los meses mediante la tarjeta del programa, que permite cubrir&hellip;","_links":{"self":[{"href":"https:\/\/alprestamo.com\/blog\/wp-json\/wp\/v2\/posts\/31028"}],"collection":[{"href":"https:\/\/alprestamo.com\/blog\/wp-json\/wp\/v2\/posts"}],"about":[{"href":"https:\/\/alprestamo.com\/blog\/wp-json\/wp\/v2\/types\/post"}],"author":[{"embeddable":true,"href":"https:\/\/alprestamo.com\/blog\/wp-json\/wp\/v2\/users\/9"}],"replies":[{"embeddable":true,"href":"https:\/\/alprestamo.com\/blog\/wp-json\/wp\/v2\/comments?post=31028"}],"version-history":[{"count":4,"href":"https:\/\/alprestamo.com\/blog\/wp-json\/wp\/v2\/posts\/31028\/revisions"}],"predecessor-version":[{"id":31035,"href":"https:\/\/alprestamo.com\/blog\/wp-json\/wp\/v2\/posts\/31028\/revisions\/31035"}],"wp:featuredmedia":[{"embeddable":true,"href":"https:\/\/alprestamo.com\/blog\/wp-json\/wp\/v2\/media\/31032"}],"wp:attachment":[{"href":"https:\/\/alprestamo.com\/blog\/wp-json\/wp\/v2\/media?parent=31028"}],"wp:term":[{"taxonomy":"category","embeddable":true,"href":"https:\/\/alprestamo.com\/blog\/wp-json\/wp\/v2\/categories?post=31028"},{"taxonomy":"post_tag","embeddable":true,"href":"https:\/\/alprestamo.com\/blog\/wp-json\/wp\/v2\/tags?post=31028"}],"curies":[{"name":"wp","href":"https:\/\/api.w.org\/{rel}","templated":true}]}}