{"id":31200,"date":"2023-10-05T10:57:40","date_gmt":"2023-10-05T13:57:40","guid":{"rendered":"https:\/\/alprestamo.com\/blog\/?p=31200"},"modified":"2023-10-05T10:57:41","modified_gmt":"2023-10-05T13:57:41","slug":"comienza-el-noveno-pago-de-colombia-mayor","status":"publish","type":"post","link":"https:\/\/alprestamo.com\/blog\/comienza-el-noveno-pago-de-colombia-mayor\/","title":{"rendered":"Comienza el noveno pago de Colombia Mayor"},"content":{"rendered":"\n<p>Desde <strong>Prosperidad Social<\/strong> comunicaron que este 5 de octubre comienza el pago del noveno ciclo de <strong>Colombia Mayor<\/strong>, que alcanza 1.600.000 personas.&nbsp;<\/p>\n\n\n\n<p>Para el pago correspondiente a septiembre, el Gobierno dispuso m\u00e1s de 143.000 millones de pesos.&nbsp;<\/p>\n\n\n\n<h2 class=\"wp-block-heading\">De cu\u00e1nto es el noveno pago de Colombia Mayor\u00a0<\/h2>\n\n\n\n<p><\/p>\n\n\n\n<p>De acuerdo a la entidad, cada beneficiario de <a href=\"https:\/\/alprestamo.com\/blog\/co\/colombia-mayor-que-es-y-quienes-lo-reciben\/\">Colombia Mayor<\/a> recibir\u00e1 <strong>$80.000<\/strong>.\u00a0<\/p>\n\n\n\n<p>En la ciudad de Bogot\u00e1, las personas mayores recibir\u00e1n de manera <strong>adicional $50.000<\/strong>, por la cofinanciaci\u00f3n de la Alcald\u00eda Distrital, por lo que en total el cobro ser\u00e1 de $130.000.&nbsp;<\/p>\n\n\n\n<h2 class=\"wp-block-heading\">Fechas de pago\u00a0<\/h2>\n\n\n\n<p><\/p>\n\n\n\n<p>Prosperidad Social comenzar\u00e1 a informar a los beneficiarios del <a href=\"https:\/\/alprestamo.com\/blog\/co\/como-acceder-a-un-subsidio-en-colombia\/\">subsidio <\/a>las<strong> fechas de pago mediante mensajes de texto<\/strong>. De acuerdo a la entidad, es importante que los adultos mayores informen en el punto de pago su intenci\u00f3n de cobrar el dinero de Colombia Mayor, y cuando reciban el monto, lo cuenten antes de retirarse.\u00a0<\/p>\n\n\n\n<p>Adem\u00e1s, deber\u00e1n solicitar la tirilla de pago y verificar que el valor sea el correspondiente.&nbsp;<\/p>\n\n\n\n<p>Cabe recordar que para poder acceder a Colombia Mayor, no es necesario comprar ning\u00fan producto en el punto de pago.&nbsp;<br>En caso de las <strong>personas mayores de 90 a\u00f1os<\/strong>, o aquellas que lo requieran por su salud, pueden solicitar el cobro del dinero en su casa. De ser as\u00ed, <strong>SuperGIROS<\/strong>, empresa encargada de los pagos, se comunicar\u00e1 con el beneficiario para organizar el pago.<\/p>\n","protected":false},"excerpt":{"rendered":"<p>Desde Prosperidad Social comunicaron que este 5 de octubre comienza el pago del noveno ciclo de Colombia Mayor, que alcanza 1.600.000 personas.&nbsp; Para el pago correspondiente a septiembre, el Gobierno dispuso m\u00e1s de 143.000 millones de pesos.&nbsp; De cu\u00e1nto es el noveno pago de Colombia Mayor\u00a0 De acuerdo a la entidad, cada beneficiario de Colombia &hellip;<\/p>\n<p class=\"read-more\"> <a class=\"\" href=\"https:\/\/alprestamo.com\/blog\/comienza-el-noveno-pago-de-colombia-mayor\/\"> <span class=\"screen-reader-text\">Comienza el noveno pago de Colombia Mayor<\/span> Leer m\u00e1s &raquo;<\/a><\/p>\n","protected":false},"author":9,"featured_media":31204,"comment_status":"closed","ping_status":"closed","sticky":false,"template":"","format":"standard","meta":{"_uag_custom_page_level_css":"","site-sidebar-layout":"default","site-content-layout":"default","ast-global-header-display":"","ast-banner-title-visibility":"","ast-main-header-display":"","ast-hfb-above-header-display":"","ast-hfb-below-header-display":"","ast-hfb-mobile-header-display":"","site-post-title":"","ast-breadcrumbs-content":"","ast-featured-img":"","footer-sml-layout":"","theme-transparent-header-meta":"","adv-header-id-meta":"","stick-header-meta":"","header-above-stick-meta":"","header-main-stick-meta":"","header-below-stick-meta":"","footnotes":""},"categories":[98,197,100],"tags":[],"class_list":["post-31200","post","type-post","status-publish","format-standard","has-post-thumbnail","hentry","category-co","category-portada-co","category-programas-sociales"],"acf":[],"yoast_head":"<!-- This site is optimized with the Yoast SEO plugin v23.2 - https:\/\/yoast.com\/wordpress\/plugins\/seo\/ -->\n<title>Comienza el noveno pago de Colombia Mayor<\/title>\n<meta name=\"description\" content=\"Desde Prosperidad Social comunicaron que este 5 de octubre comienza el pago del noveno ciclo de Colombia Mayor, que alcanza 1.600.000 personas.&nbsp; Para\" \/>\n<meta name=\"robots\" content=\"index, follow, max-snippet:-1, max-image-preview:large, max-video-preview:-1\" \/>\n<link rel=\"canonical\" href=\"https:\/\/alprestamo.com\/blog\/comienza-el-noveno-pago-de-colombia-mayor\/\" \/>\n<meta property=\"og:locale\" content=\"es_ES\" \/>\n<meta property=\"og:type\" content=\"article\" \/>\n<meta property=\"og:title\" content=\"Comienza el noveno pago de Colombia Mayor\" \/>\n<meta property=\"og:description\" content=\"Desde Prosperidad Social comunicaron que este 5 de octubre comienza el pago del noveno ciclo de Colombia Mayor, que alcanza 1.600.000 personas.&nbsp; Para\" \/>\n<meta property=\"og:url\" content=\"https:\/\/alprestamo.com\/blog\/comienza-el-noveno-pago-de-colombia-mayor\/\" \/>\n<meta property=\"og:site_name\" content=\"Alprestamo - Hacemos que todo suceda\" \/>\n<meta property=\"article:published_time\" content=\"2023-10-05T13:57:40+00:00\" \/>\n<meta property=\"article:modified_time\" content=\"2023-10-05T13:57:41+00:00\" \/>\n<meta property=\"og:image\" content=\"https:\/\/alprestamo.com\/blog\/wp-content\/uploads\/2023\/10\/Diseno-sin-titulo-77.jpg\" \/>\n\t<meta property=\"og:image:width\" content=\"1024\" \/>\n\t<meta property=\"og:image:height\" content=\"768\" \/>\n\t<meta property=\"og:image:type\" content=\"image\/jpeg\" \/>\n<meta name=\"author\" content=\"Ramiro Querejeta\" \/>\n<meta name=\"twitter:card\" content=\"summary_large_image\" \/>\n<meta name=\"twitter:label1\" content=\"Escrito por\" \/>\n\t<meta name=\"twitter:data1\" content=\"Ramiro Querejeta\" \/>\n\t<meta name=\"twitter:label2\" content=\"Tiempo de lectura\" \/>\n\t<meta name=\"twitter:data2\" content=\"1 minuto\" \/>\n<script type=\"application\/ld+json\" class=\"yoast-schema-graph\">{\"@context\":\"https:\/\/schema.org\",\"@graph\":[{\"@type\":\"NewsArticle\",\"@id\":\"https:\/\/alprestamo.com\/blog\/comienza-el-noveno-pago-de-colombia-mayor\/#article\",\"isPartOf\":{\"@id\":\"https:\/\/alprestamo.com\/blog\/comienza-el-noveno-pago-de-colombia-mayor\/\"},\"author\":{\"name\":\"Ramiro Querejeta\",\"@id\":\"https:\/\/alprestamo.com\/blog\/#\/schema\/person\/4c568603ceb381762b4c9062d42c7627\"},\"headline\":\"Comienza el noveno pago de Colombia Mayor\",\"datePublished\":\"2023-10-05T13:57:40+00:00\",\"dateModified\":\"2023-10-05T13:57:41+00:00\",\"mainEntityOfPage\":{\"@id\":\"https:\/\/alprestamo.com\/blog\/comienza-el-noveno-pago-de-colombia-mayor\/\"},\"wordCount\":239,\"publisher\":{\"@id\":\"https:\/\/alprestamo.com\/blog\/#organization\"},\"image\":{\"@id\":\"https:\/\/alprestamo.com\/blog\/comienza-el-noveno-pago-de-colombia-mayor\/#primaryimage\"},\"thumbnailUrl\":\"https:\/\/alprestamo.com\/blog\/wp-content\/uploads\/2023\/10\/Diseno-sin-titulo-77.jpg\",\"articleSection\":[\"CO\",\"Portada\",\"Programas sociales\"],\"inLanguage\":\"es-AR\"},{\"@type\":\"WebPage\",\"@id\":\"https:\/\/alprestamo.com\/blog\/comienza-el-noveno-pago-de-colombia-mayor\/\",\"url\":\"https:\/\/alprestamo.com\/blog\/comienza-el-noveno-pago-de-colombia-mayor\/\",\"name\":\"Comienza el noveno pago de Colombia Mayor\",\"isPartOf\":{\"@id\":\"https:\/\/alprestamo.com\/blog\/#website\"},\"primaryImageOfPage\":{\"@id\":\"https:\/\/alprestamo.com\/blog\/comienza-el-noveno-pago-de-colombia-mayor\/#primaryimage\"},\"image\":{\"@id\":\"https:\/\/alprestamo.com\/blog\/comienza-el-noveno-pago-de-colombia-mayor\/#primaryimage\"},\"thumbnailUrl\":\"https:\/\/alprestamo.com\/blog\/wp-content\/uploads\/2023\/10\/Diseno-sin-titulo-77.jpg\",\"datePublished\":\"2023-10-05T13:57:40+00:00\",\"dateModified\":\"2023-10-05T13:57:41+00:00\",\"description\":\"Desde Prosperidad Social comunicaron que este 5 de octubre comienza el pago del noveno ciclo de Colombia Mayor, que alcanza 1.600.000 personas.&nbsp; Para\",\"breadcrumb\":{\"@id\":\"https:\/\/alprestamo.com\/blog\/comienza-el-noveno-pago-de-colombia-mayor\/#breadcrumb\"},\"inLanguage\":\"es-AR\",\"potentialAction\":[{\"@type\":\"ReadAction\",\"target\":[\"https:\/\/alprestamo.com\/blog\/comienza-el-noveno-pago-de-colombia-mayor\/\"]}]},{\"@type\":\"ImageObject\",\"inLanguage\":\"es-AR\",\"@id\":\"https:\/\/alprestamo.com\/blog\/comienza-el-noveno-pago-de-colombia-mayor\/#primaryimage\",\"url\":\"https:\/\/alprestamo.com\/blog\/wp-content\/uploads\/2023\/10\/Diseno-sin-titulo-77.jpg\",\"contentUrl\":\"https:\/\/alprestamo.com\/blog\/wp-content\/uploads\/2023\/10\/Diseno-sin-titulo-77.jpg\",\"width\":1024,\"height\":768,\"caption\":\"Pago de Colombia Mayor\"},{\"@type\":\"BreadcrumbList\",\"@id\":\"https:\/\/alprestamo.com\/blog\/comienza-el-noveno-pago-de-colombia-mayor\/#breadcrumb\",\"itemListElement\":[{\"@type\":\"ListItem\",\"position\":1,\"name\":\"Home\",\"item\":\"https:\/\/alprestamo.com\/blog\/\"},{\"@type\":\"ListItem\",\"position\":2,\"name\":\"Comienza el noveno pago de Colombia Mayor\"}]},{\"@type\":\"WebSite\",\"@id\":\"https:\/\/alprestamo.com\/blog\/#website\",\"url\":\"https:\/\/alprestamo.com\/blog\/\",\"name\":\"Alprestamo\",\"description\":\"Hacemos que todo suceda\",\"publisher\":{\"@id\":\"https:\/\/alprestamo.com\/blog\/#organization\"},\"potentialAction\":[{\"@type\":\"SearchAction\",\"target\":{\"@type\":\"EntryPoint\",\"urlTemplate\":\"https:\/\/alprestamo.com\/blog\/?s={search_term_string}\"},\"query-input\":\"required name=search_term_string\"}],\"inLanguage\":\"es-AR\"},{\"@type\":\"Organization\",\"@id\":\"https:\/\/alprestamo.com\/blog\/#organization\",\"name\":\"Alprestamo\",\"url\":\"https:\/\/alprestamo.com\/blog\/\",\"logo\":{\"@type\":\"ImageObject\",\"inLanguage\":\"es-AR\",\"@id\":\"https:\/\/alprestamo.com\/blog\/#\/schema\/logo\/image\/\",\"url\":\"https:\/\/alprestamo.com\/blog\/wp-content\/uploads\/2022\/10\/Imagotipo_Blanco.svg\",\"contentUrl\":\"https:\/\/alprestamo.com\/blog\/wp-content\/uploads\/2022\/10\/Imagotipo_Blanco.svg\",\"width\":1199,\"height\":203,\"caption\":\"Alprestamo\"},\"image\":{\"@id\":\"https:\/\/alprestamo.com\/blog\/#\/schema\/logo\/image\/\"}},{\"@type\":\"Person\",\"@id\":\"https:\/\/alprestamo.com\/blog\/#\/schema\/person\/4c568603ceb381762b4c9062d42c7627\",\"name\":\"Ramiro Querejeta\",\"image\":{\"@type\":\"ImageObject\",\"inLanguage\":\"es-AR\",\"@id\":\"https:\/\/alprestamo.com\/blog\/#\/schema\/person\/image\/\",\"url\":\"https:\/\/alprestamo.com\/blog\/wp-content\/uploads\/2025\/08\/1688503693490-150x150.jpeg\",\"contentUrl\":\"https:\/\/alprestamo.com\/blog\/wp-content\/uploads\/2025\/08\/1688503693490-150x150.jpeg\",\"caption\":\"Ramiro Querejeta\"},\"url\":\"https:\/\/alprestamo.com\/blog\/author\/ramiro\/\"}]}<\/script>\n<!-- \/ Yoast SEO plugin. -->","yoast_head_json":{"title":"Comienza el noveno pago de Colombia Mayor","description":"Desde Prosperidad Social comunicaron que este 5 de octubre comienza el pago del noveno ciclo de Colombia Mayor, que alcanza 1.600.000 personas.&nbsp; Para","robots":{"index":"index","follow":"follow","max-snippet":"max-snippet:-1","max-image-preview":"max-image-preview:large","max-video-preview":"max-video-preview:-1"},"canonical":"https:\/\/alprestamo.com\/blog\/comienza-el-noveno-pago-de-colombia-mayor\/","og_locale":"es_ES","og_type":"article","og_title":"Comienza el noveno pago de Colombia Mayor","og_description":"Desde Prosperidad Social comunicaron que este 5 de octubre comienza el pago del noveno ciclo de Colombia Mayor, que alcanza 1.600.000 personas.&nbsp; Para","og_url":"https:\/\/alprestamo.com\/blog\/comienza-el-noveno-pago-de-colombia-mayor\/","og_site_name":"Alprestamo - Hacemos que todo suceda","article_published_time":"2023-10-05T13:57:40+00:00","article_modified_time":"2023-10-05T13:57:41+00:00","og_image":[{"width":1024,"height":768,"url":"https:\/\/alprestamo.com\/blog\/wp-content\/uploads\/2023\/10\/Diseno-sin-titulo-77.jpg","type":"image\/jpeg"}],"author":"Ramiro Querejeta","twitter_card":"summary_large_image","twitter_misc":{"Escrito por":"Ramiro Querejeta","Tiempo de lectura":"1 minuto"},"schema":{"@context":"https:\/\/schema.org","@graph":[{"@type":"NewsArticle","@id":"https:\/\/alprestamo.com\/blog\/comienza-el-noveno-pago-de-colombia-mayor\/#article","isPartOf":{"@id":"https:\/\/alprestamo.com\/blog\/comienza-el-noveno-pago-de-colombia-mayor\/"},"author":{"name":"Ramiro Querejeta","@id":"https:\/\/alprestamo.com\/blog\/#\/schema\/person\/4c568603ceb381762b4c9062d42c7627"},"headline":"Comienza el noveno pago de Colombia Mayor","datePublished":"2023-10-05T13:57:40+00:00","dateModified":"2023-10-05T13:57:41+00:00","mainEntityOfPage":{"@id":"https:\/\/alprestamo.com\/blog\/comienza-el-noveno-pago-de-colombia-mayor\/"},"wordCount":239,"publisher":{"@id":"https:\/\/alprestamo.com\/blog\/#organization"},"image":{"@id":"https:\/\/alprestamo.com\/blog\/comienza-el-noveno-pago-de-colombia-mayor\/#primaryimage"},"thumbnailUrl":"https:\/\/alprestamo.com\/blog\/wp-content\/uploads\/2023\/10\/Diseno-sin-titulo-77.jpg","articleSection":["CO","Portada","Programas sociales"],"inLanguage":"es-AR"},{"@type":"WebPage","@id":"https:\/\/alprestamo.com\/blog\/comienza-el-noveno-pago-de-colombia-mayor\/","url":"https:\/\/alprestamo.com\/blog\/comienza-el-noveno-pago-de-colombia-mayor\/","name":"Comienza el noveno pago de Colombia Mayor","isPartOf":{"@id":"https:\/\/alprestamo.com\/blog\/#website"},"primaryImageOfPage":{"@id":"https:\/\/alprestamo.com\/blog\/comienza-el-noveno-pago-de-colombia-mayor\/#primaryimage"},"image":{"@id":"https:\/\/alprestamo.com\/blog\/comienza-el-noveno-pago-de-colombia-mayor\/#primaryimage"},"thumbnailUrl":"https:\/\/alprestamo.com\/blog\/wp-content\/uploads\/2023\/10\/Diseno-sin-titulo-77.jpg","datePublished":"2023-10-05T13:57:40+00:00","dateModified":"2023-10-05T13:57:41+00:00","description":"Desde Prosperidad Social comunicaron que este 5 de octubre comienza el pago del noveno ciclo de Colombia Mayor, que alcanza 1.600.000 personas.&nbsp; Para","breadcrumb":{"@id":"https:\/\/alprestamo.com\/blog\/comienza-el-noveno-pago-de-colombia-mayor\/#breadcrumb"},"inLanguage":"es-AR","potentialAction":[{"@type":"ReadAction","target":["https:\/\/alprestamo.com\/blog\/comienza-el-noveno-pago-de-colombia-mayor\/"]}]},{"@type":"ImageObject","inLanguage":"es-AR","@id":"https:\/\/alprestamo.com\/blog\/comienza-el-noveno-pago-de-colombia-mayor\/#primaryimage","url":"https:\/\/alprestamo.com\/blog\/wp-content\/uploads\/2023\/10\/Diseno-sin-titulo-77.jpg","contentUrl":"https:\/\/alprestamo.com\/blog\/wp-content\/uploads\/2023\/10\/Diseno-sin-titulo-77.jpg","width":1024,"height":768,"caption":"Pago de Colombia Mayor"},{"@type":"BreadcrumbList","@id":"https:\/\/alprestamo.com\/blog\/comienza-el-noveno-pago-de-colombia-mayor\/#breadcrumb","itemListElement":[{"@type":"ListItem","position":1,"name":"Home","item":"https:\/\/alprestamo.com\/blog\/"},{"@type":"ListItem","position":2,"name":"Comienza el noveno pago de Colombia Mayor"}]},{"@type":"WebSite","@id":"https:\/\/alprestamo.com\/blog\/#website","url":"https:\/\/alprestamo.com\/blog\/","name":"Alprestamo","description":"Hacemos que todo suceda","publisher":{"@id":"https:\/\/alprestamo.com\/blog\/#organization"},"potentialAction":[{"@type":"SearchAction","target":{"@type":"EntryPoint","urlTemplate":"https:\/\/alprestamo.com\/blog\/?s={search_term_string}"},"query-input":"required name=search_term_string"}],"inLanguage":"es-AR"},{"@type":"Organization","@id":"https:\/\/alprestamo.com\/blog\/#organization","name":"Alprestamo","url":"https:\/\/alprestamo.com\/blog\/","logo":{"@type":"ImageObject","inLanguage":"es-AR","@id":"https:\/\/alprestamo.com\/blog\/#\/schema\/logo\/image\/","url":"https:\/\/alprestamo.com\/blog\/wp-content\/uploads\/2022\/10\/Imagotipo_Blanco.svg","contentUrl":"https:\/\/alprestamo.com\/blog\/wp-content\/uploads\/2022\/10\/Imagotipo_Blanco.svg","width":1199,"height":203,"caption":"Alprestamo"},"image":{"@id":"https:\/\/alprestamo.com\/blog\/#\/schema\/logo\/image\/"}},{"@type":"Person","@id":"https:\/\/alprestamo.com\/blog\/#\/schema\/person\/4c568603ceb381762b4c9062d42c7627","name":"Ramiro Querejeta","image":{"@type":"ImageObject","inLanguage":"es-AR","@id":"https:\/\/alprestamo.com\/blog\/#\/schema\/person\/image\/","url":"https:\/\/alprestamo.com\/blog\/wp-content\/uploads\/2025\/08\/1688503693490-150x150.jpeg","contentUrl":"https:\/\/alprestamo.com\/blog\/wp-content\/uploads\/2025\/08\/1688503693490-150x150.jpeg","caption":"Ramiro Querejeta"},"url":"https:\/\/alprestamo.com\/blog\/author\/ramiro\/"}]}},"uagb_featured_image_src":{"full":["https:\/\/alprestamo.com\/blog\/wp-content\/uploads\/2023\/10\/Diseno-sin-titulo-77.jpg",1024,768,false],"thumbnail":["https:\/\/alprestamo.com\/blog\/wp-content\/uploads\/2023\/10\/Diseno-sin-titulo-77-150x150.jpg",150,150,true],"medium":["https:\/\/alprestamo.com\/blog\/wp-content\/uploads\/2023\/10\/Diseno-sin-titulo-77-300x225.jpg",300,225,true],"medium_large":["https:\/\/alprestamo.com\/blog\/wp-content\/uploads\/2023\/10\/Diseno-sin-titulo-77-768x576.jpg",768,576,true],"large":["https:\/\/alprestamo.com\/blog\/wp-content\/uploads\/2023\/10\/Diseno-sin-titulo-77.jpg",1024,768,false],"1536x1536":["https:\/\/alprestamo.com\/blog\/wp-content\/uploads\/2023\/10\/Diseno-sin-titulo-77.jpg",1024,768,false],"2048x2048":["https:\/\/alprestamo.com\/blog\/wp-content\/uploads\/2023\/10\/Diseno-sin-titulo-77.jpg",1024,768,false]},"uagb_author_info":{"display_name":"Ramiro Querejeta","author_link":"https:\/\/alprestamo.com\/blog\/author\/ramiro\/"},"uagb_comment_info":0,"uagb_excerpt":"Desde Prosperidad Social comunicaron que este 5 de octubre comienza el pago del noveno ciclo de Colombia Mayor, que alcanza 1.600.000 personas.&nbsp; Para el pago correspondiente a septiembre, el Gobierno dispuso m\u00e1s de 143.000 millones de pesos.&nbsp; De cu\u00e1nto es el noveno pago de Colombia Mayor\u00a0 De acuerdo a la entidad, cada beneficiario de Colombia&hellip;","rttpg_featured_image_url":{"full":["https:\/\/alprestamo.com\/blog\/wp-content\/uploads\/2023\/10\/Diseno-sin-titulo-77.jpg",1024,768,false],"landscape":["https:\/\/alprestamo.com\/blog\/wp-content\/uploads\/2023\/10\/Diseno-sin-titulo-77.jpg",1024,768,false],"portraits":["https:\/\/alprestamo.com\/blog\/wp-content\/uploads\/2023\/10\/Diseno-sin-titulo-77.jpg",1024,768,false],"thumbnail":["https:\/\/alprestamo.com\/blog\/wp-content\/uploads\/2023\/10\/Diseno-sin-titulo-77-150x150.jpg",150,150,true],"medium":["https:\/\/alprestamo.com\/blog\/wp-content\/uploads\/2023\/10\/Diseno-sin-titulo-77-300x225.jpg",300,225,true],"large":["https:\/\/alprestamo.com\/blog\/wp-content\/uploads\/2023\/10\/Diseno-sin-titulo-77.jpg",1024,768,false],"1536x1536":["https:\/\/alprestamo.com\/blog\/wp-content\/uploads\/2023\/10\/Diseno-sin-titulo-77.jpg",1024,768,false],"2048x2048":["https:\/\/alprestamo.com\/blog\/wp-content\/uploads\/2023\/10\/Diseno-sin-titulo-77.jpg",1024,768,false],"rt_custom":["https:\/\/alprestamo.com\/blog\/wp-content\/uploads\/2023\/10\/Diseno-sin-titulo-77.jpg",1024,768,false]},"rttpg_author":{"display_name":"Ramiro Querejeta","author_link":"https:\/\/alprestamo.com\/blog\/author\/ramiro\/"},"rttpg_comment":0,"rttpg_category":"<a href=\"https:\/\/alprestamo.com\/blog\/categoria\/co\/\" rel=\"category tag\">CO<\/a> <a href=\"https:\/\/alprestamo.com\/blog\/categoria\/co\/portada-co\/\" rel=\"category tag\">Portada<\/a> <a href=\"https:\/\/alprestamo.com\/blog\/categoria\/co\/programas-sociales\/\" rel=\"category tag\">Programas sociales<\/a>","rttpg_excerpt":"Desde Prosperidad Social comunicaron que este 5 de octubre comienza el pago del noveno ciclo de Colombia Mayor, que alcanza 1.600.000 personas.&nbsp; Para el pago correspondiente a septiembre, el Gobierno dispuso m\u00e1s de 143.000 millones de pesos.&nbsp; De cu\u00e1nto es el noveno pago de Colombia Mayor\u00a0 De acuerdo a la entidad, cada beneficiario de Colombia&hellip;","_links":{"self":[{"href":"https:\/\/alprestamo.com\/blog\/wp-json\/wp\/v2\/posts\/31200"}],"collection":[{"href":"https:\/\/alprestamo.com\/blog\/wp-json\/wp\/v2\/posts"}],"about":[{"href":"https:\/\/alprestamo.com\/blog\/wp-json\/wp\/v2\/types\/post"}],"author":[{"embeddable":true,"href":"https:\/\/alprestamo.com\/blog\/wp-json\/wp\/v2\/users\/9"}],"replies":[{"embeddable":true,"href":"https:\/\/alprestamo.com\/blog\/wp-json\/wp\/v2\/comments?post=31200"}],"version-history":[{"count":3,"href":"https:\/\/alprestamo.com\/blog\/wp-json\/wp\/v2\/posts\/31200\/revisions"}],"predecessor-version":[{"id":31206,"href":"https:\/\/alprestamo.com\/blog\/wp-json\/wp\/v2\/posts\/31200\/revisions\/31206"}],"wp:featuredmedia":[{"embeddable":true,"href":"https:\/\/alprestamo.com\/blog\/wp-json\/wp\/v2\/media\/31204"}],"wp:attachment":[{"href":"https:\/\/alprestamo.com\/blog\/wp-json\/wp\/v2\/media?parent=31200"}],"wp:term":[{"taxonomy":"category","embeddable":true,"href":"https:\/\/alprestamo.com\/blog\/wp-json\/wp\/v2\/categories?post=31200"},{"taxonomy":"post_tag","embeddable":true,"href":"https:\/\/alprestamo.com\/blog\/wp-json\/wp\/v2\/tags?post=31200"}],"curies":[{"name":"wp","href":"https:\/\/api.w.org\/{rel}","templated":true}]}}