{"id":31271,"date":"2023-10-06T12:29:09","date_gmt":"2023-10-06T15:29:09","guid":{"rendered":"https:\/\/alprestamo.com\/blog\/?p=31271"},"modified":"2023-11-14T11:17:16","modified_gmt":"2023-11-14T14:17:16","slug":"salario-de-los-chilenos-aumenta-por-sexto-mes-consecutivo","status":"publish","type":"post","link":"https:\/\/alprestamo.com\/blog\/salario-de-los-chilenos-aumenta-por-sexto-mes-consecutivo\/","title":{"rendered":"Salario de los chilenos aumenta por sexto mes consecutivo"},"content":{"rendered":"\n<p>El<strong> Instituto Nacional de Estad\u00edsticas (INE) <\/strong>de Chile inform\u00f3 que en el mes de agosto los <strong>\u00cdndices Nominales de Remuneraciones (IR) y del Costo de la Mano de Obra (ICMO)<\/strong> tuvieron cada uno, un aumento de 8% en los \u00faltimos doce meses.&nbsp;<\/p>\n\n\n\n<p>Respecto al <strong>IR Real<\/strong>, que mide la variaci\u00f3n de las <strong>remuneraciones ajustadas por la <a href=\"https:\/\/alprestamo.com\/blog\/cl\/inflacion-en-chile-se-modera-y-llega-al-5\/\">inflaci\u00f3n<\/a><\/strong>, el INE comunic\u00f3 que este creci\u00f3 2,6% de forma interanual, acumulando una variaci\u00f3n de 2,5% en lo que va del 2023. Con este \u00faltimo dato, el indicador acumula seis meses de subas de forma consecutiva.&nbsp;<\/p>\n\n\n\n<p>Este dato va en l\u00ednea con una <strong>inflaci\u00f3n <\/strong>que fue cediendo en los \u00faltimos meses, pasando del 14% a mediados del 2022 a un <strong>5,1% en septiembre.<\/strong><\/p>\n\n\n\n<p>Seg\u00fan los datos del ente, la remuneraci\u00f3n media por hora ordinaria se ubic\u00f3 en $6514, con un aumento interanual de 9%. En las mujeres, este valor es de $6206, mientras que en los hombres el <a href=\"https:\/\/alprestamo.com\/blog\/cl\/ingreso-minimo-garantizado-como-lo-solicito\/\">ingreso <\/a>es de $6781.&nbsp;<\/p>\n\n\n\n<p>El costo medio por la mano de obra por hora total alcanz\u00f3 $7478, con un alza de 8,9%&nbsp;<\/p>\n\n\n\n<h2 class=\"wp-block-heading\">Sectores que m\u00e1s aumento de salario tuvieron&nbsp;<\/h2>\n\n\n\n<p><\/p>\n\n\n\n<p>Detalladamente, las <strong>actividades financieras y de seguros<\/strong> fue el sector o rubro que m\u00e1s aport\u00f3 a este dato positivo. Por grupo ocupacional, los profesionales, directivos, gerentes y t\u00e9cnicos fueron los m\u00e1s beneficiados.&nbsp;<\/p>\n\n\n\n<p>En segundo lugar se ubic\u00f3 <strong>comercio<\/strong>. Seg\u00fan el INE, esta din\u00e1mica se explica por el incremento de las empresas peque\u00f1as, luego las medianas y las grandes. Los grupos con mayor influencia fueron los vendedores, trabajadores de apoyo administrativo y profesionales.\u00a0<br>El tercer sector que mayor aporte tuvo al \u00edndice de salarios fue el rubro de la <strong>industria manufacturera<\/strong>, mientras que la <strong>ense\u00f1anza <\/strong>fue el cuarto.<\/p>\n","protected":false},"excerpt":{"rendered":"<p>El Instituto Nacional de Estad\u00edsticas (INE) de Chile inform\u00f3 que en el mes de agosto los \u00cdndices Nominales de Remuneraciones (IR) y del Costo de la Mano de Obra (ICMO) tuvieron cada uno, un aumento de 8% en los \u00faltimos doce meses.&nbsp; Respecto al IR Real, que mide la variaci\u00f3n de las remuneraciones ajustadas por &hellip;<\/p>\n<p class=\"read-more\"> <a class=\"\" href=\"https:\/\/alprestamo.com\/blog\/salario-de-los-chilenos-aumenta-por-sexto-mes-consecutivo\/\"> <span class=\"screen-reader-text\">Salario de los chilenos aumenta por sexto mes consecutivo<\/span> Leer m\u00e1s &raquo;<\/a><\/p>\n","protected":false},"author":9,"featured_media":31276,"comment_status":"closed","ping_status":"closed","sticky":false,"template":"","format":"standard","meta":{"_uag_custom_page_level_css":"","site-sidebar-layout":"default","site-content-layout":"default","ast-global-header-display":"","ast-banner-title-visibility":"","ast-main-header-display":"","ast-hfb-above-header-display":"","ast-hfb-below-header-display":"","ast-hfb-mobile-header-display":"","site-post-title":"","ast-breadcrumbs-content":"","ast-featured-img":"","footer-sml-layout":"","theme-transparent-header-meta":"","adv-header-id-meta":"","stick-header-meta":"","header-above-stick-meta":"","header-main-stick-meta":"","header-below-stick-meta":"","footnotes":""},"categories":[148,152],"tags":[],"class_list":["post-31271","post","type-post","status-publish","format-standard","has-post-thumbnail","hentry","category-cl","category-economia-finanzas-cl"],"acf":[],"yoast_head":"<!-- This site is optimized with the Yoast SEO plugin v23.2 - https:\/\/yoast.com\/wordpress\/plugins\/seo\/ -->\n<title>Salario de los chilenos aumenta por sexto mes consecutivo<\/title>\n<meta name=\"description\" content=\"El Instituto Nacional de Estad\u00edsticas (INE) de Chile inform\u00f3 que en el mes de agosto los \u00cdndices Nominales de Remuneraciones (IR) y del Costo de la Mano\" \/>\n<meta name=\"robots\" content=\"index, follow, max-snippet:-1, max-image-preview:large, max-video-preview:-1\" \/>\n<link rel=\"canonical\" href=\"https:\/\/alprestamo.com\/blog\/salario-de-los-chilenos-aumenta-por-sexto-mes-consecutivo\/\" \/>\n<meta property=\"og:locale\" content=\"es_ES\" \/>\n<meta property=\"og:type\" content=\"article\" \/>\n<meta property=\"og:title\" content=\"Salario de los chilenos aumenta por sexto mes consecutivo\" \/>\n<meta property=\"og:description\" content=\"El Instituto Nacional de Estad\u00edsticas (INE) de Chile inform\u00f3 que en el mes de agosto los \u00cdndices Nominales de Remuneraciones (IR) y del Costo de la Mano\" \/>\n<meta property=\"og:url\" content=\"https:\/\/alprestamo.com\/blog\/salario-de-los-chilenos-aumenta-por-sexto-mes-consecutivo\/\" \/>\n<meta property=\"og:site_name\" content=\"Alprestamo - Hacemos que todo suceda\" \/>\n<meta property=\"article:published_time\" content=\"2023-10-06T15:29:09+00:00\" \/>\n<meta property=\"article:modified_time\" content=\"2023-11-14T14:17:16+00:00\" \/>\n<meta property=\"og:image\" content=\"https:\/\/alprestamo.com\/blog\/wp-content\/uploads\/2023\/10\/Diseno-sin-titulo-87.jpg\" \/>\n\t<meta property=\"og:image:width\" content=\"1024\" \/>\n\t<meta property=\"og:image:height\" content=\"768\" \/>\n\t<meta property=\"og:image:type\" content=\"image\/jpeg\" \/>\n<meta name=\"author\" content=\"Ramiro Querejeta\" \/>\n<meta name=\"twitter:card\" content=\"summary_large_image\" \/>\n<meta name=\"twitter:label1\" content=\"Escrito por\" \/>\n\t<meta name=\"twitter:data1\" content=\"Ramiro Querejeta\" \/>\n\t<meta name=\"twitter:label2\" content=\"Tiempo de lectura\" \/>\n\t<meta name=\"twitter:data2\" content=\"1 minuto\" \/>\n<script type=\"application\/ld+json\" class=\"yoast-schema-graph\">{\"@context\":\"https:\/\/schema.org\",\"@graph\":[{\"@type\":\"NewsArticle\",\"@id\":\"https:\/\/alprestamo.com\/blog\/salario-de-los-chilenos-aumenta-por-sexto-mes-consecutivo\/#article\",\"isPartOf\":{\"@id\":\"https:\/\/alprestamo.com\/blog\/salario-de-los-chilenos-aumenta-por-sexto-mes-consecutivo\/\"},\"author\":{\"name\":\"Ramiro Querejeta\",\"@id\":\"https:\/\/alprestamo.com\/blog\/#\/schema\/person\/4c568603ceb381762b4c9062d42c7627\"},\"headline\":\"Salario de los chilenos aumenta por sexto mes consecutivo\",\"datePublished\":\"2023-10-06T15:29:09+00:00\",\"dateModified\":\"2023-11-14T14:17:16+00:00\",\"mainEntityOfPage\":{\"@id\":\"https:\/\/alprestamo.com\/blog\/salario-de-los-chilenos-aumenta-por-sexto-mes-consecutivo\/\"},\"wordCount\":298,\"publisher\":{\"@id\":\"https:\/\/alprestamo.com\/blog\/#organization\"},\"image\":{\"@id\":\"https:\/\/alprestamo.com\/blog\/salario-de-los-chilenos-aumenta-por-sexto-mes-consecutivo\/#primaryimage\"},\"thumbnailUrl\":\"https:\/\/alprestamo.com\/blog\/wp-content\/uploads\/2023\/10\/Diseno-sin-titulo-87.jpg\",\"articleSection\":[\"CL\",\"Econom\u00eda y finanzas\"],\"inLanguage\":\"es-AR\"},{\"@type\":\"WebPage\",\"@id\":\"https:\/\/alprestamo.com\/blog\/salario-de-los-chilenos-aumenta-por-sexto-mes-consecutivo\/\",\"url\":\"https:\/\/alprestamo.com\/blog\/salario-de-los-chilenos-aumenta-por-sexto-mes-consecutivo\/\",\"name\":\"Salario de los chilenos aumenta por sexto mes consecutivo\",\"isPartOf\":{\"@id\":\"https:\/\/alprestamo.com\/blog\/#website\"},\"primaryImageOfPage\":{\"@id\":\"https:\/\/alprestamo.com\/blog\/salario-de-los-chilenos-aumenta-por-sexto-mes-consecutivo\/#primaryimage\"},\"image\":{\"@id\":\"https:\/\/alprestamo.com\/blog\/salario-de-los-chilenos-aumenta-por-sexto-mes-consecutivo\/#primaryimage\"},\"thumbnailUrl\":\"https:\/\/alprestamo.com\/blog\/wp-content\/uploads\/2023\/10\/Diseno-sin-titulo-87.jpg\",\"datePublished\":\"2023-10-06T15:29:09+00:00\",\"dateModified\":\"2023-11-14T14:17:16+00:00\",\"description\":\"El Instituto Nacional de Estad\u00edsticas (INE) de Chile inform\u00f3 que en el mes de agosto los \u00cdndices Nominales de Remuneraciones (IR) y del Costo de la Mano\",\"breadcrumb\":{\"@id\":\"https:\/\/alprestamo.com\/blog\/salario-de-los-chilenos-aumenta-por-sexto-mes-consecutivo\/#breadcrumb\"},\"inLanguage\":\"es-AR\",\"potentialAction\":[{\"@type\":\"ReadAction\",\"target\":[\"https:\/\/alprestamo.com\/blog\/salario-de-los-chilenos-aumenta-por-sexto-mes-consecutivo\/\"]}]},{\"@type\":\"ImageObject\",\"inLanguage\":\"es-AR\",\"@id\":\"https:\/\/alprestamo.com\/blog\/salario-de-los-chilenos-aumenta-por-sexto-mes-consecutivo\/#primaryimage\",\"url\":\"https:\/\/alprestamo.com\/blog\/wp-content\/uploads\/2023\/10\/Diseno-sin-titulo-87.jpg\",\"contentUrl\":\"https:\/\/alprestamo.com\/blog\/wp-content\/uploads\/2023\/10\/Diseno-sin-titulo-87.jpg\",\"width\":1024,\"height\":768,\"caption\":\"Salarios en Chile\"},{\"@type\":\"BreadcrumbList\",\"@id\":\"https:\/\/alprestamo.com\/blog\/salario-de-los-chilenos-aumenta-por-sexto-mes-consecutivo\/#breadcrumb\",\"itemListElement\":[{\"@type\":\"ListItem\",\"position\":1,\"name\":\"Home\",\"item\":\"https:\/\/alprestamo.com\/blog\/\"},{\"@type\":\"ListItem\",\"position\":2,\"name\":\"Salario de los chilenos aumenta por sexto mes consecutivo\"}]},{\"@type\":\"WebSite\",\"@id\":\"https:\/\/alprestamo.com\/blog\/#website\",\"url\":\"https:\/\/alprestamo.com\/blog\/\",\"name\":\"Alprestamo\",\"description\":\"Hacemos que todo suceda\",\"publisher\":{\"@id\":\"https:\/\/alprestamo.com\/blog\/#organization\"},\"potentialAction\":[{\"@type\":\"SearchAction\",\"target\":{\"@type\":\"EntryPoint\",\"urlTemplate\":\"https:\/\/alprestamo.com\/blog\/?s={search_term_string}\"},\"query-input\":\"required name=search_term_string\"}],\"inLanguage\":\"es-AR\"},{\"@type\":\"Organization\",\"@id\":\"https:\/\/alprestamo.com\/blog\/#organization\",\"name\":\"Alprestamo\",\"url\":\"https:\/\/alprestamo.com\/blog\/\",\"logo\":{\"@type\":\"ImageObject\",\"inLanguage\":\"es-AR\",\"@id\":\"https:\/\/alprestamo.com\/blog\/#\/schema\/logo\/image\/\",\"url\":\"https:\/\/alprestamo.com\/blog\/wp-content\/uploads\/2022\/10\/Imagotipo_Blanco.svg\",\"contentUrl\":\"https:\/\/alprestamo.com\/blog\/wp-content\/uploads\/2022\/10\/Imagotipo_Blanco.svg\",\"width\":1199,\"height\":203,\"caption\":\"Alprestamo\"},\"image\":{\"@id\":\"https:\/\/alprestamo.com\/blog\/#\/schema\/logo\/image\/\"}},{\"@type\":\"Person\",\"@id\":\"https:\/\/alprestamo.com\/blog\/#\/schema\/person\/4c568603ceb381762b4c9062d42c7627\",\"name\":\"Ramiro Querejeta\",\"image\":{\"@type\":\"ImageObject\",\"inLanguage\":\"es-AR\",\"@id\":\"https:\/\/alprestamo.com\/blog\/#\/schema\/person\/image\/\",\"url\":\"https:\/\/alprestamo.com\/blog\/wp-content\/uploads\/2025\/08\/1688503693490-150x150.jpeg\",\"contentUrl\":\"https:\/\/alprestamo.com\/blog\/wp-content\/uploads\/2025\/08\/1688503693490-150x150.jpeg\",\"caption\":\"Ramiro Querejeta\"},\"url\":\"https:\/\/alprestamo.com\/blog\/author\/ramiro\/\"}]}<\/script>\n<!-- \/ Yoast SEO plugin. -->","yoast_head_json":{"title":"Salario de los chilenos aumenta por sexto mes consecutivo","description":"El Instituto Nacional de Estad\u00edsticas (INE) de Chile inform\u00f3 que en el mes de agosto los \u00cdndices Nominales de Remuneraciones (IR) y del Costo de la Mano","robots":{"index":"index","follow":"follow","max-snippet":"max-snippet:-1","max-image-preview":"max-image-preview:large","max-video-preview":"max-video-preview:-1"},"canonical":"https:\/\/alprestamo.com\/blog\/salario-de-los-chilenos-aumenta-por-sexto-mes-consecutivo\/","og_locale":"es_ES","og_type":"article","og_title":"Salario de los chilenos aumenta por sexto mes consecutivo","og_description":"El Instituto Nacional de Estad\u00edsticas (INE) de Chile inform\u00f3 que en el mes de agosto los \u00cdndices Nominales de Remuneraciones (IR) y del Costo de la Mano","og_url":"https:\/\/alprestamo.com\/blog\/salario-de-los-chilenos-aumenta-por-sexto-mes-consecutivo\/","og_site_name":"Alprestamo - Hacemos que todo suceda","article_published_time":"2023-10-06T15:29:09+00:00","article_modified_time":"2023-11-14T14:17:16+00:00","og_image":[{"width":1024,"height":768,"url":"https:\/\/alprestamo.com\/blog\/wp-content\/uploads\/2023\/10\/Diseno-sin-titulo-87.jpg","type":"image\/jpeg"}],"author":"Ramiro Querejeta","twitter_card":"summary_large_image","twitter_misc":{"Escrito por":"Ramiro Querejeta","Tiempo de lectura":"1 minuto"},"schema":{"@context":"https:\/\/schema.org","@graph":[{"@type":"NewsArticle","@id":"https:\/\/alprestamo.com\/blog\/salario-de-los-chilenos-aumenta-por-sexto-mes-consecutivo\/#article","isPartOf":{"@id":"https:\/\/alprestamo.com\/blog\/salario-de-los-chilenos-aumenta-por-sexto-mes-consecutivo\/"},"author":{"name":"Ramiro Querejeta","@id":"https:\/\/alprestamo.com\/blog\/#\/schema\/person\/4c568603ceb381762b4c9062d42c7627"},"headline":"Salario de los chilenos aumenta por sexto mes consecutivo","datePublished":"2023-10-06T15:29:09+00:00","dateModified":"2023-11-14T14:17:16+00:00","mainEntityOfPage":{"@id":"https:\/\/alprestamo.com\/blog\/salario-de-los-chilenos-aumenta-por-sexto-mes-consecutivo\/"},"wordCount":298,"publisher":{"@id":"https:\/\/alprestamo.com\/blog\/#organization"},"image":{"@id":"https:\/\/alprestamo.com\/blog\/salario-de-los-chilenos-aumenta-por-sexto-mes-consecutivo\/#primaryimage"},"thumbnailUrl":"https:\/\/alprestamo.com\/blog\/wp-content\/uploads\/2023\/10\/Diseno-sin-titulo-87.jpg","articleSection":["CL","Econom\u00eda y finanzas"],"inLanguage":"es-AR"},{"@type":"WebPage","@id":"https:\/\/alprestamo.com\/blog\/salario-de-los-chilenos-aumenta-por-sexto-mes-consecutivo\/","url":"https:\/\/alprestamo.com\/blog\/salario-de-los-chilenos-aumenta-por-sexto-mes-consecutivo\/","name":"Salario de los chilenos aumenta por sexto mes consecutivo","isPartOf":{"@id":"https:\/\/alprestamo.com\/blog\/#website"},"primaryImageOfPage":{"@id":"https:\/\/alprestamo.com\/blog\/salario-de-los-chilenos-aumenta-por-sexto-mes-consecutivo\/#primaryimage"},"image":{"@id":"https:\/\/alprestamo.com\/blog\/salario-de-los-chilenos-aumenta-por-sexto-mes-consecutivo\/#primaryimage"},"thumbnailUrl":"https:\/\/alprestamo.com\/blog\/wp-content\/uploads\/2023\/10\/Diseno-sin-titulo-87.jpg","datePublished":"2023-10-06T15:29:09+00:00","dateModified":"2023-11-14T14:17:16+00:00","description":"El Instituto Nacional de Estad\u00edsticas (INE) de Chile inform\u00f3 que en el mes de agosto los \u00cdndices Nominales de Remuneraciones (IR) y del Costo de la Mano","breadcrumb":{"@id":"https:\/\/alprestamo.com\/blog\/salario-de-los-chilenos-aumenta-por-sexto-mes-consecutivo\/#breadcrumb"},"inLanguage":"es-AR","potentialAction":[{"@type":"ReadAction","target":["https:\/\/alprestamo.com\/blog\/salario-de-los-chilenos-aumenta-por-sexto-mes-consecutivo\/"]}]},{"@type":"ImageObject","inLanguage":"es-AR","@id":"https:\/\/alprestamo.com\/blog\/salario-de-los-chilenos-aumenta-por-sexto-mes-consecutivo\/#primaryimage","url":"https:\/\/alprestamo.com\/blog\/wp-content\/uploads\/2023\/10\/Diseno-sin-titulo-87.jpg","contentUrl":"https:\/\/alprestamo.com\/blog\/wp-content\/uploads\/2023\/10\/Diseno-sin-titulo-87.jpg","width":1024,"height":768,"caption":"Salarios en Chile"},{"@type":"BreadcrumbList","@id":"https:\/\/alprestamo.com\/blog\/salario-de-los-chilenos-aumenta-por-sexto-mes-consecutivo\/#breadcrumb","itemListElement":[{"@type":"ListItem","position":1,"name":"Home","item":"https:\/\/alprestamo.com\/blog\/"},{"@type":"ListItem","position":2,"name":"Salario de los chilenos aumenta por sexto mes consecutivo"}]},{"@type":"WebSite","@id":"https:\/\/alprestamo.com\/blog\/#website","url":"https:\/\/alprestamo.com\/blog\/","name":"Alprestamo","description":"Hacemos que todo suceda","publisher":{"@id":"https:\/\/alprestamo.com\/blog\/#organization"},"potentialAction":[{"@type":"SearchAction","target":{"@type":"EntryPoint","urlTemplate":"https:\/\/alprestamo.com\/blog\/?s={search_term_string}"},"query-input":"required name=search_term_string"}],"inLanguage":"es-AR"},{"@type":"Organization","@id":"https:\/\/alprestamo.com\/blog\/#organization","name":"Alprestamo","url":"https:\/\/alprestamo.com\/blog\/","logo":{"@type":"ImageObject","inLanguage":"es-AR","@id":"https:\/\/alprestamo.com\/blog\/#\/schema\/logo\/image\/","url":"https:\/\/alprestamo.com\/blog\/wp-content\/uploads\/2022\/10\/Imagotipo_Blanco.svg","contentUrl":"https:\/\/alprestamo.com\/blog\/wp-content\/uploads\/2022\/10\/Imagotipo_Blanco.svg","width":1199,"height":203,"caption":"Alprestamo"},"image":{"@id":"https:\/\/alprestamo.com\/blog\/#\/schema\/logo\/image\/"}},{"@type":"Person","@id":"https:\/\/alprestamo.com\/blog\/#\/schema\/person\/4c568603ceb381762b4c9062d42c7627","name":"Ramiro Querejeta","image":{"@type":"ImageObject","inLanguage":"es-AR","@id":"https:\/\/alprestamo.com\/blog\/#\/schema\/person\/image\/","url":"https:\/\/alprestamo.com\/blog\/wp-content\/uploads\/2025\/08\/1688503693490-150x150.jpeg","contentUrl":"https:\/\/alprestamo.com\/blog\/wp-content\/uploads\/2025\/08\/1688503693490-150x150.jpeg","caption":"Ramiro Querejeta"},"url":"https:\/\/alprestamo.com\/blog\/author\/ramiro\/"}]}},"uagb_featured_image_src":{"full":["https:\/\/alprestamo.com\/blog\/wp-content\/uploads\/2023\/10\/Diseno-sin-titulo-87.jpg",1024,768,false],"thumbnail":["https:\/\/alprestamo.com\/blog\/wp-content\/uploads\/2023\/10\/Diseno-sin-titulo-87-150x150.jpg",150,150,true],"medium":["https:\/\/alprestamo.com\/blog\/wp-content\/uploads\/2023\/10\/Diseno-sin-titulo-87-300x225.jpg",300,225,true],"medium_large":["https:\/\/alprestamo.com\/blog\/wp-content\/uploads\/2023\/10\/Diseno-sin-titulo-87-768x576.jpg",768,576,true],"large":["https:\/\/alprestamo.com\/blog\/wp-content\/uploads\/2023\/10\/Diseno-sin-titulo-87.jpg",1024,768,false],"1536x1536":["https:\/\/alprestamo.com\/blog\/wp-content\/uploads\/2023\/10\/Diseno-sin-titulo-87.jpg",1024,768,false],"2048x2048":["https:\/\/alprestamo.com\/blog\/wp-content\/uploads\/2023\/10\/Diseno-sin-titulo-87.jpg",1024,768,false]},"uagb_author_info":{"display_name":"Ramiro Querejeta","author_link":"https:\/\/alprestamo.com\/blog\/author\/ramiro\/"},"uagb_comment_info":0,"uagb_excerpt":"El Instituto Nacional de Estad\u00edsticas (INE) de Chile inform\u00f3 que en el mes de agosto los \u00cdndices Nominales de Remuneraciones (IR) y del Costo de la Mano de Obra (ICMO) tuvieron cada uno, un aumento de 8% en los \u00faltimos doce meses.&nbsp; Respecto al IR Real, que mide la variaci\u00f3n de las remuneraciones ajustadas por&hellip;","rttpg_featured_image_url":{"full":["https:\/\/alprestamo.com\/blog\/wp-content\/uploads\/2023\/10\/Diseno-sin-titulo-87.jpg",1024,768,false],"landscape":["https:\/\/alprestamo.com\/blog\/wp-content\/uploads\/2023\/10\/Diseno-sin-titulo-87.jpg",1024,768,false],"portraits":["https:\/\/alprestamo.com\/blog\/wp-content\/uploads\/2023\/10\/Diseno-sin-titulo-87.jpg",1024,768,false],"thumbnail":["https:\/\/alprestamo.com\/blog\/wp-content\/uploads\/2023\/10\/Diseno-sin-titulo-87-150x150.jpg",150,150,true],"medium":["https:\/\/alprestamo.com\/blog\/wp-content\/uploads\/2023\/10\/Diseno-sin-titulo-87-300x225.jpg",300,225,true],"large":["https:\/\/alprestamo.com\/blog\/wp-content\/uploads\/2023\/10\/Diseno-sin-titulo-87.jpg",1024,768,false],"1536x1536":["https:\/\/alprestamo.com\/blog\/wp-content\/uploads\/2023\/10\/Diseno-sin-titulo-87.jpg",1024,768,false],"2048x2048":["https:\/\/alprestamo.com\/blog\/wp-content\/uploads\/2023\/10\/Diseno-sin-titulo-87.jpg",1024,768,false],"rt_custom":["https:\/\/alprestamo.com\/blog\/wp-content\/uploads\/2023\/10\/Diseno-sin-titulo-87.jpg",1024,768,false]},"rttpg_author":{"display_name":"Ramiro Querejeta","author_link":"https:\/\/alprestamo.com\/blog\/author\/ramiro\/"},"rttpg_comment":0,"rttpg_category":"<a href=\"https:\/\/alprestamo.com\/blog\/categoria\/cl\/\" rel=\"category tag\">CL<\/a> <a href=\"https:\/\/alprestamo.com\/blog\/categoria\/cl\/economia-finanzas-cl\/\" rel=\"category tag\">Econom\u00eda y finanzas<\/a>","rttpg_excerpt":"El Instituto Nacional de Estad\u00edsticas (INE) de Chile inform\u00f3 que en el mes de agosto los \u00cdndices Nominales de Remuneraciones (IR) y del Costo de la Mano de Obra (ICMO) tuvieron cada uno, un aumento de 8% en los \u00faltimos doce meses.&nbsp; Respecto al IR Real, que mide la variaci\u00f3n de las remuneraciones ajustadas por&hellip;","_links":{"self":[{"href":"https:\/\/alprestamo.com\/blog\/wp-json\/wp\/v2\/posts\/31271"}],"collection":[{"href":"https:\/\/alprestamo.com\/blog\/wp-json\/wp\/v2\/posts"}],"about":[{"href":"https:\/\/alprestamo.com\/blog\/wp-json\/wp\/v2\/types\/post"}],"author":[{"embeddable":true,"href":"https:\/\/alprestamo.com\/blog\/wp-json\/wp\/v2\/users\/9"}],"replies":[{"embeddable":true,"href":"https:\/\/alprestamo.com\/blog\/wp-json\/wp\/v2\/comments?post=31271"}],"version-history":[{"count":4,"href":"https:\/\/alprestamo.com\/blog\/wp-json\/wp\/v2\/posts\/31271\/revisions"}],"predecessor-version":[{"id":33209,"href":"https:\/\/alprestamo.com\/blog\/wp-json\/wp\/v2\/posts\/31271\/revisions\/33209"}],"wp:featuredmedia":[{"embeddable":true,"href":"https:\/\/alprestamo.com\/blog\/wp-json\/wp\/v2\/media\/31276"}],"wp:attachment":[{"href":"https:\/\/alprestamo.com\/blog\/wp-json\/wp\/v2\/media?parent=31271"}],"wp:term":[{"taxonomy":"category","embeddable":true,"href":"https:\/\/alprestamo.com\/blog\/wp-json\/wp\/v2\/categories?post=31271"},{"taxonomy":"post_tag","embeddable":true,"href":"https:\/\/alprestamo.com\/blog\/wp-json\/wp\/v2\/tags?post=31271"}],"curies":[{"name":"wp","href":"https:\/\/api.w.org\/{rel}","templated":true}]}}