{"id":31298,"date":"2023-10-06T16:05:05","date_gmt":"2023-10-06T19:05:05","guid":{"rendered":"https:\/\/alprestamo.com\/blog\/?p=31298"},"modified":"2023-10-06T17:14:03","modified_gmt":"2023-10-06T20:14:03","slug":"pago-extra-de-mi-beca-para-empezar-cuanto-y-cuando-se-cobra","status":"publish","type":"post","link":"https:\/\/alprestamo.com\/blog\/pago-extra-de-mi-beca-para-empezar-cuanto-y-cuando-se-cobra\/","title":{"rendered":"Pago extra de Mi Beca para Empezar: cu\u00e1nto y cu\u00e1ndo se cobra"},"content":{"rendered":"\n<p>El programa social <strong>Mi Beca para Empezar <\/strong>a cargo del Gobierno que entrega un monto de dinero a estudiantes que se encuentran cursando la educaci\u00f3n b\u00e1sica tendr\u00e1 un<strong> pago extra <\/strong>para los nuevos afiliados.&nbsp;<\/p>\n\n\n\n<h2 class=\"wp-block-heading\">Qui\u00e9nes pueden ser beneficiarios de Mi Beca para Empezar&nbsp;<\/h2>\n\n\n\n<p><\/p>\n\n\n\n<p>El subsidio entrega de forma mensual un<a href=\"https:\/\/alprestamo.com\/blog\/mx\/programas-sociales-mx\/pago-retroactivo-de-mi-beca-para-empezar-de-que-se-trata-y-quienes-lo-cobran\/\"> apoyo econ\u00f3mico <\/a>a los<strong> estudiantes de escuelas p\u00fablicas<\/strong> de la Educaci\u00f3n B\u00e1sica y que se encuentren en alguna de las 16 alcald\u00edas de la <strong>Ciudad de M\u00e9xico<\/strong>.<\/p>\n\n\n\n<h2 class=\"wp-block-heading\">Cu\u00e1ndo se cobra el monto extra de Mi Beca para Empezar<\/h2>\n\n\n\n<p><\/p>\n\n\n\n<p>Aquellos estudiantes que <a href=\"https:\/\/alprestamo.com\/blog\/wp-admin\/edit.php?s=mi+beca+&amp;post_status=all&amp;post_type=post&amp;action=-1&amp;m=0&amp;cat=130&amp;paged=1&amp;action2=-1\">realizaron su registro<\/a> en los meses de agosto y septiembre recibir\u00e1n durante octubre un pago extra, correspondiente al apoyo de \u201c\u00fatiles y uniformes escolares\u201d para el ciclo 2023-24.&nbsp;<\/p>\n\n\n\n<p>En caso de haber realizado la inscripci\u00f3n a Mi Beca para Empezar por primera vez, en octubre tendr\u00e1s <strong>cobros adicionales<\/strong> que corresponden a los meses de septiembre y octubre, adem\u00e1s del apoyo para los \u00fatiles.&nbsp;<\/p>\n\n\n\n<h2 class=\"wp-block-heading\">De cu\u00e1nto es el monto extra de Mi Beca para Empezar&nbsp;<\/h2>\n\n\n\n<p><\/p>\n\n\n\n<ul class=\"wp-block-list\">\n<li>Preescolar: 970 pesos<\/li>\n\n\n\n<li>Primaria: 1100 pesos<\/li>\n\n\n\n<li>Secundaria: 1180 pesos<\/li>\n\n\n\n<li>Secundaria de <strong>Centros de Atenci\u00f3n M\u00faltiple (CAM) <\/strong>Preescolar: 970 pesos&nbsp;<\/li>\n\n\n\n<li>Secundaria de CAM Secundaria: 1180 pesos&nbsp;<\/li>\n\n\n\n<li>Secundaria de CAM Laboral: 1150 pesos&nbsp;<\/li>\n<\/ul>\n\n\n\n<h2 class=\"wp-block-heading\">Fechas de los pagos del ciclo escolar 2023-2024<\/h2>\n\n\n\n<p><\/p>\n\n\n\n<p>Las pr\u00f3ximas<a href=\"https:\/\/alprestamo.com\/blog\/mx\/programas-sociales-mx\/fecha-de-cobro-de-mi-beca-para-empezar-en-octubre\/\"> fechas de pago<\/a> de Mi Beca para Empezar: <\/p>\n\n\n\n<ul class=\"wp-block-list\">\n<li>Pago 3: 1 Noviembre<\/li>\n\n\n\n<li>Pago 4: 1 Diciembre<\/li>\n\n\n\n<li>Pago 5: 1 Enero<\/li>\n\n\n\n<li>Pago 6: 1 Febrero<\/li>\n\n\n\n<li>Pago 7: 1 Marzo<\/li>\n\n\n\n<li>Pago 8: 1 Abril<\/li>\n\n\n\n<li>Pago 9: 2 Mayo<\/li>\n\n\n\n<li>Pago 10: 3 Junio<\/li>\n<\/ul>\n","protected":false},"excerpt":{"rendered":"<p>El programa social Mi Beca para Empezar a cargo del Gobierno que entrega un monto de dinero a estudiantes que se encuentran cursando la educaci\u00f3n b\u00e1sica tendr\u00e1 un pago extra para los nuevos afiliados.&nbsp; Qui\u00e9nes pueden ser beneficiarios de Mi Beca para Empezar&nbsp; El subsidio entrega de forma mensual un apoyo econ\u00f3mico a los estudiantes &hellip;<\/p>\n<p class=\"read-more\"> <a class=\"\" href=\"https:\/\/alprestamo.com\/blog\/pago-extra-de-mi-beca-para-empezar-cuanto-y-cuando-se-cobra\/\"> <span class=\"screen-reader-text\">Pago extra de Mi Beca para Empezar: cu\u00e1nto y cu\u00e1ndo se cobra<\/span> Leer m\u00e1s &raquo;<\/a><\/p>\n","protected":false},"author":9,"featured_media":31301,"comment_status":"closed","ping_status":"closed","sticky":false,"template":"","format":"standard","meta":{"_uag_custom_page_level_css":"","site-sidebar-layout":"default","site-content-layout":"default","ast-global-header-display":"","ast-banner-title-visibility":"","ast-main-header-display":"","ast-hfb-above-header-display":"","ast-hfb-below-header-display":"","ast-hfb-mobile-header-display":"","site-post-title":"","ast-breadcrumbs-content":"","ast-featured-img":"","footer-sml-layout":"","theme-transparent-header-meta":"","adv-header-id-meta":"","stick-header-meta":"","header-above-stick-meta":"","header-main-stick-meta":"","header-below-stick-meta":"","footnotes":""},"categories":[130,203,32],"tags":[],"class_list":["post-31298","post","type-post","status-publish","format-standard","has-post-thumbnail","hentry","category-mx","category-portada-mx","category-programas-sociales-mx"],"acf":[],"yoast_head":"<!-- This site is optimized with the Yoast SEO plugin v23.2 - https:\/\/yoast.com\/wordpress\/plugins\/seo\/ -->\n<title>Pago extra de Mi Beca para Empezar: cu\u00e1nto y cu\u00e1ndo se cobra<\/title>\n<meta name=\"description\" content=\"El programa social Mi Beca para Empezar a cargo del Gobierno que entrega un monto de dinero a estudiantes que se encuentran cursando la educaci\u00f3n b\u00e1sica\" \/>\n<meta name=\"robots\" content=\"index, follow, max-snippet:-1, max-image-preview:large, max-video-preview:-1\" \/>\n<link rel=\"canonical\" href=\"https:\/\/alprestamo.com\/blog\/pago-extra-de-mi-beca-para-empezar-cuanto-y-cuando-se-cobra\/\" \/>\n<meta property=\"og:locale\" content=\"es_ES\" \/>\n<meta property=\"og:type\" content=\"article\" \/>\n<meta property=\"og:title\" content=\"Pago extra de Mi Beca para Empezar: cu\u00e1nto y cu\u00e1ndo se cobra\" \/>\n<meta property=\"og:description\" content=\"El programa social Mi Beca para Empezar a cargo del Gobierno que entrega un monto de dinero a estudiantes que se encuentran cursando la educaci\u00f3n b\u00e1sica\" \/>\n<meta property=\"og:url\" content=\"https:\/\/alprestamo.com\/blog\/pago-extra-de-mi-beca-para-empezar-cuanto-y-cuando-se-cobra\/\" \/>\n<meta property=\"og:site_name\" content=\"Alprestamo - Hacemos que todo suceda\" \/>\n<meta property=\"article:published_time\" content=\"2023-10-06T19:05:05+00:00\" \/>\n<meta property=\"article:modified_time\" content=\"2023-10-06T20:14:03+00:00\" \/>\n<meta property=\"og:image\" content=\"https:\/\/alprestamo.com\/blog\/wp-content\/uploads\/2023\/10\/Diseno-sin-titulo-91.jpg\" \/>\n\t<meta property=\"og:image:width\" content=\"1024\" \/>\n\t<meta property=\"og:image:height\" content=\"768\" \/>\n\t<meta property=\"og:image:type\" content=\"image\/jpeg\" \/>\n<meta name=\"author\" content=\"Ramiro Querejeta\" \/>\n<meta name=\"twitter:card\" content=\"summary_large_image\" \/>\n<meta name=\"twitter:label1\" content=\"Escrito por\" \/>\n\t<meta name=\"twitter:data1\" content=\"Ramiro Querejeta\" \/>\n\t<meta name=\"twitter:label2\" content=\"Tiempo de lectura\" \/>\n\t<meta name=\"twitter:data2\" content=\"1 minuto\" \/>\n<script type=\"application\/ld+json\" class=\"yoast-schema-graph\">{\"@context\":\"https:\/\/schema.org\",\"@graph\":[{\"@type\":\"NewsArticle\",\"@id\":\"https:\/\/alprestamo.com\/blog\/pago-extra-de-mi-beca-para-empezar-cuanto-y-cuando-se-cobra\/#article\",\"isPartOf\":{\"@id\":\"https:\/\/alprestamo.com\/blog\/pago-extra-de-mi-beca-para-empezar-cuanto-y-cuando-se-cobra\/\"},\"author\":{\"name\":\"Ramiro Querejeta\",\"@id\":\"https:\/\/alprestamo.com\/blog\/#\/schema\/person\/4c568603ceb381762b4c9062d42c7627\"},\"headline\":\"Pago extra de Mi Beca para Empezar: cu\u00e1nto y cu\u00e1ndo se cobra\",\"datePublished\":\"2023-10-06T19:05:05+00:00\",\"dateModified\":\"2023-10-06T20:14:03+00:00\",\"mainEntityOfPage\":{\"@id\":\"https:\/\/alprestamo.com\/blog\/pago-extra-de-mi-beca-para-empezar-cuanto-y-cuando-se-cobra\/\"},\"wordCount\":263,\"publisher\":{\"@id\":\"https:\/\/alprestamo.com\/blog\/#organization\"},\"image\":{\"@id\":\"https:\/\/alprestamo.com\/blog\/pago-extra-de-mi-beca-para-empezar-cuanto-y-cuando-se-cobra\/#primaryimage\"},\"thumbnailUrl\":\"https:\/\/alprestamo.com\/blog\/wp-content\/uploads\/2023\/10\/Diseno-sin-titulo-91.jpg\",\"articleSection\":[\"MX\",\"Portada\",\"Programas Sociales\"],\"inLanguage\":\"es-AR\"},{\"@type\":\"WebPage\",\"@id\":\"https:\/\/alprestamo.com\/blog\/pago-extra-de-mi-beca-para-empezar-cuanto-y-cuando-se-cobra\/\",\"url\":\"https:\/\/alprestamo.com\/blog\/pago-extra-de-mi-beca-para-empezar-cuanto-y-cuando-se-cobra\/\",\"name\":\"Pago extra de Mi Beca para Empezar: cu\u00e1nto y cu\u00e1ndo se cobra\",\"isPartOf\":{\"@id\":\"https:\/\/alprestamo.com\/blog\/#website\"},\"primaryImageOfPage\":{\"@id\":\"https:\/\/alprestamo.com\/blog\/pago-extra-de-mi-beca-para-empezar-cuanto-y-cuando-se-cobra\/#primaryimage\"},\"image\":{\"@id\":\"https:\/\/alprestamo.com\/blog\/pago-extra-de-mi-beca-para-empezar-cuanto-y-cuando-se-cobra\/#primaryimage\"},\"thumbnailUrl\":\"https:\/\/alprestamo.com\/blog\/wp-content\/uploads\/2023\/10\/Diseno-sin-titulo-91.jpg\",\"datePublished\":\"2023-10-06T19:05:05+00:00\",\"dateModified\":\"2023-10-06T20:14:03+00:00\",\"description\":\"El programa social Mi Beca para Empezar a cargo del Gobierno que entrega un monto de dinero a estudiantes que se encuentran cursando la educaci\u00f3n b\u00e1sica\",\"breadcrumb\":{\"@id\":\"https:\/\/alprestamo.com\/blog\/pago-extra-de-mi-beca-para-empezar-cuanto-y-cuando-se-cobra\/#breadcrumb\"},\"inLanguage\":\"es-AR\",\"potentialAction\":[{\"@type\":\"ReadAction\",\"target\":[\"https:\/\/alprestamo.com\/blog\/pago-extra-de-mi-beca-para-empezar-cuanto-y-cuando-se-cobra\/\"]}]},{\"@type\":\"ImageObject\",\"inLanguage\":\"es-AR\",\"@id\":\"https:\/\/alprestamo.com\/blog\/pago-extra-de-mi-beca-para-empezar-cuanto-y-cuando-se-cobra\/#primaryimage\",\"url\":\"https:\/\/alprestamo.com\/blog\/wp-content\/uploads\/2023\/10\/Diseno-sin-titulo-91.jpg\",\"contentUrl\":\"https:\/\/alprestamo.com\/blog\/wp-content\/uploads\/2023\/10\/Diseno-sin-titulo-91.jpg\",\"width\":1024,\"height\":768,\"caption\":\"Pago extra Mi Beca para Empezar\"},{\"@type\":\"BreadcrumbList\",\"@id\":\"https:\/\/alprestamo.com\/blog\/pago-extra-de-mi-beca-para-empezar-cuanto-y-cuando-se-cobra\/#breadcrumb\",\"itemListElement\":[{\"@type\":\"ListItem\",\"position\":1,\"name\":\"Home\",\"item\":\"https:\/\/alprestamo.com\/blog\/\"},{\"@type\":\"ListItem\",\"position\":2,\"name\":\"Pago extra de Mi Beca para Empezar: cu\u00e1nto y cu\u00e1ndo se cobra\"}]},{\"@type\":\"WebSite\",\"@id\":\"https:\/\/alprestamo.com\/blog\/#website\",\"url\":\"https:\/\/alprestamo.com\/blog\/\",\"name\":\"Alprestamo\",\"description\":\"Hacemos que todo suceda\",\"publisher\":{\"@id\":\"https:\/\/alprestamo.com\/blog\/#organization\"},\"potentialAction\":[{\"@type\":\"SearchAction\",\"target\":{\"@type\":\"EntryPoint\",\"urlTemplate\":\"https:\/\/alprestamo.com\/blog\/?s={search_term_string}\"},\"query-input\":\"required name=search_term_string\"}],\"inLanguage\":\"es-AR\"},{\"@type\":\"Organization\",\"@id\":\"https:\/\/alprestamo.com\/blog\/#organization\",\"name\":\"Alprestamo\",\"url\":\"https:\/\/alprestamo.com\/blog\/\",\"logo\":{\"@type\":\"ImageObject\",\"inLanguage\":\"es-AR\",\"@id\":\"https:\/\/alprestamo.com\/blog\/#\/schema\/logo\/image\/\",\"url\":\"https:\/\/alprestamo.com\/blog\/wp-content\/uploads\/2022\/10\/Imagotipo_Blanco.svg\",\"contentUrl\":\"https:\/\/alprestamo.com\/blog\/wp-content\/uploads\/2022\/10\/Imagotipo_Blanco.svg\",\"width\":1199,\"height\":203,\"caption\":\"Alprestamo\"},\"image\":{\"@id\":\"https:\/\/alprestamo.com\/blog\/#\/schema\/logo\/image\/\"}},{\"@type\":\"Person\",\"@id\":\"https:\/\/alprestamo.com\/blog\/#\/schema\/person\/4c568603ceb381762b4c9062d42c7627\",\"name\":\"Ramiro Querejeta\",\"image\":{\"@type\":\"ImageObject\",\"inLanguage\":\"es-AR\",\"@id\":\"https:\/\/alprestamo.com\/blog\/#\/schema\/person\/image\/\",\"url\":\"https:\/\/alprestamo.com\/blog\/wp-content\/uploads\/2025\/08\/1688503693490-150x150.jpeg\",\"contentUrl\":\"https:\/\/alprestamo.com\/blog\/wp-content\/uploads\/2025\/08\/1688503693490-150x150.jpeg\",\"caption\":\"Ramiro Querejeta\"},\"url\":\"https:\/\/alprestamo.com\/blog\/author\/ramiro\/\"}]}<\/script>\n<!-- \/ Yoast SEO plugin. -->","yoast_head_json":{"title":"Pago extra de Mi Beca para Empezar: cu\u00e1nto y cu\u00e1ndo se cobra","description":"El programa social Mi Beca para Empezar a cargo del Gobierno que entrega un monto de dinero a estudiantes que se encuentran cursando la educaci\u00f3n b\u00e1sica","robots":{"index":"index","follow":"follow","max-snippet":"max-snippet:-1","max-image-preview":"max-image-preview:large","max-video-preview":"max-video-preview:-1"},"canonical":"https:\/\/alprestamo.com\/blog\/pago-extra-de-mi-beca-para-empezar-cuanto-y-cuando-se-cobra\/","og_locale":"es_ES","og_type":"article","og_title":"Pago extra de Mi Beca para Empezar: cu\u00e1nto y cu\u00e1ndo se cobra","og_description":"El programa social Mi Beca para Empezar a cargo del Gobierno que entrega un monto de dinero a estudiantes que se encuentran cursando la educaci\u00f3n b\u00e1sica","og_url":"https:\/\/alprestamo.com\/blog\/pago-extra-de-mi-beca-para-empezar-cuanto-y-cuando-se-cobra\/","og_site_name":"Alprestamo - Hacemos que todo suceda","article_published_time":"2023-10-06T19:05:05+00:00","article_modified_time":"2023-10-06T20:14:03+00:00","og_image":[{"width":1024,"height":768,"url":"https:\/\/alprestamo.com\/blog\/wp-content\/uploads\/2023\/10\/Diseno-sin-titulo-91.jpg","type":"image\/jpeg"}],"author":"Ramiro Querejeta","twitter_card":"summary_large_image","twitter_misc":{"Escrito por":"Ramiro Querejeta","Tiempo de lectura":"1 minuto"},"schema":{"@context":"https:\/\/schema.org","@graph":[{"@type":"NewsArticle","@id":"https:\/\/alprestamo.com\/blog\/pago-extra-de-mi-beca-para-empezar-cuanto-y-cuando-se-cobra\/#article","isPartOf":{"@id":"https:\/\/alprestamo.com\/blog\/pago-extra-de-mi-beca-para-empezar-cuanto-y-cuando-se-cobra\/"},"author":{"name":"Ramiro Querejeta","@id":"https:\/\/alprestamo.com\/blog\/#\/schema\/person\/4c568603ceb381762b4c9062d42c7627"},"headline":"Pago extra de Mi Beca para Empezar: cu\u00e1nto y cu\u00e1ndo se cobra","datePublished":"2023-10-06T19:05:05+00:00","dateModified":"2023-10-06T20:14:03+00:00","mainEntityOfPage":{"@id":"https:\/\/alprestamo.com\/blog\/pago-extra-de-mi-beca-para-empezar-cuanto-y-cuando-se-cobra\/"},"wordCount":263,"publisher":{"@id":"https:\/\/alprestamo.com\/blog\/#organization"},"image":{"@id":"https:\/\/alprestamo.com\/blog\/pago-extra-de-mi-beca-para-empezar-cuanto-y-cuando-se-cobra\/#primaryimage"},"thumbnailUrl":"https:\/\/alprestamo.com\/blog\/wp-content\/uploads\/2023\/10\/Diseno-sin-titulo-91.jpg","articleSection":["MX","Portada","Programas Sociales"],"inLanguage":"es-AR"},{"@type":"WebPage","@id":"https:\/\/alprestamo.com\/blog\/pago-extra-de-mi-beca-para-empezar-cuanto-y-cuando-se-cobra\/","url":"https:\/\/alprestamo.com\/blog\/pago-extra-de-mi-beca-para-empezar-cuanto-y-cuando-se-cobra\/","name":"Pago extra de Mi Beca para Empezar: cu\u00e1nto y cu\u00e1ndo se cobra","isPartOf":{"@id":"https:\/\/alprestamo.com\/blog\/#website"},"primaryImageOfPage":{"@id":"https:\/\/alprestamo.com\/blog\/pago-extra-de-mi-beca-para-empezar-cuanto-y-cuando-se-cobra\/#primaryimage"},"image":{"@id":"https:\/\/alprestamo.com\/blog\/pago-extra-de-mi-beca-para-empezar-cuanto-y-cuando-se-cobra\/#primaryimage"},"thumbnailUrl":"https:\/\/alprestamo.com\/blog\/wp-content\/uploads\/2023\/10\/Diseno-sin-titulo-91.jpg","datePublished":"2023-10-06T19:05:05+00:00","dateModified":"2023-10-06T20:14:03+00:00","description":"El programa social Mi Beca para Empezar a cargo del Gobierno que entrega un monto de dinero a estudiantes que se encuentran cursando la educaci\u00f3n b\u00e1sica","breadcrumb":{"@id":"https:\/\/alprestamo.com\/blog\/pago-extra-de-mi-beca-para-empezar-cuanto-y-cuando-se-cobra\/#breadcrumb"},"inLanguage":"es-AR","potentialAction":[{"@type":"ReadAction","target":["https:\/\/alprestamo.com\/blog\/pago-extra-de-mi-beca-para-empezar-cuanto-y-cuando-se-cobra\/"]}]},{"@type":"ImageObject","inLanguage":"es-AR","@id":"https:\/\/alprestamo.com\/blog\/pago-extra-de-mi-beca-para-empezar-cuanto-y-cuando-se-cobra\/#primaryimage","url":"https:\/\/alprestamo.com\/blog\/wp-content\/uploads\/2023\/10\/Diseno-sin-titulo-91.jpg","contentUrl":"https:\/\/alprestamo.com\/blog\/wp-content\/uploads\/2023\/10\/Diseno-sin-titulo-91.jpg","width":1024,"height":768,"caption":"Pago extra Mi Beca para Empezar"},{"@type":"BreadcrumbList","@id":"https:\/\/alprestamo.com\/blog\/pago-extra-de-mi-beca-para-empezar-cuanto-y-cuando-se-cobra\/#breadcrumb","itemListElement":[{"@type":"ListItem","position":1,"name":"Home","item":"https:\/\/alprestamo.com\/blog\/"},{"@type":"ListItem","position":2,"name":"Pago extra de Mi Beca para Empezar: cu\u00e1nto y cu\u00e1ndo se cobra"}]},{"@type":"WebSite","@id":"https:\/\/alprestamo.com\/blog\/#website","url":"https:\/\/alprestamo.com\/blog\/","name":"Alprestamo","description":"Hacemos que todo suceda","publisher":{"@id":"https:\/\/alprestamo.com\/blog\/#organization"},"potentialAction":[{"@type":"SearchAction","target":{"@type":"EntryPoint","urlTemplate":"https:\/\/alprestamo.com\/blog\/?s={search_term_string}"},"query-input":"required name=search_term_string"}],"inLanguage":"es-AR"},{"@type":"Organization","@id":"https:\/\/alprestamo.com\/blog\/#organization","name":"Alprestamo","url":"https:\/\/alprestamo.com\/blog\/","logo":{"@type":"ImageObject","inLanguage":"es-AR","@id":"https:\/\/alprestamo.com\/blog\/#\/schema\/logo\/image\/","url":"https:\/\/alprestamo.com\/blog\/wp-content\/uploads\/2022\/10\/Imagotipo_Blanco.svg","contentUrl":"https:\/\/alprestamo.com\/blog\/wp-content\/uploads\/2022\/10\/Imagotipo_Blanco.svg","width":1199,"height":203,"caption":"Alprestamo"},"image":{"@id":"https:\/\/alprestamo.com\/blog\/#\/schema\/logo\/image\/"}},{"@type":"Person","@id":"https:\/\/alprestamo.com\/blog\/#\/schema\/person\/4c568603ceb381762b4c9062d42c7627","name":"Ramiro Querejeta","image":{"@type":"ImageObject","inLanguage":"es-AR","@id":"https:\/\/alprestamo.com\/blog\/#\/schema\/person\/image\/","url":"https:\/\/alprestamo.com\/blog\/wp-content\/uploads\/2025\/08\/1688503693490-150x150.jpeg","contentUrl":"https:\/\/alprestamo.com\/blog\/wp-content\/uploads\/2025\/08\/1688503693490-150x150.jpeg","caption":"Ramiro Querejeta"},"url":"https:\/\/alprestamo.com\/blog\/author\/ramiro\/"}]}},"uagb_featured_image_src":{"full":["https:\/\/alprestamo.com\/blog\/wp-content\/uploads\/2023\/10\/Diseno-sin-titulo-91.jpg",1024,768,false],"thumbnail":["https:\/\/alprestamo.com\/blog\/wp-content\/uploads\/2023\/10\/Diseno-sin-titulo-91-150x150.jpg",150,150,true],"medium":["https:\/\/alprestamo.com\/blog\/wp-content\/uploads\/2023\/10\/Diseno-sin-titulo-91-300x225.jpg",300,225,true],"medium_large":["https:\/\/alprestamo.com\/blog\/wp-content\/uploads\/2023\/10\/Diseno-sin-titulo-91-768x576.jpg",768,576,true],"large":["https:\/\/alprestamo.com\/blog\/wp-content\/uploads\/2023\/10\/Diseno-sin-titulo-91.jpg",1024,768,false],"1536x1536":["https:\/\/alprestamo.com\/blog\/wp-content\/uploads\/2023\/10\/Diseno-sin-titulo-91.jpg",1024,768,false],"2048x2048":["https:\/\/alprestamo.com\/blog\/wp-content\/uploads\/2023\/10\/Diseno-sin-titulo-91.jpg",1024,768,false]},"uagb_author_info":{"display_name":"Ramiro Querejeta","author_link":"https:\/\/alprestamo.com\/blog\/author\/ramiro\/"},"uagb_comment_info":0,"uagb_excerpt":"El programa social Mi Beca para Empezar a cargo del Gobierno que entrega un monto de dinero a estudiantes que se encuentran cursando la educaci\u00f3n b\u00e1sica tendr\u00e1 un pago extra para los nuevos afiliados.&nbsp; Qui\u00e9nes pueden ser beneficiarios de Mi Beca para Empezar&nbsp; El subsidio entrega de forma mensual un apoyo econ\u00f3mico a los estudiantes&hellip;","rttpg_featured_image_url":{"full":["https:\/\/alprestamo.com\/blog\/wp-content\/uploads\/2023\/10\/Diseno-sin-titulo-91.jpg",1024,768,false],"landscape":["https:\/\/alprestamo.com\/blog\/wp-content\/uploads\/2023\/10\/Diseno-sin-titulo-91.jpg",1024,768,false],"portraits":["https:\/\/alprestamo.com\/blog\/wp-content\/uploads\/2023\/10\/Diseno-sin-titulo-91.jpg",1024,768,false],"thumbnail":["https:\/\/alprestamo.com\/blog\/wp-content\/uploads\/2023\/10\/Diseno-sin-titulo-91-150x150.jpg",150,150,true],"medium":["https:\/\/alprestamo.com\/blog\/wp-content\/uploads\/2023\/10\/Diseno-sin-titulo-91-300x225.jpg",300,225,true],"large":["https:\/\/alprestamo.com\/blog\/wp-content\/uploads\/2023\/10\/Diseno-sin-titulo-91.jpg",1024,768,false],"1536x1536":["https:\/\/alprestamo.com\/blog\/wp-content\/uploads\/2023\/10\/Diseno-sin-titulo-91.jpg",1024,768,false],"2048x2048":["https:\/\/alprestamo.com\/blog\/wp-content\/uploads\/2023\/10\/Diseno-sin-titulo-91.jpg",1024,768,false],"rt_custom":["https:\/\/alprestamo.com\/blog\/wp-content\/uploads\/2023\/10\/Diseno-sin-titulo-91.jpg",1024,768,false]},"rttpg_author":{"display_name":"Ramiro Querejeta","author_link":"https:\/\/alprestamo.com\/blog\/author\/ramiro\/"},"rttpg_comment":0,"rttpg_category":"<a href=\"https:\/\/alprestamo.com\/blog\/categoria\/mx\/\" rel=\"category tag\">MX<\/a> <a href=\"https:\/\/alprestamo.com\/blog\/categoria\/mx\/portada-mx\/\" rel=\"category tag\">Portada<\/a> <a href=\"https:\/\/alprestamo.com\/blog\/categoria\/mx\/programas-sociales-mx\/\" rel=\"category tag\">Programas Sociales<\/a>","rttpg_excerpt":"El programa social Mi Beca para Empezar a cargo del Gobierno que entrega un monto de dinero a estudiantes que se encuentran cursando la educaci\u00f3n b\u00e1sica tendr\u00e1 un pago extra para los nuevos afiliados.&nbsp; Qui\u00e9nes pueden ser beneficiarios de Mi Beca para Empezar&nbsp; El subsidio entrega de forma mensual un apoyo econ\u00f3mico a los estudiantes&hellip;","_links":{"self":[{"href":"https:\/\/alprestamo.com\/blog\/wp-json\/wp\/v2\/posts\/31298"}],"collection":[{"href":"https:\/\/alprestamo.com\/blog\/wp-json\/wp\/v2\/posts"}],"about":[{"href":"https:\/\/alprestamo.com\/blog\/wp-json\/wp\/v2\/types\/post"}],"author":[{"embeddable":true,"href":"https:\/\/alprestamo.com\/blog\/wp-json\/wp\/v2\/users\/9"}],"replies":[{"embeddable":true,"href":"https:\/\/alprestamo.com\/blog\/wp-json\/wp\/v2\/comments?post=31298"}],"version-history":[{"count":3,"href":"https:\/\/alprestamo.com\/blog\/wp-json\/wp\/v2\/posts\/31298\/revisions"}],"predecessor-version":[{"id":31309,"href":"https:\/\/alprestamo.com\/blog\/wp-json\/wp\/v2\/posts\/31298\/revisions\/31309"}],"wp:featuredmedia":[{"embeddable":true,"href":"https:\/\/alprestamo.com\/blog\/wp-json\/wp\/v2\/media\/31301"}],"wp:attachment":[{"href":"https:\/\/alprestamo.com\/blog\/wp-json\/wp\/v2\/media?parent=31298"}],"wp:term":[{"taxonomy":"category","embeddable":true,"href":"https:\/\/alprestamo.com\/blog\/wp-json\/wp\/v2\/categories?post=31298"},{"taxonomy":"post_tag","embeddable":true,"href":"https:\/\/alprestamo.com\/blog\/wp-json\/wp\/v2\/tags?post=31298"}],"curies":[{"name":"wp","href":"https:\/\/api.w.org\/{rel}","templated":true}]}}