{"id":31386,"date":"2023-10-10T11:33:37","date_gmt":"2023-10-10T14:33:37","guid":{"rendered":"https:\/\/alprestamo.com\/blog\/?p=31386"},"modified":"2023-10-10T12:29:16","modified_gmt":"2023-10-10T15:29:16","slug":"de-que-trata-el-subsidio-familias-en-su-tierra-y-como-aplicar","status":"publish","type":"post","link":"https:\/\/alprestamo.com\/blog\/de-que-trata-el-subsidio-familias-en-su-tierra-y-como-aplicar\/","title":{"rendered":"De qu\u00e9 trata el subsidio Familias en su Tierra y c\u00f3mo aplicar"},"content":{"rendered":"\n<p>El Departamento de Prosperidad Social confirm\u00f3 que comenz\u00f3 con la distribuci\u00f3n de m\u00e1s de 21 mil millones de pesos a m\u00e1s de 4000 hogares para el programa <strong>Familias en su Tierra (FEST)<\/strong>.&nbsp;<\/p>\n\n\n\n<h2 class=\"wp-block-heading\">Qui\u00e9nes pueden acceder a Familia en su Tierra<\/h2>\n\n\n\n<p><\/p>\n\n\n\n<p>Esta <a href=\"https:\/\/alprestamo.com\/blog\/co\/ayudas-economicas-en-colombia-como-acceder\/\">ayuda econ\u00f3mica por parte del Gobierno<\/a> tiene como objetivo <strong>beneficiar a v\u00edctimas de desplazamiento forzado<\/strong> por alguna raz\u00f3n en Colombia.&nbsp;<\/p>\n\n\n\n<p>Seg\u00fan Javier Fernando Mora Andrade, director de Inclusi\u00f3n Productiva, los hogares a los que se les entregar\u00e1 Familias en su Tierra son quienes se les atiende de forma integral para contribuir con su estabilidad socioecon\u00f3mica.&nbsp;<\/p>\n\n\n\n<p>En este caso se trata de familias que se encuentran siendo atendidas dentro del llamado \u201cZona uno\u201d del actual ciclo de inversi\u00f3n del programa y est\u00e1 ubicado en trece municipios de siete departamentos.&nbsp;<\/p>\n\n\n\n<p>Estos hogares son de municipios como <strong>Bol\u00edvar, C\u00f3rdoba, Sucre, Magdalena, Caldas y Santander.<\/strong>&nbsp;<\/p>\n\n\n\n<h2 class=\"wp-block-heading\">Cu\u00e1nto dinero otorga Familias en su Tierra<\/h2>\n\n\n\n<p><\/p>\n\n\n\n<p>Prosperidad Social confirm\u00f3 que cada familia recibir\u00e1 una<strong> ayuda monetaria de 2.686.000 pesos<\/strong>. Este <a href=\"https:\/\/alprestamo.com\/blog\/co\/cual-sera-el-cambio-en-el-sistema-de-identificacion-para-recibir-subsidios-en-colombia\/\">subsidio <\/a>tiene como objetivo que los hogares adquieran insumos, herramientas y recursos que les permitan fortalecer los proyectos actuales o emprender nuevos, generando ingresos econ\u00f3micos.<\/p>\n\n\n\n<h2 class=\"wp-block-heading\">Requisitos para acceder a Familias en su Tierra&nbsp;<\/h2>\n\n\n\n<p><\/p>\n\n\n\n<p>Seg\u00fan la informaci\u00f3n que figura en la p\u00e1gina web de Prosperidad Social, los requisitos para acceder al programa <em>Familias en su Tierra <\/em>son:&nbsp;<\/p>\n\n\n\n<ul class=\"wp-block-list\">\n<li>Estar registrado en la <strong>Red Unidos<\/strong><\/li>\n\n\n\n<li>Registrar un mayor tiempo de ocurrencia del hecho del desplazamiento forzado, seg\u00fan la \u00faltima declaraci\u00f3n incluida en el <strong>Registro \u00danico de V\u00edctimas<\/strong>.<\/li>\n\n\n\n<li>Formar parte del programa <a href=\"https:\/\/alprestamo.com\/blog\/co\/familias-en-accion-2023-como-saber-si-soy-beneficiario\/\"><strong>Familias en Acci\u00f3n<\/strong>&nbsp;<\/a><\/li>\n\n\n\n<li>Cumplir con el criterio de focalizaci\u00f3n n\u00famero 1 de los Esquemas Especiales de Acompa\u00f1amiento Familiar de acuerdo al sexto art\u00edculo de la Resoluci\u00f3n 00434 de mayo de 2016.&nbsp;<\/li>\n<\/ul>\n","protected":false},"excerpt":{"rendered":"<p>El Departamento de Prosperidad Social confirm\u00f3 que comenz\u00f3 con la distribuci\u00f3n de m\u00e1s de 21 mil millones de pesos a m\u00e1s de 4000 hogares para el programa Familias en su Tierra (FEST).&nbsp; Qui\u00e9nes pueden acceder a Familia en su Tierra Esta ayuda econ\u00f3mica por parte del Gobierno tiene como objetivo beneficiar a v\u00edctimas de desplazamiento &hellip;<\/p>\n<p class=\"read-more\"> <a class=\"\" href=\"https:\/\/alprestamo.com\/blog\/de-que-trata-el-subsidio-familias-en-su-tierra-y-como-aplicar\/\"> <span class=\"screen-reader-text\">De qu\u00e9 trata el subsidio Familias en su Tierra y c\u00f3mo aplicar<\/span> Leer m\u00e1s &raquo;<\/a><\/p>\n","protected":false},"author":9,"featured_media":31390,"comment_status":"closed","ping_status":"closed","sticky":false,"template":"","format":"standard","meta":{"_uag_custom_page_level_css":"","site-sidebar-layout":"default","site-content-layout":"default","ast-global-header-display":"","ast-banner-title-visibility":"","ast-main-header-display":"","ast-hfb-above-header-display":"","ast-hfb-below-header-display":"","ast-hfb-mobile-header-display":"","site-post-title":"","ast-breadcrumbs-content":"","ast-featured-img":"","footer-sml-layout":"","theme-transparent-header-meta":"","adv-header-id-meta":"","stick-header-meta":"","header-above-stick-meta":"","header-main-stick-meta":"","header-below-stick-meta":"","footnotes":""},"categories":[98,197,100],"tags":[],"class_list":["post-31386","post","type-post","status-publish","format-standard","has-post-thumbnail","hentry","category-co","category-portada-co","category-programas-sociales"],"acf":[],"yoast_head":"<!-- This site is optimized with the Yoast SEO plugin v23.2 - https:\/\/yoast.com\/wordpress\/plugins\/seo\/ -->\n<title>De qu\u00e9 trata el subsidio Familias en su Tierra y c\u00f3mo aplicar<\/title>\n<meta name=\"description\" content=\"El Departamento de Prosperidad Social confirm\u00f3 que comenz\u00f3 con la distribuci\u00f3n de m\u00e1s de 21 mil millones de pesos a m\u00e1s de 4000 hogares para el programa\" \/>\n<meta name=\"robots\" content=\"index, follow, max-snippet:-1, max-image-preview:large, max-video-preview:-1\" \/>\n<link rel=\"canonical\" href=\"https:\/\/alprestamo.com\/blog\/de-que-trata-el-subsidio-familias-en-su-tierra-y-como-aplicar\/\" \/>\n<meta property=\"og:locale\" content=\"es_ES\" \/>\n<meta property=\"og:type\" content=\"article\" \/>\n<meta property=\"og:title\" content=\"De qu\u00e9 trata el subsidio Familias en su Tierra y c\u00f3mo aplicar\" \/>\n<meta property=\"og:description\" content=\"El Departamento de Prosperidad Social confirm\u00f3 que comenz\u00f3 con la distribuci\u00f3n de m\u00e1s de 21 mil millones de pesos a m\u00e1s de 4000 hogares para el programa\" \/>\n<meta property=\"og:url\" content=\"https:\/\/alprestamo.com\/blog\/de-que-trata-el-subsidio-familias-en-su-tierra-y-como-aplicar\/\" \/>\n<meta property=\"og:site_name\" content=\"Alprestamo - Hacemos que todo suceda\" \/>\n<meta property=\"article:published_time\" content=\"2023-10-10T14:33:37+00:00\" \/>\n<meta property=\"article:modified_time\" content=\"2023-10-10T15:29:16+00:00\" \/>\n<meta property=\"og:image\" content=\"https:\/\/alprestamo.com\/blog\/wp-content\/uploads\/2023\/10\/Diseno-sin-titulo-94.jpg\" \/>\n\t<meta property=\"og:image:width\" content=\"1024\" \/>\n\t<meta property=\"og:image:height\" content=\"768\" \/>\n\t<meta property=\"og:image:type\" content=\"image\/jpeg\" \/>\n<meta name=\"author\" content=\"Ramiro Querejeta\" \/>\n<meta name=\"twitter:card\" content=\"summary_large_image\" \/>\n<meta name=\"twitter:label1\" content=\"Escrito por\" \/>\n\t<meta name=\"twitter:data1\" content=\"Ramiro Querejeta\" \/>\n\t<meta name=\"twitter:label2\" content=\"Tiempo de lectura\" \/>\n\t<meta name=\"twitter:data2\" content=\"2 minutos\" \/>\n<script type=\"application\/ld+json\" class=\"yoast-schema-graph\">{\"@context\":\"https:\/\/schema.org\",\"@graph\":[{\"@type\":\"NewsArticle\",\"@id\":\"https:\/\/alprestamo.com\/blog\/de-que-trata-el-subsidio-familias-en-su-tierra-y-como-aplicar\/#article\",\"isPartOf\":{\"@id\":\"https:\/\/alprestamo.com\/blog\/de-que-trata-el-subsidio-familias-en-su-tierra-y-como-aplicar\/\"},\"author\":{\"name\":\"Ramiro Querejeta\",\"@id\":\"https:\/\/alprestamo.com\/blog\/#\/schema\/person\/4c568603ceb381762b4c9062d42c7627\"},\"headline\":\"De qu\u00e9 trata el subsidio Familias en su Tierra y c\u00f3mo aplicar\",\"datePublished\":\"2023-10-10T14:33:37+00:00\",\"dateModified\":\"2023-10-10T15:29:16+00:00\",\"mainEntityOfPage\":{\"@id\":\"https:\/\/alprestamo.com\/blog\/de-que-trata-el-subsidio-familias-en-su-tierra-y-como-aplicar\/\"},\"wordCount\":325,\"publisher\":{\"@id\":\"https:\/\/alprestamo.com\/blog\/#organization\"},\"image\":{\"@id\":\"https:\/\/alprestamo.com\/blog\/de-que-trata-el-subsidio-familias-en-su-tierra-y-como-aplicar\/#primaryimage\"},\"thumbnailUrl\":\"https:\/\/alprestamo.com\/blog\/wp-content\/uploads\/2023\/10\/Diseno-sin-titulo-94.jpg\",\"articleSection\":[\"CO\",\"Portada\",\"Programas sociales\"],\"inLanguage\":\"es-AR\"},{\"@type\":\"WebPage\",\"@id\":\"https:\/\/alprestamo.com\/blog\/de-que-trata-el-subsidio-familias-en-su-tierra-y-como-aplicar\/\",\"url\":\"https:\/\/alprestamo.com\/blog\/de-que-trata-el-subsidio-familias-en-su-tierra-y-como-aplicar\/\",\"name\":\"De qu\u00e9 trata el subsidio Familias en su Tierra y c\u00f3mo aplicar\",\"isPartOf\":{\"@id\":\"https:\/\/alprestamo.com\/blog\/#website\"},\"primaryImageOfPage\":{\"@id\":\"https:\/\/alprestamo.com\/blog\/de-que-trata-el-subsidio-familias-en-su-tierra-y-como-aplicar\/#primaryimage\"},\"image\":{\"@id\":\"https:\/\/alprestamo.com\/blog\/de-que-trata-el-subsidio-familias-en-su-tierra-y-como-aplicar\/#primaryimage\"},\"thumbnailUrl\":\"https:\/\/alprestamo.com\/blog\/wp-content\/uploads\/2023\/10\/Diseno-sin-titulo-94.jpg\",\"datePublished\":\"2023-10-10T14:33:37+00:00\",\"dateModified\":\"2023-10-10T15:29:16+00:00\",\"description\":\"El Departamento de Prosperidad Social confirm\u00f3 que comenz\u00f3 con la distribuci\u00f3n de m\u00e1s de 21 mil millones de pesos a m\u00e1s de 4000 hogares para el programa\",\"breadcrumb\":{\"@id\":\"https:\/\/alprestamo.com\/blog\/de-que-trata-el-subsidio-familias-en-su-tierra-y-como-aplicar\/#breadcrumb\"},\"inLanguage\":\"es-AR\",\"potentialAction\":[{\"@type\":\"ReadAction\",\"target\":[\"https:\/\/alprestamo.com\/blog\/de-que-trata-el-subsidio-familias-en-su-tierra-y-como-aplicar\/\"]}]},{\"@type\":\"ImageObject\",\"inLanguage\":\"es-AR\",\"@id\":\"https:\/\/alprestamo.com\/blog\/de-que-trata-el-subsidio-familias-en-su-tierra-y-como-aplicar\/#primaryimage\",\"url\":\"https:\/\/alprestamo.com\/blog\/wp-content\/uploads\/2023\/10\/Diseno-sin-titulo-94.jpg\",\"contentUrl\":\"https:\/\/alprestamo.com\/blog\/wp-content\/uploads\/2023\/10\/Diseno-sin-titulo-94.jpg\",\"width\":1024,\"height\":768,\"caption\":\"Familias en su Tierra\"},{\"@type\":\"BreadcrumbList\",\"@id\":\"https:\/\/alprestamo.com\/blog\/de-que-trata-el-subsidio-familias-en-su-tierra-y-como-aplicar\/#breadcrumb\",\"itemListElement\":[{\"@type\":\"ListItem\",\"position\":1,\"name\":\"Home\",\"item\":\"https:\/\/alprestamo.com\/blog\/\"},{\"@type\":\"ListItem\",\"position\":2,\"name\":\"De qu\u00e9 trata el subsidio Familias en su Tierra y c\u00f3mo aplicar\"}]},{\"@type\":\"WebSite\",\"@id\":\"https:\/\/alprestamo.com\/blog\/#website\",\"url\":\"https:\/\/alprestamo.com\/blog\/\",\"name\":\"Alprestamo\",\"description\":\"Hacemos que todo suceda\",\"publisher\":{\"@id\":\"https:\/\/alprestamo.com\/blog\/#organization\"},\"potentialAction\":[{\"@type\":\"SearchAction\",\"target\":{\"@type\":\"EntryPoint\",\"urlTemplate\":\"https:\/\/alprestamo.com\/blog\/?s={search_term_string}\"},\"query-input\":\"required name=search_term_string\"}],\"inLanguage\":\"es-AR\"},{\"@type\":\"Organization\",\"@id\":\"https:\/\/alprestamo.com\/blog\/#organization\",\"name\":\"Alprestamo\",\"url\":\"https:\/\/alprestamo.com\/blog\/\",\"logo\":{\"@type\":\"ImageObject\",\"inLanguage\":\"es-AR\",\"@id\":\"https:\/\/alprestamo.com\/blog\/#\/schema\/logo\/image\/\",\"url\":\"https:\/\/alprestamo.com\/blog\/wp-content\/uploads\/2022\/10\/Imagotipo_Blanco.svg\",\"contentUrl\":\"https:\/\/alprestamo.com\/blog\/wp-content\/uploads\/2022\/10\/Imagotipo_Blanco.svg\",\"width\":1199,\"height\":203,\"caption\":\"Alprestamo\"},\"image\":{\"@id\":\"https:\/\/alprestamo.com\/blog\/#\/schema\/logo\/image\/\"}},{\"@type\":\"Person\",\"@id\":\"https:\/\/alprestamo.com\/blog\/#\/schema\/person\/4c568603ceb381762b4c9062d42c7627\",\"name\":\"Ramiro Querejeta\",\"image\":{\"@type\":\"ImageObject\",\"inLanguage\":\"es-AR\",\"@id\":\"https:\/\/alprestamo.com\/blog\/#\/schema\/person\/image\/\",\"url\":\"https:\/\/alprestamo.com\/blog\/wp-content\/uploads\/2025\/08\/1688503693490-150x150.jpeg\",\"contentUrl\":\"https:\/\/alprestamo.com\/blog\/wp-content\/uploads\/2025\/08\/1688503693490-150x150.jpeg\",\"caption\":\"Ramiro Querejeta\"},\"url\":\"https:\/\/alprestamo.com\/blog\/author\/ramiro\/\"}]}<\/script>\n<!-- \/ Yoast SEO plugin. -->","yoast_head_json":{"title":"De qu\u00e9 trata el subsidio Familias en su Tierra y c\u00f3mo aplicar","description":"El Departamento de Prosperidad Social confirm\u00f3 que comenz\u00f3 con la distribuci\u00f3n de m\u00e1s de 21 mil millones de pesos a m\u00e1s de 4000 hogares para el programa","robots":{"index":"index","follow":"follow","max-snippet":"max-snippet:-1","max-image-preview":"max-image-preview:large","max-video-preview":"max-video-preview:-1"},"canonical":"https:\/\/alprestamo.com\/blog\/de-que-trata-el-subsidio-familias-en-su-tierra-y-como-aplicar\/","og_locale":"es_ES","og_type":"article","og_title":"De qu\u00e9 trata el subsidio Familias en su Tierra y c\u00f3mo aplicar","og_description":"El Departamento de Prosperidad Social confirm\u00f3 que comenz\u00f3 con la distribuci\u00f3n de m\u00e1s de 21 mil millones de pesos a m\u00e1s de 4000 hogares para el programa","og_url":"https:\/\/alprestamo.com\/blog\/de-que-trata-el-subsidio-familias-en-su-tierra-y-como-aplicar\/","og_site_name":"Alprestamo - Hacemos que todo suceda","article_published_time":"2023-10-10T14:33:37+00:00","article_modified_time":"2023-10-10T15:29:16+00:00","og_image":[{"width":1024,"height":768,"url":"https:\/\/alprestamo.com\/blog\/wp-content\/uploads\/2023\/10\/Diseno-sin-titulo-94.jpg","type":"image\/jpeg"}],"author":"Ramiro Querejeta","twitter_card":"summary_large_image","twitter_misc":{"Escrito por":"Ramiro Querejeta","Tiempo de lectura":"2 minutos"},"schema":{"@context":"https:\/\/schema.org","@graph":[{"@type":"NewsArticle","@id":"https:\/\/alprestamo.com\/blog\/de-que-trata-el-subsidio-familias-en-su-tierra-y-como-aplicar\/#article","isPartOf":{"@id":"https:\/\/alprestamo.com\/blog\/de-que-trata-el-subsidio-familias-en-su-tierra-y-como-aplicar\/"},"author":{"name":"Ramiro Querejeta","@id":"https:\/\/alprestamo.com\/blog\/#\/schema\/person\/4c568603ceb381762b4c9062d42c7627"},"headline":"De qu\u00e9 trata el subsidio Familias en su Tierra y c\u00f3mo aplicar","datePublished":"2023-10-10T14:33:37+00:00","dateModified":"2023-10-10T15:29:16+00:00","mainEntityOfPage":{"@id":"https:\/\/alprestamo.com\/blog\/de-que-trata-el-subsidio-familias-en-su-tierra-y-como-aplicar\/"},"wordCount":325,"publisher":{"@id":"https:\/\/alprestamo.com\/blog\/#organization"},"image":{"@id":"https:\/\/alprestamo.com\/blog\/de-que-trata-el-subsidio-familias-en-su-tierra-y-como-aplicar\/#primaryimage"},"thumbnailUrl":"https:\/\/alprestamo.com\/blog\/wp-content\/uploads\/2023\/10\/Diseno-sin-titulo-94.jpg","articleSection":["CO","Portada","Programas sociales"],"inLanguage":"es-AR"},{"@type":"WebPage","@id":"https:\/\/alprestamo.com\/blog\/de-que-trata-el-subsidio-familias-en-su-tierra-y-como-aplicar\/","url":"https:\/\/alprestamo.com\/blog\/de-que-trata-el-subsidio-familias-en-su-tierra-y-como-aplicar\/","name":"De qu\u00e9 trata el subsidio Familias en su Tierra y c\u00f3mo aplicar","isPartOf":{"@id":"https:\/\/alprestamo.com\/blog\/#website"},"primaryImageOfPage":{"@id":"https:\/\/alprestamo.com\/blog\/de-que-trata-el-subsidio-familias-en-su-tierra-y-como-aplicar\/#primaryimage"},"image":{"@id":"https:\/\/alprestamo.com\/blog\/de-que-trata-el-subsidio-familias-en-su-tierra-y-como-aplicar\/#primaryimage"},"thumbnailUrl":"https:\/\/alprestamo.com\/blog\/wp-content\/uploads\/2023\/10\/Diseno-sin-titulo-94.jpg","datePublished":"2023-10-10T14:33:37+00:00","dateModified":"2023-10-10T15:29:16+00:00","description":"El Departamento de Prosperidad Social confirm\u00f3 que comenz\u00f3 con la distribuci\u00f3n de m\u00e1s de 21 mil millones de pesos a m\u00e1s de 4000 hogares para el programa","breadcrumb":{"@id":"https:\/\/alprestamo.com\/blog\/de-que-trata-el-subsidio-familias-en-su-tierra-y-como-aplicar\/#breadcrumb"},"inLanguage":"es-AR","potentialAction":[{"@type":"ReadAction","target":["https:\/\/alprestamo.com\/blog\/de-que-trata-el-subsidio-familias-en-su-tierra-y-como-aplicar\/"]}]},{"@type":"ImageObject","inLanguage":"es-AR","@id":"https:\/\/alprestamo.com\/blog\/de-que-trata-el-subsidio-familias-en-su-tierra-y-como-aplicar\/#primaryimage","url":"https:\/\/alprestamo.com\/blog\/wp-content\/uploads\/2023\/10\/Diseno-sin-titulo-94.jpg","contentUrl":"https:\/\/alprestamo.com\/blog\/wp-content\/uploads\/2023\/10\/Diseno-sin-titulo-94.jpg","width":1024,"height":768,"caption":"Familias en su Tierra"},{"@type":"BreadcrumbList","@id":"https:\/\/alprestamo.com\/blog\/de-que-trata-el-subsidio-familias-en-su-tierra-y-como-aplicar\/#breadcrumb","itemListElement":[{"@type":"ListItem","position":1,"name":"Home","item":"https:\/\/alprestamo.com\/blog\/"},{"@type":"ListItem","position":2,"name":"De qu\u00e9 trata el subsidio Familias en su Tierra y c\u00f3mo aplicar"}]},{"@type":"WebSite","@id":"https:\/\/alprestamo.com\/blog\/#website","url":"https:\/\/alprestamo.com\/blog\/","name":"Alprestamo","description":"Hacemos que todo suceda","publisher":{"@id":"https:\/\/alprestamo.com\/blog\/#organization"},"potentialAction":[{"@type":"SearchAction","target":{"@type":"EntryPoint","urlTemplate":"https:\/\/alprestamo.com\/blog\/?s={search_term_string}"},"query-input":"required name=search_term_string"}],"inLanguage":"es-AR"},{"@type":"Organization","@id":"https:\/\/alprestamo.com\/blog\/#organization","name":"Alprestamo","url":"https:\/\/alprestamo.com\/blog\/","logo":{"@type":"ImageObject","inLanguage":"es-AR","@id":"https:\/\/alprestamo.com\/blog\/#\/schema\/logo\/image\/","url":"https:\/\/alprestamo.com\/blog\/wp-content\/uploads\/2022\/10\/Imagotipo_Blanco.svg","contentUrl":"https:\/\/alprestamo.com\/blog\/wp-content\/uploads\/2022\/10\/Imagotipo_Blanco.svg","width":1199,"height":203,"caption":"Alprestamo"},"image":{"@id":"https:\/\/alprestamo.com\/blog\/#\/schema\/logo\/image\/"}},{"@type":"Person","@id":"https:\/\/alprestamo.com\/blog\/#\/schema\/person\/4c568603ceb381762b4c9062d42c7627","name":"Ramiro Querejeta","image":{"@type":"ImageObject","inLanguage":"es-AR","@id":"https:\/\/alprestamo.com\/blog\/#\/schema\/person\/image\/","url":"https:\/\/alprestamo.com\/blog\/wp-content\/uploads\/2025\/08\/1688503693490-150x150.jpeg","contentUrl":"https:\/\/alprestamo.com\/blog\/wp-content\/uploads\/2025\/08\/1688503693490-150x150.jpeg","caption":"Ramiro Querejeta"},"url":"https:\/\/alprestamo.com\/blog\/author\/ramiro\/"}]}},"uagb_featured_image_src":{"full":["https:\/\/alprestamo.com\/blog\/wp-content\/uploads\/2023\/10\/Diseno-sin-titulo-94.jpg",1024,768,false],"thumbnail":["https:\/\/alprestamo.com\/blog\/wp-content\/uploads\/2023\/10\/Diseno-sin-titulo-94-150x150.jpg",150,150,true],"medium":["https:\/\/alprestamo.com\/blog\/wp-content\/uploads\/2023\/10\/Diseno-sin-titulo-94-300x225.jpg",300,225,true],"medium_large":["https:\/\/alprestamo.com\/blog\/wp-content\/uploads\/2023\/10\/Diseno-sin-titulo-94-768x576.jpg",768,576,true],"large":["https:\/\/alprestamo.com\/blog\/wp-content\/uploads\/2023\/10\/Diseno-sin-titulo-94.jpg",1024,768,false],"1536x1536":["https:\/\/alprestamo.com\/blog\/wp-content\/uploads\/2023\/10\/Diseno-sin-titulo-94.jpg",1024,768,false],"2048x2048":["https:\/\/alprestamo.com\/blog\/wp-content\/uploads\/2023\/10\/Diseno-sin-titulo-94.jpg",1024,768,false]},"uagb_author_info":{"display_name":"Ramiro Querejeta","author_link":"https:\/\/alprestamo.com\/blog\/author\/ramiro\/"},"uagb_comment_info":0,"uagb_excerpt":"El Departamento de Prosperidad Social confirm\u00f3 que comenz\u00f3 con la distribuci\u00f3n de m\u00e1s de 21 mil millones de pesos a m\u00e1s de 4000 hogares para el programa Familias en su Tierra (FEST).&nbsp; Qui\u00e9nes pueden acceder a Familia en su Tierra Esta ayuda econ\u00f3mica por parte del Gobierno tiene como objetivo beneficiar a v\u00edctimas de desplazamiento&hellip;","rttpg_featured_image_url":{"full":["https:\/\/alprestamo.com\/blog\/wp-content\/uploads\/2023\/10\/Diseno-sin-titulo-94.jpg",1024,768,false],"landscape":["https:\/\/alprestamo.com\/blog\/wp-content\/uploads\/2023\/10\/Diseno-sin-titulo-94.jpg",1024,768,false],"portraits":["https:\/\/alprestamo.com\/blog\/wp-content\/uploads\/2023\/10\/Diseno-sin-titulo-94.jpg",1024,768,false],"thumbnail":["https:\/\/alprestamo.com\/blog\/wp-content\/uploads\/2023\/10\/Diseno-sin-titulo-94-150x150.jpg",150,150,true],"medium":["https:\/\/alprestamo.com\/blog\/wp-content\/uploads\/2023\/10\/Diseno-sin-titulo-94-300x225.jpg",300,225,true],"large":["https:\/\/alprestamo.com\/blog\/wp-content\/uploads\/2023\/10\/Diseno-sin-titulo-94.jpg",1024,768,false],"1536x1536":["https:\/\/alprestamo.com\/blog\/wp-content\/uploads\/2023\/10\/Diseno-sin-titulo-94.jpg",1024,768,false],"2048x2048":["https:\/\/alprestamo.com\/blog\/wp-content\/uploads\/2023\/10\/Diseno-sin-titulo-94.jpg",1024,768,false],"rt_custom":["https:\/\/alprestamo.com\/blog\/wp-content\/uploads\/2023\/10\/Diseno-sin-titulo-94.jpg",1024,768,false]},"rttpg_author":{"display_name":"Ramiro Querejeta","author_link":"https:\/\/alprestamo.com\/blog\/author\/ramiro\/"},"rttpg_comment":0,"rttpg_category":"<a href=\"https:\/\/alprestamo.com\/blog\/categoria\/co\/\" rel=\"category tag\">CO<\/a> <a href=\"https:\/\/alprestamo.com\/blog\/categoria\/co\/portada-co\/\" rel=\"category tag\">Portada<\/a> <a href=\"https:\/\/alprestamo.com\/blog\/categoria\/co\/programas-sociales\/\" rel=\"category tag\">Programas sociales<\/a>","rttpg_excerpt":"El Departamento de Prosperidad Social confirm\u00f3 que comenz\u00f3 con la distribuci\u00f3n de m\u00e1s de 21 mil millones de pesos a m\u00e1s de 4000 hogares para el programa Familias en su Tierra (FEST).&nbsp; Qui\u00e9nes pueden acceder a Familia en su Tierra Esta ayuda econ\u00f3mica por parte del Gobierno tiene como objetivo beneficiar a v\u00edctimas de desplazamiento&hellip;","_links":{"self":[{"href":"https:\/\/alprestamo.com\/blog\/wp-json\/wp\/v2\/posts\/31386"}],"collection":[{"href":"https:\/\/alprestamo.com\/blog\/wp-json\/wp\/v2\/posts"}],"about":[{"href":"https:\/\/alprestamo.com\/blog\/wp-json\/wp\/v2\/types\/post"}],"author":[{"embeddable":true,"href":"https:\/\/alprestamo.com\/blog\/wp-json\/wp\/v2\/users\/9"}],"replies":[{"embeddable":true,"href":"https:\/\/alprestamo.com\/blog\/wp-json\/wp\/v2\/comments?post=31386"}],"version-history":[{"count":4,"href":"https:\/\/alprestamo.com\/blog\/wp-json\/wp\/v2\/posts\/31386\/revisions"}],"predecessor-version":[{"id":31400,"href":"https:\/\/alprestamo.com\/blog\/wp-json\/wp\/v2\/posts\/31386\/revisions\/31400"}],"wp:featuredmedia":[{"embeddable":true,"href":"https:\/\/alprestamo.com\/blog\/wp-json\/wp\/v2\/media\/31390"}],"wp:attachment":[{"href":"https:\/\/alprestamo.com\/blog\/wp-json\/wp\/v2\/media?parent=31386"}],"wp:term":[{"taxonomy":"category","embeddable":true,"href":"https:\/\/alprestamo.com\/blog\/wp-json\/wp\/v2\/categories?post=31386"},{"taxonomy":"post_tag","embeddable":true,"href":"https:\/\/alprestamo.com\/blog\/wp-json\/wp\/v2\/tags?post=31386"}],"curies":[{"name":"wp","href":"https:\/\/api.w.org\/{rel}","templated":true}]}}