{"id":31433,"date":"2023-10-11T11:29:59","date_gmt":"2023-10-11T14:29:59","guid":{"rendered":"https:\/\/alprestamo.com\/blog\/?p=31433"},"modified":"2023-10-11T17:04:10","modified_gmt":"2023-10-11T20:04:10","slug":"que-es-mision-colombia-y-quienes-pueden-acceder-a-este-nuevo-programa-social","status":"publish","type":"post","link":"https:\/\/alprestamo.com\/blog\/que-es-mision-colombia-y-quienes-pueden-acceder-a-este-nuevo-programa-social\/","title":{"rendered":"Qu\u00e9 es \u201cMisi\u00f3n Colombia\u201d y qui\u00e9nes pueden acceder a este nuevo programa social\u00a0"},"content":{"rendered":"\n<p>Desde<strong> Prosperidad Social<\/strong> lanzaron el nuevo programa social \u201c<strong>Misi\u00f3n Colombia<\/strong> de Acompa\u00f1amiento Familiar y Comunitario\u201d, con el objetivo de atender a 50.000 familias beneficiarias de la <strong><a href=\"https:\/\/alprestamo.com\/\">Renta Ciudadana<\/a><\/strong> en 92 municipios de todo el pa\u00eds.&nbsp;<\/p>\n\n\n\n<h2 class=\"wp-block-heading\">Caracter\u00edsticas de Misi\u00f3n Colombia&nbsp;<\/h2>\n\n\n\n<p><\/p>\n\n\n\n<p>Esta ayuda social potenciar\u00e1 las habilidades de los hogares que <a href=\"https:\/\/alprestamo.com\/blog\/co\/que-subsidios-se-pueden-recibir-si-te-encuentras-en-situacion-de-vulnerabilidad\/\">reciben transferencias monetarias<\/a>, promoviendo la movilidad social ascendente y trascendiendo los enfoques solamente de asistencia.&nbsp;<\/p>\n\n\n\n<p>El programa Misi\u00f3n Colombia, integrado con las metas del<strong> Plan Nacional de Desarrollo \u201cColombia, Potencia Mundial de la Vida\u201d<\/strong>, se suma al Sistema de Transferencias para aumentar la calidad de vida de las familias.&nbsp;<\/p>\n\n\n\n<p>La<a href=\"https:\/\/alprestamo.com\/blog\/co\/que-hogares-cobraran-500-mil-del-gobierno-en-noviembre-y-diciembre\/\"> ayuda estatal<\/a> se apoya en tres pilares: el acompa\u00f1amiento a nivel familiar y comunitario, el acceso a servicios sociales pertinentes y la implementaci\u00f3n de ayudas econ\u00f3micas condicionadas.&nbsp;<\/p>\n\n\n\n<h2 class=\"wp-block-heading\">A qui\u00e9nes est\u00e1 dirigido Misi\u00f3n Colombia&nbsp;<\/h2>\n\n\n\n<p><\/p>\n\n\n\n<p>Misi\u00f3n Colombia entregar\u00e1 apoyo a los hogares por un periodo de 24 meses a trav\u00e9s de sesiones de acompa\u00f1amiento enfocadas en potenciar sus habilidades para generar ingresos. La idea es que las familias aprovechen las oportunidades que les brindan las <strong>transferencias monetarias<\/strong> en cinco \u00e1reas: hambre cero, finanzas personales y familiares, entornos protectores, gesti\u00f3n de oferta e inclusi\u00f3n digital.&nbsp;<\/p>\n\n\n\n<p>Para este a\u00f1o, el 68% de los beneficiarios se estima que residen en zonas rurales dispersas, mientras que el 32% restante lo hace en \u00e1reas urbanas.<\/p>\n\n\n\n<p>El programa se enfocar\u00e1 de forma progresiva a atender a familias lideradas por madres cabezas hogar y con ni\u00f1os en primera infancia.&nbsp;<\/p>\n\n\n\n<p>Misi\u00f3n Colombia tendr\u00e1 adem\u00e1s 1269 cogestores asignados, quienes se encargar\u00e1n de guiar a los hogares beneficiarios durante las sesiones, ayud\u00e1ndoles en la elaboraci\u00f3n de proyectos de vida.&nbsp;<\/p>\n\n\n\n<h2 class=\"wp-block-heading\">Difusi\u00f3n&nbsp;<\/h2>\n\n\n\n<p><\/p>\n\n\n\n<p>Para la<strong> difusi\u00f3n de Misi\u00f3n Colombia <\/strong>en distintas regiones, se realizaron encuentros territoriales entre el 4 y 8 de octubre. All\u00ed se reunieron representantes de los gobiernos municipales y departamentales de <strong>La Guajira, C\u00e9sar, Magdalena, C\u00f3rdoba, Antioquia, Sucre, Cauca y Valle<\/strong>.&nbsp;<\/p>\n\n\n\n<p>Uno de los objetivos principales de estos encuentros fue fomentar la integraci\u00f3n de los servicios regionales dirigidos a los hogares que se ven beneficiados de los programas nacionales del Departamento de Prosperidad Social.<\/p>\n","protected":false},"excerpt":{"rendered":"<p>Desde Prosperidad Social lanzaron el nuevo programa social \u201cMisi\u00f3n Colombia de Acompa\u00f1amiento Familiar y Comunitario\u201d, con el objetivo de atender a 50.000 familias beneficiarias de la Renta Ciudadana en 92 municipios de todo el pa\u00eds.&nbsp; Caracter\u00edsticas de Misi\u00f3n Colombia&nbsp; Esta ayuda social potenciar\u00e1 las habilidades de los hogares que reciben transferencias monetarias, promoviendo la movilidad &hellip;<\/p>\n<p class=\"read-more\"> <a class=\"\" href=\"https:\/\/alprestamo.com\/blog\/que-es-mision-colombia-y-quienes-pueden-acceder-a-este-nuevo-programa-social\/\"> <span class=\"screen-reader-text\">Qu\u00e9 es \u201cMisi\u00f3n Colombia\u201d y qui\u00e9nes pueden acceder a este nuevo programa social\u00a0<\/span> Leer m\u00e1s &raquo;<\/a><\/p>\n","protected":false},"author":9,"featured_media":31437,"comment_status":"closed","ping_status":"closed","sticky":false,"template":"","format":"standard","meta":{"_uag_custom_page_level_css":"","site-sidebar-layout":"default","site-content-layout":"default","ast-global-header-display":"","ast-banner-title-visibility":"","ast-main-header-display":"","ast-hfb-above-header-display":"","ast-hfb-below-header-display":"","ast-hfb-mobile-header-display":"","site-post-title":"","ast-breadcrumbs-content":"","ast-featured-img":"","footer-sml-layout":"","theme-transparent-header-meta":"","adv-header-id-meta":"","stick-header-meta":"","header-above-stick-meta":"","header-main-stick-meta":"","header-below-stick-meta":"","footnotes":""},"categories":[98,197,100],"tags":[],"class_list":["post-31433","post","type-post","status-publish","format-standard","has-post-thumbnail","hentry","category-co","category-portada-co","category-programas-sociales"],"acf":[],"yoast_head":"<!-- This site is optimized with the Yoast SEO plugin v23.2 - https:\/\/yoast.com\/wordpress\/plugins\/seo\/ -->\n<title>Qu\u00e9 es \u201cMisi\u00f3n Colombia\u201d y qui\u00e9nes pueden acceder a este nuevo programa social\u00a0<\/title>\n<meta name=\"description\" content=\"Desde Prosperidad Social lanzaron el nuevo programa social \u201cMisi\u00f3n Colombia de Acompa\u00f1amiento Familiar y Comunitario\u201d, con el objetivo de atender a 50.000\" \/>\n<meta name=\"robots\" content=\"index, follow, max-snippet:-1, max-image-preview:large, max-video-preview:-1\" \/>\n<link rel=\"canonical\" href=\"https:\/\/alprestamo.com\/blog\/que-es-mision-colombia-y-quienes-pueden-acceder-a-este-nuevo-programa-social\/\" \/>\n<meta property=\"og:locale\" content=\"es_ES\" \/>\n<meta property=\"og:type\" content=\"article\" \/>\n<meta property=\"og:title\" content=\"Qu\u00e9 es \u201cMisi\u00f3n Colombia\u201d y qui\u00e9nes pueden acceder a este nuevo programa social\u00a0\" \/>\n<meta property=\"og:description\" content=\"Desde Prosperidad Social lanzaron el nuevo programa social \u201cMisi\u00f3n Colombia de Acompa\u00f1amiento Familiar y Comunitario\u201d, con el objetivo de atender a 50.000\" \/>\n<meta property=\"og:url\" content=\"https:\/\/alprestamo.com\/blog\/que-es-mision-colombia-y-quienes-pueden-acceder-a-este-nuevo-programa-social\/\" \/>\n<meta property=\"og:site_name\" content=\"Alprestamo - Hacemos que todo suceda\" \/>\n<meta property=\"article:published_time\" content=\"2023-10-11T14:29:59+00:00\" \/>\n<meta property=\"article:modified_time\" content=\"2023-10-11T20:04:10+00:00\" \/>\n<meta property=\"og:image\" content=\"https:\/\/alprestamo.com\/blog\/wp-content\/uploads\/2023\/10\/Diseno-sin-titulo-96.jpg\" \/>\n\t<meta property=\"og:image:width\" content=\"1024\" \/>\n\t<meta property=\"og:image:height\" content=\"768\" \/>\n\t<meta property=\"og:image:type\" content=\"image\/jpeg\" \/>\n<meta name=\"author\" content=\"Ramiro Querejeta\" \/>\n<meta name=\"twitter:card\" content=\"summary_large_image\" \/>\n<meta name=\"twitter:label1\" content=\"Escrito por\" \/>\n\t<meta name=\"twitter:data1\" content=\"Ramiro Querejeta\" \/>\n\t<meta name=\"twitter:label2\" content=\"Tiempo de lectura\" \/>\n\t<meta name=\"twitter:data2\" content=\"2 minutos\" \/>\n<script type=\"application\/ld+json\" class=\"yoast-schema-graph\">{\"@context\":\"https:\/\/schema.org\",\"@graph\":[{\"@type\":\"NewsArticle\",\"@id\":\"https:\/\/alprestamo.com\/blog\/que-es-mision-colombia-y-quienes-pueden-acceder-a-este-nuevo-programa-social\/#article\",\"isPartOf\":{\"@id\":\"https:\/\/alprestamo.com\/blog\/que-es-mision-colombia-y-quienes-pueden-acceder-a-este-nuevo-programa-social\/\"},\"author\":{\"name\":\"Ramiro Querejeta\",\"@id\":\"https:\/\/alprestamo.com\/blog\/#\/schema\/person\/4c568603ceb381762b4c9062d42c7627\"},\"headline\":\"Qu\u00e9 es \u201cMisi\u00f3n Colombia\u201d y qui\u00e9nes pueden acceder a este nuevo programa social\u00a0\",\"datePublished\":\"2023-10-11T14:29:59+00:00\",\"dateModified\":\"2023-10-11T20:04:10+00:00\",\"mainEntityOfPage\":{\"@id\":\"https:\/\/alprestamo.com\/blog\/que-es-mision-colombia-y-quienes-pueden-acceder-a-este-nuevo-programa-social\/\"},\"wordCount\":388,\"publisher\":{\"@id\":\"https:\/\/alprestamo.com\/blog\/#organization\"},\"image\":{\"@id\":\"https:\/\/alprestamo.com\/blog\/que-es-mision-colombia-y-quienes-pueden-acceder-a-este-nuevo-programa-social\/#primaryimage\"},\"thumbnailUrl\":\"https:\/\/alprestamo.com\/blog\/wp-content\/uploads\/2023\/10\/Diseno-sin-titulo-96.jpg\",\"articleSection\":[\"CO\",\"Portada\",\"Programas sociales\"],\"inLanguage\":\"es-AR\"},{\"@type\":\"WebPage\",\"@id\":\"https:\/\/alprestamo.com\/blog\/que-es-mision-colombia-y-quienes-pueden-acceder-a-este-nuevo-programa-social\/\",\"url\":\"https:\/\/alprestamo.com\/blog\/que-es-mision-colombia-y-quienes-pueden-acceder-a-este-nuevo-programa-social\/\",\"name\":\"Qu\u00e9 es \u201cMisi\u00f3n Colombia\u201d y qui\u00e9nes pueden acceder a este nuevo programa social\u00a0\",\"isPartOf\":{\"@id\":\"https:\/\/alprestamo.com\/blog\/#website\"},\"primaryImageOfPage\":{\"@id\":\"https:\/\/alprestamo.com\/blog\/que-es-mision-colombia-y-quienes-pueden-acceder-a-este-nuevo-programa-social\/#primaryimage\"},\"image\":{\"@id\":\"https:\/\/alprestamo.com\/blog\/que-es-mision-colombia-y-quienes-pueden-acceder-a-este-nuevo-programa-social\/#primaryimage\"},\"thumbnailUrl\":\"https:\/\/alprestamo.com\/blog\/wp-content\/uploads\/2023\/10\/Diseno-sin-titulo-96.jpg\",\"datePublished\":\"2023-10-11T14:29:59+00:00\",\"dateModified\":\"2023-10-11T20:04:10+00:00\",\"description\":\"Desde Prosperidad Social lanzaron el nuevo programa social \u201cMisi\u00f3n Colombia de Acompa\u00f1amiento Familiar y Comunitario\u201d, con el objetivo de atender a 50.000\",\"breadcrumb\":{\"@id\":\"https:\/\/alprestamo.com\/blog\/que-es-mision-colombia-y-quienes-pueden-acceder-a-este-nuevo-programa-social\/#breadcrumb\"},\"inLanguage\":\"es-AR\",\"potentialAction\":[{\"@type\":\"ReadAction\",\"target\":[\"https:\/\/alprestamo.com\/blog\/que-es-mision-colombia-y-quienes-pueden-acceder-a-este-nuevo-programa-social\/\"]}]},{\"@type\":\"ImageObject\",\"inLanguage\":\"es-AR\",\"@id\":\"https:\/\/alprestamo.com\/blog\/que-es-mision-colombia-y-quienes-pueden-acceder-a-este-nuevo-programa-social\/#primaryimage\",\"url\":\"https:\/\/alprestamo.com\/blog\/wp-content\/uploads\/2023\/10\/Diseno-sin-titulo-96.jpg\",\"contentUrl\":\"https:\/\/alprestamo.com\/blog\/wp-content\/uploads\/2023\/10\/Diseno-sin-titulo-96.jpg\",\"width\":1024,\"height\":768,\"caption\":\"Misi\u00f3n Colombia\"},{\"@type\":\"BreadcrumbList\",\"@id\":\"https:\/\/alprestamo.com\/blog\/que-es-mision-colombia-y-quienes-pueden-acceder-a-este-nuevo-programa-social\/#breadcrumb\",\"itemListElement\":[{\"@type\":\"ListItem\",\"position\":1,\"name\":\"Home\",\"item\":\"https:\/\/alprestamo.com\/blog\/\"},{\"@type\":\"ListItem\",\"position\":2,\"name\":\"Qu\u00e9 es \u201cMisi\u00f3n Colombia\u201d y qui\u00e9nes pueden acceder a este nuevo programa social\u00a0\"}]},{\"@type\":\"WebSite\",\"@id\":\"https:\/\/alprestamo.com\/blog\/#website\",\"url\":\"https:\/\/alprestamo.com\/blog\/\",\"name\":\"Alprestamo\",\"description\":\"Hacemos que todo suceda\",\"publisher\":{\"@id\":\"https:\/\/alprestamo.com\/blog\/#organization\"},\"potentialAction\":[{\"@type\":\"SearchAction\",\"target\":{\"@type\":\"EntryPoint\",\"urlTemplate\":\"https:\/\/alprestamo.com\/blog\/?s={search_term_string}\"},\"query-input\":\"required name=search_term_string\"}],\"inLanguage\":\"es-AR\"},{\"@type\":\"Organization\",\"@id\":\"https:\/\/alprestamo.com\/blog\/#organization\",\"name\":\"Alprestamo\",\"url\":\"https:\/\/alprestamo.com\/blog\/\",\"logo\":{\"@type\":\"ImageObject\",\"inLanguage\":\"es-AR\",\"@id\":\"https:\/\/alprestamo.com\/blog\/#\/schema\/logo\/image\/\",\"url\":\"https:\/\/alprestamo.com\/blog\/wp-content\/uploads\/2022\/10\/Imagotipo_Blanco.svg\",\"contentUrl\":\"https:\/\/alprestamo.com\/blog\/wp-content\/uploads\/2022\/10\/Imagotipo_Blanco.svg\",\"width\":1199,\"height\":203,\"caption\":\"Alprestamo\"},\"image\":{\"@id\":\"https:\/\/alprestamo.com\/blog\/#\/schema\/logo\/image\/\"}},{\"@type\":\"Person\",\"@id\":\"https:\/\/alprestamo.com\/blog\/#\/schema\/person\/4c568603ceb381762b4c9062d42c7627\",\"name\":\"Ramiro Querejeta\",\"image\":{\"@type\":\"ImageObject\",\"inLanguage\":\"es-AR\",\"@id\":\"https:\/\/alprestamo.com\/blog\/#\/schema\/person\/image\/\",\"url\":\"https:\/\/alprestamo.com\/blog\/wp-content\/uploads\/2025\/08\/1688503693490-150x150.jpeg\",\"contentUrl\":\"https:\/\/alprestamo.com\/blog\/wp-content\/uploads\/2025\/08\/1688503693490-150x150.jpeg\",\"caption\":\"Ramiro Querejeta\"},\"url\":\"https:\/\/alprestamo.com\/blog\/author\/ramiro\/\"}]}<\/script>\n<!-- \/ Yoast SEO plugin. -->","yoast_head_json":{"title":"Qu\u00e9 es \u201cMisi\u00f3n Colombia\u201d y qui\u00e9nes pueden acceder a este nuevo programa social\u00a0","description":"Desde Prosperidad Social lanzaron el nuevo programa social \u201cMisi\u00f3n Colombia de Acompa\u00f1amiento Familiar y Comunitario\u201d, con el objetivo de atender a 50.000","robots":{"index":"index","follow":"follow","max-snippet":"max-snippet:-1","max-image-preview":"max-image-preview:large","max-video-preview":"max-video-preview:-1"},"canonical":"https:\/\/alprestamo.com\/blog\/que-es-mision-colombia-y-quienes-pueden-acceder-a-este-nuevo-programa-social\/","og_locale":"es_ES","og_type":"article","og_title":"Qu\u00e9 es \u201cMisi\u00f3n Colombia\u201d y qui\u00e9nes pueden acceder a este nuevo programa social\u00a0","og_description":"Desde Prosperidad Social lanzaron el nuevo programa social \u201cMisi\u00f3n Colombia de Acompa\u00f1amiento Familiar y Comunitario\u201d, con el objetivo de atender a 50.000","og_url":"https:\/\/alprestamo.com\/blog\/que-es-mision-colombia-y-quienes-pueden-acceder-a-este-nuevo-programa-social\/","og_site_name":"Alprestamo - Hacemos que todo suceda","article_published_time":"2023-10-11T14:29:59+00:00","article_modified_time":"2023-10-11T20:04:10+00:00","og_image":[{"width":1024,"height":768,"url":"https:\/\/alprestamo.com\/blog\/wp-content\/uploads\/2023\/10\/Diseno-sin-titulo-96.jpg","type":"image\/jpeg"}],"author":"Ramiro Querejeta","twitter_card":"summary_large_image","twitter_misc":{"Escrito por":"Ramiro Querejeta","Tiempo de lectura":"2 minutos"},"schema":{"@context":"https:\/\/schema.org","@graph":[{"@type":"NewsArticle","@id":"https:\/\/alprestamo.com\/blog\/que-es-mision-colombia-y-quienes-pueden-acceder-a-este-nuevo-programa-social\/#article","isPartOf":{"@id":"https:\/\/alprestamo.com\/blog\/que-es-mision-colombia-y-quienes-pueden-acceder-a-este-nuevo-programa-social\/"},"author":{"name":"Ramiro Querejeta","@id":"https:\/\/alprestamo.com\/blog\/#\/schema\/person\/4c568603ceb381762b4c9062d42c7627"},"headline":"Qu\u00e9 es \u201cMisi\u00f3n Colombia\u201d y qui\u00e9nes pueden acceder a este nuevo programa social\u00a0","datePublished":"2023-10-11T14:29:59+00:00","dateModified":"2023-10-11T20:04:10+00:00","mainEntityOfPage":{"@id":"https:\/\/alprestamo.com\/blog\/que-es-mision-colombia-y-quienes-pueden-acceder-a-este-nuevo-programa-social\/"},"wordCount":388,"publisher":{"@id":"https:\/\/alprestamo.com\/blog\/#organization"},"image":{"@id":"https:\/\/alprestamo.com\/blog\/que-es-mision-colombia-y-quienes-pueden-acceder-a-este-nuevo-programa-social\/#primaryimage"},"thumbnailUrl":"https:\/\/alprestamo.com\/blog\/wp-content\/uploads\/2023\/10\/Diseno-sin-titulo-96.jpg","articleSection":["CO","Portada","Programas sociales"],"inLanguage":"es-AR"},{"@type":"WebPage","@id":"https:\/\/alprestamo.com\/blog\/que-es-mision-colombia-y-quienes-pueden-acceder-a-este-nuevo-programa-social\/","url":"https:\/\/alprestamo.com\/blog\/que-es-mision-colombia-y-quienes-pueden-acceder-a-este-nuevo-programa-social\/","name":"Qu\u00e9 es \u201cMisi\u00f3n Colombia\u201d y qui\u00e9nes pueden acceder a este nuevo programa social\u00a0","isPartOf":{"@id":"https:\/\/alprestamo.com\/blog\/#website"},"primaryImageOfPage":{"@id":"https:\/\/alprestamo.com\/blog\/que-es-mision-colombia-y-quienes-pueden-acceder-a-este-nuevo-programa-social\/#primaryimage"},"image":{"@id":"https:\/\/alprestamo.com\/blog\/que-es-mision-colombia-y-quienes-pueden-acceder-a-este-nuevo-programa-social\/#primaryimage"},"thumbnailUrl":"https:\/\/alprestamo.com\/blog\/wp-content\/uploads\/2023\/10\/Diseno-sin-titulo-96.jpg","datePublished":"2023-10-11T14:29:59+00:00","dateModified":"2023-10-11T20:04:10+00:00","description":"Desde Prosperidad Social lanzaron el nuevo programa social \u201cMisi\u00f3n Colombia de Acompa\u00f1amiento Familiar y Comunitario\u201d, con el objetivo de atender a 50.000","breadcrumb":{"@id":"https:\/\/alprestamo.com\/blog\/que-es-mision-colombia-y-quienes-pueden-acceder-a-este-nuevo-programa-social\/#breadcrumb"},"inLanguage":"es-AR","potentialAction":[{"@type":"ReadAction","target":["https:\/\/alprestamo.com\/blog\/que-es-mision-colombia-y-quienes-pueden-acceder-a-este-nuevo-programa-social\/"]}]},{"@type":"ImageObject","inLanguage":"es-AR","@id":"https:\/\/alprestamo.com\/blog\/que-es-mision-colombia-y-quienes-pueden-acceder-a-este-nuevo-programa-social\/#primaryimage","url":"https:\/\/alprestamo.com\/blog\/wp-content\/uploads\/2023\/10\/Diseno-sin-titulo-96.jpg","contentUrl":"https:\/\/alprestamo.com\/blog\/wp-content\/uploads\/2023\/10\/Diseno-sin-titulo-96.jpg","width":1024,"height":768,"caption":"Misi\u00f3n Colombia"},{"@type":"BreadcrumbList","@id":"https:\/\/alprestamo.com\/blog\/que-es-mision-colombia-y-quienes-pueden-acceder-a-este-nuevo-programa-social\/#breadcrumb","itemListElement":[{"@type":"ListItem","position":1,"name":"Home","item":"https:\/\/alprestamo.com\/blog\/"},{"@type":"ListItem","position":2,"name":"Qu\u00e9 es \u201cMisi\u00f3n Colombia\u201d y qui\u00e9nes pueden acceder a este nuevo programa social\u00a0"}]},{"@type":"WebSite","@id":"https:\/\/alprestamo.com\/blog\/#website","url":"https:\/\/alprestamo.com\/blog\/","name":"Alprestamo","description":"Hacemos que todo suceda","publisher":{"@id":"https:\/\/alprestamo.com\/blog\/#organization"},"potentialAction":[{"@type":"SearchAction","target":{"@type":"EntryPoint","urlTemplate":"https:\/\/alprestamo.com\/blog\/?s={search_term_string}"},"query-input":"required name=search_term_string"}],"inLanguage":"es-AR"},{"@type":"Organization","@id":"https:\/\/alprestamo.com\/blog\/#organization","name":"Alprestamo","url":"https:\/\/alprestamo.com\/blog\/","logo":{"@type":"ImageObject","inLanguage":"es-AR","@id":"https:\/\/alprestamo.com\/blog\/#\/schema\/logo\/image\/","url":"https:\/\/alprestamo.com\/blog\/wp-content\/uploads\/2022\/10\/Imagotipo_Blanco.svg","contentUrl":"https:\/\/alprestamo.com\/blog\/wp-content\/uploads\/2022\/10\/Imagotipo_Blanco.svg","width":1199,"height":203,"caption":"Alprestamo"},"image":{"@id":"https:\/\/alprestamo.com\/blog\/#\/schema\/logo\/image\/"}},{"@type":"Person","@id":"https:\/\/alprestamo.com\/blog\/#\/schema\/person\/4c568603ceb381762b4c9062d42c7627","name":"Ramiro Querejeta","image":{"@type":"ImageObject","inLanguage":"es-AR","@id":"https:\/\/alprestamo.com\/blog\/#\/schema\/person\/image\/","url":"https:\/\/alprestamo.com\/blog\/wp-content\/uploads\/2025\/08\/1688503693490-150x150.jpeg","contentUrl":"https:\/\/alprestamo.com\/blog\/wp-content\/uploads\/2025\/08\/1688503693490-150x150.jpeg","caption":"Ramiro Querejeta"},"url":"https:\/\/alprestamo.com\/blog\/author\/ramiro\/"}]}},"uagb_featured_image_src":{"full":["https:\/\/alprestamo.com\/blog\/wp-content\/uploads\/2023\/10\/Diseno-sin-titulo-96.jpg",1024,768,false],"thumbnail":["https:\/\/alprestamo.com\/blog\/wp-content\/uploads\/2023\/10\/Diseno-sin-titulo-96-150x150.jpg",150,150,true],"medium":["https:\/\/alprestamo.com\/blog\/wp-content\/uploads\/2023\/10\/Diseno-sin-titulo-96-300x225.jpg",300,225,true],"medium_large":["https:\/\/alprestamo.com\/blog\/wp-content\/uploads\/2023\/10\/Diseno-sin-titulo-96-768x576.jpg",768,576,true],"large":["https:\/\/alprestamo.com\/blog\/wp-content\/uploads\/2023\/10\/Diseno-sin-titulo-96.jpg",1024,768,false],"1536x1536":["https:\/\/alprestamo.com\/blog\/wp-content\/uploads\/2023\/10\/Diseno-sin-titulo-96.jpg",1024,768,false],"2048x2048":["https:\/\/alprestamo.com\/blog\/wp-content\/uploads\/2023\/10\/Diseno-sin-titulo-96.jpg",1024,768,false]},"uagb_author_info":{"display_name":"Ramiro Querejeta","author_link":"https:\/\/alprestamo.com\/blog\/author\/ramiro\/"},"uagb_comment_info":0,"uagb_excerpt":"Desde Prosperidad Social lanzaron el nuevo programa social \u201cMisi\u00f3n Colombia de Acompa\u00f1amiento Familiar y Comunitario\u201d, con el objetivo de atender a 50.000 familias beneficiarias de la Renta Ciudadana en 92 municipios de todo el pa\u00eds.&nbsp; Caracter\u00edsticas de Misi\u00f3n Colombia&nbsp; Esta ayuda social potenciar\u00e1 las habilidades de los hogares que reciben transferencias monetarias, promoviendo la movilidad&hellip;","rttpg_featured_image_url":{"full":["https:\/\/alprestamo.com\/blog\/wp-content\/uploads\/2023\/10\/Diseno-sin-titulo-96.jpg",1024,768,false],"landscape":["https:\/\/alprestamo.com\/blog\/wp-content\/uploads\/2023\/10\/Diseno-sin-titulo-96.jpg",1024,768,false],"portraits":["https:\/\/alprestamo.com\/blog\/wp-content\/uploads\/2023\/10\/Diseno-sin-titulo-96.jpg",1024,768,false],"thumbnail":["https:\/\/alprestamo.com\/blog\/wp-content\/uploads\/2023\/10\/Diseno-sin-titulo-96-150x150.jpg",150,150,true],"medium":["https:\/\/alprestamo.com\/blog\/wp-content\/uploads\/2023\/10\/Diseno-sin-titulo-96-300x225.jpg",300,225,true],"large":["https:\/\/alprestamo.com\/blog\/wp-content\/uploads\/2023\/10\/Diseno-sin-titulo-96.jpg",1024,768,false],"1536x1536":["https:\/\/alprestamo.com\/blog\/wp-content\/uploads\/2023\/10\/Diseno-sin-titulo-96.jpg",1024,768,false],"2048x2048":["https:\/\/alprestamo.com\/blog\/wp-content\/uploads\/2023\/10\/Diseno-sin-titulo-96.jpg",1024,768,false],"rt_custom":["https:\/\/alprestamo.com\/blog\/wp-content\/uploads\/2023\/10\/Diseno-sin-titulo-96.jpg",1024,768,false]},"rttpg_author":{"display_name":"Ramiro Querejeta","author_link":"https:\/\/alprestamo.com\/blog\/author\/ramiro\/"},"rttpg_comment":0,"rttpg_category":"<a href=\"https:\/\/alprestamo.com\/blog\/categoria\/co\/\" rel=\"category tag\">CO<\/a> <a href=\"https:\/\/alprestamo.com\/blog\/categoria\/co\/portada-co\/\" rel=\"category tag\">Portada<\/a> <a href=\"https:\/\/alprestamo.com\/blog\/categoria\/co\/programas-sociales\/\" rel=\"category tag\">Programas sociales<\/a>","rttpg_excerpt":"Desde Prosperidad Social lanzaron el nuevo programa social \u201cMisi\u00f3n Colombia de Acompa\u00f1amiento Familiar y Comunitario\u201d, con el objetivo de atender a 50.000 familias beneficiarias de la Renta Ciudadana en 92 municipios de todo el pa\u00eds.&nbsp; Caracter\u00edsticas de Misi\u00f3n Colombia&nbsp; Esta ayuda social potenciar\u00e1 las habilidades de los hogares que reciben transferencias monetarias, promoviendo la movilidad&hellip;","_links":{"self":[{"href":"https:\/\/alprestamo.com\/blog\/wp-json\/wp\/v2\/posts\/31433"}],"collection":[{"href":"https:\/\/alprestamo.com\/blog\/wp-json\/wp\/v2\/posts"}],"about":[{"href":"https:\/\/alprestamo.com\/blog\/wp-json\/wp\/v2\/types\/post"}],"author":[{"embeddable":true,"href":"https:\/\/alprestamo.com\/blog\/wp-json\/wp\/v2\/users\/9"}],"replies":[{"embeddable":true,"href":"https:\/\/alprestamo.com\/blog\/wp-json\/wp\/v2\/comments?post=31433"}],"version-history":[{"count":4,"href":"https:\/\/alprestamo.com\/blog\/wp-json\/wp\/v2\/posts\/31433\/revisions"}],"predecessor-version":[{"id":31444,"href":"https:\/\/alprestamo.com\/blog\/wp-json\/wp\/v2\/posts\/31433\/revisions\/31444"}],"wp:featuredmedia":[{"embeddable":true,"href":"https:\/\/alprestamo.com\/blog\/wp-json\/wp\/v2\/media\/31437"}],"wp:attachment":[{"href":"https:\/\/alprestamo.com\/blog\/wp-json\/wp\/v2\/media?parent=31433"}],"wp:term":[{"taxonomy":"category","embeddable":true,"href":"https:\/\/alprestamo.com\/blog\/wp-json\/wp\/v2\/categories?post=31433"},{"taxonomy":"post_tag","embeddable":true,"href":"https:\/\/alprestamo.com\/blog\/wp-json\/wp\/v2\/tags?post=31433"}],"curies":[{"name":"wp","href":"https:\/\/api.w.org\/{rel}","templated":true}]}}