{"id":31503,"date":"2023-10-13T10:00:00","date_gmt":"2023-10-13T13:00:00","guid":{"rendered":"https:\/\/alprestamo.com\/blog\/?p=31503"},"modified":"2023-10-18T16:19:00","modified_gmt":"2023-10-18T19:19:00","slug":"cuarto-ciclo-de-renta-ciudadana-el-banco-agrario-se-hara-cargo","status":"publish","type":"post","link":"https:\/\/alprestamo.com\/blog\/cuarto-ciclo-de-renta-ciudadana-el-banco-agrario-se-hara-cargo\/","title":{"rendered":"Cuarto ciclo de Renta Ciudadana: el Banco Agrario se har\u00e1 cargo"},"content":{"rendered":"\n<p>El<strong> Banco Agrario de Colombia <\/strong>comunic\u00f3 que se har\u00e1 cargo del pago del cuarto ciclo de la <strong>Renta Ciudadana<\/strong>. La entidad bancaria ha sido quien entreg\u00f3 los pagos de este programa social durante el 2023.&nbsp;<\/p>\n\n\n\n<p>En el tercer ciclo, el banco habilit\u00f3 15 cajas extendidas en 15 municipios que hab\u00edan registrado una alta afluencia de personas para el cobro del segundo ciclo.&nbsp;<\/p>\n\n\n\n<p>Estas cajas extendidas convocar\u00e1n de manera exclusiva a un grupo de beneficiarios de la <a href=\"https:\/\/alprestamo.com\/blog\/co\/como-verificar-tu-estado-para-el-cobro-de-la-renta-ciudadana\/\">Renta Ciudadana<\/a>, quienes ser\u00e1n notificados con antelaci\u00f3n mediante los canales de comunicaci\u00f3n del <a href=\"https:\/\/alprestamo.com\/blog\/co\/renta-ciudadana-como-se-si-recibi-mi-subsidio-en-el-banco-agrario-2\/\">Banco Agrario<\/a>.&nbsp;<\/p>\n\n\n\n<h2 class=\"wp-block-heading\">Condiciones para el cobro de la Renta Ciudadana&nbsp;<\/h2>\n\n\n\n<p><\/p>\n\n\n\n<p>La <a href=\"https:\/\/alprestamo.com\/blog\/co\/ayudas-economicas-en-colombia-como-acceder\/\">ayuda econ\u00f3mica<\/a> que entrega el Gobierno est\u00e1 condicionada a ciertas reglas, que incluyen la actualizaci\u00f3n de informaci\u00f3n de la <strong><a href=\"https:\/\/alprestamo.com\/blog\/co\/cambios-en-el-sisben-cuales-son-y-como-saber-si-me-afecta\/\">clasificaci\u00f3n del Sisb\u00e9n IV<\/a><\/strong>, la priorizaci\u00f3n de municipios, novedades y verificaci\u00f3n de criterios de permanencia y t\u00e9rmino.&nbsp;<\/p>\n\n\n\n<p>En el tercer ciclo de pagos y los siguientes, la entrega de la Renta Ciudadana ser\u00e1 para aquellas familias que hayan cumplido con las bases establecidas en <strong>SIMAT <\/strong>para educaci\u00f3n y con la <strong>Base \u00danica de Afiliados del Sistema de Seguridad Social de Salud<\/strong>. Adem\u00e1s, deber\u00e1n tener en cuenta las dem\u00e1s reglas operativas del ciclo.<\/p>\n\n\n\n<p>De acuerdo al calendario de Prosperidad Social, todav\u00eda quedan pendientes dos ciclos de pagos, siendo el pr\u00f3ximo en el mes de noviembre.&nbsp;<\/p>\n\n\n\n<h2 class=\"wp-block-heading\">Cu\u00e1nto dinero reciben los beneficiarios de la Renta Ciudadana&nbsp;<\/h2>\n\n\n\n<p><\/p>\n\n\n\n<p>El programa social <strong>entrega hasta $1 mill\u00f3n <\/strong>de forma bimestral, bas\u00e1ndose en la composici\u00f3n del hogar, la <strong>clasificaci\u00f3n dentro del Sisb\u00e9n<\/strong>, la prioridad territorial y el cumplimiento de las condiciones descritas anteriormente.&nbsp;<\/p>\n\n\n\n<p>A pesar de estar presente en todo Colombia, Prosperidad Social pone especial atenci\u00f3n en 466 municipios identificados con el mapa del hambre.&nbsp;<\/p>\n\n\n\n<p>Hay que destacar que el tercer ciclo de la <em>Renta Ciudadana <\/em>finaliz\u00f3 con un 96% de eficacia en los pagos por parte del Banco Agrario. Gracias a esto se entregaron montos de dinero a 2.183.492 familias beneficiarias en distintas zonas del pa\u00eds.<\/p>\n","protected":false},"excerpt":{"rendered":"<p>El Banco Agrario de Colombia comunic\u00f3 que se har\u00e1 cargo del pago del cuarto ciclo de la Renta Ciudadana. La entidad bancaria ha sido quien entreg\u00f3 los pagos de este programa social durante el 2023.&nbsp; En el tercer ciclo, el banco habilit\u00f3 15 cajas extendidas en 15 municipios que hab\u00edan registrado una alta afluencia de &hellip;<\/p>\n<p class=\"read-more\"> <a class=\"\" href=\"https:\/\/alprestamo.com\/blog\/cuarto-ciclo-de-renta-ciudadana-el-banco-agrario-se-hara-cargo\/\"> <span class=\"screen-reader-text\">Cuarto ciclo de Renta Ciudadana: el Banco Agrario se har\u00e1 cargo<\/span> Leer m\u00e1s &raquo;<\/a><\/p>\n","protected":false},"author":9,"featured_media":31509,"comment_status":"closed","ping_status":"closed","sticky":false,"template":"","format":"standard","meta":{"_uag_custom_page_level_css":"","site-sidebar-layout":"default","site-content-layout":"default","ast-global-header-display":"","ast-banner-title-visibility":"","ast-main-header-display":"","ast-hfb-above-header-display":"","ast-hfb-below-header-display":"","ast-hfb-mobile-header-display":"","site-post-title":"","ast-breadcrumbs-content":"","ast-featured-img":"","footer-sml-layout":"","theme-transparent-header-meta":"","adv-header-id-meta":"","stick-header-meta":"","header-above-stick-meta":"","header-main-stick-meta":"","header-below-stick-meta":"","footnotes":""},"categories":[98,197,100],"tags":[],"class_list":["post-31503","post","type-post","status-publish","format-standard","has-post-thumbnail","hentry","category-co","category-portada-co","category-programas-sociales"],"acf":[],"yoast_head":"<!-- This site is optimized with the Yoast SEO plugin v23.2 - https:\/\/yoast.com\/wordpress\/plugins\/seo\/ -->\n<title>Cuarto ciclo de Renta Ciudadana: el Banco Agrario se har\u00e1 cargo<\/title>\n<meta name=\"description\" content=\"El Banco Agrario de Colombia comunic\u00f3 que se har\u00e1 cargo del pago del cuarto ciclo de la Renta Ciudadana. La entidad bancaria ha sido quien entreg\u00f3 los\" \/>\n<meta name=\"robots\" content=\"index, follow, max-snippet:-1, max-image-preview:large, max-video-preview:-1\" \/>\n<link rel=\"canonical\" href=\"https:\/\/alprestamo.com\/blog\/cuarto-ciclo-de-renta-ciudadana-el-banco-agrario-se-hara-cargo\/\" \/>\n<meta property=\"og:locale\" content=\"es_ES\" \/>\n<meta property=\"og:type\" content=\"article\" \/>\n<meta property=\"og:title\" content=\"Cuarto ciclo de Renta Ciudadana: el Banco Agrario se har\u00e1 cargo\" \/>\n<meta property=\"og:description\" content=\"El Banco Agrario de Colombia comunic\u00f3 que se har\u00e1 cargo del pago del cuarto ciclo de la Renta Ciudadana. La entidad bancaria ha sido quien entreg\u00f3 los\" \/>\n<meta property=\"og:url\" content=\"https:\/\/alprestamo.com\/blog\/cuarto-ciclo-de-renta-ciudadana-el-banco-agrario-se-hara-cargo\/\" \/>\n<meta property=\"og:site_name\" content=\"Alprestamo - Hacemos que todo suceda\" \/>\n<meta property=\"article:published_time\" content=\"2023-10-13T13:00:00+00:00\" \/>\n<meta property=\"article:modified_time\" content=\"2023-10-18T19:19:00+00:00\" \/>\n<meta property=\"og:image\" content=\"https:\/\/alprestamo.com\/blog\/wp-content\/uploads\/2023\/10\/Diseno-sin-titulo-2023-10-12T150304.050.jpg\" \/>\n\t<meta property=\"og:image:width\" content=\"1024\" \/>\n\t<meta property=\"og:image:height\" content=\"768\" \/>\n\t<meta property=\"og:image:type\" content=\"image\/jpeg\" \/>\n<meta name=\"author\" content=\"Ramiro Querejeta\" \/>\n<meta name=\"twitter:card\" content=\"summary_large_image\" \/>\n<meta name=\"twitter:label1\" content=\"Escrito por\" \/>\n\t<meta name=\"twitter:data1\" content=\"Ramiro Querejeta\" \/>\n\t<meta name=\"twitter:label2\" content=\"Tiempo de lectura\" \/>\n\t<meta name=\"twitter:data2\" content=\"2 minutos\" \/>\n<script type=\"application\/ld+json\" class=\"yoast-schema-graph\">{\"@context\":\"https:\/\/schema.org\",\"@graph\":[{\"@type\":\"NewsArticle\",\"@id\":\"https:\/\/alprestamo.com\/blog\/cuarto-ciclo-de-renta-ciudadana-el-banco-agrario-se-hara-cargo\/#article\",\"isPartOf\":{\"@id\":\"https:\/\/alprestamo.com\/blog\/cuarto-ciclo-de-renta-ciudadana-el-banco-agrario-se-hara-cargo\/\"},\"author\":{\"name\":\"Ramiro Querejeta\",\"@id\":\"https:\/\/alprestamo.com\/blog\/#\/schema\/person\/4c568603ceb381762b4c9062d42c7627\"},\"headline\":\"Cuarto ciclo de Renta Ciudadana: el Banco Agrario se har\u00e1 cargo\",\"datePublished\":\"2023-10-13T13:00:00+00:00\",\"dateModified\":\"2023-10-18T19:19:00+00:00\",\"mainEntityOfPage\":{\"@id\":\"https:\/\/alprestamo.com\/blog\/cuarto-ciclo-de-renta-ciudadana-el-banco-agrario-se-hara-cargo\/\"},\"wordCount\":358,\"publisher\":{\"@id\":\"https:\/\/alprestamo.com\/blog\/#organization\"},\"image\":{\"@id\":\"https:\/\/alprestamo.com\/blog\/cuarto-ciclo-de-renta-ciudadana-el-banco-agrario-se-hara-cargo\/#primaryimage\"},\"thumbnailUrl\":\"https:\/\/alprestamo.com\/blog\/wp-content\/uploads\/2023\/10\/Diseno-sin-titulo-2023-10-12T150304.050.jpg\",\"articleSection\":[\"CO\",\"Portada\",\"Programas sociales\"],\"inLanguage\":\"es-AR\"},{\"@type\":\"WebPage\",\"@id\":\"https:\/\/alprestamo.com\/blog\/cuarto-ciclo-de-renta-ciudadana-el-banco-agrario-se-hara-cargo\/\",\"url\":\"https:\/\/alprestamo.com\/blog\/cuarto-ciclo-de-renta-ciudadana-el-banco-agrario-se-hara-cargo\/\",\"name\":\"Cuarto ciclo de Renta Ciudadana: el Banco Agrario se har\u00e1 cargo\",\"isPartOf\":{\"@id\":\"https:\/\/alprestamo.com\/blog\/#website\"},\"primaryImageOfPage\":{\"@id\":\"https:\/\/alprestamo.com\/blog\/cuarto-ciclo-de-renta-ciudadana-el-banco-agrario-se-hara-cargo\/#primaryimage\"},\"image\":{\"@id\":\"https:\/\/alprestamo.com\/blog\/cuarto-ciclo-de-renta-ciudadana-el-banco-agrario-se-hara-cargo\/#primaryimage\"},\"thumbnailUrl\":\"https:\/\/alprestamo.com\/blog\/wp-content\/uploads\/2023\/10\/Diseno-sin-titulo-2023-10-12T150304.050.jpg\",\"datePublished\":\"2023-10-13T13:00:00+00:00\",\"dateModified\":\"2023-10-18T19:19:00+00:00\",\"description\":\"El Banco Agrario de Colombia comunic\u00f3 que se har\u00e1 cargo del pago del cuarto ciclo de la Renta Ciudadana. La entidad bancaria ha sido quien entreg\u00f3 los\",\"breadcrumb\":{\"@id\":\"https:\/\/alprestamo.com\/blog\/cuarto-ciclo-de-renta-ciudadana-el-banco-agrario-se-hara-cargo\/#breadcrumb\"},\"inLanguage\":\"es-AR\",\"potentialAction\":[{\"@type\":\"ReadAction\",\"target\":[\"https:\/\/alprestamo.com\/blog\/cuarto-ciclo-de-renta-ciudadana-el-banco-agrario-se-hara-cargo\/\"]}]},{\"@type\":\"ImageObject\",\"inLanguage\":\"es-AR\",\"@id\":\"https:\/\/alprestamo.com\/blog\/cuarto-ciclo-de-renta-ciudadana-el-banco-agrario-se-hara-cargo\/#primaryimage\",\"url\":\"https:\/\/alprestamo.com\/blog\/wp-content\/uploads\/2023\/10\/Diseno-sin-titulo-2023-10-12T150304.050.jpg\",\"contentUrl\":\"https:\/\/alprestamo.com\/blog\/wp-content\/uploads\/2023\/10\/Diseno-sin-titulo-2023-10-12T150304.050.jpg\",\"width\":1024,\"height\":768,\"caption\":\"Renta Ciudadana\"},{\"@type\":\"BreadcrumbList\",\"@id\":\"https:\/\/alprestamo.com\/blog\/cuarto-ciclo-de-renta-ciudadana-el-banco-agrario-se-hara-cargo\/#breadcrumb\",\"itemListElement\":[{\"@type\":\"ListItem\",\"position\":1,\"name\":\"Home\",\"item\":\"https:\/\/alprestamo.com\/blog\/\"},{\"@type\":\"ListItem\",\"position\":2,\"name\":\"Cuarto ciclo de Renta Ciudadana: el Banco Agrario se har\u00e1 cargo\"}]},{\"@type\":\"WebSite\",\"@id\":\"https:\/\/alprestamo.com\/blog\/#website\",\"url\":\"https:\/\/alprestamo.com\/blog\/\",\"name\":\"Alprestamo\",\"description\":\"Hacemos que todo suceda\",\"publisher\":{\"@id\":\"https:\/\/alprestamo.com\/blog\/#organization\"},\"potentialAction\":[{\"@type\":\"SearchAction\",\"target\":{\"@type\":\"EntryPoint\",\"urlTemplate\":\"https:\/\/alprestamo.com\/blog\/?s={search_term_string}\"},\"query-input\":\"required name=search_term_string\"}],\"inLanguage\":\"es-AR\"},{\"@type\":\"Organization\",\"@id\":\"https:\/\/alprestamo.com\/blog\/#organization\",\"name\":\"Alprestamo\",\"url\":\"https:\/\/alprestamo.com\/blog\/\",\"logo\":{\"@type\":\"ImageObject\",\"inLanguage\":\"es-AR\",\"@id\":\"https:\/\/alprestamo.com\/blog\/#\/schema\/logo\/image\/\",\"url\":\"https:\/\/alprestamo.com\/blog\/wp-content\/uploads\/2022\/10\/Imagotipo_Blanco.svg\",\"contentUrl\":\"https:\/\/alprestamo.com\/blog\/wp-content\/uploads\/2022\/10\/Imagotipo_Blanco.svg\",\"width\":1199,\"height\":203,\"caption\":\"Alprestamo\"},\"image\":{\"@id\":\"https:\/\/alprestamo.com\/blog\/#\/schema\/logo\/image\/\"}},{\"@type\":\"Person\",\"@id\":\"https:\/\/alprestamo.com\/blog\/#\/schema\/person\/4c568603ceb381762b4c9062d42c7627\",\"name\":\"Ramiro Querejeta\",\"image\":{\"@type\":\"ImageObject\",\"inLanguage\":\"es-AR\",\"@id\":\"https:\/\/alprestamo.com\/blog\/#\/schema\/person\/image\/\",\"url\":\"https:\/\/alprestamo.com\/blog\/wp-content\/uploads\/2025\/08\/1688503693490-150x150.jpeg\",\"contentUrl\":\"https:\/\/alprestamo.com\/blog\/wp-content\/uploads\/2025\/08\/1688503693490-150x150.jpeg\",\"caption\":\"Ramiro Querejeta\"},\"url\":\"https:\/\/alprestamo.com\/blog\/author\/ramiro\/\"}]}<\/script>\n<!-- \/ Yoast SEO plugin. -->","yoast_head_json":{"title":"Cuarto ciclo de Renta Ciudadana: el Banco Agrario se har\u00e1 cargo","description":"El Banco Agrario de Colombia comunic\u00f3 que se har\u00e1 cargo del pago del cuarto ciclo de la Renta Ciudadana. La entidad bancaria ha sido quien entreg\u00f3 los","robots":{"index":"index","follow":"follow","max-snippet":"max-snippet:-1","max-image-preview":"max-image-preview:large","max-video-preview":"max-video-preview:-1"},"canonical":"https:\/\/alprestamo.com\/blog\/cuarto-ciclo-de-renta-ciudadana-el-banco-agrario-se-hara-cargo\/","og_locale":"es_ES","og_type":"article","og_title":"Cuarto ciclo de Renta Ciudadana: el Banco Agrario se har\u00e1 cargo","og_description":"El Banco Agrario de Colombia comunic\u00f3 que se har\u00e1 cargo del pago del cuarto ciclo de la Renta Ciudadana. La entidad bancaria ha sido quien entreg\u00f3 los","og_url":"https:\/\/alprestamo.com\/blog\/cuarto-ciclo-de-renta-ciudadana-el-banco-agrario-se-hara-cargo\/","og_site_name":"Alprestamo - Hacemos que todo suceda","article_published_time":"2023-10-13T13:00:00+00:00","article_modified_time":"2023-10-18T19:19:00+00:00","og_image":[{"width":1024,"height":768,"url":"https:\/\/alprestamo.com\/blog\/wp-content\/uploads\/2023\/10\/Diseno-sin-titulo-2023-10-12T150304.050.jpg","type":"image\/jpeg"}],"author":"Ramiro Querejeta","twitter_card":"summary_large_image","twitter_misc":{"Escrito por":"Ramiro Querejeta","Tiempo de lectura":"2 minutos"},"schema":{"@context":"https:\/\/schema.org","@graph":[{"@type":"NewsArticle","@id":"https:\/\/alprestamo.com\/blog\/cuarto-ciclo-de-renta-ciudadana-el-banco-agrario-se-hara-cargo\/#article","isPartOf":{"@id":"https:\/\/alprestamo.com\/blog\/cuarto-ciclo-de-renta-ciudadana-el-banco-agrario-se-hara-cargo\/"},"author":{"name":"Ramiro Querejeta","@id":"https:\/\/alprestamo.com\/blog\/#\/schema\/person\/4c568603ceb381762b4c9062d42c7627"},"headline":"Cuarto ciclo de Renta Ciudadana: el Banco Agrario se har\u00e1 cargo","datePublished":"2023-10-13T13:00:00+00:00","dateModified":"2023-10-18T19:19:00+00:00","mainEntityOfPage":{"@id":"https:\/\/alprestamo.com\/blog\/cuarto-ciclo-de-renta-ciudadana-el-banco-agrario-se-hara-cargo\/"},"wordCount":358,"publisher":{"@id":"https:\/\/alprestamo.com\/blog\/#organization"},"image":{"@id":"https:\/\/alprestamo.com\/blog\/cuarto-ciclo-de-renta-ciudadana-el-banco-agrario-se-hara-cargo\/#primaryimage"},"thumbnailUrl":"https:\/\/alprestamo.com\/blog\/wp-content\/uploads\/2023\/10\/Diseno-sin-titulo-2023-10-12T150304.050.jpg","articleSection":["CO","Portada","Programas sociales"],"inLanguage":"es-AR"},{"@type":"WebPage","@id":"https:\/\/alprestamo.com\/blog\/cuarto-ciclo-de-renta-ciudadana-el-banco-agrario-se-hara-cargo\/","url":"https:\/\/alprestamo.com\/blog\/cuarto-ciclo-de-renta-ciudadana-el-banco-agrario-se-hara-cargo\/","name":"Cuarto ciclo de Renta Ciudadana: el Banco Agrario se har\u00e1 cargo","isPartOf":{"@id":"https:\/\/alprestamo.com\/blog\/#website"},"primaryImageOfPage":{"@id":"https:\/\/alprestamo.com\/blog\/cuarto-ciclo-de-renta-ciudadana-el-banco-agrario-se-hara-cargo\/#primaryimage"},"image":{"@id":"https:\/\/alprestamo.com\/blog\/cuarto-ciclo-de-renta-ciudadana-el-banco-agrario-se-hara-cargo\/#primaryimage"},"thumbnailUrl":"https:\/\/alprestamo.com\/blog\/wp-content\/uploads\/2023\/10\/Diseno-sin-titulo-2023-10-12T150304.050.jpg","datePublished":"2023-10-13T13:00:00+00:00","dateModified":"2023-10-18T19:19:00+00:00","description":"El Banco Agrario de Colombia comunic\u00f3 que se har\u00e1 cargo del pago del cuarto ciclo de la Renta Ciudadana. La entidad bancaria ha sido quien entreg\u00f3 los","breadcrumb":{"@id":"https:\/\/alprestamo.com\/blog\/cuarto-ciclo-de-renta-ciudadana-el-banco-agrario-se-hara-cargo\/#breadcrumb"},"inLanguage":"es-AR","potentialAction":[{"@type":"ReadAction","target":["https:\/\/alprestamo.com\/blog\/cuarto-ciclo-de-renta-ciudadana-el-banco-agrario-se-hara-cargo\/"]}]},{"@type":"ImageObject","inLanguage":"es-AR","@id":"https:\/\/alprestamo.com\/blog\/cuarto-ciclo-de-renta-ciudadana-el-banco-agrario-se-hara-cargo\/#primaryimage","url":"https:\/\/alprestamo.com\/blog\/wp-content\/uploads\/2023\/10\/Diseno-sin-titulo-2023-10-12T150304.050.jpg","contentUrl":"https:\/\/alprestamo.com\/blog\/wp-content\/uploads\/2023\/10\/Diseno-sin-titulo-2023-10-12T150304.050.jpg","width":1024,"height":768,"caption":"Renta Ciudadana"},{"@type":"BreadcrumbList","@id":"https:\/\/alprestamo.com\/blog\/cuarto-ciclo-de-renta-ciudadana-el-banco-agrario-se-hara-cargo\/#breadcrumb","itemListElement":[{"@type":"ListItem","position":1,"name":"Home","item":"https:\/\/alprestamo.com\/blog\/"},{"@type":"ListItem","position":2,"name":"Cuarto ciclo de Renta Ciudadana: el Banco Agrario se har\u00e1 cargo"}]},{"@type":"WebSite","@id":"https:\/\/alprestamo.com\/blog\/#website","url":"https:\/\/alprestamo.com\/blog\/","name":"Alprestamo","description":"Hacemos que todo suceda","publisher":{"@id":"https:\/\/alprestamo.com\/blog\/#organization"},"potentialAction":[{"@type":"SearchAction","target":{"@type":"EntryPoint","urlTemplate":"https:\/\/alprestamo.com\/blog\/?s={search_term_string}"},"query-input":"required name=search_term_string"}],"inLanguage":"es-AR"},{"@type":"Organization","@id":"https:\/\/alprestamo.com\/blog\/#organization","name":"Alprestamo","url":"https:\/\/alprestamo.com\/blog\/","logo":{"@type":"ImageObject","inLanguage":"es-AR","@id":"https:\/\/alprestamo.com\/blog\/#\/schema\/logo\/image\/","url":"https:\/\/alprestamo.com\/blog\/wp-content\/uploads\/2022\/10\/Imagotipo_Blanco.svg","contentUrl":"https:\/\/alprestamo.com\/blog\/wp-content\/uploads\/2022\/10\/Imagotipo_Blanco.svg","width":1199,"height":203,"caption":"Alprestamo"},"image":{"@id":"https:\/\/alprestamo.com\/blog\/#\/schema\/logo\/image\/"}},{"@type":"Person","@id":"https:\/\/alprestamo.com\/blog\/#\/schema\/person\/4c568603ceb381762b4c9062d42c7627","name":"Ramiro Querejeta","image":{"@type":"ImageObject","inLanguage":"es-AR","@id":"https:\/\/alprestamo.com\/blog\/#\/schema\/person\/image\/","url":"https:\/\/alprestamo.com\/blog\/wp-content\/uploads\/2025\/08\/1688503693490-150x150.jpeg","contentUrl":"https:\/\/alprestamo.com\/blog\/wp-content\/uploads\/2025\/08\/1688503693490-150x150.jpeg","caption":"Ramiro Querejeta"},"url":"https:\/\/alprestamo.com\/blog\/author\/ramiro\/"}]}},"uagb_featured_image_src":{"full":["https:\/\/alprestamo.com\/blog\/wp-content\/uploads\/2023\/10\/Diseno-sin-titulo-2023-10-12T150304.050.jpg",1024,768,false],"thumbnail":["https:\/\/alprestamo.com\/blog\/wp-content\/uploads\/2023\/10\/Diseno-sin-titulo-2023-10-12T150304.050-150x150.jpg",150,150,true],"medium":["https:\/\/alprestamo.com\/blog\/wp-content\/uploads\/2023\/10\/Diseno-sin-titulo-2023-10-12T150304.050-300x225.jpg",300,225,true],"medium_large":["https:\/\/alprestamo.com\/blog\/wp-content\/uploads\/2023\/10\/Diseno-sin-titulo-2023-10-12T150304.050-768x576.jpg",768,576,true],"large":["https:\/\/alprestamo.com\/blog\/wp-content\/uploads\/2023\/10\/Diseno-sin-titulo-2023-10-12T150304.050.jpg",1024,768,false],"1536x1536":["https:\/\/alprestamo.com\/blog\/wp-content\/uploads\/2023\/10\/Diseno-sin-titulo-2023-10-12T150304.050.jpg",1024,768,false],"2048x2048":["https:\/\/alprestamo.com\/blog\/wp-content\/uploads\/2023\/10\/Diseno-sin-titulo-2023-10-12T150304.050.jpg",1024,768,false]},"uagb_author_info":{"display_name":"Ramiro Querejeta","author_link":"https:\/\/alprestamo.com\/blog\/author\/ramiro\/"},"uagb_comment_info":0,"uagb_excerpt":"El Banco Agrario de Colombia comunic\u00f3 que se har\u00e1 cargo del pago del cuarto ciclo de la Renta Ciudadana. La entidad bancaria ha sido quien entreg\u00f3 los pagos de este programa social durante el 2023.&nbsp; En el tercer ciclo, el banco habilit\u00f3 15 cajas extendidas en 15 municipios que hab\u00edan registrado una alta afluencia de&hellip;","rttpg_featured_image_url":{"full":["https:\/\/alprestamo.com\/blog\/wp-content\/uploads\/2023\/10\/Diseno-sin-titulo-2023-10-12T150304.050.jpg",1024,768,false],"landscape":["https:\/\/alprestamo.com\/blog\/wp-content\/uploads\/2023\/10\/Diseno-sin-titulo-2023-10-12T150304.050.jpg",1024,768,false],"portraits":["https:\/\/alprestamo.com\/blog\/wp-content\/uploads\/2023\/10\/Diseno-sin-titulo-2023-10-12T150304.050.jpg",1024,768,false],"thumbnail":["https:\/\/alprestamo.com\/blog\/wp-content\/uploads\/2023\/10\/Diseno-sin-titulo-2023-10-12T150304.050-150x150.jpg",150,150,true],"medium":["https:\/\/alprestamo.com\/blog\/wp-content\/uploads\/2023\/10\/Diseno-sin-titulo-2023-10-12T150304.050-300x225.jpg",300,225,true],"large":["https:\/\/alprestamo.com\/blog\/wp-content\/uploads\/2023\/10\/Diseno-sin-titulo-2023-10-12T150304.050.jpg",1024,768,false],"1536x1536":["https:\/\/alprestamo.com\/blog\/wp-content\/uploads\/2023\/10\/Diseno-sin-titulo-2023-10-12T150304.050.jpg",1024,768,false],"2048x2048":["https:\/\/alprestamo.com\/blog\/wp-content\/uploads\/2023\/10\/Diseno-sin-titulo-2023-10-12T150304.050.jpg",1024,768,false],"rt_custom":["https:\/\/alprestamo.com\/blog\/wp-content\/uploads\/2023\/10\/Diseno-sin-titulo-2023-10-12T150304.050.jpg",1024,768,false]},"rttpg_author":{"display_name":"Ramiro Querejeta","author_link":"https:\/\/alprestamo.com\/blog\/author\/ramiro\/"},"rttpg_comment":0,"rttpg_category":"<a href=\"https:\/\/alprestamo.com\/blog\/categoria\/co\/\" rel=\"category tag\">CO<\/a> <a href=\"https:\/\/alprestamo.com\/blog\/categoria\/co\/portada-co\/\" rel=\"category tag\">Portada<\/a> <a href=\"https:\/\/alprestamo.com\/blog\/categoria\/co\/programas-sociales\/\" rel=\"category tag\">Programas sociales<\/a>","rttpg_excerpt":"El Banco Agrario de Colombia comunic\u00f3 que se har\u00e1 cargo del pago del cuarto ciclo de la Renta Ciudadana. La entidad bancaria ha sido quien entreg\u00f3 los pagos de este programa social durante el 2023.&nbsp; En el tercer ciclo, el banco habilit\u00f3 15 cajas extendidas en 15 municipios que hab\u00edan registrado una alta afluencia de&hellip;","_links":{"self":[{"href":"https:\/\/alprestamo.com\/blog\/wp-json\/wp\/v2\/posts\/31503"}],"collection":[{"href":"https:\/\/alprestamo.com\/blog\/wp-json\/wp\/v2\/posts"}],"about":[{"href":"https:\/\/alprestamo.com\/blog\/wp-json\/wp\/v2\/types\/post"}],"author":[{"embeddable":true,"href":"https:\/\/alprestamo.com\/blog\/wp-json\/wp\/v2\/users\/9"}],"replies":[{"embeddable":true,"href":"https:\/\/alprestamo.com\/blog\/wp-json\/wp\/v2\/comments?post=31503"}],"version-history":[{"count":5,"href":"https:\/\/alprestamo.com\/blog\/wp-json\/wp\/v2\/posts\/31503\/revisions"}],"predecessor-version":[{"id":31718,"href":"https:\/\/alprestamo.com\/blog\/wp-json\/wp\/v2\/posts\/31503\/revisions\/31718"}],"wp:featuredmedia":[{"embeddable":true,"href":"https:\/\/alprestamo.com\/blog\/wp-json\/wp\/v2\/media\/31509"}],"wp:attachment":[{"href":"https:\/\/alprestamo.com\/blog\/wp-json\/wp\/v2\/media?parent=31503"}],"wp:term":[{"taxonomy":"category","embeddable":true,"href":"https:\/\/alprestamo.com\/blog\/wp-json\/wp\/v2\/categories?post=31503"},{"taxonomy":"post_tag","embeddable":true,"href":"https:\/\/alprestamo.com\/blog\/wp-json\/wp\/v2\/tags?post=31503"}],"curies":[{"name":"wp","href":"https:\/\/api.w.org\/{rel}","templated":true}]}}