{"id":31831,"date":"2023-10-24T15:00:06","date_gmt":"2023-10-24T18:00:06","guid":{"rendered":"https:\/\/alprestamo.com\/blog\/?p=31831"},"modified":"2023-11-06T10:26:34","modified_gmt":"2023-11-06T13:26:34","slug":"cuarto-ciclo-de-pagos-de-renta-ciudadana-en-noviembre","status":"publish","type":"post","link":"https:\/\/alprestamo.com\/blog\/cuarto-ciclo-de-pagos-de-renta-ciudadana-en-noviembre\/","title":{"rendered":"Cuarto ciclo de Renta Ciudadana de $500.000 en noviembre"},"content":{"rendered":"\n<p>Para el mes de noviembre,<strong> Prosperidad Social <\/strong>program\u00f3 el comienzo del cuarto ciclo de pagos de la<strong> Renta Ciudadana<\/strong>, destinado a las viviendas beneficiarias que cumplieron con las caracter\u00edsticas del programa en las \u00e1reas de salud y educaci\u00f3n.<\/p>\n\n\n\n<p>Para este <a href=\"https:\/\/alprestamo.com\/blog\/co\/como-verificar-tu-estado-para-el-cobro-de-la-renta-ciudadana\/\">nuevo <strong>ciclo de pagos<\/strong><\/a> se introducen novedades, como el levantamiento de suspensiones, <a href=\"https:\/\/alprestamo.com\/blog\/co\/reprogramacion-de-la-renta-ciudadana-quienes-deberan-esperar-para-cobrar\/\">aplazamiento<\/a> y liquidaciones. Es por eso que es fundamental estar informado.&nbsp;<\/p>\n\n\n\n<h2 class=\"wp-block-heading\">En qu\u00e9 consiste la Renta Ciudadana&nbsp;<\/h2>\n\n\n\n<p><\/p>\n\n\n\n<p>Este<strong> programa de ayuda social <\/strong>le da prioridad a las mujeres que son madres y jefas de hogar con hijos en primera infancia y que se encuentran en una situaci\u00f3n socioecon\u00f3mica vulnerable.&nbsp;<\/p>\n\n\n\n<p>Esta ayuda se consolid\u00f3 en el<strong> Plan Nacional de Desarrollo 2022-2026<\/strong> con el nombre de \u201cRenta Ciudadana\u201d. De esta forma, los<a href=\"https:\/\/alprestamo.com\/blog\/co\/inscripcion-en-la-renta-ciudadana-cuales-son-los-requisitos-y-las-fechas-de-pago\/\"> hogares que se anotaron<\/a> en 2021 y 2022 se han convertido en potenciales beneficiarios durante esta transici\u00f3n de <strong>Familias en Acci\u00f3n<\/strong> a Renta Ciudadana. Tambi\u00e9n se incorporaron en el 5\u00b0 ciclo de pagos de este a\u00f1o a m\u00e1s de 37 mil familias Wayuu, que recibir\u00e1n su primer pago en la primera semana del mes de diciembre.&nbsp;<\/p>\n\n\n\n<h2 class=\"wp-block-heading\">Pr\u00f3ximas novedades de la Renta Ciudadana<\/h2>\n\n\n\n<p><\/p>\n\n\n\n<p>A partir del 20 de octubre, Prosperidad Social comunicar\u00e1 los hogares que han cambiado de estado de suspendido a inscrito. Adem\u00e1s, quienes estaban aplazados ahora estar\u00e1n activos dentro del programa. Es por eso que es necesario consultar directamente con las l\u00edneas de atenci\u00f3n del DPS para confirmar ese estado.&nbsp;<\/p>\n\n\n\n<p>Cabe destacar que las transferencias que corresponden a los ciclos 2 y 3 no ser\u00e1n recalculadas, considerando que solo se har\u00e1 una reliquidaci\u00f3n de un ciclo en caso de que aplique.<\/p>\n\n\n\n<h2 class=\"wp-block-heading\">C\u00f3mo verificar si formas parte de la Renta Ciudadana&nbsp;<\/h2>\n\n\n\n<p><\/p>\n\n\n\n<p>Quienes actualmente son <strong>beneficiarios de la Renta Ciudadana<\/strong> son aquellas personas que completaron el proceso de preinscripci\u00f3n durante 2021 y 2022. Estos hogares ya se encuentran registrados en la plataforma del DPS, donde verificaron los requisitos y validaron los datos necesarios.&nbsp;<\/p>\n\n\n\n<p>Para verificar si formas parte del listado oficial puedes hacerlo mediante <a href=\"https:\/\/rentaciudadana.prosperidadsocial.gov.co\/FamiliasInscritas.html\">este enlace<\/a>. Existen otras formas de consulta como las<strong> l\u00edneas de atenci\u00f3n de Prosperidad Social <\/strong>o asistir directamente al enlace municipal de la entidad.&nbsp;&nbsp;<\/p>\n\n\n\n<p>Cabe recordar que se han suspendido de manera temporal las inscripciones al programa debido a las elecciones. Una vez finalizadas, se recomienda consultar para comprobar si has sido convocado para el proceso de preinscripci\u00f3n y ser parte de la <em>Renta Ciudadana <\/em>en 2024.&nbsp;<\/p>\n","protected":false},"excerpt":{"rendered":"<p>Para el mes de noviembre, Prosperidad Social program\u00f3 el comienzo del cuarto ciclo de pagos de la Renta Ciudadana, destinado a las viviendas beneficiarias que cumplieron con las caracter\u00edsticas del programa en las \u00e1reas de salud y educaci\u00f3n. Para este nuevo ciclo de pagos se introducen novedades, como el levantamiento de suspensiones, aplazamiento y liquidaciones. &hellip;<\/p>\n<p class=\"read-more\"> <a class=\"\" href=\"https:\/\/alprestamo.com\/blog\/cuarto-ciclo-de-pagos-de-renta-ciudadana-en-noviembre\/\"> <span class=\"screen-reader-text\">Cuarto ciclo de Renta Ciudadana de $500.000 en noviembre<\/span> Leer m\u00e1s &raquo;<\/a><\/p>\n","protected":false},"author":9,"featured_media":31836,"comment_status":"closed","ping_status":"closed","sticky":false,"template":"","format":"standard","meta":{"_uag_custom_page_level_css":"","site-sidebar-layout":"default","site-content-layout":"default","ast-global-header-display":"","ast-banner-title-visibility":"","ast-main-header-display":"","ast-hfb-above-header-display":"","ast-hfb-below-header-display":"","ast-hfb-mobile-header-display":"","site-post-title":"","ast-breadcrumbs-content":"","ast-featured-img":"","footer-sml-layout":"","theme-transparent-header-meta":"","adv-header-id-meta":"","stick-header-meta":"","header-above-stick-meta":"","header-main-stick-meta":"","header-below-stick-meta":"","footnotes":""},"categories":[98,100],"tags":[],"class_list":["post-31831","post","type-post","status-publish","format-standard","has-post-thumbnail","hentry","category-co","category-programas-sociales"],"acf":[],"yoast_head":"<!-- This site is optimized with the Yoast SEO plugin v23.2 - https:\/\/yoast.com\/wordpress\/plugins\/seo\/ -->\n<title>Cuarto ciclo de Renta Ciudadana de $500.000 en noviembre<\/title>\n<meta name=\"description\" content=\"Para el mes de noviembre, Prosperidad Social program\u00f3 el comienzo del cuarto ciclo de pagos de la Renta Ciudadana, destinado a las viviendas beneficiarias\" \/>\n<meta name=\"robots\" content=\"index, follow, max-snippet:-1, max-image-preview:large, max-video-preview:-1\" \/>\n<link rel=\"canonical\" href=\"https:\/\/alprestamo.com\/blog\/cuarto-ciclo-de-pagos-de-renta-ciudadana-en-noviembre\/\" \/>\n<meta property=\"og:locale\" content=\"es_ES\" \/>\n<meta property=\"og:type\" content=\"article\" \/>\n<meta property=\"og:title\" content=\"Cuarto ciclo de Renta Ciudadana de $500.000 en noviembre\" \/>\n<meta property=\"og:description\" content=\"Para el mes de noviembre, Prosperidad Social program\u00f3 el comienzo del cuarto ciclo de pagos de la Renta Ciudadana, destinado a las viviendas beneficiarias\" \/>\n<meta property=\"og:url\" content=\"https:\/\/alprestamo.com\/blog\/cuarto-ciclo-de-pagos-de-renta-ciudadana-en-noviembre\/\" \/>\n<meta property=\"og:site_name\" content=\"Alprestamo - Hacemos que todo suceda\" \/>\n<meta property=\"article:published_time\" content=\"2023-10-24T18:00:06+00:00\" \/>\n<meta property=\"article:modified_time\" content=\"2023-11-06T13:26:34+00:00\" \/>\n<meta property=\"og:image\" content=\"https:\/\/alprestamo.com\/blog\/wp-content\/uploads\/2023\/10\/Diseno-sin-titulo-2023-10-20T143510.633.jpg\" \/>\n\t<meta property=\"og:image:width\" content=\"1024\" \/>\n\t<meta property=\"og:image:height\" content=\"768\" \/>\n\t<meta property=\"og:image:type\" content=\"image\/jpeg\" \/>\n<meta name=\"author\" content=\"Ramiro Querejeta\" \/>\n<meta name=\"twitter:card\" content=\"summary_large_image\" \/>\n<meta name=\"twitter:label1\" content=\"Escrito por\" \/>\n\t<meta name=\"twitter:data1\" content=\"Ramiro Querejeta\" \/>\n\t<meta name=\"twitter:label2\" content=\"Tiempo de lectura\" \/>\n\t<meta name=\"twitter:data2\" content=\"2 minutos\" \/>\n<script type=\"application\/ld+json\" class=\"yoast-schema-graph\">{\"@context\":\"https:\/\/schema.org\",\"@graph\":[{\"@type\":\"NewsArticle\",\"@id\":\"https:\/\/alprestamo.com\/blog\/cuarto-ciclo-de-pagos-de-renta-ciudadana-en-noviembre\/#article\",\"isPartOf\":{\"@id\":\"https:\/\/alprestamo.com\/blog\/cuarto-ciclo-de-pagos-de-renta-ciudadana-en-noviembre\/\"},\"author\":{\"name\":\"Ramiro Querejeta\",\"@id\":\"https:\/\/alprestamo.com\/blog\/#\/schema\/person\/4c568603ceb381762b4c9062d42c7627\"},\"headline\":\"Cuarto ciclo de Renta Ciudadana de $500.000 en noviembre\",\"datePublished\":\"2023-10-24T18:00:06+00:00\",\"dateModified\":\"2023-11-06T13:26:34+00:00\",\"mainEntityOfPage\":{\"@id\":\"https:\/\/alprestamo.com\/blog\/cuarto-ciclo-de-pagos-de-renta-ciudadana-en-noviembre\/\"},\"wordCount\":422,\"publisher\":{\"@id\":\"https:\/\/alprestamo.com\/blog\/#organization\"},\"image\":{\"@id\":\"https:\/\/alprestamo.com\/blog\/cuarto-ciclo-de-pagos-de-renta-ciudadana-en-noviembre\/#primaryimage\"},\"thumbnailUrl\":\"https:\/\/alprestamo.com\/blog\/wp-content\/uploads\/2023\/10\/Diseno-sin-titulo-2023-10-20T143510.633.jpg\",\"articleSection\":[\"CO\",\"Programas sociales\"],\"inLanguage\":\"es-AR\"},{\"@type\":\"WebPage\",\"@id\":\"https:\/\/alprestamo.com\/blog\/cuarto-ciclo-de-pagos-de-renta-ciudadana-en-noviembre\/\",\"url\":\"https:\/\/alprestamo.com\/blog\/cuarto-ciclo-de-pagos-de-renta-ciudadana-en-noviembre\/\",\"name\":\"Cuarto ciclo de Renta Ciudadana de $500.000 en noviembre\",\"isPartOf\":{\"@id\":\"https:\/\/alprestamo.com\/blog\/#website\"},\"primaryImageOfPage\":{\"@id\":\"https:\/\/alprestamo.com\/blog\/cuarto-ciclo-de-pagos-de-renta-ciudadana-en-noviembre\/#primaryimage\"},\"image\":{\"@id\":\"https:\/\/alprestamo.com\/blog\/cuarto-ciclo-de-pagos-de-renta-ciudadana-en-noviembre\/#primaryimage\"},\"thumbnailUrl\":\"https:\/\/alprestamo.com\/blog\/wp-content\/uploads\/2023\/10\/Diseno-sin-titulo-2023-10-20T143510.633.jpg\",\"datePublished\":\"2023-10-24T18:00:06+00:00\",\"dateModified\":\"2023-11-06T13:26:34+00:00\",\"description\":\"Para el mes de noviembre, Prosperidad Social program\u00f3 el comienzo del cuarto ciclo de pagos de la Renta Ciudadana, destinado a las viviendas beneficiarias\",\"breadcrumb\":{\"@id\":\"https:\/\/alprestamo.com\/blog\/cuarto-ciclo-de-pagos-de-renta-ciudadana-en-noviembre\/#breadcrumb\"},\"inLanguage\":\"es-AR\",\"potentialAction\":[{\"@type\":\"ReadAction\",\"target\":[\"https:\/\/alprestamo.com\/blog\/cuarto-ciclo-de-pagos-de-renta-ciudadana-en-noviembre\/\"]}]},{\"@type\":\"ImageObject\",\"inLanguage\":\"es-AR\",\"@id\":\"https:\/\/alprestamo.com\/blog\/cuarto-ciclo-de-pagos-de-renta-ciudadana-en-noviembre\/#primaryimage\",\"url\":\"https:\/\/alprestamo.com\/blog\/wp-content\/uploads\/2023\/10\/Diseno-sin-titulo-2023-10-20T143510.633.jpg\",\"contentUrl\":\"https:\/\/alprestamo.com\/blog\/wp-content\/uploads\/2023\/10\/Diseno-sin-titulo-2023-10-20T143510.633.jpg\",\"width\":1024,\"height\":768,\"caption\":\"Cuarto ciclo de Renta Ciudadana\"},{\"@type\":\"BreadcrumbList\",\"@id\":\"https:\/\/alprestamo.com\/blog\/cuarto-ciclo-de-pagos-de-renta-ciudadana-en-noviembre\/#breadcrumb\",\"itemListElement\":[{\"@type\":\"ListItem\",\"position\":1,\"name\":\"Home\",\"item\":\"https:\/\/alprestamo.com\/blog\/\"},{\"@type\":\"ListItem\",\"position\":2,\"name\":\"Cuarto ciclo de Renta Ciudadana de $500.000 en noviembre\"}]},{\"@type\":\"WebSite\",\"@id\":\"https:\/\/alprestamo.com\/blog\/#website\",\"url\":\"https:\/\/alprestamo.com\/blog\/\",\"name\":\"Alprestamo\",\"description\":\"Hacemos que todo suceda\",\"publisher\":{\"@id\":\"https:\/\/alprestamo.com\/blog\/#organization\"},\"potentialAction\":[{\"@type\":\"SearchAction\",\"target\":{\"@type\":\"EntryPoint\",\"urlTemplate\":\"https:\/\/alprestamo.com\/blog\/?s={search_term_string}\"},\"query-input\":\"required name=search_term_string\"}],\"inLanguage\":\"es-AR\"},{\"@type\":\"Organization\",\"@id\":\"https:\/\/alprestamo.com\/blog\/#organization\",\"name\":\"Alprestamo\",\"url\":\"https:\/\/alprestamo.com\/blog\/\",\"logo\":{\"@type\":\"ImageObject\",\"inLanguage\":\"es-AR\",\"@id\":\"https:\/\/alprestamo.com\/blog\/#\/schema\/logo\/image\/\",\"url\":\"https:\/\/alprestamo.com\/blog\/wp-content\/uploads\/2022\/10\/Imagotipo_Blanco.svg\",\"contentUrl\":\"https:\/\/alprestamo.com\/blog\/wp-content\/uploads\/2022\/10\/Imagotipo_Blanco.svg\",\"width\":1199,\"height\":203,\"caption\":\"Alprestamo\"},\"image\":{\"@id\":\"https:\/\/alprestamo.com\/blog\/#\/schema\/logo\/image\/\"}},{\"@type\":\"Person\",\"@id\":\"https:\/\/alprestamo.com\/blog\/#\/schema\/person\/4c568603ceb381762b4c9062d42c7627\",\"name\":\"Ramiro Querejeta\",\"image\":{\"@type\":\"ImageObject\",\"inLanguage\":\"es-AR\",\"@id\":\"https:\/\/alprestamo.com\/blog\/#\/schema\/person\/image\/\",\"url\":\"https:\/\/alprestamo.com\/blog\/wp-content\/uploads\/2025\/08\/1688503693490-150x150.jpeg\",\"contentUrl\":\"https:\/\/alprestamo.com\/blog\/wp-content\/uploads\/2025\/08\/1688503693490-150x150.jpeg\",\"caption\":\"Ramiro Querejeta\"},\"url\":\"https:\/\/alprestamo.com\/blog\/author\/ramiro\/\"}]}<\/script>\n<!-- \/ Yoast SEO plugin. -->","yoast_head_json":{"title":"Cuarto ciclo de Renta Ciudadana de $500.000 en noviembre","description":"Para el mes de noviembre, Prosperidad Social program\u00f3 el comienzo del cuarto ciclo de pagos de la Renta Ciudadana, destinado a las viviendas beneficiarias","robots":{"index":"index","follow":"follow","max-snippet":"max-snippet:-1","max-image-preview":"max-image-preview:large","max-video-preview":"max-video-preview:-1"},"canonical":"https:\/\/alprestamo.com\/blog\/cuarto-ciclo-de-pagos-de-renta-ciudadana-en-noviembre\/","og_locale":"es_ES","og_type":"article","og_title":"Cuarto ciclo de Renta Ciudadana de $500.000 en noviembre","og_description":"Para el mes de noviembre, Prosperidad Social program\u00f3 el comienzo del cuarto ciclo de pagos de la Renta Ciudadana, destinado a las viviendas beneficiarias","og_url":"https:\/\/alprestamo.com\/blog\/cuarto-ciclo-de-pagos-de-renta-ciudadana-en-noviembre\/","og_site_name":"Alprestamo - Hacemos que todo suceda","article_published_time":"2023-10-24T18:00:06+00:00","article_modified_time":"2023-11-06T13:26:34+00:00","og_image":[{"width":1024,"height":768,"url":"https:\/\/alprestamo.com\/blog\/wp-content\/uploads\/2023\/10\/Diseno-sin-titulo-2023-10-20T143510.633.jpg","type":"image\/jpeg"}],"author":"Ramiro Querejeta","twitter_card":"summary_large_image","twitter_misc":{"Escrito por":"Ramiro Querejeta","Tiempo de lectura":"2 minutos"},"schema":{"@context":"https:\/\/schema.org","@graph":[{"@type":"NewsArticle","@id":"https:\/\/alprestamo.com\/blog\/cuarto-ciclo-de-pagos-de-renta-ciudadana-en-noviembre\/#article","isPartOf":{"@id":"https:\/\/alprestamo.com\/blog\/cuarto-ciclo-de-pagos-de-renta-ciudadana-en-noviembre\/"},"author":{"name":"Ramiro Querejeta","@id":"https:\/\/alprestamo.com\/blog\/#\/schema\/person\/4c568603ceb381762b4c9062d42c7627"},"headline":"Cuarto ciclo de Renta Ciudadana de $500.000 en noviembre","datePublished":"2023-10-24T18:00:06+00:00","dateModified":"2023-11-06T13:26:34+00:00","mainEntityOfPage":{"@id":"https:\/\/alprestamo.com\/blog\/cuarto-ciclo-de-pagos-de-renta-ciudadana-en-noviembre\/"},"wordCount":422,"publisher":{"@id":"https:\/\/alprestamo.com\/blog\/#organization"},"image":{"@id":"https:\/\/alprestamo.com\/blog\/cuarto-ciclo-de-pagos-de-renta-ciudadana-en-noviembre\/#primaryimage"},"thumbnailUrl":"https:\/\/alprestamo.com\/blog\/wp-content\/uploads\/2023\/10\/Diseno-sin-titulo-2023-10-20T143510.633.jpg","articleSection":["CO","Programas sociales"],"inLanguage":"es-AR"},{"@type":"WebPage","@id":"https:\/\/alprestamo.com\/blog\/cuarto-ciclo-de-pagos-de-renta-ciudadana-en-noviembre\/","url":"https:\/\/alprestamo.com\/blog\/cuarto-ciclo-de-pagos-de-renta-ciudadana-en-noviembre\/","name":"Cuarto ciclo de Renta Ciudadana de $500.000 en noviembre","isPartOf":{"@id":"https:\/\/alprestamo.com\/blog\/#website"},"primaryImageOfPage":{"@id":"https:\/\/alprestamo.com\/blog\/cuarto-ciclo-de-pagos-de-renta-ciudadana-en-noviembre\/#primaryimage"},"image":{"@id":"https:\/\/alprestamo.com\/blog\/cuarto-ciclo-de-pagos-de-renta-ciudadana-en-noviembre\/#primaryimage"},"thumbnailUrl":"https:\/\/alprestamo.com\/blog\/wp-content\/uploads\/2023\/10\/Diseno-sin-titulo-2023-10-20T143510.633.jpg","datePublished":"2023-10-24T18:00:06+00:00","dateModified":"2023-11-06T13:26:34+00:00","description":"Para el mes de noviembre, Prosperidad Social program\u00f3 el comienzo del cuarto ciclo de pagos de la Renta Ciudadana, destinado a las viviendas beneficiarias","breadcrumb":{"@id":"https:\/\/alprestamo.com\/blog\/cuarto-ciclo-de-pagos-de-renta-ciudadana-en-noviembre\/#breadcrumb"},"inLanguage":"es-AR","potentialAction":[{"@type":"ReadAction","target":["https:\/\/alprestamo.com\/blog\/cuarto-ciclo-de-pagos-de-renta-ciudadana-en-noviembre\/"]}]},{"@type":"ImageObject","inLanguage":"es-AR","@id":"https:\/\/alprestamo.com\/blog\/cuarto-ciclo-de-pagos-de-renta-ciudadana-en-noviembre\/#primaryimage","url":"https:\/\/alprestamo.com\/blog\/wp-content\/uploads\/2023\/10\/Diseno-sin-titulo-2023-10-20T143510.633.jpg","contentUrl":"https:\/\/alprestamo.com\/blog\/wp-content\/uploads\/2023\/10\/Diseno-sin-titulo-2023-10-20T143510.633.jpg","width":1024,"height":768,"caption":"Cuarto ciclo de Renta Ciudadana"},{"@type":"BreadcrumbList","@id":"https:\/\/alprestamo.com\/blog\/cuarto-ciclo-de-pagos-de-renta-ciudadana-en-noviembre\/#breadcrumb","itemListElement":[{"@type":"ListItem","position":1,"name":"Home","item":"https:\/\/alprestamo.com\/blog\/"},{"@type":"ListItem","position":2,"name":"Cuarto ciclo de Renta Ciudadana de $500.000 en noviembre"}]},{"@type":"WebSite","@id":"https:\/\/alprestamo.com\/blog\/#website","url":"https:\/\/alprestamo.com\/blog\/","name":"Alprestamo","description":"Hacemos que todo suceda","publisher":{"@id":"https:\/\/alprestamo.com\/blog\/#organization"},"potentialAction":[{"@type":"SearchAction","target":{"@type":"EntryPoint","urlTemplate":"https:\/\/alprestamo.com\/blog\/?s={search_term_string}"},"query-input":"required name=search_term_string"}],"inLanguage":"es-AR"},{"@type":"Organization","@id":"https:\/\/alprestamo.com\/blog\/#organization","name":"Alprestamo","url":"https:\/\/alprestamo.com\/blog\/","logo":{"@type":"ImageObject","inLanguage":"es-AR","@id":"https:\/\/alprestamo.com\/blog\/#\/schema\/logo\/image\/","url":"https:\/\/alprestamo.com\/blog\/wp-content\/uploads\/2022\/10\/Imagotipo_Blanco.svg","contentUrl":"https:\/\/alprestamo.com\/blog\/wp-content\/uploads\/2022\/10\/Imagotipo_Blanco.svg","width":1199,"height":203,"caption":"Alprestamo"},"image":{"@id":"https:\/\/alprestamo.com\/blog\/#\/schema\/logo\/image\/"}},{"@type":"Person","@id":"https:\/\/alprestamo.com\/blog\/#\/schema\/person\/4c568603ceb381762b4c9062d42c7627","name":"Ramiro Querejeta","image":{"@type":"ImageObject","inLanguage":"es-AR","@id":"https:\/\/alprestamo.com\/blog\/#\/schema\/person\/image\/","url":"https:\/\/alprestamo.com\/blog\/wp-content\/uploads\/2025\/08\/1688503693490-150x150.jpeg","contentUrl":"https:\/\/alprestamo.com\/blog\/wp-content\/uploads\/2025\/08\/1688503693490-150x150.jpeg","caption":"Ramiro Querejeta"},"url":"https:\/\/alprestamo.com\/blog\/author\/ramiro\/"}]}},"uagb_featured_image_src":{"full":["https:\/\/alprestamo.com\/blog\/wp-content\/uploads\/2023\/10\/Diseno-sin-titulo-2023-10-20T143510.633.jpg",1024,768,false],"thumbnail":["https:\/\/alprestamo.com\/blog\/wp-content\/uploads\/2023\/10\/Diseno-sin-titulo-2023-10-20T143510.633-150x150.jpg",150,150,true],"medium":["https:\/\/alprestamo.com\/blog\/wp-content\/uploads\/2023\/10\/Diseno-sin-titulo-2023-10-20T143510.633-300x225.jpg",300,225,true],"medium_large":["https:\/\/alprestamo.com\/blog\/wp-content\/uploads\/2023\/10\/Diseno-sin-titulo-2023-10-20T143510.633-768x576.jpg",768,576,true],"large":["https:\/\/alprestamo.com\/blog\/wp-content\/uploads\/2023\/10\/Diseno-sin-titulo-2023-10-20T143510.633.jpg",1024,768,false],"1536x1536":["https:\/\/alprestamo.com\/blog\/wp-content\/uploads\/2023\/10\/Diseno-sin-titulo-2023-10-20T143510.633.jpg",1024,768,false],"2048x2048":["https:\/\/alprestamo.com\/blog\/wp-content\/uploads\/2023\/10\/Diseno-sin-titulo-2023-10-20T143510.633.jpg",1024,768,false]},"uagb_author_info":{"display_name":"Ramiro Querejeta","author_link":"https:\/\/alprestamo.com\/blog\/author\/ramiro\/"},"uagb_comment_info":0,"uagb_excerpt":"Para el mes de noviembre, Prosperidad Social program\u00f3 el comienzo del cuarto ciclo de pagos de la Renta Ciudadana, destinado a las viviendas beneficiarias que cumplieron con las caracter\u00edsticas del programa en las \u00e1reas de salud y educaci\u00f3n. Para este nuevo ciclo de pagos se introducen novedades, como el levantamiento de suspensiones, aplazamiento y liquidaciones.&hellip;","rttpg_featured_image_url":{"full":["https:\/\/alprestamo.com\/blog\/wp-content\/uploads\/2023\/10\/Diseno-sin-titulo-2023-10-20T143510.633.jpg",1024,768,false],"landscape":["https:\/\/alprestamo.com\/blog\/wp-content\/uploads\/2023\/10\/Diseno-sin-titulo-2023-10-20T143510.633.jpg",1024,768,false],"portraits":["https:\/\/alprestamo.com\/blog\/wp-content\/uploads\/2023\/10\/Diseno-sin-titulo-2023-10-20T143510.633.jpg",1024,768,false],"thumbnail":["https:\/\/alprestamo.com\/blog\/wp-content\/uploads\/2023\/10\/Diseno-sin-titulo-2023-10-20T143510.633-150x150.jpg",150,150,true],"medium":["https:\/\/alprestamo.com\/blog\/wp-content\/uploads\/2023\/10\/Diseno-sin-titulo-2023-10-20T143510.633-300x225.jpg",300,225,true],"large":["https:\/\/alprestamo.com\/blog\/wp-content\/uploads\/2023\/10\/Diseno-sin-titulo-2023-10-20T143510.633.jpg",1024,768,false],"1536x1536":["https:\/\/alprestamo.com\/blog\/wp-content\/uploads\/2023\/10\/Diseno-sin-titulo-2023-10-20T143510.633.jpg",1024,768,false],"2048x2048":["https:\/\/alprestamo.com\/blog\/wp-content\/uploads\/2023\/10\/Diseno-sin-titulo-2023-10-20T143510.633.jpg",1024,768,false],"rt_custom":["https:\/\/alprestamo.com\/blog\/wp-content\/uploads\/2023\/10\/Diseno-sin-titulo-2023-10-20T143510.633.jpg",1024,768,false]},"rttpg_author":{"display_name":"Ramiro Querejeta","author_link":"https:\/\/alprestamo.com\/blog\/author\/ramiro\/"},"rttpg_comment":0,"rttpg_category":"<a href=\"https:\/\/alprestamo.com\/blog\/categoria\/co\/\" rel=\"category tag\">CO<\/a> <a href=\"https:\/\/alprestamo.com\/blog\/categoria\/co\/programas-sociales\/\" rel=\"category tag\">Programas sociales<\/a>","rttpg_excerpt":"Para el mes de noviembre, Prosperidad Social program\u00f3 el comienzo del cuarto ciclo de pagos de la Renta Ciudadana, destinado a las viviendas beneficiarias que cumplieron con las caracter\u00edsticas del programa en las \u00e1reas de salud y educaci\u00f3n. Para este nuevo ciclo de pagos se introducen novedades, como el levantamiento de suspensiones, aplazamiento y liquidaciones.&hellip;","_links":{"self":[{"href":"https:\/\/alprestamo.com\/blog\/wp-json\/wp\/v2\/posts\/31831"}],"collection":[{"href":"https:\/\/alprestamo.com\/blog\/wp-json\/wp\/v2\/posts"}],"about":[{"href":"https:\/\/alprestamo.com\/blog\/wp-json\/wp\/v2\/types\/post"}],"author":[{"embeddable":true,"href":"https:\/\/alprestamo.com\/blog\/wp-json\/wp\/v2\/users\/9"}],"replies":[{"embeddable":true,"href":"https:\/\/alprestamo.com\/blog\/wp-json\/wp\/v2\/comments?post=31831"}],"version-history":[{"count":7,"href":"https:\/\/alprestamo.com\/blog\/wp-json\/wp\/v2\/posts\/31831\/revisions"}],"predecessor-version":[{"id":32028,"href":"https:\/\/alprestamo.com\/blog\/wp-json\/wp\/v2\/posts\/31831\/revisions\/32028"}],"wp:featuredmedia":[{"embeddable":true,"href":"https:\/\/alprestamo.com\/blog\/wp-json\/wp\/v2\/media\/31836"}],"wp:attachment":[{"href":"https:\/\/alprestamo.com\/blog\/wp-json\/wp\/v2\/media?parent=31831"}],"wp:term":[{"taxonomy":"category","embeddable":true,"href":"https:\/\/alprestamo.com\/blog\/wp-json\/wp\/v2\/categories?post=31831"},{"taxonomy":"post_tag","embeddable":true,"href":"https:\/\/alprestamo.com\/blog\/wp-json\/wp\/v2\/tags?post=31831"}],"curies":[{"name":"wp","href":"https:\/\/api.w.org\/{rel}","templated":true}]}}