{"id":31923,"date":"2023-10-25T10:30:00","date_gmt":"2023-10-25T13:30:00","guid":{"rendered":"https:\/\/alprestamo.com\/blog\/?p=31923"},"modified":"2023-11-13T11:42:30","modified_gmt":"2023-11-13T14:42:30","slug":"suspension-de-programas-sociales-a-quienes-afecta-y-por-que","status":"publish","type":"post","link":"https:\/\/alprestamo.com\/blog\/suspension-de-programas-sociales-a-quienes-afecta-y-por-que\/","title":{"rendered":"Suspensi\u00f3n de programas sociales: a qui\u00e9nes afecta y por qu\u00e9"},"content":{"rendered":"\n<p>Desde<strong> Prosperidad Social<\/strong> comunicaron que suspendieron las inscripciones a <strong>programas sociales<\/strong> que entrega el Gobierno. La interrupci\u00f3n se alargar\u00e1 hasta despu\u00e9s de las elecciones territoriales, que se llevar\u00e1n a cabo el 29 de octubre, y busca evitar que las ayudas del Estado se utilicen para realizar fraudes electorales.&nbsp;<\/p>\n\n\n\n<h2 class=\"wp-block-heading\">Objetivo de la medida&nbsp;<\/h2>\n\n\n\n<p><\/p>\n\n\n\n<p>La medida, llamada \u201c<strong>blindaje electoral<\/strong>\u201d, tiene como objetivo que ning\u00fan candidato ni partido pol\u00edtico pueda ofrecer a los beneficiarios ayudas institucionales a cambio de votos. Desde Prosperidad Social insisten en que todos los <a href=\"https:\/\/alprestamo.com\/blog\/co\/calendario-de-pagos-de-programa-sociales-en-septiembre\/\" target=\"_blank\" rel=\"noreferrer noopener\">programas que ofrecen<\/a> son gratis y no requiere de ning\u00fan intermediario, ni para cobrarlos ni para acceder a ellos.&nbsp;<\/p>\n\n\n\n<p>Estas medidas, seg\u00fan lo expresado por la entidad, se adoptan porque desde el mes de junio se detectaron irregularidades y generaron alertas de personas que estar\u00edan usando estos subsidios como una herramienta para captar votos.&nbsp;<\/p>\n\n\n\n<h2 class=\"wp-block-heading\">Programas sociales que se suspenden&nbsp;<\/h2>\n\n\n\n<p><\/p>\n\n\n\n<p>Para evitar los conflictos mencionados anteriormente, de forma preventiva Prosperidad Social suspendi\u00f3 las inscripciones y asignaciones de cupos para los <em>programas sociales<a href=\"https:\/\/alprestamo.com\/blog\/co\/comienza-el-noveno-pago-de-colombia-mayor\/\" target=\"_blank\" rel=\"noreferrer noopener\"> <\/a><\/em><strong><a href=\"https:\/\/alprestamo.com\/blog\/co\/comienza-el-noveno-pago-de-colombia-mayor\/\" target=\"_blank\" rel=\"noreferrer noopener\">Colombia Mayor<\/a>,<\/strong> durante los ciclos 9 y 10, que corresponden a septiembre y octubre. Tambi\u00e9n afecta a<strong> <\/strong>la<strong> <a rel=\"noreferrer noopener\" href=\"https:\/\/alprestamo.com\/blog\/co\/cuarto-ciclo-de-pagos-de-renta-ciudadana-en-noviembre\/\" target=\"_blank\">Renta Ciudadana<\/a><\/strong>, <strong>Devoluci\u00f3n del IVA<\/strong>, <strong>Familias en su Tierra <\/strong>e <strong>Iraca<\/strong>.&nbsp;<\/p>\n","protected":false},"excerpt":{"rendered":"<p>Desde Prosperidad Social comunicaron que suspendieron las inscripciones a programas sociales que entrega el Gobierno. La interrupci\u00f3n se alargar\u00e1 hasta despu\u00e9s de las elecciones territoriales, que se llevar\u00e1n a cabo el 29 de octubre, y busca evitar que las ayudas del Estado se utilicen para realizar fraudes electorales.&nbsp; Objetivo de la medida&nbsp; La medida, llamada &hellip;<\/p>\n<p class=\"read-more\"> <a class=\"\" href=\"https:\/\/alprestamo.com\/blog\/suspension-de-programas-sociales-a-quienes-afecta-y-por-que\/\"> <span class=\"screen-reader-text\">Suspensi\u00f3n de programas sociales: a qui\u00e9nes afecta y por qu\u00e9<\/span> Leer m\u00e1s &raquo;<\/a><\/p>\n","protected":false},"author":9,"featured_media":31927,"comment_status":"closed","ping_status":"closed","sticky":false,"template":"","format":"standard","meta":{"_uag_custom_page_level_css":"","site-sidebar-layout":"default","site-content-layout":"default","ast-global-header-display":"","ast-banner-title-visibility":"","ast-main-header-display":"","ast-hfb-above-header-display":"","ast-hfb-below-header-display":"","ast-hfb-mobile-header-display":"","site-post-title":"","ast-breadcrumbs-content":"","ast-featured-img":"","footer-sml-layout":"","theme-transparent-header-meta":"","adv-header-id-meta":"","stick-header-meta":"","header-above-stick-meta":"","header-main-stick-meta":"","header-below-stick-meta":"","footnotes":""},"categories":[98,100],"tags":[],"class_list":["post-31923","post","type-post","status-publish","format-standard","has-post-thumbnail","hentry","category-co","category-programas-sociales"],"acf":[],"yoast_head":"<!-- This site is optimized with the Yoast SEO plugin v23.2 - https:\/\/yoast.com\/wordpress\/plugins\/seo\/ -->\n<title>Suspensi\u00f3n de programas sociales: a qui\u00e9nes afecta y por qu\u00e9<\/title>\n<meta name=\"description\" content=\"Desde Prosperidad Social comunicaron que suspendieron las inscripciones a programas sociales que entrega el Gobierno. La interrupci\u00f3n se alargar\u00e1 hasta\" \/>\n<meta name=\"robots\" content=\"index, follow, max-snippet:-1, max-image-preview:large, max-video-preview:-1\" \/>\n<link rel=\"canonical\" href=\"https:\/\/alprestamo.com\/blog\/suspension-de-programas-sociales-a-quienes-afecta-y-por-que\/\" \/>\n<meta property=\"og:locale\" content=\"es_ES\" \/>\n<meta property=\"og:type\" content=\"article\" \/>\n<meta property=\"og:title\" content=\"Suspensi\u00f3n de programas sociales: a qui\u00e9nes afecta y por qu\u00e9\" \/>\n<meta property=\"og:description\" content=\"Desde Prosperidad Social comunicaron que suspendieron las inscripciones a programas sociales que entrega el Gobierno. La interrupci\u00f3n se alargar\u00e1 hasta\" \/>\n<meta property=\"og:url\" content=\"https:\/\/alprestamo.com\/blog\/suspension-de-programas-sociales-a-quienes-afecta-y-por-que\/\" \/>\n<meta property=\"og:site_name\" content=\"Alprestamo - Hacemos que todo suceda\" \/>\n<meta property=\"article:published_time\" content=\"2023-10-25T13:30:00+00:00\" \/>\n<meta property=\"article:modified_time\" content=\"2023-11-13T14:42:30+00:00\" \/>\n<meta property=\"og:image\" content=\"https:\/\/alprestamo.com\/blog\/wp-content\/uploads\/2023\/10\/Diseno-sin-titulo-2023-10-23T154402.818.jpg\" \/>\n\t<meta property=\"og:image:width\" content=\"1024\" \/>\n\t<meta property=\"og:image:height\" content=\"768\" \/>\n\t<meta property=\"og:image:type\" content=\"image\/jpeg\" \/>\n<meta name=\"author\" content=\"Ramiro Querejeta\" \/>\n<meta name=\"twitter:card\" content=\"summary_large_image\" \/>\n<meta name=\"twitter:label1\" content=\"Escrito por\" \/>\n\t<meta name=\"twitter:data1\" content=\"Ramiro Querejeta\" \/>\n\t<meta name=\"twitter:label2\" content=\"Tiempo de lectura\" \/>\n\t<meta name=\"twitter:data2\" content=\"1 minuto\" \/>\n<script type=\"application\/ld+json\" class=\"yoast-schema-graph\">{\"@context\":\"https:\/\/schema.org\",\"@graph\":[{\"@type\":\"NewsArticle\",\"@id\":\"https:\/\/alprestamo.com\/blog\/suspension-de-programas-sociales-a-quienes-afecta-y-por-que\/#article\",\"isPartOf\":{\"@id\":\"https:\/\/alprestamo.com\/blog\/suspension-de-programas-sociales-a-quienes-afecta-y-por-que\/\"},\"author\":{\"name\":\"Ramiro Querejeta\",\"@id\":\"https:\/\/alprestamo.com\/blog\/#\/schema\/person\/4c568603ceb381762b4c9062d42c7627\"},\"headline\":\"Suspensi\u00f3n de programas sociales: a qui\u00e9nes afecta y por qu\u00e9\",\"datePublished\":\"2023-10-25T13:30:00+00:00\",\"dateModified\":\"2023-11-13T14:42:30+00:00\",\"mainEntityOfPage\":{\"@id\":\"https:\/\/alprestamo.com\/blog\/suspension-de-programas-sociales-a-quienes-afecta-y-por-que\/\"},\"wordCount\":220,\"publisher\":{\"@id\":\"https:\/\/alprestamo.com\/blog\/#organization\"},\"image\":{\"@id\":\"https:\/\/alprestamo.com\/blog\/suspension-de-programas-sociales-a-quienes-afecta-y-por-que\/#primaryimage\"},\"thumbnailUrl\":\"https:\/\/alprestamo.com\/blog\/wp-content\/uploads\/2023\/10\/Diseno-sin-titulo-2023-10-23T154402.818.jpg\",\"articleSection\":[\"CO\",\"Programas sociales\"],\"inLanguage\":\"es-AR\"},{\"@type\":\"WebPage\",\"@id\":\"https:\/\/alprestamo.com\/blog\/suspension-de-programas-sociales-a-quienes-afecta-y-por-que\/\",\"url\":\"https:\/\/alprestamo.com\/blog\/suspension-de-programas-sociales-a-quienes-afecta-y-por-que\/\",\"name\":\"Suspensi\u00f3n de programas sociales: a qui\u00e9nes afecta y por qu\u00e9\",\"isPartOf\":{\"@id\":\"https:\/\/alprestamo.com\/blog\/#website\"},\"primaryImageOfPage\":{\"@id\":\"https:\/\/alprestamo.com\/blog\/suspension-de-programas-sociales-a-quienes-afecta-y-por-que\/#primaryimage\"},\"image\":{\"@id\":\"https:\/\/alprestamo.com\/blog\/suspension-de-programas-sociales-a-quienes-afecta-y-por-que\/#primaryimage\"},\"thumbnailUrl\":\"https:\/\/alprestamo.com\/blog\/wp-content\/uploads\/2023\/10\/Diseno-sin-titulo-2023-10-23T154402.818.jpg\",\"datePublished\":\"2023-10-25T13:30:00+00:00\",\"dateModified\":\"2023-11-13T14:42:30+00:00\",\"description\":\"Desde Prosperidad Social comunicaron que suspendieron las inscripciones a programas sociales que entrega el Gobierno. La interrupci\u00f3n se alargar\u00e1 hasta\",\"breadcrumb\":{\"@id\":\"https:\/\/alprestamo.com\/blog\/suspension-de-programas-sociales-a-quienes-afecta-y-por-que\/#breadcrumb\"},\"inLanguage\":\"es-AR\",\"potentialAction\":[{\"@type\":\"ReadAction\",\"target\":[\"https:\/\/alprestamo.com\/blog\/suspension-de-programas-sociales-a-quienes-afecta-y-por-que\/\"]}]},{\"@type\":\"ImageObject\",\"inLanguage\":\"es-AR\",\"@id\":\"https:\/\/alprestamo.com\/blog\/suspension-de-programas-sociales-a-quienes-afecta-y-por-que\/#primaryimage\",\"url\":\"https:\/\/alprestamo.com\/blog\/wp-content\/uploads\/2023\/10\/Diseno-sin-titulo-2023-10-23T154402.818.jpg\",\"contentUrl\":\"https:\/\/alprestamo.com\/blog\/wp-content\/uploads\/2023\/10\/Diseno-sin-titulo-2023-10-23T154402.818.jpg\",\"width\":1024,\"height\":768,\"caption\":\"Programas sociales\"},{\"@type\":\"BreadcrumbList\",\"@id\":\"https:\/\/alprestamo.com\/blog\/suspension-de-programas-sociales-a-quienes-afecta-y-por-que\/#breadcrumb\",\"itemListElement\":[{\"@type\":\"ListItem\",\"position\":1,\"name\":\"Home\",\"item\":\"https:\/\/alprestamo.com\/blog\/\"},{\"@type\":\"ListItem\",\"position\":2,\"name\":\"Suspensi\u00f3n de programas sociales: a qui\u00e9nes afecta y por qu\u00e9\"}]},{\"@type\":\"WebSite\",\"@id\":\"https:\/\/alprestamo.com\/blog\/#website\",\"url\":\"https:\/\/alprestamo.com\/blog\/\",\"name\":\"Alprestamo\",\"description\":\"Hacemos que todo suceda\",\"publisher\":{\"@id\":\"https:\/\/alprestamo.com\/blog\/#organization\"},\"potentialAction\":[{\"@type\":\"SearchAction\",\"target\":{\"@type\":\"EntryPoint\",\"urlTemplate\":\"https:\/\/alprestamo.com\/blog\/?s={search_term_string}\"},\"query-input\":\"required name=search_term_string\"}],\"inLanguage\":\"es-AR\"},{\"@type\":\"Organization\",\"@id\":\"https:\/\/alprestamo.com\/blog\/#organization\",\"name\":\"Alprestamo\",\"url\":\"https:\/\/alprestamo.com\/blog\/\",\"logo\":{\"@type\":\"ImageObject\",\"inLanguage\":\"es-AR\",\"@id\":\"https:\/\/alprestamo.com\/blog\/#\/schema\/logo\/image\/\",\"url\":\"https:\/\/alprestamo.com\/blog\/wp-content\/uploads\/2022\/10\/Imagotipo_Blanco.svg\",\"contentUrl\":\"https:\/\/alprestamo.com\/blog\/wp-content\/uploads\/2022\/10\/Imagotipo_Blanco.svg\",\"width\":1199,\"height\":203,\"caption\":\"Alprestamo\"},\"image\":{\"@id\":\"https:\/\/alprestamo.com\/blog\/#\/schema\/logo\/image\/\"}},{\"@type\":\"Person\",\"@id\":\"https:\/\/alprestamo.com\/blog\/#\/schema\/person\/4c568603ceb381762b4c9062d42c7627\",\"name\":\"Ramiro Querejeta\",\"image\":{\"@type\":\"ImageObject\",\"inLanguage\":\"es-AR\",\"@id\":\"https:\/\/alprestamo.com\/blog\/#\/schema\/person\/image\/\",\"url\":\"https:\/\/alprestamo.com\/blog\/wp-content\/uploads\/2025\/08\/1688503693490-150x150.jpeg\",\"contentUrl\":\"https:\/\/alprestamo.com\/blog\/wp-content\/uploads\/2025\/08\/1688503693490-150x150.jpeg\",\"caption\":\"Ramiro Querejeta\"},\"url\":\"https:\/\/alprestamo.com\/blog\/author\/ramiro\/\"}]}<\/script>\n<!-- \/ Yoast SEO plugin. -->","yoast_head_json":{"title":"Suspensi\u00f3n de programas sociales: a qui\u00e9nes afecta y por qu\u00e9","description":"Desde Prosperidad Social comunicaron que suspendieron las inscripciones a programas sociales que entrega el Gobierno. La interrupci\u00f3n se alargar\u00e1 hasta","robots":{"index":"index","follow":"follow","max-snippet":"max-snippet:-1","max-image-preview":"max-image-preview:large","max-video-preview":"max-video-preview:-1"},"canonical":"https:\/\/alprestamo.com\/blog\/suspension-de-programas-sociales-a-quienes-afecta-y-por-que\/","og_locale":"es_ES","og_type":"article","og_title":"Suspensi\u00f3n de programas sociales: a qui\u00e9nes afecta y por qu\u00e9","og_description":"Desde Prosperidad Social comunicaron que suspendieron las inscripciones a programas sociales que entrega el Gobierno. La interrupci\u00f3n se alargar\u00e1 hasta","og_url":"https:\/\/alprestamo.com\/blog\/suspension-de-programas-sociales-a-quienes-afecta-y-por-que\/","og_site_name":"Alprestamo - Hacemos que todo suceda","article_published_time":"2023-10-25T13:30:00+00:00","article_modified_time":"2023-11-13T14:42:30+00:00","og_image":[{"width":1024,"height":768,"url":"https:\/\/alprestamo.com\/blog\/wp-content\/uploads\/2023\/10\/Diseno-sin-titulo-2023-10-23T154402.818.jpg","type":"image\/jpeg"}],"author":"Ramiro Querejeta","twitter_card":"summary_large_image","twitter_misc":{"Escrito por":"Ramiro Querejeta","Tiempo de lectura":"1 minuto"},"schema":{"@context":"https:\/\/schema.org","@graph":[{"@type":"NewsArticle","@id":"https:\/\/alprestamo.com\/blog\/suspension-de-programas-sociales-a-quienes-afecta-y-por-que\/#article","isPartOf":{"@id":"https:\/\/alprestamo.com\/blog\/suspension-de-programas-sociales-a-quienes-afecta-y-por-que\/"},"author":{"name":"Ramiro Querejeta","@id":"https:\/\/alprestamo.com\/blog\/#\/schema\/person\/4c568603ceb381762b4c9062d42c7627"},"headline":"Suspensi\u00f3n de programas sociales: a qui\u00e9nes afecta y por qu\u00e9","datePublished":"2023-10-25T13:30:00+00:00","dateModified":"2023-11-13T14:42:30+00:00","mainEntityOfPage":{"@id":"https:\/\/alprestamo.com\/blog\/suspension-de-programas-sociales-a-quienes-afecta-y-por-que\/"},"wordCount":220,"publisher":{"@id":"https:\/\/alprestamo.com\/blog\/#organization"},"image":{"@id":"https:\/\/alprestamo.com\/blog\/suspension-de-programas-sociales-a-quienes-afecta-y-por-que\/#primaryimage"},"thumbnailUrl":"https:\/\/alprestamo.com\/blog\/wp-content\/uploads\/2023\/10\/Diseno-sin-titulo-2023-10-23T154402.818.jpg","articleSection":["CO","Programas sociales"],"inLanguage":"es-AR"},{"@type":"WebPage","@id":"https:\/\/alprestamo.com\/blog\/suspension-de-programas-sociales-a-quienes-afecta-y-por-que\/","url":"https:\/\/alprestamo.com\/blog\/suspension-de-programas-sociales-a-quienes-afecta-y-por-que\/","name":"Suspensi\u00f3n de programas sociales: a qui\u00e9nes afecta y por qu\u00e9","isPartOf":{"@id":"https:\/\/alprestamo.com\/blog\/#website"},"primaryImageOfPage":{"@id":"https:\/\/alprestamo.com\/blog\/suspension-de-programas-sociales-a-quienes-afecta-y-por-que\/#primaryimage"},"image":{"@id":"https:\/\/alprestamo.com\/blog\/suspension-de-programas-sociales-a-quienes-afecta-y-por-que\/#primaryimage"},"thumbnailUrl":"https:\/\/alprestamo.com\/blog\/wp-content\/uploads\/2023\/10\/Diseno-sin-titulo-2023-10-23T154402.818.jpg","datePublished":"2023-10-25T13:30:00+00:00","dateModified":"2023-11-13T14:42:30+00:00","description":"Desde Prosperidad Social comunicaron que suspendieron las inscripciones a programas sociales que entrega el Gobierno. La interrupci\u00f3n se alargar\u00e1 hasta","breadcrumb":{"@id":"https:\/\/alprestamo.com\/blog\/suspension-de-programas-sociales-a-quienes-afecta-y-por-que\/#breadcrumb"},"inLanguage":"es-AR","potentialAction":[{"@type":"ReadAction","target":["https:\/\/alprestamo.com\/blog\/suspension-de-programas-sociales-a-quienes-afecta-y-por-que\/"]}]},{"@type":"ImageObject","inLanguage":"es-AR","@id":"https:\/\/alprestamo.com\/blog\/suspension-de-programas-sociales-a-quienes-afecta-y-por-que\/#primaryimage","url":"https:\/\/alprestamo.com\/blog\/wp-content\/uploads\/2023\/10\/Diseno-sin-titulo-2023-10-23T154402.818.jpg","contentUrl":"https:\/\/alprestamo.com\/blog\/wp-content\/uploads\/2023\/10\/Diseno-sin-titulo-2023-10-23T154402.818.jpg","width":1024,"height":768,"caption":"Programas sociales"},{"@type":"BreadcrumbList","@id":"https:\/\/alprestamo.com\/blog\/suspension-de-programas-sociales-a-quienes-afecta-y-por-que\/#breadcrumb","itemListElement":[{"@type":"ListItem","position":1,"name":"Home","item":"https:\/\/alprestamo.com\/blog\/"},{"@type":"ListItem","position":2,"name":"Suspensi\u00f3n de programas sociales: a qui\u00e9nes afecta y por qu\u00e9"}]},{"@type":"WebSite","@id":"https:\/\/alprestamo.com\/blog\/#website","url":"https:\/\/alprestamo.com\/blog\/","name":"Alprestamo","description":"Hacemos que todo suceda","publisher":{"@id":"https:\/\/alprestamo.com\/blog\/#organization"},"potentialAction":[{"@type":"SearchAction","target":{"@type":"EntryPoint","urlTemplate":"https:\/\/alprestamo.com\/blog\/?s={search_term_string}"},"query-input":"required name=search_term_string"}],"inLanguage":"es-AR"},{"@type":"Organization","@id":"https:\/\/alprestamo.com\/blog\/#organization","name":"Alprestamo","url":"https:\/\/alprestamo.com\/blog\/","logo":{"@type":"ImageObject","inLanguage":"es-AR","@id":"https:\/\/alprestamo.com\/blog\/#\/schema\/logo\/image\/","url":"https:\/\/alprestamo.com\/blog\/wp-content\/uploads\/2022\/10\/Imagotipo_Blanco.svg","contentUrl":"https:\/\/alprestamo.com\/blog\/wp-content\/uploads\/2022\/10\/Imagotipo_Blanco.svg","width":1199,"height":203,"caption":"Alprestamo"},"image":{"@id":"https:\/\/alprestamo.com\/blog\/#\/schema\/logo\/image\/"}},{"@type":"Person","@id":"https:\/\/alprestamo.com\/blog\/#\/schema\/person\/4c568603ceb381762b4c9062d42c7627","name":"Ramiro Querejeta","image":{"@type":"ImageObject","inLanguage":"es-AR","@id":"https:\/\/alprestamo.com\/blog\/#\/schema\/person\/image\/","url":"https:\/\/alprestamo.com\/blog\/wp-content\/uploads\/2025\/08\/1688503693490-150x150.jpeg","contentUrl":"https:\/\/alprestamo.com\/blog\/wp-content\/uploads\/2025\/08\/1688503693490-150x150.jpeg","caption":"Ramiro Querejeta"},"url":"https:\/\/alprestamo.com\/blog\/author\/ramiro\/"}]}},"uagb_featured_image_src":{"full":["https:\/\/alprestamo.com\/blog\/wp-content\/uploads\/2023\/10\/Diseno-sin-titulo-2023-10-23T154402.818.jpg",1024,768,false],"thumbnail":["https:\/\/alprestamo.com\/blog\/wp-content\/uploads\/2023\/10\/Diseno-sin-titulo-2023-10-23T154402.818-150x150.jpg",150,150,true],"medium":["https:\/\/alprestamo.com\/blog\/wp-content\/uploads\/2023\/10\/Diseno-sin-titulo-2023-10-23T154402.818-300x225.jpg",300,225,true],"medium_large":["https:\/\/alprestamo.com\/blog\/wp-content\/uploads\/2023\/10\/Diseno-sin-titulo-2023-10-23T154402.818-768x576.jpg",768,576,true],"large":["https:\/\/alprestamo.com\/blog\/wp-content\/uploads\/2023\/10\/Diseno-sin-titulo-2023-10-23T154402.818.jpg",1024,768,false],"1536x1536":["https:\/\/alprestamo.com\/blog\/wp-content\/uploads\/2023\/10\/Diseno-sin-titulo-2023-10-23T154402.818.jpg",1024,768,false],"2048x2048":["https:\/\/alprestamo.com\/blog\/wp-content\/uploads\/2023\/10\/Diseno-sin-titulo-2023-10-23T154402.818.jpg",1024,768,false]},"uagb_author_info":{"display_name":"Ramiro Querejeta","author_link":"https:\/\/alprestamo.com\/blog\/author\/ramiro\/"},"uagb_comment_info":0,"uagb_excerpt":"Desde Prosperidad Social comunicaron que suspendieron las inscripciones a programas sociales que entrega el Gobierno. La interrupci\u00f3n se alargar\u00e1 hasta despu\u00e9s de las elecciones territoriales, que se llevar\u00e1n a cabo el 29 de octubre, y busca evitar que las ayudas del Estado se utilicen para realizar fraudes electorales.&nbsp; Objetivo de la medida&nbsp; La medida, llamada&hellip;","rttpg_featured_image_url":{"full":["https:\/\/alprestamo.com\/blog\/wp-content\/uploads\/2023\/10\/Diseno-sin-titulo-2023-10-23T154402.818.jpg",1024,768,false],"landscape":["https:\/\/alprestamo.com\/blog\/wp-content\/uploads\/2023\/10\/Diseno-sin-titulo-2023-10-23T154402.818.jpg",1024,768,false],"portraits":["https:\/\/alprestamo.com\/blog\/wp-content\/uploads\/2023\/10\/Diseno-sin-titulo-2023-10-23T154402.818.jpg",1024,768,false],"thumbnail":["https:\/\/alprestamo.com\/blog\/wp-content\/uploads\/2023\/10\/Diseno-sin-titulo-2023-10-23T154402.818-150x150.jpg",150,150,true],"medium":["https:\/\/alprestamo.com\/blog\/wp-content\/uploads\/2023\/10\/Diseno-sin-titulo-2023-10-23T154402.818-300x225.jpg",300,225,true],"large":["https:\/\/alprestamo.com\/blog\/wp-content\/uploads\/2023\/10\/Diseno-sin-titulo-2023-10-23T154402.818.jpg",1024,768,false],"1536x1536":["https:\/\/alprestamo.com\/blog\/wp-content\/uploads\/2023\/10\/Diseno-sin-titulo-2023-10-23T154402.818.jpg",1024,768,false],"2048x2048":["https:\/\/alprestamo.com\/blog\/wp-content\/uploads\/2023\/10\/Diseno-sin-titulo-2023-10-23T154402.818.jpg",1024,768,false],"rt_custom":["https:\/\/alprestamo.com\/blog\/wp-content\/uploads\/2023\/10\/Diseno-sin-titulo-2023-10-23T154402.818.jpg",1024,768,false]},"rttpg_author":{"display_name":"Ramiro Querejeta","author_link":"https:\/\/alprestamo.com\/blog\/author\/ramiro\/"},"rttpg_comment":0,"rttpg_category":"<a href=\"https:\/\/alprestamo.com\/blog\/categoria\/co\/\" rel=\"category tag\">CO<\/a> <a href=\"https:\/\/alprestamo.com\/blog\/categoria\/co\/programas-sociales\/\" rel=\"category tag\">Programas sociales<\/a>","rttpg_excerpt":"Desde Prosperidad Social comunicaron que suspendieron las inscripciones a programas sociales que entrega el Gobierno. La interrupci\u00f3n se alargar\u00e1 hasta despu\u00e9s de las elecciones territoriales, que se llevar\u00e1n a cabo el 29 de octubre, y busca evitar que las ayudas del Estado se utilicen para realizar fraudes electorales.&nbsp; Objetivo de la medida&nbsp; La medida, llamada&hellip;","_links":{"self":[{"href":"https:\/\/alprestamo.com\/blog\/wp-json\/wp\/v2\/posts\/31923"}],"collection":[{"href":"https:\/\/alprestamo.com\/blog\/wp-json\/wp\/v2\/posts"}],"about":[{"href":"https:\/\/alprestamo.com\/blog\/wp-json\/wp\/v2\/types\/post"}],"author":[{"embeddable":true,"href":"https:\/\/alprestamo.com\/blog\/wp-json\/wp\/v2\/users\/9"}],"replies":[{"embeddable":true,"href":"https:\/\/alprestamo.com\/blog\/wp-json\/wp\/v2\/comments?post=31923"}],"version-history":[{"count":7,"href":"https:\/\/alprestamo.com\/blog\/wp-json\/wp\/v2\/posts\/31923\/revisions"}],"predecessor-version":[{"id":31955,"href":"https:\/\/alprestamo.com\/blog\/wp-json\/wp\/v2\/posts\/31923\/revisions\/31955"}],"wp:featuredmedia":[{"embeddable":true,"href":"https:\/\/alprestamo.com\/blog\/wp-json\/wp\/v2\/media\/31927"}],"wp:attachment":[{"href":"https:\/\/alprestamo.com\/blog\/wp-json\/wp\/v2\/media?parent=31923"}],"wp:term":[{"taxonomy":"category","embeddable":true,"href":"https:\/\/alprestamo.com\/blog\/wp-json\/wp\/v2\/categories?post=31923"},{"taxonomy":"post_tag","embeddable":true,"href":"https:\/\/alprestamo.com\/blog\/wp-json\/wp\/v2\/tags?post=31923"}],"curies":[{"name":"wp","href":"https:\/\/api.w.org\/{rel}","templated":true}]}}