{"id":32516,"date":"2023-11-06T11:00:00","date_gmt":"2023-11-06T14:00:00","guid":{"rendered":"https:\/\/alprestamo.com\/blog\/?p=32516"},"modified":"2023-11-06T11:00:00","modified_gmt":"2023-11-06T14:00:00","slug":"calendario-de-pago-de-mi-beca-para-empezar-en-noviembre","status":"publish","type":"post","link":"https:\/\/alprestamo.com\/blog\/calendario-de-pago-de-mi-beca-para-empezar-en-noviembre\/","title":{"rendered":"Calendario de pago de Mi Beca para Empezar en noviembre"},"content":{"rendered":"\n<p>El programa social a cargo del <strong>Gobierno de la Ciudad de M\u00e9xico,<\/strong> conocido como <strong>Mi Beca para Empezar<\/strong>, comenz\u00f3 en 2019 con el fin de evitar la deserci\u00f3n escolar de los alumnos de nivel b\u00e1sico a trav\u00e9s de una ayuda econ\u00f3mica.&nbsp;<\/p>\n\n\n\n<p>Al comenzar un nuevo mes, se renueva e<a href=\"https:\/\/alprestamo.com\/blog\/mx\/programas-sociales-mx\/pago-extra-de-mi-beca-para-empezar-cuanto-y-cuando-se-cobra\/\">l pago de la cuota <\/a>y en este art\u00edculo te contamos en qu\u00e9 fecha cae, el monto y c\u00f3mo inscribirte.\u00a0<\/p>\n\n\n\n<h2 class=\"wp-block-heading\">Cobro de Mi Beca para Empezar en noviembre\u00a0\u00a0<\/h2>\n\n\n\n<p><\/p>\n\n\n\n<p>El<strong> calendario de pagos <\/strong>de <a href=\"https:\/\/alprestamo.com\/blog\/mx\/programas-sociales-mx\/mi-beca-para-empezar-como-saber-si-me-toca-la-entrega-de-la-tarjeta\/\">Mi Beca para Empezar<\/a> determina que la segunda entrega de los montos de dinero se depositar\u00e1n en la Tarjeta del Bienestar de los beneficiarios a partir del mi\u00e9rcoles 1 de noviembre.\u00a0<\/p>\n\n\n\n<p>Quienes ya se encuentran inscritos en el programa social recibir\u00e1n durante noviembre los siguientes montos.<\/p>\n\n\n\n<p><strong>Preescolar<\/strong>: $600<\/p>\n\n\n\n<p><strong>Primaria y secundaria<\/strong>: $650&nbsp;<\/p>\n\n\n\n<p><strong>Centros de Atenci\u00f3n M\u00faltiple<\/strong>: $650&nbsp;<\/p>\n\n\n\n<p>Una de las formas m\u00e1s simples para que los beneficiarios de Mi Beca para Empezar consulten su saldo es mediante su dispositivo m\u00f3vil y mensaje de <em>WhatsApp<\/em>. Para esto deber\u00e1n mandar un mensaje de texto al n\u00famero 63-58-80-50 del CDMX.&nbsp;<\/p>\n\n\n\n<h2 class=\"wp-block-heading\">Calendario de pago completo 2023-2024\u00a0<\/h2>\n\n\n\n<p><\/p>\n\n\n\n<p>Pago 1: 1 Septiembre<\/p>\n\n\n\n<p>Pago 2: 1 Octubre<\/p>\n\n\n\n<p>Pago 3: 1 Noviembre<\/p>\n\n\n\n<p>Pago 4: 1 Diciembre<\/p>\n\n\n\n<p>Pago 5: 1 Enero<\/p>\n\n\n\n<p>Pago 6: 1 Febrero<\/p>\n\n\n\n<p>Pago 7: 1 Marzo<\/p>\n\n\n\n<p>Pago 8: 1 Abril<\/p>\n\n\n\n<p>Pago 9: 2 Mayo<\/p>\n\n\n\n<p>Pago 10: 3 Junio<\/p>\n\n\n\n<h2 class=\"wp-block-heading\">Quienes pueden ser beneficiarios de Mi Beca para Empezar&nbsp;<\/h2>\n\n\n\n<p>Aquellos interesados en aplicar para el cobro de Mi Beca para Empezar son los estudiantes que viven en alguna de las 16 alcald\u00edas de la Ciudad de M\u00e9xico y que asisten a una escuela p\u00fablica de los niveles preescolar, primaria y secundaria o Centros de Atenci\u00f3n M\u00faltiple (CAM).&nbsp;<\/p>\n","protected":false},"excerpt":{"rendered":"<p>El programa social a cargo del Gobierno de la Ciudad de M\u00e9xico, conocido como Mi Beca para Empezar, comenz\u00f3 en 2019 con el fin de evitar la deserci\u00f3n escolar de los alumnos de nivel b\u00e1sico a trav\u00e9s de una ayuda econ\u00f3mica.&nbsp; Al comenzar un nuevo mes, se renueva el pago de la cuota y en &hellip;<\/p>\n<p class=\"read-more\"> <a class=\"\" href=\"https:\/\/alprestamo.com\/blog\/calendario-de-pago-de-mi-beca-para-empezar-en-noviembre\/\"> <span class=\"screen-reader-text\">Calendario de pago de Mi Beca para Empezar en noviembre<\/span> Leer m\u00e1s &raquo;<\/a><\/p>\n","protected":false},"author":9,"featured_media":29306,"comment_status":"closed","ping_status":"closed","sticky":false,"template":"","format":"standard","meta":{"_uag_custom_page_level_css":"","site-sidebar-layout":"default","site-content-layout":"default","ast-global-header-display":"","ast-banner-title-visibility":"","ast-main-header-display":"","ast-hfb-above-header-display":"","ast-hfb-below-header-display":"","ast-hfb-mobile-header-display":"","site-post-title":"","ast-breadcrumbs-content":"","ast-featured-img":"","footer-sml-layout":"","theme-transparent-header-meta":"","adv-header-id-meta":"","stick-header-meta":"","header-above-stick-meta":"","header-main-stick-meta":"","header-below-stick-meta":"","footnotes":""},"categories":[130,203,32],"tags":[],"class_list":["post-32516","post","type-post","status-publish","format-standard","has-post-thumbnail","hentry","category-mx","category-portada-mx","category-programas-sociales-mx"],"acf":[],"yoast_head":"<!-- This site is optimized with the Yoast SEO plugin v23.2 - https:\/\/yoast.com\/wordpress\/plugins\/seo\/ -->\n<title>Calendario de pago de Mi Beca para Empezar en noviembre<\/title>\n<meta name=\"description\" content=\"El programa social a cargo del Gobierno de la Ciudad de M\u00e9xico, conocido como Mi Beca para Empezar, comenz\u00f3 en 2019 con el fin de evitar la deserci\u00f3n\" \/>\n<meta name=\"robots\" content=\"index, follow, max-snippet:-1, max-image-preview:large, max-video-preview:-1\" \/>\n<link rel=\"canonical\" href=\"https:\/\/alprestamo.com\/blog\/calendario-de-pago-de-mi-beca-para-empezar-en-noviembre\/\" \/>\n<meta property=\"og:locale\" content=\"es_ES\" \/>\n<meta property=\"og:type\" content=\"article\" \/>\n<meta property=\"og:title\" content=\"Calendario de pago de Mi Beca para Empezar en noviembre\" \/>\n<meta property=\"og:description\" content=\"El programa social a cargo del Gobierno de la Ciudad de M\u00e9xico, conocido como Mi Beca para Empezar, comenz\u00f3 en 2019 con el fin de evitar la deserci\u00f3n\" \/>\n<meta property=\"og:url\" content=\"https:\/\/alprestamo.com\/blog\/calendario-de-pago-de-mi-beca-para-empezar-en-noviembre\/\" \/>\n<meta property=\"og:site_name\" content=\"Alprestamo - Hacemos que todo suceda\" \/>\n<meta property=\"article:published_time\" content=\"2023-11-06T14:00:00+00:00\" \/>\n<meta property=\"og:image\" content=\"https:\/\/alprestamo.com\/blog\/wp-content\/uploads\/2023\/09\/tarjeta-mi-beca-para-empezar.jpg\" \/>\n\t<meta property=\"og:image:width\" content=\"720\" \/>\n\t<meta property=\"og:image:height\" content=\"540\" \/>\n\t<meta property=\"og:image:type\" content=\"image\/jpeg\" \/>\n<meta name=\"author\" content=\"Ramiro Querejeta\" \/>\n<meta name=\"twitter:card\" content=\"summary_large_image\" \/>\n<meta name=\"twitter:label1\" content=\"Escrito por\" \/>\n\t<meta name=\"twitter:data1\" content=\"Ramiro Querejeta\" \/>\n\t<meta name=\"twitter:label2\" content=\"Tiempo de lectura\" \/>\n\t<meta name=\"twitter:data2\" content=\"1 minuto\" \/>\n<script type=\"application\/ld+json\" class=\"yoast-schema-graph\">{\"@context\":\"https:\/\/schema.org\",\"@graph\":[{\"@type\":\"NewsArticle\",\"@id\":\"https:\/\/alprestamo.com\/blog\/calendario-de-pago-de-mi-beca-para-empezar-en-noviembre\/#article\",\"isPartOf\":{\"@id\":\"https:\/\/alprestamo.com\/blog\/calendario-de-pago-de-mi-beca-para-empezar-en-noviembre\/\"},\"author\":{\"name\":\"Ramiro Querejeta\",\"@id\":\"https:\/\/alprestamo.com\/blog\/#\/schema\/person\/4c568603ceb381762b4c9062d42c7627\"},\"headline\":\"Calendario de pago de Mi Beca para Empezar en noviembre\",\"datePublished\":\"2023-11-06T14:00:00+00:00\",\"dateModified\":\"2023-11-06T14:00:00+00:00\",\"mainEntityOfPage\":{\"@id\":\"https:\/\/alprestamo.com\/blog\/calendario-de-pago-de-mi-beca-para-empezar-en-noviembre\/\"},\"wordCount\":293,\"publisher\":{\"@id\":\"https:\/\/alprestamo.com\/blog\/#organization\"},\"image\":{\"@id\":\"https:\/\/alprestamo.com\/blog\/calendario-de-pago-de-mi-beca-para-empezar-en-noviembre\/#primaryimage\"},\"thumbnailUrl\":\"https:\/\/alprestamo.com\/blog\/wp-content\/uploads\/2023\/09\/tarjeta-mi-beca-para-empezar.jpg\",\"articleSection\":[\"MX\",\"Portada\",\"Programas Sociales\"],\"inLanguage\":\"es-AR\"},{\"@type\":\"WebPage\",\"@id\":\"https:\/\/alprestamo.com\/blog\/calendario-de-pago-de-mi-beca-para-empezar-en-noviembre\/\",\"url\":\"https:\/\/alprestamo.com\/blog\/calendario-de-pago-de-mi-beca-para-empezar-en-noviembre\/\",\"name\":\"Calendario de pago de Mi Beca para Empezar en noviembre\",\"isPartOf\":{\"@id\":\"https:\/\/alprestamo.com\/blog\/#website\"},\"primaryImageOfPage\":{\"@id\":\"https:\/\/alprestamo.com\/blog\/calendario-de-pago-de-mi-beca-para-empezar-en-noviembre\/#primaryimage\"},\"image\":{\"@id\":\"https:\/\/alprestamo.com\/blog\/calendario-de-pago-de-mi-beca-para-empezar-en-noviembre\/#primaryimage\"},\"thumbnailUrl\":\"https:\/\/alprestamo.com\/blog\/wp-content\/uploads\/2023\/09\/tarjeta-mi-beca-para-empezar.jpg\",\"datePublished\":\"2023-11-06T14:00:00+00:00\",\"dateModified\":\"2023-11-06T14:00:00+00:00\",\"description\":\"El programa social a cargo del Gobierno de la Ciudad de M\u00e9xico, conocido como Mi Beca para Empezar, comenz\u00f3 en 2019 con el fin de evitar la deserci\u00f3n\",\"breadcrumb\":{\"@id\":\"https:\/\/alprestamo.com\/blog\/calendario-de-pago-de-mi-beca-para-empezar-en-noviembre\/#breadcrumb\"},\"inLanguage\":\"es-AR\",\"potentialAction\":[{\"@type\":\"ReadAction\",\"target\":[\"https:\/\/alprestamo.com\/blog\/calendario-de-pago-de-mi-beca-para-empezar-en-noviembre\/\"]}]},{\"@type\":\"ImageObject\",\"inLanguage\":\"es-AR\",\"@id\":\"https:\/\/alprestamo.com\/blog\/calendario-de-pago-de-mi-beca-para-empezar-en-noviembre\/#primaryimage\",\"url\":\"https:\/\/alprestamo.com\/blog\/wp-content\/uploads\/2023\/09\/tarjeta-mi-beca-para-empezar.jpg\",\"contentUrl\":\"https:\/\/alprestamo.com\/blog\/wp-content\/uploads\/2023\/09\/tarjeta-mi-beca-para-empezar.jpg\",\"width\":720,\"height\":540,\"caption\":\"Tarjeta de los beneficiarios de Mi Beca para Empezar\"},{\"@type\":\"BreadcrumbList\",\"@id\":\"https:\/\/alprestamo.com\/blog\/calendario-de-pago-de-mi-beca-para-empezar-en-noviembre\/#breadcrumb\",\"itemListElement\":[{\"@type\":\"ListItem\",\"position\":1,\"name\":\"Home\",\"item\":\"https:\/\/alprestamo.com\/blog\/\"},{\"@type\":\"ListItem\",\"position\":2,\"name\":\"Calendario de pago de Mi Beca para Empezar en noviembre\"}]},{\"@type\":\"WebSite\",\"@id\":\"https:\/\/alprestamo.com\/blog\/#website\",\"url\":\"https:\/\/alprestamo.com\/blog\/\",\"name\":\"Alprestamo\",\"description\":\"Hacemos que todo suceda\",\"publisher\":{\"@id\":\"https:\/\/alprestamo.com\/blog\/#organization\"},\"potentialAction\":[{\"@type\":\"SearchAction\",\"target\":{\"@type\":\"EntryPoint\",\"urlTemplate\":\"https:\/\/alprestamo.com\/blog\/?s={search_term_string}\"},\"query-input\":\"required name=search_term_string\"}],\"inLanguage\":\"es-AR\"},{\"@type\":\"Organization\",\"@id\":\"https:\/\/alprestamo.com\/blog\/#organization\",\"name\":\"Alprestamo\",\"url\":\"https:\/\/alprestamo.com\/blog\/\",\"logo\":{\"@type\":\"ImageObject\",\"inLanguage\":\"es-AR\",\"@id\":\"https:\/\/alprestamo.com\/blog\/#\/schema\/logo\/image\/\",\"url\":\"https:\/\/alprestamo.com\/blog\/wp-content\/uploads\/2022\/10\/Imagotipo_Blanco.svg\",\"contentUrl\":\"https:\/\/alprestamo.com\/blog\/wp-content\/uploads\/2022\/10\/Imagotipo_Blanco.svg\",\"width\":1199,\"height\":203,\"caption\":\"Alprestamo\"},\"image\":{\"@id\":\"https:\/\/alprestamo.com\/blog\/#\/schema\/logo\/image\/\"}},{\"@type\":\"Person\",\"@id\":\"https:\/\/alprestamo.com\/blog\/#\/schema\/person\/4c568603ceb381762b4c9062d42c7627\",\"name\":\"Ramiro Querejeta\",\"image\":{\"@type\":\"ImageObject\",\"inLanguage\":\"es-AR\",\"@id\":\"https:\/\/alprestamo.com\/blog\/#\/schema\/person\/image\/\",\"url\":\"https:\/\/alprestamo.com\/blog\/wp-content\/uploads\/2025\/08\/1688503693490-150x150.jpeg\",\"contentUrl\":\"https:\/\/alprestamo.com\/blog\/wp-content\/uploads\/2025\/08\/1688503693490-150x150.jpeg\",\"caption\":\"Ramiro Querejeta\"},\"url\":\"https:\/\/alprestamo.com\/blog\/author\/ramiro\/\"}]}<\/script>\n<!-- \/ Yoast SEO plugin. -->","yoast_head_json":{"title":"Calendario de pago de Mi Beca para Empezar en noviembre","description":"El programa social a cargo del Gobierno de la Ciudad de M\u00e9xico, conocido como Mi Beca para Empezar, comenz\u00f3 en 2019 con el fin de evitar la deserci\u00f3n","robots":{"index":"index","follow":"follow","max-snippet":"max-snippet:-1","max-image-preview":"max-image-preview:large","max-video-preview":"max-video-preview:-1"},"canonical":"https:\/\/alprestamo.com\/blog\/calendario-de-pago-de-mi-beca-para-empezar-en-noviembre\/","og_locale":"es_ES","og_type":"article","og_title":"Calendario de pago de Mi Beca para Empezar en noviembre","og_description":"El programa social a cargo del Gobierno de la Ciudad de M\u00e9xico, conocido como Mi Beca para Empezar, comenz\u00f3 en 2019 con el fin de evitar la deserci\u00f3n","og_url":"https:\/\/alprestamo.com\/blog\/calendario-de-pago-de-mi-beca-para-empezar-en-noviembre\/","og_site_name":"Alprestamo - Hacemos que todo suceda","article_published_time":"2023-11-06T14:00:00+00:00","og_image":[{"width":720,"height":540,"url":"https:\/\/alprestamo.com\/blog\/wp-content\/uploads\/2023\/09\/tarjeta-mi-beca-para-empezar.jpg","type":"image\/jpeg"}],"author":"Ramiro Querejeta","twitter_card":"summary_large_image","twitter_misc":{"Escrito por":"Ramiro Querejeta","Tiempo de lectura":"1 minuto"},"schema":{"@context":"https:\/\/schema.org","@graph":[{"@type":"NewsArticle","@id":"https:\/\/alprestamo.com\/blog\/calendario-de-pago-de-mi-beca-para-empezar-en-noviembre\/#article","isPartOf":{"@id":"https:\/\/alprestamo.com\/blog\/calendario-de-pago-de-mi-beca-para-empezar-en-noviembre\/"},"author":{"name":"Ramiro Querejeta","@id":"https:\/\/alprestamo.com\/blog\/#\/schema\/person\/4c568603ceb381762b4c9062d42c7627"},"headline":"Calendario de pago de Mi Beca para Empezar en noviembre","datePublished":"2023-11-06T14:00:00+00:00","dateModified":"2023-11-06T14:00:00+00:00","mainEntityOfPage":{"@id":"https:\/\/alprestamo.com\/blog\/calendario-de-pago-de-mi-beca-para-empezar-en-noviembre\/"},"wordCount":293,"publisher":{"@id":"https:\/\/alprestamo.com\/blog\/#organization"},"image":{"@id":"https:\/\/alprestamo.com\/blog\/calendario-de-pago-de-mi-beca-para-empezar-en-noviembre\/#primaryimage"},"thumbnailUrl":"https:\/\/alprestamo.com\/blog\/wp-content\/uploads\/2023\/09\/tarjeta-mi-beca-para-empezar.jpg","articleSection":["MX","Portada","Programas Sociales"],"inLanguage":"es-AR"},{"@type":"WebPage","@id":"https:\/\/alprestamo.com\/blog\/calendario-de-pago-de-mi-beca-para-empezar-en-noviembre\/","url":"https:\/\/alprestamo.com\/blog\/calendario-de-pago-de-mi-beca-para-empezar-en-noviembre\/","name":"Calendario de pago de Mi Beca para Empezar en noviembre","isPartOf":{"@id":"https:\/\/alprestamo.com\/blog\/#website"},"primaryImageOfPage":{"@id":"https:\/\/alprestamo.com\/blog\/calendario-de-pago-de-mi-beca-para-empezar-en-noviembre\/#primaryimage"},"image":{"@id":"https:\/\/alprestamo.com\/blog\/calendario-de-pago-de-mi-beca-para-empezar-en-noviembre\/#primaryimage"},"thumbnailUrl":"https:\/\/alprestamo.com\/blog\/wp-content\/uploads\/2023\/09\/tarjeta-mi-beca-para-empezar.jpg","datePublished":"2023-11-06T14:00:00+00:00","dateModified":"2023-11-06T14:00:00+00:00","description":"El programa social a cargo del Gobierno de la Ciudad de M\u00e9xico, conocido como Mi Beca para Empezar, comenz\u00f3 en 2019 con el fin de evitar la deserci\u00f3n","breadcrumb":{"@id":"https:\/\/alprestamo.com\/blog\/calendario-de-pago-de-mi-beca-para-empezar-en-noviembre\/#breadcrumb"},"inLanguage":"es-AR","potentialAction":[{"@type":"ReadAction","target":["https:\/\/alprestamo.com\/blog\/calendario-de-pago-de-mi-beca-para-empezar-en-noviembre\/"]}]},{"@type":"ImageObject","inLanguage":"es-AR","@id":"https:\/\/alprestamo.com\/blog\/calendario-de-pago-de-mi-beca-para-empezar-en-noviembre\/#primaryimage","url":"https:\/\/alprestamo.com\/blog\/wp-content\/uploads\/2023\/09\/tarjeta-mi-beca-para-empezar.jpg","contentUrl":"https:\/\/alprestamo.com\/blog\/wp-content\/uploads\/2023\/09\/tarjeta-mi-beca-para-empezar.jpg","width":720,"height":540,"caption":"Tarjeta de los beneficiarios de Mi Beca para Empezar"},{"@type":"BreadcrumbList","@id":"https:\/\/alprestamo.com\/blog\/calendario-de-pago-de-mi-beca-para-empezar-en-noviembre\/#breadcrumb","itemListElement":[{"@type":"ListItem","position":1,"name":"Home","item":"https:\/\/alprestamo.com\/blog\/"},{"@type":"ListItem","position":2,"name":"Calendario de pago de Mi Beca para Empezar en noviembre"}]},{"@type":"WebSite","@id":"https:\/\/alprestamo.com\/blog\/#website","url":"https:\/\/alprestamo.com\/blog\/","name":"Alprestamo","description":"Hacemos que todo suceda","publisher":{"@id":"https:\/\/alprestamo.com\/blog\/#organization"},"potentialAction":[{"@type":"SearchAction","target":{"@type":"EntryPoint","urlTemplate":"https:\/\/alprestamo.com\/blog\/?s={search_term_string}"},"query-input":"required name=search_term_string"}],"inLanguage":"es-AR"},{"@type":"Organization","@id":"https:\/\/alprestamo.com\/blog\/#organization","name":"Alprestamo","url":"https:\/\/alprestamo.com\/blog\/","logo":{"@type":"ImageObject","inLanguage":"es-AR","@id":"https:\/\/alprestamo.com\/blog\/#\/schema\/logo\/image\/","url":"https:\/\/alprestamo.com\/blog\/wp-content\/uploads\/2022\/10\/Imagotipo_Blanco.svg","contentUrl":"https:\/\/alprestamo.com\/blog\/wp-content\/uploads\/2022\/10\/Imagotipo_Blanco.svg","width":1199,"height":203,"caption":"Alprestamo"},"image":{"@id":"https:\/\/alprestamo.com\/blog\/#\/schema\/logo\/image\/"}},{"@type":"Person","@id":"https:\/\/alprestamo.com\/blog\/#\/schema\/person\/4c568603ceb381762b4c9062d42c7627","name":"Ramiro Querejeta","image":{"@type":"ImageObject","inLanguage":"es-AR","@id":"https:\/\/alprestamo.com\/blog\/#\/schema\/person\/image\/","url":"https:\/\/alprestamo.com\/blog\/wp-content\/uploads\/2025\/08\/1688503693490-150x150.jpeg","contentUrl":"https:\/\/alprestamo.com\/blog\/wp-content\/uploads\/2025\/08\/1688503693490-150x150.jpeg","caption":"Ramiro Querejeta"},"url":"https:\/\/alprestamo.com\/blog\/author\/ramiro\/"}]}},"uagb_featured_image_src":{"full":["https:\/\/alprestamo.com\/blog\/wp-content\/uploads\/2023\/09\/tarjeta-mi-beca-para-empezar.jpg",720,540,false],"thumbnail":["https:\/\/alprestamo.com\/blog\/wp-content\/uploads\/2023\/09\/tarjeta-mi-beca-para-empezar-150x150.jpg",150,150,true],"medium":["https:\/\/alprestamo.com\/blog\/wp-content\/uploads\/2023\/09\/tarjeta-mi-beca-para-empezar-300x225.jpg",300,225,true],"medium_large":["https:\/\/alprestamo.com\/blog\/wp-content\/uploads\/2023\/09\/tarjeta-mi-beca-para-empezar.jpg",720,540,false],"large":["https:\/\/alprestamo.com\/blog\/wp-content\/uploads\/2023\/09\/tarjeta-mi-beca-para-empezar.jpg",720,540,false],"1536x1536":["https:\/\/alprestamo.com\/blog\/wp-content\/uploads\/2023\/09\/tarjeta-mi-beca-para-empezar.jpg",720,540,false],"2048x2048":["https:\/\/alprestamo.com\/blog\/wp-content\/uploads\/2023\/09\/tarjeta-mi-beca-para-empezar.jpg",720,540,false]},"uagb_author_info":{"display_name":"Ramiro Querejeta","author_link":"https:\/\/alprestamo.com\/blog\/author\/ramiro\/"},"uagb_comment_info":0,"uagb_excerpt":"El programa social a cargo del Gobierno de la Ciudad de M\u00e9xico, conocido como Mi Beca para Empezar, comenz\u00f3 en 2019 con el fin de evitar la deserci\u00f3n escolar de los alumnos de nivel b\u00e1sico a trav\u00e9s de una ayuda econ\u00f3mica.&nbsp; Al comenzar un nuevo mes, se renueva el pago de la cuota y en&hellip;","rttpg_featured_image_url":{"full":["https:\/\/alprestamo.com\/blog\/wp-content\/uploads\/2023\/09\/tarjeta-mi-beca-para-empezar.jpg",720,540,false],"landscape":["https:\/\/alprestamo.com\/blog\/wp-content\/uploads\/2023\/09\/tarjeta-mi-beca-para-empezar.jpg",720,540,false],"portraits":["https:\/\/alprestamo.com\/blog\/wp-content\/uploads\/2023\/09\/tarjeta-mi-beca-para-empezar.jpg",720,540,false],"thumbnail":["https:\/\/alprestamo.com\/blog\/wp-content\/uploads\/2023\/09\/tarjeta-mi-beca-para-empezar-150x150.jpg",150,150,true],"medium":["https:\/\/alprestamo.com\/blog\/wp-content\/uploads\/2023\/09\/tarjeta-mi-beca-para-empezar-300x225.jpg",300,225,true],"large":["https:\/\/alprestamo.com\/blog\/wp-content\/uploads\/2023\/09\/tarjeta-mi-beca-para-empezar.jpg",720,540,false],"1536x1536":["https:\/\/alprestamo.com\/blog\/wp-content\/uploads\/2023\/09\/tarjeta-mi-beca-para-empezar.jpg",720,540,false],"2048x2048":["https:\/\/alprestamo.com\/blog\/wp-content\/uploads\/2023\/09\/tarjeta-mi-beca-para-empezar.jpg",720,540,false],"rt_custom":["https:\/\/alprestamo.com\/blog\/wp-content\/uploads\/2023\/09\/tarjeta-mi-beca-para-empezar.jpg",720,540,false]},"rttpg_author":{"display_name":"Ramiro Querejeta","author_link":"https:\/\/alprestamo.com\/blog\/author\/ramiro\/"},"rttpg_comment":0,"rttpg_category":"<a href=\"https:\/\/alprestamo.com\/blog\/categoria\/mx\/\" rel=\"category tag\">MX<\/a> <a href=\"https:\/\/alprestamo.com\/blog\/categoria\/mx\/portada-mx\/\" rel=\"category tag\">Portada<\/a> <a href=\"https:\/\/alprestamo.com\/blog\/categoria\/mx\/programas-sociales-mx\/\" rel=\"category tag\">Programas Sociales<\/a>","rttpg_excerpt":"El programa social a cargo del Gobierno de la Ciudad de M\u00e9xico, conocido como Mi Beca para Empezar, comenz\u00f3 en 2019 con el fin de evitar la deserci\u00f3n escolar de los alumnos de nivel b\u00e1sico a trav\u00e9s de una ayuda econ\u00f3mica.&nbsp; Al comenzar un nuevo mes, se renueva el pago de la cuota y en&hellip;","_links":{"self":[{"href":"https:\/\/alprestamo.com\/blog\/wp-json\/wp\/v2\/posts\/32516"}],"collection":[{"href":"https:\/\/alprestamo.com\/blog\/wp-json\/wp\/v2\/posts"}],"about":[{"href":"https:\/\/alprestamo.com\/blog\/wp-json\/wp\/v2\/types\/post"}],"author":[{"embeddable":true,"href":"https:\/\/alprestamo.com\/blog\/wp-json\/wp\/v2\/users\/9"}],"replies":[{"embeddable":true,"href":"https:\/\/alprestamo.com\/blog\/wp-json\/wp\/v2\/comments?post=32516"}],"version-history":[{"count":3,"href":"https:\/\/alprestamo.com\/blog\/wp-json\/wp\/v2\/posts\/32516\/revisions"}],"predecessor-version":[{"id":32521,"href":"https:\/\/alprestamo.com\/blog\/wp-json\/wp\/v2\/posts\/32516\/revisions\/32521"}],"wp:featuredmedia":[{"embeddable":true,"href":"https:\/\/alprestamo.com\/blog\/wp-json\/wp\/v2\/media\/29306"}],"wp:attachment":[{"href":"https:\/\/alprestamo.com\/blog\/wp-json\/wp\/v2\/media?parent=32516"}],"wp:term":[{"taxonomy":"category","embeddable":true,"href":"https:\/\/alprestamo.com\/blog\/wp-json\/wp\/v2\/categories?post=32516"},{"taxonomy":"post_tag","embeddable":true,"href":"https:\/\/alprestamo.com\/blog\/wp-json\/wp\/v2\/tags?post=32516"}],"curies":[{"name":"wp","href":"https:\/\/api.w.org\/{rel}","templated":true}]}}