{"id":32733,"date":"2023-11-08T12:55:26","date_gmt":"2023-11-08T15:55:26","guid":{"rendered":"https:\/\/alprestamo.com\/blog\/?p=32733"},"modified":"2023-11-08T12:56:40","modified_gmt":"2023-11-08T15:56:40","slug":"pago-doble-de-pension-bienestar-quienes-lo-cobraran","status":"publish","type":"post","link":"https:\/\/alprestamo.com\/blog\/pago-doble-de-pension-bienestar-quienes-lo-cobraran\/","title":{"rendered":"Pago doble de Pensi\u00f3n Bienestar: qui\u00e9nes lo cobrar\u00e1n"},"content":{"rendered":"\n<p>El programa <strong>Pensi\u00f3n Bienestar<\/strong>, que administra la Secretar\u00eda de Bienestar, entregar\u00e1 durante noviembre un pago doble a los adultos mayores beneficiarios de este apoyo social y econ\u00f3mico.&nbsp;<\/p>\n\n\n\n<p>El fin de esta<a href=\"https:\/\/alprestamo.com\/blog\/mx\/programas-sociales-mx\/cuales-son-los-requisitos-para-acceder-a-la-pension-bienestar\/\"> Pensi\u00f3n Bienestar<\/a> es otorgar una ayuda a las <strong>personas mayores<\/strong> mediante un apoyo monetario que les permite mejorar sus condiciones de vida.\u00a0<\/p>\n\n\n\n<p>Al ser uno de los \u00faltimos meses del a\u00f1o, el pago de la pensi\u00f3n en noviembre es de los m\u00e1s esperados.<\/p>\n\n\n\n<h2 class=\"wp-block-heading\">Qui\u00e9nes recibir\u00e1n un pago doble de la Pensi\u00f3n Bienestar\u00a0<\/h2>\n\n\n\n<p><\/p>\n\n\n\n<p>La entrega de la pensi\u00f3n a los adultos mayores se da mediante el <strong>IMSS <\/strong>y el <strong>ISSSTE<\/strong>, por lo que solamente aquellos que reciben el apoyo a trav\u00e9s de estas dependencias del Estado son quienes cobrar\u00e1n un <strong>pago doble<\/strong> durante noviembre.&nbsp;<\/p>\n\n\n\n<p>Los pensionados que se encuentran bajo el r\u00e9gimen mencionado recibir\u00e1n un pago extra, ya que una parte del aguinaldo del 2023 se les depositar\u00e1 antes de finalizar el a\u00f1o. Por otro lado, quienes no est\u00e9n inscritas en el IMSS o ISSSTE no recibir\u00e1n <strong><a href=\"https:\/\/alprestamo.com\/blog\/mx\/programas-sociales-mx\/aguinaldo-de-pensionados-imss-fechas-de-cobro-y-montos\/\">aguinaldo<\/a><\/strong>, por lo que no van a cobrar un pago doble.\u00a0<\/p>\n\n\n\n<h2 class=\"wp-block-heading\">Cu\u00e1ndo se paga el aguinaldo de la Pensi\u00f3n Bienestar&nbsp;<\/h2>\n\n\n\n<p>La primera parte del pago en el IMSS e ISSSTE del aguinaldo se depositar\u00e1 en las cuentas de los pensionados el mismo d\u00eda que se transfiere el pago de la Pensi\u00f3n Bienestar. Esto es desde el 1 de noviembre.&nbsp;<\/p>\n\n\n\n<p>Por otra parte, los pensionados de parte del ISSSTE cobrar\u00e1n la primera parte del aguinaldo en la primera quincena de noviembre.&nbsp;<\/p>\n\n\n\n<h2 class=\"wp-block-heading\">Fechas de pago de la Pensi\u00f3n Bienestar en noviembre\u00a0<\/h2>\n\n\n\n<p><\/p>\n\n\n\n<p>El cobro de la Pensi\u00f3n Bienestar se lleva a cabo en orden y seg\u00fan la primera letra del apellido. Las fechas durante noviembre son las siguientes:&nbsp;<\/p>\n\n\n\n<p>A \u2013 lunes 6<\/p>\n\n\n\n<p>B \u2013 martes 7<\/p>\n\n\n\n<p>C \u2013 mi\u00e9rcoles 8<\/p>\n\n\n\n<p>D, E, F \u2013 jueves 9<\/p>\n\n\n\n<p>G \u2013 viernes 10<\/p>\n\n\n\n<p>H \u2013 lunes 13<\/p>\n\n\n\n<p>I, J, K \u2013 martes 14<\/p>\n\n\n\n<p>L \u2013 mi\u00e9rcoles 15<\/p>\n\n\n\n<p>M \u2013 jueves 16<\/p>\n\n\n\n<p>N, \u00d1, O \u2013 viernes 17<\/p>\n\n\n\n<p>P, Q \u2013 martes 21<\/p>\n\n\n\n<p>R \u2013 mi\u00e9rcoles 22<\/p>\n\n\n\n<p>S \u2013 jueves 23<\/p>\n\n\n\n<p>T, U \u2013 viernes 24<\/p>\n\n\n\n<p>V, W, X, Y, Z \u2013 lunes 25<\/p>\n","protected":false},"excerpt":{"rendered":"<p>El programa Pensi\u00f3n Bienestar, que administra la Secretar\u00eda de Bienestar, entregar\u00e1 durante noviembre un pago doble a los adultos mayores beneficiarios de este apoyo social y econ\u00f3mico.&nbsp; El fin de esta Pensi\u00f3n Bienestar es otorgar una ayuda a las personas mayores mediante un apoyo monetario que les permite mejorar sus condiciones de vida.\u00a0 Al ser &hellip;<\/p>\n<p class=\"read-more\"> <a class=\"\" href=\"https:\/\/alprestamo.com\/blog\/pago-doble-de-pension-bienestar-quienes-lo-cobraran\/\"> <span class=\"screen-reader-text\">Pago doble de Pensi\u00f3n Bienestar: qui\u00e9nes lo cobrar\u00e1n<\/span> Leer m\u00e1s &raquo;<\/a><\/p>\n","protected":false},"author":9,"featured_media":32739,"comment_status":"closed","ping_status":"closed","sticky":false,"template":"","format":"standard","meta":{"_uag_custom_page_level_css":"","site-sidebar-layout":"default","site-content-layout":"default","ast-global-header-display":"","ast-banner-title-visibility":"","ast-main-header-display":"","ast-hfb-above-header-display":"","ast-hfb-below-header-display":"","ast-hfb-mobile-header-display":"","site-post-title":"","ast-breadcrumbs-content":"","ast-featured-img":"","footer-sml-layout":"","theme-transparent-header-meta":"","adv-header-id-meta":"","stick-header-meta":"","header-above-stick-meta":"","header-main-stick-meta":"","header-below-stick-meta":"","footnotes":""},"categories":[130,203,32],"tags":[],"class_list":["post-32733","post","type-post","status-publish","format-standard","has-post-thumbnail","hentry","category-mx","category-portada-mx","category-programas-sociales-mx"],"acf":[],"yoast_head":"<!-- This site is optimized with the Yoast SEO plugin v23.2 - https:\/\/yoast.com\/wordpress\/plugins\/seo\/ -->\n<title>Pago doble de Pensi\u00f3n Bienestar: qui\u00e9nes lo cobrar\u00e1n<\/title>\n<meta name=\"description\" content=\"El programa Pensi\u00f3n Bienestar, que administra la Secretar\u00eda de Bienestar, entregar\u00e1 durante noviembre un pago doble a los adultos mayores beneficiarios de\" \/>\n<meta name=\"robots\" content=\"index, follow, max-snippet:-1, max-image-preview:large, max-video-preview:-1\" \/>\n<link rel=\"canonical\" href=\"https:\/\/alprestamo.com\/blog\/pago-doble-de-pension-bienestar-quienes-lo-cobraran\/\" \/>\n<meta property=\"og:locale\" content=\"es_ES\" \/>\n<meta property=\"og:type\" content=\"article\" \/>\n<meta property=\"og:title\" content=\"Pago doble de Pensi\u00f3n Bienestar: qui\u00e9nes lo cobrar\u00e1n\" \/>\n<meta property=\"og:description\" content=\"El programa Pensi\u00f3n Bienestar, que administra la Secretar\u00eda de Bienestar, entregar\u00e1 durante noviembre un pago doble a los adultos mayores beneficiarios de\" \/>\n<meta property=\"og:url\" content=\"https:\/\/alprestamo.com\/blog\/pago-doble-de-pension-bienestar-quienes-lo-cobraran\/\" \/>\n<meta property=\"og:site_name\" content=\"Alprestamo - Hacemos que todo suceda\" \/>\n<meta property=\"article:published_time\" content=\"2023-11-08T15:55:26+00:00\" \/>\n<meta property=\"article:modified_time\" content=\"2023-11-08T15:56:40+00:00\" \/>\n<meta property=\"og:image\" content=\"https:\/\/alprestamo.com\/blog\/wp-content\/uploads\/2023\/11\/pension-bienestar.webp\" \/>\n\t<meta property=\"og:image:width\" content=\"1200\" \/>\n\t<meta property=\"og:image:height\" content=\"700\" \/>\n\t<meta property=\"og:image:type\" content=\"image\/webp\" \/>\n<meta name=\"author\" content=\"Ramiro Querejeta\" \/>\n<meta name=\"twitter:card\" content=\"summary_large_image\" \/>\n<meta name=\"twitter:label1\" content=\"Escrito por\" \/>\n\t<meta name=\"twitter:data1\" content=\"Ramiro Querejeta\" \/>\n\t<meta name=\"twitter:label2\" content=\"Tiempo de lectura\" \/>\n\t<meta name=\"twitter:data2\" content=\"2 minutos\" \/>\n<script type=\"application\/ld+json\" class=\"yoast-schema-graph\">{\"@context\":\"https:\/\/schema.org\",\"@graph\":[{\"@type\":\"NewsArticle\",\"@id\":\"https:\/\/alprestamo.com\/blog\/pago-doble-de-pension-bienestar-quienes-lo-cobraran\/#article\",\"isPartOf\":{\"@id\":\"https:\/\/alprestamo.com\/blog\/pago-doble-de-pension-bienestar-quienes-lo-cobraran\/\"},\"author\":{\"name\":\"Ramiro Querejeta\",\"@id\":\"https:\/\/alprestamo.com\/blog\/#\/schema\/person\/4c568603ceb381762b4c9062d42c7627\"},\"headline\":\"Pago doble de Pensi\u00f3n Bienestar: qui\u00e9nes lo cobrar\u00e1n\",\"datePublished\":\"2023-11-08T15:55:26+00:00\",\"dateModified\":\"2023-11-08T15:56:40+00:00\",\"mainEntityOfPage\":{\"@id\":\"https:\/\/alprestamo.com\/blog\/pago-doble-de-pension-bienestar-quienes-lo-cobraran\/\"},\"wordCount\":367,\"publisher\":{\"@id\":\"https:\/\/alprestamo.com\/blog\/#organization\"},\"image\":{\"@id\":\"https:\/\/alprestamo.com\/blog\/pago-doble-de-pension-bienestar-quienes-lo-cobraran\/#primaryimage\"},\"thumbnailUrl\":\"https:\/\/alprestamo.com\/blog\/wp-content\/uploads\/2023\/11\/pension-bienestar.webp\",\"articleSection\":[\"MX\",\"Portada\",\"Programas Sociales\"],\"inLanguage\":\"es-AR\"},{\"@type\":\"WebPage\",\"@id\":\"https:\/\/alprestamo.com\/blog\/pago-doble-de-pension-bienestar-quienes-lo-cobraran\/\",\"url\":\"https:\/\/alprestamo.com\/blog\/pago-doble-de-pension-bienestar-quienes-lo-cobraran\/\",\"name\":\"Pago doble de Pensi\u00f3n Bienestar: qui\u00e9nes lo cobrar\u00e1n\",\"isPartOf\":{\"@id\":\"https:\/\/alprestamo.com\/blog\/#website\"},\"primaryImageOfPage\":{\"@id\":\"https:\/\/alprestamo.com\/blog\/pago-doble-de-pension-bienestar-quienes-lo-cobraran\/#primaryimage\"},\"image\":{\"@id\":\"https:\/\/alprestamo.com\/blog\/pago-doble-de-pension-bienestar-quienes-lo-cobraran\/#primaryimage\"},\"thumbnailUrl\":\"https:\/\/alprestamo.com\/blog\/wp-content\/uploads\/2023\/11\/pension-bienestar.webp\",\"datePublished\":\"2023-11-08T15:55:26+00:00\",\"dateModified\":\"2023-11-08T15:56:40+00:00\",\"description\":\"El programa Pensi\u00f3n Bienestar, que administra la Secretar\u00eda de Bienestar, entregar\u00e1 durante noviembre un pago doble a los adultos mayores beneficiarios de\",\"breadcrumb\":{\"@id\":\"https:\/\/alprestamo.com\/blog\/pago-doble-de-pension-bienestar-quienes-lo-cobraran\/#breadcrumb\"},\"inLanguage\":\"es-AR\",\"potentialAction\":[{\"@type\":\"ReadAction\",\"target\":[\"https:\/\/alprestamo.com\/blog\/pago-doble-de-pension-bienestar-quienes-lo-cobraran\/\"]}]},{\"@type\":\"ImageObject\",\"inLanguage\":\"es-AR\",\"@id\":\"https:\/\/alprestamo.com\/blog\/pago-doble-de-pension-bienestar-quienes-lo-cobraran\/#primaryimage\",\"url\":\"https:\/\/alprestamo.com\/blog\/wp-content\/uploads\/2023\/11\/pension-bienestar.webp\",\"contentUrl\":\"https:\/\/alprestamo.com\/blog\/wp-content\/uploads\/2023\/11\/pension-bienestar.webp\",\"width\":1200,\"height\":700,\"caption\":\"Una persona con su dinero de la Pensi\u00f3n Bienestar\"},{\"@type\":\"BreadcrumbList\",\"@id\":\"https:\/\/alprestamo.com\/blog\/pago-doble-de-pension-bienestar-quienes-lo-cobraran\/#breadcrumb\",\"itemListElement\":[{\"@type\":\"ListItem\",\"position\":1,\"name\":\"Home\",\"item\":\"https:\/\/alprestamo.com\/blog\/\"},{\"@type\":\"ListItem\",\"position\":2,\"name\":\"Pago doble de Pensi\u00f3n Bienestar: qui\u00e9nes lo cobrar\u00e1n\"}]},{\"@type\":\"WebSite\",\"@id\":\"https:\/\/alprestamo.com\/blog\/#website\",\"url\":\"https:\/\/alprestamo.com\/blog\/\",\"name\":\"Alprestamo\",\"description\":\"Hacemos que todo suceda\",\"publisher\":{\"@id\":\"https:\/\/alprestamo.com\/blog\/#organization\"},\"potentialAction\":[{\"@type\":\"SearchAction\",\"target\":{\"@type\":\"EntryPoint\",\"urlTemplate\":\"https:\/\/alprestamo.com\/blog\/?s={search_term_string}\"},\"query-input\":\"required name=search_term_string\"}],\"inLanguage\":\"es-AR\"},{\"@type\":\"Organization\",\"@id\":\"https:\/\/alprestamo.com\/blog\/#organization\",\"name\":\"Alprestamo\",\"url\":\"https:\/\/alprestamo.com\/blog\/\",\"logo\":{\"@type\":\"ImageObject\",\"inLanguage\":\"es-AR\",\"@id\":\"https:\/\/alprestamo.com\/blog\/#\/schema\/logo\/image\/\",\"url\":\"https:\/\/alprestamo.com\/blog\/wp-content\/uploads\/2022\/10\/Imagotipo_Blanco.svg\",\"contentUrl\":\"https:\/\/alprestamo.com\/blog\/wp-content\/uploads\/2022\/10\/Imagotipo_Blanco.svg\",\"width\":1199,\"height\":203,\"caption\":\"Alprestamo\"},\"image\":{\"@id\":\"https:\/\/alprestamo.com\/blog\/#\/schema\/logo\/image\/\"}},{\"@type\":\"Person\",\"@id\":\"https:\/\/alprestamo.com\/blog\/#\/schema\/person\/4c568603ceb381762b4c9062d42c7627\",\"name\":\"Ramiro Querejeta\",\"image\":{\"@type\":\"ImageObject\",\"inLanguage\":\"es-AR\",\"@id\":\"https:\/\/alprestamo.com\/blog\/#\/schema\/person\/image\/\",\"url\":\"https:\/\/alprestamo.com\/blog\/wp-content\/uploads\/2025\/08\/1688503693490-150x150.jpeg\",\"contentUrl\":\"https:\/\/alprestamo.com\/blog\/wp-content\/uploads\/2025\/08\/1688503693490-150x150.jpeg\",\"caption\":\"Ramiro Querejeta\"},\"url\":\"https:\/\/alprestamo.com\/blog\/author\/ramiro\/\"}]}<\/script>\n<!-- \/ Yoast SEO plugin. -->","yoast_head_json":{"title":"Pago doble de Pensi\u00f3n Bienestar: qui\u00e9nes lo cobrar\u00e1n","description":"El programa Pensi\u00f3n Bienestar, que administra la Secretar\u00eda de Bienestar, entregar\u00e1 durante noviembre un pago doble a los adultos mayores beneficiarios de","robots":{"index":"index","follow":"follow","max-snippet":"max-snippet:-1","max-image-preview":"max-image-preview:large","max-video-preview":"max-video-preview:-1"},"canonical":"https:\/\/alprestamo.com\/blog\/pago-doble-de-pension-bienestar-quienes-lo-cobraran\/","og_locale":"es_ES","og_type":"article","og_title":"Pago doble de Pensi\u00f3n Bienestar: qui\u00e9nes lo cobrar\u00e1n","og_description":"El programa Pensi\u00f3n Bienestar, que administra la Secretar\u00eda de Bienestar, entregar\u00e1 durante noviembre un pago doble a los adultos mayores beneficiarios de","og_url":"https:\/\/alprestamo.com\/blog\/pago-doble-de-pension-bienestar-quienes-lo-cobraran\/","og_site_name":"Alprestamo - Hacemos que todo suceda","article_published_time":"2023-11-08T15:55:26+00:00","article_modified_time":"2023-11-08T15:56:40+00:00","og_image":[{"width":1200,"height":700,"url":"https:\/\/alprestamo.com\/blog\/wp-content\/uploads\/2023\/11\/pension-bienestar.webp","type":"image\/webp"}],"author":"Ramiro Querejeta","twitter_card":"summary_large_image","twitter_misc":{"Escrito por":"Ramiro Querejeta","Tiempo de lectura":"2 minutos"},"schema":{"@context":"https:\/\/schema.org","@graph":[{"@type":"NewsArticle","@id":"https:\/\/alprestamo.com\/blog\/pago-doble-de-pension-bienestar-quienes-lo-cobraran\/#article","isPartOf":{"@id":"https:\/\/alprestamo.com\/blog\/pago-doble-de-pension-bienestar-quienes-lo-cobraran\/"},"author":{"name":"Ramiro Querejeta","@id":"https:\/\/alprestamo.com\/blog\/#\/schema\/person\/4c568603ceb381762b4c9062d42c7627"},"headline":"Pago doble de Pensi\u00f3n Bienestar: qui\u00e9nes lo cobrar\u00e1n","datePublished":"2023-11-08T15:55:26+00:00","dateModified":"2023-11-08T15:56:40+00:00","mainEntityOfPage":{"@id":"https:\/\/alprestamo.com\/blog\/pago-doble-de-pension-bienestar-quienes-lo-cobraran\/"},"wordCount":367,"publisher":{"@id":"https:\/\/alprestamo.com\/blog\/#organization"},"image":{"@id":"https:\/\/alprestamo.com\/blog\/pago-doble-de-pension-bienestar-quienes-lo-cobraran\/#primaryimage"},"thumbnailUrl":"https:\/\/alprestamo.com\/blog\/wp-content\/uploads\/2023\/11\/pension-bienestar.webp","articleSection":["MX","Portada","Programas Sociales"],"inLanguage":"es-AR"},{"@type":"WebPage","@id":"https:\/\/alprestamo.com\/blog\/pago-doble-de-pension-bienestar-quienes-lo-cobraran\/","url":"https:\/\/alprestamo.com\/blog\/pago-doble-de-pension-bienestar-quienes-lo-cobraran\/","name":"Pago doble de Pensi\u00f3n Bienestar: qui\u00e9nes lo cobrar\u00e1n","isPartOf":{"@id":"https:\/\/alprestamo.com\/blog\/#website"},"primaryImageOfPage":{"@id":"https:\/\/alprestamo.com\/blog\/pago-doble-de-pension-bienestar-quienes-lo-cobraran\/#primaryimage"},"image":{"@id":"https:\/\/alprestamo.com\/blog\/pago-doble-de-pension-bienestar-quienes-lo-cobraran\/#primaryimage"},"thumbnailUrl":"https:\/\/alprestamo.com\/blog\/wp-content\/uploads\/2023\/11\/pension-bienestar.webp","datePublished":"2023-11-08T15:55:26+00:00","dateModified":"2023-11-08T15:56:40+00:00","description":"El programa Pensi\u00f3n Bienestar, que administra la Secretar\u00eda de Bienestar, entregar\u00e1 durante noviembre un pago doble a los adultos mayores beneficiarios de","breadcrumb":{"@id":"https:\/\/alprestamo.com\/blog\/pago-doble-de-pension-bienestar-quienes-lo-cobraran\/#breadcrumb"},"inLanguage":"es-AR","potentialAction":[{"@type":"ReadAction","target":["https:\/\/alprestamo.com\/blog\/pago-doble-de-pension-bienestar-quienes-lo-cobraran\/"]}]},{"@type":"ImageObject","inLanguage":"es-AR","@id":"https:\/\/alprestamo.com\/blog\/pago-doble-de-pension-bienestar-quienes-lo-cobraran\/#primaryimage","url":"https:\/\/alprestamo.com\/blog\/wp-content\/uploads\/2023\/11\/pension-bienestar.webp","contentUrl":"https:\/\/alprestamo.com\/blog\/wp-content\/uploads\/2023\/11\/pension-bienestar.webp","width":1200,"height":700,"caption":"Una persona con su dinero de la Pensi\u00f3n Bienestar"},{"@type":"BreadcrumbList","@id":"https:\/\/alprestamo.com\/blog\/pago-doble-de-pension-bienestar-quienes-lo-cobraran\/#breadcrumb","itemListElement":[{"@type":"ListItem","position":1,"name":"Home","item":"https:\/\/alprestamo.com\/blog\/"},{"@type":"ListItem","position":2,"name":"Pago doble de Pensi\u00f3n Bienestar: qui\u00e9nes lo cobrar\u00e1n"}]},{"@type":"WebSite","@id":"https:\/\/alprestamo.com\/blog\/#website","url":"https:\/\/alprestamo.com\/blog\/","name":"Alprestamo","description":"Hacemos que todo suceda","publisher":{"@id":"https:\/\/alprestamo.com\/blog\/#organization"},"potentialAction":[{"@type":"SearchAction","target":{"@type":"EntryPoint","urlTemplate":"https:\/\/alprestamo.com\/blog\/?s={search_term_string}"},"query-input":"required name=search_term_string"}],"inLanguage":"es-AR"},{"@type":"Organization","@id":"https:\/\/alprestamo.com\/blog\/#organization","name":"Alprestamo","url":"https:\/\/alprestamo.com\/blog\/","logo":{"@type":"ImageObject","inLanguage":"es-AR","@id":"https:\/\/alprestamo.com\/blog\/#\/schema\/logo\/image\/","url":"https:\/\/alprestamo.com\/blog\/wp-content\/uploads\/2022\/10\/Imagotipo_Blanco.svg","contentUrl":"https:\/\/alprestamo.com\/blog\/wp-content\/uploads\/2022\/10\/Imagotipo_Blanco.svg","width":1199,"height":203,"caption":"Alprestamo"},"image":{"@id":"https:\/\/alprestamo.com\/blog\/#\/schema\/logo\/image\/"}},{"@type":"Person","@id":"https:\/\/alprestamo.com\/blog\/#\/schema\/person\/4c568603ceb381762b4c9062d42c7627","name":"Ramiro Querejeta","image":{"@type":"ImageObject","inLanguage":"es-AR","@id":"https:\/\/alprestamo.com\/blog\/#\/schema\/person\/image\/","url":"https:\/\/alprestamo.com\/blog\/wp-content\/uploads\/2025\/08\/1688503693490-150x150.jpeg","contentUrl":"https:\/\/alprestamo.com\/blog\/wp-content\/uploads\/2025\/08\/1688503693490-150x150.jpeg","caption":"Ramiro Querejeta"},"url":"https:\/\/alprestamo.com\/blog\/author\/ramiro\/"}]}},"uagb_featured_image_src":{"full":["https:\/\/alprestamo.com\/blog\/wp-content\/uploads\/2023\/11\/pension-bienestar.webp",1200,700,false],"thumbnail":["https:\/\/alprestamo.com\/blog\/wp-content\/uploads\/2023\/11\/pension-bienestar-150x150.webp",150,150,true],"medium":["https:\/\/alprestamo.com\/blog\/wp-content\/uploads\/2023\/11\/pension-bienestar-300x175.webp",300,175,true],"medium_large":["https:\/\/alprestamo.com\/blog\/wp-content\/uploads\/2023\/11\/pension-bienestar-768x448.webp",768,448,true],"large":["https:\/\/alprestamo.com\/blog\/wp-content\/uploads\/2023\/11\/pension-bienestar-1024x597.webp",1024,597,true],"1536x1536":["https:\/\/alprestamo.com\/blog\/wp-content\/uploads\/2023\/11\/pension-bienestar.webp",1200,700,false],"2048x2048":["https:\/\/alprestamo.com\/blog\/wp-content\/uploads\/2023\/11\/pension-bienestar.webp",1200,700,false]},"uagb_author_info":{"display_name":"Ramiro Querejeta","author_link":"https:\/\/alprestamo.com\/blog\/author\/ramiro\/"},"uagb_comment_info":0,"uagb_excerpt":"El programa Pensi\u00f3n Bienestar, que administra la Secretar\u00eda de Bienestar, entregar\u00e1 durante noviembre un pago doble a los adultos mayores beneficiarios de este apoyo social y econ\u00f3mico.&nbsp; El fin de esta Pensi\u00f3n Bienestar es otorgar una ayuda a las personas mayores mediante un apoyo monetario que les permite mejorar sus condiciones de vida.\u00a0 Al ser&hellip;","rttpg_featured_image_url":{"full":["https:\/\/alprestamo.com\/blog\/wp-content\/uploads\/2023\/11\/pension-bienestar.webp",1200,700,false],"landscape":["https:\/\/alprestamo.com\/blog\/wp-content\/uploads\/2023\/11\/pension-bienestar.webp",1200,700,false],"portraits":["https:\/\/alprestamo.com\/blog\/wp-content\/uploads\/2023\/11\/pension-bienestar.webp",1200,700,false],"thumbnail":["https:\/\/alprestamo.com\/blog\/wp-content\/uploads\/2023\/11\/pension-bienestar-150x150.webp",150,150,true],"medium":["https:\/\/alprestamo.com\/blog\/wp-content\/uploads\/2023\/11\/pension-bienestar-300x175.webp",300,175,true],"large":["https:\/\/alprestamo.com\/blog\/wp-content\/uploads\/2023\/11\/pension-bienestar-1024x597.webp",1024,597,true],"1536x1536":["https:\/\/alprestamo.com\/blog\/wp-content\/uploads\/2023\/11\/pension-bienestar.webp",1200,700,false],"2048x2048":["https:\/\/alprestamo.com\/blog\/wp-content\/uploads\/2023\/11\/pension-bienestar.webp",1200,700,false],"rt_custom":["https:\/\/alprestamo.com\/blog\/wp-content\/uploads\/2023\/11\/pension-bienestar.webp",1200,700,false]},"rttpg_author":{"display_name":"Ramiro Querejeta","author_link":"https:\/\/alprestamo.com\/blog\/author\/ramiro\/"},"rttpg_comment":0,"rttpg_category":"<a href=\"https:\/\/alprestamo.com\/blog\/categoria\/mx\/\" rel=\"category tag\">MX<\/a> <a href=\"https:\/\/alprestamo.com\/blog\/categoria\/mx\/portada-mx\/\" rel=\"category tag\">Portada<\/a> <a href=\"https:\/\/alprestamo.com\/blog\/categoria\/mx\/programas-sociales-mx\/\" rel=\"category tag\">Programas Sociales<\/a>","rttpg_excerpt":"El programa Pensi\u00f3n Bienestar, que administra la Secretar\u00eda de Bienestar, entregar\u00e1 durante noviembre un pago doble a los adultos mayores beneficiarios de este apoyo social y econ\u00f3mico.&nbsp; El fin de esta Pensi\u00f3n Bienestar es otorgar una ayuda a las personas mayores mediante un apoyo monetario que les permite mejorar sus condiciones de vida.\u00a0 Al ser&hellip;","_links":{"self":[{"href":"https:\/\/alprestamo.com\/blog\/wp-json\/wp\/v2\/posts\/32733"}],"collection":[{"href":"https:\/\/alprestamo.com\/blog\/wp-json\/wp\/v2\/posts"}],"about":[{"href":"https:\/\/alprestamo.com\/blog\/wp-json\/wp\/v2\/types\/post"}],"author":[{"embeddable":true,"href":"https:\/\/alprestamo.com\/blog\/wp-json\/wp\/v2\/users\/9"}],"replies":[{"embeddable":true,"href":"https:\/\/alprestamo.com\/blog\/wp-json\/wp\/v2\/comments?post=32733"}],"version-history":[{"count":6,"href":"https:\/\/alprestamo.com\/blog\/wp-json\/wp\/v2\/posts\/32733\/revisions"}],"predecessor-version":[{"id":32742,"href":"https:\/\/alprestamo.com\/blog\/wp-json\/wp\/v2\/posts\/32733\/revisions\/32742"}],"wp:featuredmedia":[{"embeddable":true,"href":"https:\/\/alprestamo.com\/blog\/wp-json\/wp\/v2\/media\/32739"}],"wp:attachment":[{"href":"https:\/\/alprestamo.com\/blog\/wp-json\/wp\/v2\/media?parent=32733"}],"wp:term":[{"taxonomy":"category","embeddable":true,"href":"https:\/\/alprestamo.com\/blog\/wp-json\/wp\/v2\/categories?post=32733"},{"taxonomy":"post_tag","embeddable":true,"href":"https:\/\/alprestamo.com\/blog\/wp-json\/wp\/v2\/tags?post=32733"}],"curies":[{"name":"wp","href":"https:\/\/api.w.org\/{rel}","templated":true}]}}