{"id":32849,"date":"2024-11-21T17:36:26","date_gmt":"2024-11-21T20:36:26","guid":{"rendered":"https:\/\/alprestamo.com\/blog\/?p=32849"},"modified":"2024-11-21T17:36:30","modified_gmt":"2024-11-21T20:36:30","slug":"de-que-se-trata-el-proyecto-para-ayudar-a-familias-endeudadas","status":"publish","type":"post","link":"https:\/\/alprestamo.com\/blog\/de-que-se-trata-el-proyecto-para-ayudar-a-familias-endeudadas\/","title":{"rendered":"De qu\u00e9 se trata el proyecto para ayudar a familias endeudadas"},"content":{"rendered":"\n<p>El Gobierno de Chile, a trav\u00e9s de su ministro de Hacienda, Mario Marcel, comunic\u00f3 esta semana el tratamiento de un nuevo proyecto para<strong> ayudar a las<\/strong> <strong>familias endeudadas<\/strong>, mediante una serie de medidas econ\u00f3micas.&nbsp;<\/p>\n\n\n\n<h2 class=\"wp-block-heading\">Familias endeudadas en Chile&nbsp;<\/h2>\n\n\n\n<p><\/p>\n\n\n\n<p>Esta iniciativa pretende que las personas puedan reducir su carga financiera, o dicho de otra modo, la parte de sus ingresos mensuales que utilizan para el pago de sus <a href=\"https:\/\/alprestamo.com\/blog\/pe\/deudas-como-eliminarlas-para-mejorar-las-finanzas-personales\/\" target=\"_blank\" rel=\"noreferrer noopener\">deudas<\/a>.&nbsp;<\/p>\n\n\n\n<p>De acuerdo a la <strong>Comisi\u00f3n para el Mercado Financiero (CMF)<\/strong>, hasta el mes de marzo de este a\u00f1o, la carga financiera de las<a href=\"https:\/\/alprestamo.com\/blog\/cl\/como-consultar-si-recibes-el-subsidio-unico-familiar\/\" target=\"_blank\" rel=\"noreferrer noopener\"> familias en Chile<\/a> alcanzaba el 31,7% en promedio, y 38,2% de las personas con ingresos mensuales por debajo de los $500.000.&nbsp;&nbsp;<\/p>\n\n\n\n<p>Las cifras son todav\u00eda peores si se tiene en cuenta a las<strong> familias sobreendeudadas<\/strong>, que registran una carga financiera del 66,4% promedio, y que sube al 77% para quienes cobran menos de $500.000 todos los meses.&nbsp;<\/p>\n\n\n\n<p>Ante la gravedad de estos datos es que el Gobierno sale con este proyecto de ayuda a las familias endeudadas, para que puedan refinanciar sus obligaciones mediante el programa llamado<strong> Garant\u00edas de Apoyo al Sobreendeudamiento<\/strong>.&nbsp;<\/p>\n\n\n\n<h2 class=\"wp-block-heading\">En qu\u00e9 consiste el proyecto para ayudar a las familias con sus deudas&nbsp;<\/h2>\n\n\n\n<p><\/p>\n\n\n\n<p>A trav\u00e9s de este programa, las instituciones financieras podr\u00edan refinanciar la deuda de las familias que tengan un alto nivel de endeudamiento, medido en relaci\u00f3n a sus ingresos.&nbsp;<\/p>\n\n\n\n<p>Se estima que, gracias al apoyo del Estado, las condiciones de <strong>pago de las deudas <\/strong>que se refinancian sean m\u00e1s accesibles a las de los cr\u00e9ditos que sustituyan, provocando as\u00ed una reducci\u00f3n en la carga que tienen las familias todos los meses.&nbsp;<\/p>\n\n\n\n<h2 class=\"wp-block-heading\">Qui\u00e9nes podr\u00e1n acceder al apoyo para refinanciar deudas<\/h2>\n\n\n\n<p><\/p>\n\n\n\n<p>Para poder acceder al Programa de Garant\u00edas de Apoyo al Sobreendeudamiento se deber\u00e1n cumplir los siguientes requisitos:&nbsp;<\/p>\n\n\n\n<ul class=\"wp-block-list\">\n<li>El total de la deuda debe ser seis veces superior al total de los ingresos mensuales que percibe la persona (sin considerar un cr\u00e9dito hipotecario y 70 veces si se tiene uno).<\/li>\n\n\n\n<li>Tener ingresos mensuales brutos menores a $1.500.000.&nbsp;<\/li>\n\n\n\n<li>Las deudas deben ser de consumo y\/o comercial. En caso de tener deudas de ambos tipos con distintas entidades financieras, los requisitos se aplicar\u00edan como un consolidado y se podr\u00eda refinanciar cada una.&nbsp;<\/li>\n\n\n\n<li>Las familias podr\u00edan refinanciar hasta un m\u00e1ximo de $5.831.268 de su deuda.&nbsp;<\/li>\n\n\n\n<li>El periodo de mora debe ser menor a 90 d\u00edas.&nbsp;<\/li>\n<\/ul>\n\n\n\n<p>El Estado garantizar\u00e1 el 50% de la deuda refinanciada por un periodo de cuatro a\u00f1os. Adem\u00e1s, no podr\u00e1n acceder al programa de ayuda para familias endeudadas aquellas personas inscritas en el <strong>Registro Nacional de Deudores de Pensiones de Alimentos<\/strong>.&nbsp;<\/p>\n","protected":false},"excerpt":{"rendered":"<p>El Gobierno de Chile, a trav\u00e9s de su ministro de Hacienda, Mario Marcel, comunic\u00f3 esta semana el tratamiento de un nuevo proyecto para ayudar a las familias endeudadas, mediante una serie de medidas econ\u00f3micas.&nbsp; Familias endeudadas en Chile&nbsp; Esta iniciativa pretende que las personas puedan reducir su carga financiera, o dicho de otra modo, la &hellip;<\/p>\n<p class=\"read-more\"> <a class=\"\" href=\"https:\/\/alprestamo.com\/blog\/de-que-se-trata-el-proyecto-para-ayudar-a-familias-endeudadas\/\"> <span class=\"screen-reader-text\">De qu\u00e9 se trata el proyecto para ayudar a familias endeudadas<\/span> Leer m\u00e1s &raquo;<\/a><\/p>\n","protected":false},"author":9,"featured_media":39583,"comment_status":"closed","ping_status":"closed","sticky":false,"template":"","format":"standard","meta":{"_uag_custom_page_level_css":"","site-sidebar-layout":"default","site-content-layout":"default","ast-global-header-display":"","ast-banner-title-visibility":"","ast-main-header-display":"","ast-hfb-above-header-display":"","ast-hfb-below-header-display":"","ast-hfb-mobile-header-display":"","site-post-title":"","ast-breadcrumbs-content":"","ast-featured-img":"","footer-sml-layout":"","theme-transparent-header-meta":"","adv-header-id-meta":"","stick-header-meta":"","header-above-stick-meta":"","header-main-stick-meta":"","header-below-stick-meta":"","footnotes":""},"categories":[148,200,153],"tags":[],"class_list":["post-32849","post","type-post","status-publish","format-standard","has-post-thumbnail","hentry","category-cl","category-principales-cl","category-programas-sociales-cl"],"acf":[],"yoast_head":"<!-- This site is optimized with the Yoast SEO plugin v23.2 - https:\/\/yoast.com\/wordpress\/plugins\/seo\/ -->\n<title>De qu\u00e9 se trata el proyecto para ayudar a familias endeudadas<\/title>\n<meta name=\"description\" content=\"Descubre de qu\u00e9 se trata la medida para ayudar a familias endeudadas por parte del Gobierno de Chile y hasta cu\u00e1nto dinero cubren.\" \/>\n<meta name=\"robots\" content=\"index, follow, max-snippet:-1, max-image-preview:large, max-video-preview:-1\" \/>\n<link rel=\"canonical\" href=\"https:\/\/alprestamo.com\/blog\/de-que-se-trata-el-proyecto-para-ayudar-a-familias-endeudadas\/\" \/>\n<meta property=\"og:locale\" content=\"es_ES\" \/>\n<meta property=\"og:type\" content=\"article\" \/>\n<meta property=\"og:title\" content=\"De qu\u00e9 se trata el proyecto para ayudar a familias endeudadas\" \/>\n<meta property=\"og:description\" content=\"Descubre de qu\u00e9 se trata la medida para ayudar a familias endeudadas por parte del Gobierno de Chile y hasta cu\u00e1nto dinero cubren.\" \/>\n<meta property=\"og:url\" content=\"https:\/\/alprestamo.com\/blog\/de-que-se-trata-el-proyecto-para-ayudar-a-familias-endeudadas\/\" \/>\n<meta property=\"og:site_name\" content=\"Alprestamo - Hacemos que todo suceda\" \/>\n<meta property=\"article:published_time\" content=\"2024-11-21T20:36:26+00:00\" \/>\n<meta property=\"article:modified_time\" content=\"2024-11-21T20:36:30+00:00\" \/>\n<meta property=\"og:image\" content=\"https:\/\/alprestamo.com\/blog\/wp-content\/uploads\/2024\/07\/120135853_presentation-wide_normal_none-1.webp\" \/>\n\t<meta property=\"og:image:width\" content=\"1280\" \/>\n\t<meta property=\"og:image:height\" content=\"720\" \/>\n\t<meta property=\"og:image:type\" content=\"image\/webp\" \/>\n<meta name=\"author\" content=\"Ramiro Querejeta\" \/>\n<meta name=\"twitter:card\" content=\"summary_large_image\" \/>\n<meta name=\"twitter:label1\" content=\"Escrito por\" \/>\n\t<meta name=\"twitter:data1\" content=\"Ramiro Querejeta\" \/>\n\t<meta name=\"twitter:label2\" content=\"Tiempo de lectura\" \/>\n\t<meta name=\"twitter:data2\" content=\"3 minutos\" \/>\n<script type=\"application\/ld+json\" class=\"yoast-schema-graph\">{\"@context\":\"https:\/\/schema.org\",\"@graph\":[{\"@type\":\"NewsArticle\",\"@id\":\"https:\/\/alprestamo.com\/blog\/de-que-se-trata-el-proyecto-para-ayudar-a-familias-endeudadas\/#article\",\"isPartOf\":{\"@id\":\"https:\/\/alprestamo.com\/blog\/de-que-se-trata-el-proyecto-para-ayudar-a-familias-endeudadas\/\"},\"author\":{\"name\":\"Ramiro Querejeta\",\"@id\":\"https:\/\/alprestamo.com\/blog\/#\/schema\/person\/4c568603ceb381762b4c9062d42c7627\"},\"headline\":\"De qu\u00e9 se trata el proyecto para ayudar a familias endeudadas\",\"datePublished\":\"2024-11-21T20:36:26+00:00\",\"dateModified\":\"2024-11-21T20:36:30+00:00\",\"mainEntityOfPage\":{\"@id\":\"https:\/\/alprestamo.com\/blog\/de-que-se-trata-el-proyecto-para-ayudar-a-familias-endeudadas\/\"},\"wordCount\":466,\"publisher\":{\"@id\":\"https:\/\/alprestamo.com\/blog\/#organization\"},\"image\":{\"@id\":\"https:\/\/alprestamo.com\/blog\/de-que-se-trata-el-proyecto-para-ayudar-a-familias-endeudadas\/#primaryimage\"},\"thumbnailUrl\":\"https:\/\/alprestamo.com\/blog\/wp-content\/uploads\/2024\/07\/120135853_presentation-wide_normal_none-1.webp\",\"articleSection\":[\"CL\",\"Principales\",\"Programas Sociales\"],\"inLanguage\":\"es-AR\"},{\"@type\":\"WebPage\",\"@id\":\"https:\/\/alprestamo.com\/blog\/de-que-se-trata-el-proyecto-para-ayudar-a-familias-endeudadas\/\",\"url\":\"https:\/\/alprestamo.com\/blog\/de-que-se-trata-el-proyecto-para-ayudar-a-familias-endeudadas\/\",\"name\":\"De qu\u00e9 se trata el proyecto para ayudar a familias endeudadas\",\"isPartOf\":{\"@id\":\"https:\/\/alprestamo.com\/blog\/#website\"},\"primaryImageOfPage\":{\"@id\":\"https:\/\/alprestamo.com\/blog\/de-que-se-trata-el-proyecto-para-ayudar-a-familias-endeudadas\/#primaryimage\"},\"image\":{\"@id\":\"https:\/\/alprestamo.com\/blog\/de-que-se-trata-el-proyecto-para-ayudar-a-familias-endeudadas\/#primaryimage\"},\"thumbnailUrl\":\"https:\/\/alprestamo.com\/blog\/wp-content\/uploads\/2024\/07\/120135853_presentation-wide_normal_none-1.webp\",\"datePublished\":\"2024-11-21T20:36:26+00:00\",\"dateModified\":\"2024-11-21T20:36:30+00:00\",\"description\":\"Descubre de qu\u00e9 se trata la medida para ayudar a familias endeudadas por parte del Gobierno de Chile y hasta cu\u00e1nto dinero cubren.\",\"breadcrumb\":{\"@id\":\"https:\/\/alprestamo.com\/blog\/de-que-se-trata-el-proyecto-para-ayudar-a-familias-endeudadas\/#breadcrumb\"},\"inLanguage\":\"es-AR\",\"potentialAction\":[{\"@type\":\"ReadAction\",\"target\":[\"https:\/\/alprestamo.com\/blog\/de-que-se-trata-el-proyecto-para-ayudar-a-familias-endeudadas\/\"]}]},{\"@type\":\"ImageObject\",\"inLanguage\":\"es-AR\",\"@id\":\"https:\/\/alprestamo.com\/blog\/de-que-se-trata-el-proyecto-para-ayudar-a-familias-endeudadas\/#primaryimage\",\"url\":\"https:\/\/alprestamo.com\/blog\/wp-content\/uploads\/2024\/07\/120135853_presentation-wide_normal_none-1.webp\",\"contentUrl\":\"https:\/\/alprestamo.com\/blog\/wp-content\/uploads\/2024\/07\/120135853_presentation-wide_normal_none-1.webp\",\"width\":1280,\"height\":720,\"caption\":\"Una persona revisa si est\u00e1 inhibida por internet\"},{\"@type\":\"BreadcrumbList\",\"@id\":\"https:\/\/alprestamo.com\/blog\/de-que-se-trata-el-proyecto-para-ayudar-a-familias-endeudadas\/#breadcrumb\",\"itemListElement\":[{\"@type\":\"ListItem\",\"position\":1,\"name\":\"Home\",\"item\":\"https:\/\/alprestamo.com\/blog\/\"},{\"@type\":\"ListItem\",\"position\":2,\"name\":\"De qu\u00e9 se trata el proyecto para ayudar a familias endeudadas\"}]},{\"@type\":\"WebSite\",\"@id\":\"https:\/\/alprestamo.com\/blog\/#website\",\"url\":\"https:\/\/alprestamo.com\/blog\/\",\"name\":\"Alprestamo\",\"description\":\"Hacemos que todo suceda\",\"publisher\":{\"@id\":\"https:\/\/alprestamo.com\/blog\/#organization\"},\"potentialAction\":[{\"@type\":\"SearchAction\",\"target\":{\"@type\":\"EntryPoint\",\"urlTemplate\":\"https:\/\/alprestamo.com\/blog\/?s={search_term_string}\"},\"query-input\":\"required name=search_term_string\"}],\"inLanguage\":\"es-AR\"},{\"@type\":\"Organization\",\"@id\":\"https:\/\/alprestamo.com\/blog\/#organization\",\"name\":\"Alprestamo\",\"url\":\"https:\/\/alprestamo.com\/blog\/\",\"logo\":{\"@type\":\"ImageObject\",\"inLanguage\":\"es-AR\",\"@id\":\"https:\/\/alprestamo.com\/blog\/#\/schema\/logo\/image\/\",\"url\":\"https:\/\/alprestamo.com\/blog\/wp-content\/uploads\/2022\/10\/Imagotipo_Blanco.svg\",\"contentUrl\":\"https:\/\/alprestamo.com\/blog\/wp-content\/uploads\/2022\/10\/Imagotipo_Blanco.svg\",\"width\":1199,\"height\":203,\"caption\":\"Alprestamo\"},\"image\":{\"@id\":\"https:\/\/alprestamo.com\/blog\/#\/schema\/logo\/image\/\"}},{\"@type\":\"Person\",\"@id\":\"https:\/\/alprestamo.com\/blog\/#\/schema\/person\/4c568603ceb381762b4c9062d42c7627\",\"name\":\"Ramiro Querejeta\",\"image\":{\"@type\":\"ImageObject\",\"inLanguage\":\"es-AR\",\"@id\":\"https:\/\/alprestamo.com\/blog\/#\/schema\/person\/image\/\",\"url\":\"https:\/\/alprestamo.com\/blog\/wp-content\/uploads\/2025\/08\/1688503693490-150x150.jpeg\",\"contentUrl\":\"https:\/\/alprestamo.com\/blog\/wp-content\/uploads\/2025\/08\/1688503693490-150x150.jpeg\",\"caption\":\"Ramiro Querejeta\"},\"url\":\"https:\/\/alprestamo.com\/blog\/author\/ramiro\/\"}]}<\/script>\n<!-- \/ Yoast SEO plugin. -->","yoast_head_json":{"title":"De qu\u00e9 se trata el proyecto para ayudar a familias endeudadas","description":"Descubre de qu\u00e9 se trata la medida para ayudar a familias endeudadas por parte del Gobierno de Chile y hasta cu\u00e1nto dinero cubren.","robots":{"index":"index","follow":"follow","max-snippet":"max-snippet:-1","max-image-preview":"max-image-preview:large","max-video-preview":"max-video-preview:-1"},"canonical":"https:\/\/alprestamo.com\/blog\/de-que-se-trata-el-proyecto-para-ayudar-a-familias-endeudadas\/","og_locale":"es_ES","og_type":"article","og_title":"De qu\u00e9 se trata el proyecto para ayudar a familias endeudadas","og_description":"Descubre de qu\u00e9 se trata la medida para ayudar a familias endeudadas por parte del Gobierno de Chile y hasta cu\u00e1nto dinero cubren.","og_url":"https:\/\/alprestamo.com\/blog\/de-que-se-trata-el-proyecto-para-ayudar-a-familias-endeudadas\/","og_site_name":"Alprestamo - Hacemos que todo suceda","article_published_time":"2024-11-21T20:36:26+00:00","article_modified_time":"2024-11-21T20:36:30+00:00","og_image":[{"width":1280,"height":720,"url":"https:\/\/alprestamo.com\/blog\/wp-content\/uploads\/2024\/07\/120135853_presentation-wide_normal_none-1.webp","type":"image\/webp"}],"author":"Ramiro Querejeta","twitter_card":"summary_large_image","twitter_misc":{"Escrito por":"Ramiro Querejeta","Tiempo de lectura":"3 minutos"},"schema":{"@context":"https:\/\/schema.org","@graph":[{"@type":"NewsArticle","@id":"https:\/\/alprestamo.com\/blog\/de-que-se-trata-el-proyecto-para-ayudar-a-familias-endeudadas\/#article","isPartOf":{"@id":"https:\/\/alprestamo.com\/blog\/de-que-se-trata-el-proyecto-para-ayudar-a-familias-endeudadas\/"},"author":{"name":"Ramiro Querejeta","@id":"https:\/\/alprestamo.com\/blog\/#\/schema\/person\/4c568603ceb381762b4c9062d42c7627"},"headline":"De qu\u00e9 se trata el proyecto para ayudar a familias endeudadas","datePublished":"2024-11-21T20:36:26+00:00","dateModified":"2024-11-21T20:36:30+00:00","mainEntityOfPage":{"@id":"https:\/\/alprestamo.com\/blog\/de-que-se-trata-el-proyecto-para-ayudar-a-familias-endeudadas\/"},"wordCount":466,"publisher":{"@id":"https:\/\/alprestamo.com\/blog\/#organization"},"image":{"@id":"https:\/\/alprestamo.com\/blog\/de-que-se-trata-el-proyecto-para-ayudar-a-familias-endeudadas\/#primaryimage"},"thumbnailUrl":"https:\/\/alprestamo.com\/blog\/wp-content\/uploads\/2024\/07\/120135853_presentation-wide_normal_none-1.webp","articleSection":["CL","Principales","Programas Sociales"],"inLanguage":"es-AR"},{"@type":"WebPage","@id":"https:\/\/alprestamo.com\/blog\/de-que-se-trata-el-proyecto-para-ayudar-a-familias-endeudadas\/","url":"https:\/\/alprestamo.com\/blog\/de-que-se-trata-el-proyecto-para-ayudar-a-familias-endeudadas\/","name":"De qu\u00e9 se trata el proyecto para ayudar a familias endeudadas","isPartOf":{"@id":"https:\/\/alprestamo.com\/blog\/#website"},"primaryImageOfPage":{"@id":"https:\/\/alprestamo.com\/blog\/de-que-se-trata-el-proyecto-para-ayudar-a-familias-endeudadas\/#primaryimage"},"image":{"@id":"https:\/\/alprestamo.com\/blog\/de-que-se-trata-el-proyecto-para-ayudar-a-familias-endeudadas\/#primaryimage"},"thumbnailUrl":"https:\/\/alprestamo.com\/blog\/wp-content\/uploads\/2024\/07\/120135853_presentation-wide_normal_none-1.webp","datePublished":"2024-11-21T20:36:26+00:00","dateModified":"2024-11-21T20:36:30+00:00","description":"Descubre de qu\u00e9 se trata la medida para ayudar a familias endeudadas por parte del Gobierno de Chile y hasta cu\u00e1nto dinero cubren.","breadcrumb":{"@id":"https:\/\/alprestamo.com\/blog\/de-que-se-trata-el-proyecto-para-ayudar-a-familias-endeudadas\/#breadcrumb"},"inLanguage":"es-AR","potentialAction":[{"@type":"ReadAction","target":["https:\/\/alprestamo.com\/blog\/de-que-se-trata-el-proyecto-para-ayudar-a-familias-endeudadas\/"]}]},{"@type":"ImageObject","inLanguage":"es-AR","@id":"https:\/\/alprestamo.com\/blog\/de-que-se-trata-el-proyecto-para-ayudar-a-familias-endeudadas\/#primaryimage","url":"https:\/\/alprestamo.com\/blog\/wp-content\/uploads\/2024\/07\/120135853_presentation-wide_normal_none-1.webp","contentUrl":"https:\/\/alprestamo.com\/blog\/wp-content\/uploads\/2024\/07\/120135853_presentation-wide_normal_none-1.webp","width":1280,"height":720,"caption":"Una persona revisa si est\u00e1 inhibida por internet"},{"@type":"BreadcrumbList","@id":"https:\/\/alprestamo.com\/blog\/de-que-se-trata-el-proyecto-para-ayudar-a-familias-endeudadas\/#breadcrumb","itemListElement":[{"@type":"ListItem","position":1,"name":"Home","item":"https:\/\/alprestamo.com\/blog\/"},{"@type":"ListItem","position":2,"name":"De qu\u00e9 se trata el proyecto para ayudar a familias endeudadas"}]},{"@type":"WebSite","@id":"https:\/\/alprestamo.com\/blog\/#website","url":"https:\/\/alprestamo.com\/blog\/","name":"Alprestamo","description":"Hacemos que todo suceda","publisher":{"@id":"https:\/\/alprestamo.com\/blog\/#organization"},"potentialAction":[{"@type":"SearchAction","target":{"@type":"EntryPoint","urlTemplate":"https:\/\/alprestamo.com\/blog\/?s={search_term_string}"},"query-input":"required name=search_term_string"}],"inLanguage":"es-AR"},{"@type":"Organization","@id":"https:\/\/alprestamo.com\/blog\/#organization","name":"Alprestamo","url":"https:\/\/alprestamo.com\/blog\/","logo":{"@type":"ImageObject","inLanguage":"es-AR","@id":"https:\/\/alprestamo.com\/blog\/#\/schema\/logo\/image\/","url":"https:\/\/alprestamo.com\/blog\/wp-content\/uploads\/2022\/10\/Imagotipo_Blanco.svg","contentUrl":"https:\/\/alprestamo.com\/blog\/wp-content\/uploads\/2022\/10\/Imagotipo_Blanco.svg","width":1199,"height":203,"caption":"Alprestamo"},"image":{"@id":"https:\/\/alprestamo.com\/blog\/#\/schema\/logo\/image\/"}},{"@type":"Person","@id":"https:\/\/alprestamo.com\/blog\/#\/schema\/person\/4c568603ceb381762b4c9062d42c7627","name":"Ramiro Querejeta","image":{"@type":"ImageObject","inLanguage":"es-AR","@id":"https:\/\/alprestamo.com\/blog\/#\/schema\/person\/image\/","url":"https:\/\/alprestamo.com\/blog\/wp-content\/uploads\/2025\/08\/1688503693490-150x150.jpeg","contentUrl":"https:\/\/alprestamo.com\/blog\/wp-content\/uploads\/2025\/08\/1688503693490-150x150.jpeg","caption":"Ramiro Querejeta"},"url":"https:\/\/alprestamo.com\/blog\/author\/ramiro\/"}]}},"uagb_featured_image_src":{"full":["https:\/\/alprestamo.com\/blog\/wp-content\/uploads\/2024\/07\/120135853_presentation-wide_normal_none-1.webp",1280,720,false],"thumbnail":["https:\/\/alprestamo.com\/blog\/wp-content\/uploads\/2024\/07\/120135853_presentation-wide_normal_none-1-150x150.webp",150,150,true],"medium":["https:\/\/alprestamo.com\/blog\/wp-content\/uploads\/2024\/07\/120135853_presentation-wide_normal_none-1-300x169.webp",300,169,true],"medium_large":["https:\/\/alprestamo.com\/blog\/wp-content\/uploads\/2024\/07\/120135853_presentation-wide_normal_none-1-768x432.webp",768,432,true],"large":["https:\/\/alprestamo.com\/blog\/wp-content\/uploads\/2024\/07\/120135853_presentation-wide_normal_none-1-1024x576.webp",1024,576,true],"1536x1536":["https:\/\/alprestamo.com\/blog\/wp-content\/uploads\/2024\/07\/120135853_presentation-wide_normal_none-1.webp",1280,720,false],"2048x2048":["https:\/\/alprestamo.com\/blog\/wp-content\/uploads\/2024\/07\/120135853_presentation-wide_normal_none-1.webp",1280,720,false]},"uagb_author_info":{"display_name":"Ramiro Querejeta","author_link":"https:\/\/alprestamo.com\/blog\/author\/ramiro\/"},"uagb_comment_info":0,"uagb_excerpt":"El Gobierno de Chile, a trav\u00e9s de su ministro de Hacienda, Mario Marcel, comunic\u00f3 esta semana el tratamiento de un nuevo proyecto para ayudar a las familias endeudadas, mediante una serie de medidas econ\u00f3micas.&nbsp; Familias endeudadas en Chile&nbsp; Esta iniciativa pretende que las personas puedan reducir su carga financiera, o dicho de otra modo, la&hellip;","rttpg_featured_image_url":{"full":["https:\/\/alprestamo.com\/blog\/wp-content\/uploads\/2024\/07\/120135853_presentation-wide_normal_none-1.webp",1280,720,false],"landscape":["https:\/\/alprestamo.com\/blog\/wp-content\/uploads\/2024\/07\/120135853_presentation-wide_normal_none-1.webp",1280,720,false],"portraits":["https:\/\/alprestamo.com\/blog\/wp-content\/uploads\/2024\/07\/120135853_presentation-wide_normal_none-1.webp",1280,720,false],"thumbnail":["https:\/\/alprestamo.com\/blog\/wp-content\/uploads\/2024\/07\/120135853_presentation-wide_normal_none-1-150x150.webp",150,150,true],"medium":["https:\/\/alprestamo.com\/blog\/wp-content\/uploads\/2024\/07\/120135853_presentation-wide_normal_none-1-300x169.webp",300,169,true],"large":["https:\/\/alprestamo.com\/blog\/wp-content\/uploads\/2024\/07\/120135853_presentation-wide_normal_none-1-1024x576.webp",1024,576,true],"1536x1536":["https:\/\/alprestamo.com\/blog\/wp-content\/uploads\/2024\/07\/120135853_presentation-wide_normal_none-1.webp",1280,720,false],"2048x2048":["https:\/\/alprestamo.com\/blog\/wp-content\/uploads\/2024\/07\/120135853_presentation-wide_normal_none-1.webp",1280,720,false],"rt_custom":["https:\/\/alprestamo.com\/blog\/wp-content\/uploads\/2024\/07\/120135853_presentation-wide_normal_none-1.webp",1280,720,false]},"rttpg_author":{"display_name":"Ramiro Querejeta","author_link":"https:\/\/alprestamo.com\/blog\/author\/ramiro\/"},"rttpg_comment":0,"rttpg_category":"<a href=\"https:\/\/alprestamo.com\/blog\/categoria\/cl\/\" rel=\"category tag\">CL<\/a> <a href=\"https:\/\/alprestamo.com\/blog\/categoria\/cl\/principales-cl\/\" rel=\"category tag\">Principales<\/a> <a href=\"https:\/\/alprestamo.com\/blog\/categoria\/cl\/programas-sociales-cl\/\" rel=\"category tag\">Programas Sociales<\/a>","rttpg_excerpt":"El Gobierno de Chile, a trav\u00e9s de su ministro de Hacienda, Mario Marcel, comunic\u00f3 esta semana el tratamiento de un nuevo proyecto para ayudar a las familias endeudadas, mediante una serie de medidas econ\u00f3micas.&nbsp; Familias endeudadas en Chile&nbsp; Esta iniciativa pretende que las personas puedan reducir su carga financiera, o dicho de otra modo, la&hellip;","_links":{"self":[{"href":"https:\/\/alprestamo.com\/blog\/wp-json\/wp\/v2\/posts\/32849"}],"collection":[{"href":"https:\/\/alprestamo.com\/blog\/wp-json\/wp\/v2\/posts"}],"about":[{"href":"https:\/\/alprestamo.com\/blog\/wp-json\/wp\/v2\/types\/post"}],"author":[{"embeddable":true,"href":"https:\/\/alprestamo.com\/blog\/wp-json\/wp\/v2\/users\/9"}],"replies":[{"embeddable":true,"href":"https:\/\/alprestamo.com\/blog\/wp-json\/wp\/v2\/comments?post=32849"}],"version-history":[{"count":15,"href":"https:\/\/alprestamo.com\/blog\/wp-json\/wp\/v2\/posts\/32849\/revisions"}],"predecessor-version":[{"id":39922,"href":"https:\/\/alprestamo.com\/blog\/wp-json\/wp\/v2\/posts\/32849\/revisions\/39922"}],"wp:featuredmedia":[{"embeddable":true,"href":"https:\/\/alprestamo.com\/blog\/wp-json\/wp\/v2\/media\/39583"}],"wp:attachment":[{"href":"https:\/\/alprestamo.com\/blog\/wp-json\/wp\/v2\/media?parent=32849"}],"wp:term":[{"taxonomy":"category","embeddable":true,"href":"https:\/\/alprestamo.com\/blog\/wp-json\/wp\/v2\/categories?post=32849"},{"taxonomy":"post_tag","embeddable":true,"href":"https:\/\/alprestamo.com\/blog\/wp-json\/wp\/v2\/tags?post=32849"}],"curies":[{"name":"wp","href":"https:\/\/api.w.org\/{rel}","templated":true}]}}