{"id":33418,"date":"2023-11-27T12:15:25","date_gmt":"2023-11-27T15:15:25","guid":{"rendered":"https:\/\/alprestamo.com\/blog\/?p=33418"},"modified":"2023-11-27T12:15:26","modified_gmt":"2023-11-27T15:15:26","slug":"cuales-son-los-cambios-que-tendra-el-programa-renta-ciudadana-en-2024","status":"publish","type":"post","link":"https:\/\/alprestamo.com\/blog\/cuales-son-los-cambios-que-tendra-el-programa-renta-ciudadana-en-2024\/","title":{"rendered":"Cu\u00e1les son los cambios que tendr\u00e1 el programa Renta Ciudadana en 2024"},"content":{"rendered":"\n<p>El Gobierno de Colombia comunic\u00f3 las modificaciones que tendr\u00e1n los programas <strong>J\u00f3venes en Acci\u00f3n<\/strong> y <strong>Familias en Acci\u00f3n<\/strong>, que se incorporar\u00e1n a las transferencias monetarias correspondientes al programa<strong> Renta Ciudadana<\/strong>.&nbsp;<\/p>\n\n\n\n<p>De acuerdo a lo anunciado por la directora de <strong>Prosperidad Social<\/strong>, Laura Sarabia, a partir del 1\u00b0 de enero de 2024 se crear\u00e1 formalmente <a href=\"https:\/\/alprestamo.com\/blog\/co\/cuarto-ciclo-de-pagos-de-renta-ciudadana-en-noviembre\/\">Renta Ciudadana<\/a>, un sistema de transferencias de dinero que fortalecer\u00e1 el sistema de protecci\u00f3n social en el pa\u00eds.&nbsp; Este programa atender\u00e1 a 2,7 millones de hogares, que son aproximadamente unas 7 millones de personas.&nbsp;&nbsp;<\/p>\n\n\n\n<p>La nueva medida establece la incorporaci\u00f3n de los dos <strong><a href=\"https:\/\/alprestamo.com\/blog\/co\/suspension-de-programas-sociales-a-quienes-afecta-y-por-que\/\">programas sociales<\/a> <\/strong>a la Renta Ciudadana para avanzar en el \u00e1mbito de la realizaci\u00f3n de los derechos fundamentales de las personas beneficiarias.&nbsp;La meta de estos cambios es que para el a\u00f1o 2025 se logre reducir 6,6 puntos porcentuales la pobreza extrema y 2,4 puntos la pobreza monetaria.&nbsp;<\/p>\n\n\n\n<p>De esta manera, a partir del primer d\u00eda del 2024, las ayudas econ\u00f3micas de los programas J\u00f3venes en Acci\u00f3n (<strong>Renta Joven<\/strong>) y Familias en Acci\u00f3n, se sumar\u00e1n al Sistema de transferencias.&nbsp;<\/p>\n\n\n\n<p>Familias en Acci\u00f3n se transformar\u00e1 en una estrategia de acompa\u00f1amiento familiar y comunitario, mientras que J\u00f3venes en Acci\u00f3n tendr\u00e1 como fin contribuir a la inclusi\u00f3n social y econ\u00f3mica de los<strong> j\u00f3venes colombianos en situaci\u00f3n vulnerable<\/strong>, a trav\u00e9s de la entrega de dinero y la implementaci\u00f3n de estrategias que les den acceso y permanencia a la educaci\u00f3n superior.&nbsp;<\/p>\n\n\n\n<h2 class=\"wp-block-heading\">C\u00f3mo ser\u00e1 el cobro de la Renta Joven<\/h2>\n\n\n\n<p><\/p>\n\n\n\n<p>De acuerdo a Laura Sarabia, para el 2024 Renta Joven tendr\u00e1 un presupuesto de 9 billones de pesos para la totalidad de los dep\u00f3sitos de dinero.&nbsp;<\/p>\n\n\n\n<p>Para quienes actualmente son beneficiarios de estos programas, el Gobierno estableci\u00f3 un periodo de transici\u00f3n, en el caso de quienes formen parte de J\u00f3venes en Acci\u00f3n para que puedan pasar a la Renta Joven, previo el cumplimiento de los requisitos y condiciones establecidas.<\/p>\n\n\n\n<p>El Departamento Administrativo para la Prosperidad Social garantizar\u00e1 la liquidaci\u00f3n del dinero a los beneficiarios del programa Familias en Acci\u00f3n hasta diciembre de 2023, cuyo pago efectivo se podr\u00e1 realizar durante el primer semestre del pr\u00f3ximo a\u00f1o.&nbsp;<\/p>\n\n\n\n<p>Por otro lado, quienes se encuentren en estado activo al 31 de diciembre de 2023 y que no cumplan con los criterios de focalizaci\u00f3n y vinculaci\u00f3n para la Renta Joven, se les garantizar\u00e1 su permanencia en el programa en el nivel formativo que registre a la fecha mencionada y tendr\u00e1n derecho al cobro del dinero de acuerdo con el cumplimiento de los requisitos establecidos en la Renta Ciudadana 2024.<\/p>\n","protected":false},"excerpt":{"rendered":"<p>El Gobierno de Colombia comunic\u00f3 las modificaciones que tendr\u00e1n los programas J\u00f3venes en Acci\u00f3n y Familias en Acci\u00f3n, que se incorporar\u00e1n a las transferencias monetarias correspondientes al programa Renta Ciudadana.&nbsp; De acuerdo a lo anunciado por la directora de Prosperidad Social, Laura Sarabia, a partir del 1\u00b0 de enero de 2024 se crear\u00e1 formalmente Renta &hellip;<\/p>\n<p class=\"read-more\"> <a class=\"\" href=\"https:\/\/alprestamo.com\/blog\/cuales-son-los-cambios-que-tendra-el-programa-renta-ciudadana-en-2024\/\"> <span class=\"screen-reader-text\">Cu\u00e1les son los cambios que tendr\u00e1 el programa Renta Ciudadana en 2024<\/span> Leer m\u00e1s &raquo;<\/a><\/p>\n","protected":false},"author":9,"featured_media":33426,"comment_status":"closed","ping_status":"closed","sticky":false,"template":"","format":"standard","meta":{"_uag_custom_page_level_css":"","site-sidebar-layout":"default","site-content-layout":"default","ast-global-header-display":"","ast-banner-title-visibility":"","ast-main-header-display":"","ast-hfb-above-header-display":"","ast-hfb-below-header-display":"","ast-hfb-mobile-header-display":"","site-post-title":"","ast-breadcrumbs-content":"","ast-featured-img":"","footer-sml-layout":"","theme-transparent-header-meta":"","adv-header-id-meta":"","stick-header-meta":"","header-above-stick-meta":"","header-main-stick-meta":"","header-below-stick-meta":"","footnotes":""},"categories":[98,197,100],"tags":[],"class_list":["post-33418","post","type-post","status-publish","format-standard","has-post-thumbnail","hentry","category-co","category-portada-co","category-programas-sociales"],"acf":[],"yoast_head":"<!-- This site is optimized with the Yoast SEO plugin v23.2 - https:\/\/yoast.com\/wordpress\/plugins\/seo\/ -->\n<title>Cu\u00e1les son los cambios que tendr\u00e1 el programa Renta Ciudadana en 2024<\/title>\n<meta name=\"description\" content=\"El Gobierno de Colombia comunic\u00f3 las modificaciones que tendr\u00e1n los programas J\u00f3venes en Acci\u00f3n y Familias en Acci\u00f3n, que se incorporar\u00e1n a las\" \/>\n<meta name=\"robots\" content=\"index, follow, max-snippet:-1, max-image-preview:large, max-video-preview:-1\" \/>\n<link rel=\"canonical\" href=\"https:\/\/alprestamo.com\/blog\/cuales-son-los-cambios-que-tendra-el-programa-renta-ciudadana-en-2024\/\" \/>\n<meta property=\"og:locale\" content=\"es_ES\" \/>\n<meta property=\"og:type\" content=\"article\" \/>\n<meta property=\"og:title\" content=\"Cu\u00e1les son los cambios que tendr\u00e1 el programa Renta Ciudadana en 2024\" \/>\n<meta property=\"og:description\" content=\"El Gobierno de Colombia comunic\u00f3 las modificaciones que tendr\u00e1n los programas J\u00f3venes en Acci\u00f3n y Familias en Acci\u00f3n, que se incorporar\u00e1n a las\" \/>\n<meta property=\"og:url\" content=\"https:\/\/alprestamo.com\/blog\/cuales-son-los-cambios-que-tendra-el-programa-renta-ciudadana-en-2024\/\" \/>\n<meta property=\"og:site_name\" content=\"Alprestamo - Hacemos que todo suceda\" \/>\n<meta property=\"article:published_time\" content=\"2023-11-27T15:15:25+00:00\" \/>\n<meta property=\"article:modified_time\" content=\"2023-11-27T15:15:26+00:00\" \/>\n<meta property=\"og:image\" content=\"https:\/\/alprestamo.com\/blog\/wp-content\/uploads\/2023\/11\/pesos-colombianos.webp\" \/>\n\t<meta property=\"og:image:width\" content=\"1134\" \/>\n\t<meta property=\"og:image:height\" content=\"768\" \/>\n\t<meta property=\"og:image:type\" content=\"image\/webp\" \/>\n<meta name=\"author\" content=\"Ramiro Querejeta\" \/>\n<meta name=\"twitter:card\" content=\"summary_large_image\" \/>\n<meta name=\"twitter:label1\" content=\"Escrito por\" \/>\n\t<meta name=\"twitter:data1\" content=\"Ramiro Querejeta\" \/>\n\t<meta name=\"twitter:label2\" content=\"Tiempo de lectura\" \/>\n\t<meta name=\"twitter:data2\" content=\"2 minutos\" \/>\n<script type=\"application\/ld+json\" class=\"yoast-schema-graph\">{\"@context\":\"https:\/\/schema.org\",\"@graph\":[{\"@type\":\"NewsArticle\",\"@id\":\"https:\/\/alprestamo.com\/blog\/cuales-son-los-cambios-que-tendra-el-programa-renta-ciudadana-en-2024\/#article\",\"isPartOf\":{\"@id\":\"https:\/\/alprestamo.com\/blog\/cuales-son-los-cambios-que-tendra-el-programa-renta-ciudadana-en-2024\/\"},\"author\":{\"name\":\"Ramiro Querejeta\",\"@id\":\"https:\/\/alprestamo.com\/blog\/#\/schema\/person\/4c568603ceb381762b4c9062d42c7627\"},\"headline\":\"Cu\u00e1les son los cambios que tendr\u00e1 el programa Renta Ciudadana en 2024\",\"datePublished\":\"2023-11-27T15:15:25+00:00\",\"dateModified\":\"2023-11-27T15:15:26+00:00\",\"mainEntityOfPage\":{\"@id\":\"https:\/\/alprestamo.com\/blog\/cuales-son-los-cambios-que-tendra-el-programa-renta-ciudadana-en-2024\/\"},\"wordCount\":463,\"publisher\":{\"@id\":\"https:\/\/alprestamo.com\/blog\/#organization\"},\"image\":{\"@id\":\"https:\/\/alprestamo.com\/blog\/cuales-son-los-cambios-que-tendra-el-programa-renta-ciudadana-en-2024\/#primaryimage\"},\"thumbnailUrl\":\"https:\/\/alprestamo.com\/blog\/wp-content\/uploads\/2023\/11\/pesos-colombianos.webp\",\"articleSection\":[\"CO\",\"Portada\",\"Programas sociales\"],\"inLanguage\":\"es-AR\"},{\"@type\":\"WebPage\",\"@id\":\"https:\/\/alprestamo.com\/blog\/cuales-son-los-cambios-que-tendra-el-programa-renta-ciudadana-en-2024\/\",\"url\":\"https:\/\/alprestamo.com\/blog\/cuales-son-los-cambios-que-tendra-el-programa-renta-ciudadana-en-2024\/\",\"name\":\"Cu\u00e1les son los cambios que tendr\u00e1 el programa Renta Ciudadana en 2024\",\"isPartOf\":{\"@id\":\"https:\/\/alprestamo.com\/blog\/#website\"},\"primaryImageOfPage\":{\"@id\":\"https:\/\/alprestamo.com\/blog\/cuales-son-los-cambios-que-tendra-el-programa-renta-ciudadana-en-2024\/#primaryimage\"},\"image\":{\"@id\":\"https:\/\/alprestamo.com\/blog\/cuales-son-los-cambios-que-tendra-el-programa-renta-ciudadana-en-2024\/#primaryimage\"},\"thumbnailUrl\":\"https:\/\/alprestamo.com\/blog\/wp-content\/uploads\/2023\/11\/pesos-colombianos.webp\",\"datePublished\":\"2023-11-27T15:15:25+00:00\",\"dateModified\":\"2023-11-27T15:15:26+00:00\",\"description\":\"El Gobierno de Colombia comunic\u00f3 las modificaciones que tendr\u00e1n los programas J\u00f3venes en Acci\u00f3n y Familias en Acci\u00f3n, que se incorporar\u00e1n a las\",\"breadcrumb\":{\"@id\":\"https:\/\/alprestamo.com\/blog\/cuales-son-los-cambios-que-tendra-el-programa-renta-ciudadana-en-2024\/#breadcrumb\"},\"inLanguage\":\"es-AR\",\"potentialAction\":[{\"@type\":\"ReadAction\",\"target\":[\"https:\/\/alprestamo.com\/blog\/cuales-son-los-cambios-que-tendra-el-programa-renta-ciudadana-en-2024\/\"]}]},{\"@type\":\"ImageObject\",\"inLanguage\":\"es-AR\",\"@id\":\"https:\/\/alprestamo.com\/blog\/cuales-son-los-cambios-que-tendra-el-programa-renta-ciudadana-en-2024\/#primaryimage\",\"url\":\"https:\/\/alprestamo.com\/blog\/wp-content\/uploads\/2023\/11\/pesos-colombianos.webp\",\"contentUrl\":\"https:\/\/alprestamo.com\/blog\/wp-content\/uploads\/2023\/11\/pesos-colombianos.webp\",\"width\":1134,\"height\":768,\"caption\":\"Cobro de la Renta Ciudadana\"},{\"@type\":\"BreadcrumbList\",\"@id\":\"https:\/\/alprestamo.com\/blog\/cuales-son-los-cambios-que-tendra-el-programa-renta-ciudadana-en-2024\/#breadcrumb\",\"itemListElement\":[{\"@type\":\"ListItem\",\"position\":1,\"name\":\"Home\",\"item\":\"https:\/\/alprestamo.com\/blog\/\"},{\"@type\":\"ListItem\",\"position\":2,\"name\":\"Cu\u00e1les son los cambios que tendr\u00e1 el programa Renta Ciudadana en 2024\"}]},{\"@type\":\"WebSite\",\"@id\":\"https:\/\/alprestamo.com\/blog\/#website\",\"url\":\"https:\/\/alprestamo.com\/blog\/\",\"name\":\"Alprestamo\",\"description\":\"Hacemos que todo suceda\",\"publisher\":{\"@id\":\"https:\/\/alprestamo.com\/blog\/#organization\"},\"potentialAction\":[{\"@type\":\"SearchAction\",\"target\":{\"@type\":\"EntryPoint\",\"urlTemplate\":\"https:\/\/alprestamo.com\/blog\/?s={search_term_string}\"},\"query-input\":\"required name=search_term_string\"}],\"inLanguage\":\"es-AR\"},{\"@type\":\"Organization\",\"@id\":\"https:\/\/alprestamo.com\/blog\/#organization\",\"name\":\"Alprestamo\",\"url\":\"https:\/\/alprestamo.com\/blog\/\",\"logo\":{\"@type\":\"ImageObject\",\"inLanguage\":\"es-AR\",\"@id\":\"https:\/\/alprestamo.com\/blog\/#\/schema\/logo\/image\/\",\"url\":\"https:\/\/alprestamo.com\/blog\/wp-content\/uploads\/2022\/10\/Imagotipo_Blanco.svg\",\"contentUrl\":\"https:\/\/alprestamo.com\/blog\/wp-content\/uploads\/2022\/10\/Imagotipo_Blanco.svg\",\"width\":1199,\"height\":203,\"caption\":\"Alprestamo\"},\"image\":{\"@id\":\"https:\/\/alprestamo.com\/blog\/#\/schema\/logo\/image\/\"}},{\"@type\":\"Person\",\"@id\":\"https:\/\/alprestamo.com\/blog\/#\/schema\/person\/4c568603ceb381762b4c9062d42c7627\",\"name\":\"Ramiro Querejeta\",\"image\":{\"@type\":\"ImageObject\",\"inLanguage\":\"es-AR\",\"@id\":\"https:\/\/alprestamo.com\/blog\/#\/schema\/person\/image\/\",\"url\":\"https:\/\/alprestamo.com\/blog\/wp-content\/uploads\/2025\/08\/1688503693490-150x150.jpeg\",\"contentUrl\":\"https:\/\/alprestamo.com\/blog\/wp-content\/uploads\/2025\/08\/1688503693490-150x150.jpeg\",\"caption\":\"Ramiro Querejeta\"},\"url\":\"https:\/\/alprestamo.com\/blog\/author\/ramiro\/\"}]}<\/script>\n<!-- \/ Yoast SEO plugin. -->","yoast_head_json":{"title":"Cu\u00e1les son los cambios que tendr\u00e1 el programa Renta Ciudadana en 2024","description":"El Gobierno de Colombia comunic\u00f3 las modificaciones que tendr\u00e1n los programas J\u00f3venes en Acci\u00f3n y Familias en Acci\u00f3n, que se incorporar\u00e1n a las","robots":{"index":"index","follow":"follow","max-snippet":"max-snippet:-1","max-image-preview":"max-image-preview:large","max-video-preview":"max-video-preview:-1"},"canonical":"https:\/\/alprestamo.com\/blog\/cuales-son-los-cambios-que-tendra-el-programa-renta-ciudadana-en-2024\/","og_locale":"es_ES","og_type":"article","og_title":"Cu\u00e1les son los cambios que tendr\u00e1 el programa Renta Ciudadana en 2024","og_description":"El Gobierno de Colombia comunic\u00f3 las modificaciones que tendr\u00e1n los programas J\u00f3venes en Acci\u00f3n y Familias en Acci\u00f3n, que se incorporar\u00e1n a las","og_url":"https:\/\/alprestamo.com\/blog\/cuales-son-los-cambios-que-tendra-el-programa-renta-ciudadana-en-2024\/","og_site_name":"Alprestamo - Hacemos que todo suceda","article_published_time":"2023-11-27T15:15:25+00:00","article_modified_time":"2023-11-27T15:15:26+00:00","og_image":[{"width":1134,"height":768,"url":"https:\/\/alprestamo.com\/blog\/wp-content\/uploads\/2023\/11\/pesos-colombianos.webp","type":"image\/webp"}],"author":"Ramiro Querejeta","twitter_card":"summary_large_image","twitter_misc":{"Escrito por":"Ramiro Querejeta","Tiempo de lectura":"2 minutos"},"schema":{"@context":"https:\/\/schema.org","@graph":[{"@type":"NewsArticle","@id":"https:\/\/alprestamo.com\/blog\/cuales-son-los-cambios-que-tendra-el-programa-renta-ciudadana-en-2024\/#article","isPartOf":{"@id":"https:\/\/alprestamo.com\/blog\/cuales-son-los-cambios-que-tendra-el-programa-renta-ciudadana-en-2024\/"},"author":{"name":"Ramiro Querejeta","@id":"https:\/\/alprestamo.com\/blog\/#\/schema\/person\/4c568603ceb381762b4c9062d42c7627"},"headline":"Cu\u00e1les son los cambios que tendr\u00e1 el programa Renta Ciudadana en 2024","datePublished":"2023-11-27T15:15:25+00:00","dateModified":"2023-11-27T15:15:26+00:00","mainEntityOfPage":{"@id":"https:\/\/alprestamo.com\/blog\/cuales-son-los-cambios-que-tendra-el-programa-renta-ciudadana-en-2024\/"},"wordCount":463,"publisher":{"@id":"https:\/\/alprestamo.com\/blog\/#organization"},"image":{"@id":"https:\/\/alprestamo.com\/blog\/cuales-son-los-cambios-que-tendra-el-programa-renta-ciudadana-en-2024\/#primaryimage"},"thumbnailUrl":"https:\/\/alprestamo.com\/blog\/wp-content\/uploads\/2023\/11\/pesos-colombianos.webp","articleSection":["CO","Portada","Programas sociales"],"inLanguage":"es-AR"},{"@type":"WebPage","@id":"https:\/\/alprestamo.com\/blog\/cuales-son-los-cambios-que-tendra-el-programa-renta-ciudadana-en-2024\/","url":"https:\/\/alprestamo.com\/blog\/cuales-son-los-cambios-que-tendra-el-programa-renta-ciudadana-en-2024\/","name":"Cu\u00e1les son los cambios que tendr\u00e1 el programa Renta Ciudadana en 2024","isPartOf":{"@id":"https:\/\/alprestamo.com\/blog\/#website"},"primaryImageOfPage":{"@id":"https:\/\/alprestamo.com\/blog\/cuales-son-los-cambios-que-tendra-el-programa-renta-ciudadana-en-2024\/#primaryimage"},"image":{"@id":"https:\/\/alprestamo.com\/blog\/cuales-son-los-cambios-que-tendra-el-programa-renta-ciudadana-en-2024\/#primaryimage"},"thumbnailUrl":"https:\/\/alprestamo.com\/blog\/wp-content\/uploads\/2023\/11\/pesos-colombianos.webp","datePublished":"2023-11-27T15:15:25+00:00","dateModified":"2023-11-27T15:15:26+00:00","description":"El Gobierno de Colombia comunic\u00f3 las modificaciones que tendr\u00e1n los programas J\u00f3venes en Acci\u00f3n y Familias en Acci\u00f3n, que se incorporar\u00e1n a las","breadcrumb":{"@id":"https:\/\/alprestamo.com\/blog\/cuales-son-los-cambios-que-tendra-el-programa-renta-ciudadana-en-2024\/#breadcrumb"},"inLanguage":"es-AR","potentialAction":[{"@type":"ReadAction","target":["https:\/\/alprestamo.com\/blog\/cuales-son-los-cambios-que-tendra-el-programa-renta-ciudadana-en-2024\/"]}]},{"@type":"ImageObject","inLanguage":"es-AR","@id":"https:\/\/alprestamo.com\/blog\/cuales-son-los-cambios-que-tendra-el-programa-renta-ciudadana-en-2024\/#primaryimage","url":"https:\/\/alprestamo.com\/blog\/wp-content\/uploads\/2023\/11\/pesos-colombianos.webp","contentUrl":"https:\/\/alprestamo.com\/blog\/wp-content\/uploads\/2023\/11\/pesos-colombianos.webp","width":1134,"height":768,"caption":"Cobro de la Renta Ciudadana"},{"@type":"BreadcrumbList","@id":"https:\/\/alprestamo.com\/blog\/cuales-son-los-cambios-que-tendra-el-programa-renta-ciudadana-en-2024\/#breadcrumb","itemListElement":[{"@type":"ListItem","position":1,"name":"Home","item":"https:\/\/alprestamo.com\/blog\/"},{"@type":"ListItem","position":2,"name":"Cu\u00e1les son los cambios que tendr\u00e1 el programa Renta Ciudadana en 2024"}]},{"@type":"WebSite","@id":"https:\/\/alprestamo.com\/blog\/#website","url":"https:\/\/alprestamo.com\/blog\/","name":"Alprestamo","description":"Hacemos que todo suceda","publisher":{"@id":"https:\/\/alprestamo.com\/blog\/#organization"},"potentialAction":[{"@type":"SearchAction","target":{"@type":"EntryPoint","urlTemplate":"https:\/\/alprestamo.com\/blog\/?s={search_term_string}"},"query-input":"required name=search_term_string"}],"inLanguage":"es-AR"},{"@type":"Organization","@id":"https:\/\/alprestamo.com\/blog\/#organization","name":"Alprestamo","url":"https:\/\/alprestamo.com\/blog\/","logo":{"@type":"ImageObject","inLanguage":"es-AR","@id":"https:\/\/alprestamo.com\/blog\/#\/schema\/logo\/image\/","url":"https:\/\/alprestamo.com\/blog\/wp-content\/uploads\/2022\/10\/Imagotipo_Blanco.svg","contentUrl":"https:\/\/alprestamo.com\/blog\/wp-content\/uploads\/2022\/10\/Imagotipo_Blanco.svg","width":1199,"height":203,"caption":"Alprestamo"},"image":{"@id":"https:\/\/alprestamo.com\/blog\/#\/schema\/logo\/image\/"}},{"@type":"Person","@id":"https:\/\/alprestamo.com\/blog\/#\/schema\/person\/4c568603ceb381762b4c9062d42c7627","name":"Ramiro Querejeta","image":{"@type":"ImageObject","inLanguage":"es-AR","@id":"https:\/\/alprestamo.com\/blog\/#\/schema\/person\/image\/","url":"https:\/\/alprestamo.com\/blog\/wp-content\/uploads\/2025\/08\/1688503693490-150x150.jpeg","contentUrl":"https:\/\/alprestamo.com\/blog\/wp-content\/uploads\/2025\/08\/1688503693490-150x150.jpeg","caption":"Ramiro Querejeta"},"url":"https:\/\/alprestamo.com\/blog\/author\/ramiro\/"}]}},"uagb_featured_image_src":{"full":["https:\/\/alprestamo.com\/blog\/wp-content\/uploads\/2023\/11\/pesos-colombianos.webp",1134,768,false],"thumbnail":["https:\/\/alprestamo.com\/blog\/wp-content\/uploads\/2023\/11\/pesos-colombianos-150x150.webp",150,150,true],"medium":["https:\/\/alprestamo.com\/blog\/wp-content\/uploads\/2023\/11\/pesos-colombianos-300x203.webp",300,203,true],"medium_large":["https:\/\/alprestamo.com\/blog\/wp-content\/uploads\/2023\/11\/pesos-colombianos-768x520.webp",768,520,true],"large":["https:\/\/alprestamo.com\/blog\/wp-content\/uploads\/2023\/11\/pesos-colombianos-1024x694.webp",1024,694,true],"1536x1536":["https:\/\/alprestamo.com\/blog\/wp-content\/uploads\/2023\/11\/pesos-colombianos.webp",1134,768,false],"2048x2048":["https:\/\/alprestamo.com\/blog\/wp-content\/uploads\/2023\/11\/pesos-colombianos.webp",1134,768,false]},"uagb_author_info":{"display_name":"Ramiro Querejeta","author_link":"https:\/\/alprestamo.com\/blog\/author\/ramiro\/"},"uagb_comment_info":0,"uagb_excerpt":"El Gobierno de Colombia comunic\u00f3 las modificaciones que tendr\u00e1n los programas J\u00f3venes en Acci\u00f3n y Familias en Acci\u00f3n, que se incorporar\u00e1n a las transferencias monetarias correspondientes al programa Renta Ciudadana.&nbsp; De acuerdo a lo anunciado por la directora de Prosperidad Social, Laura Sarabia, a partir del 1\u00b0 de enero de 2024 se crear\u00e1 formalmente Renta&hellip;","rttpg_featured_image_url":{"full":["https:\/\/alprestamo.com\/blog\/wp-content\/uploads\/2023\/11\/pesos-colombianos.webp",1134,768,false],"landscape":["https:\/\/alprestamo.com\/blog\/wp-content\/uploads\/2023\/11\/pesos-colombianos.webp",1134,768,false],"portraits":["https:\/\/alprestamo.com\/blog\/wp-content\/uploads\/2023\/11\/pesos-colombianos.webp",1134,768,false],"thumbnail":["https:\/\/alprestamo.com\/blog\/wp-content\/uploads\/2023\/11\/pesos-colombianos-150x150.webp",150,150,true],"medium":["https:\/\/alprestamo.com\/blog\/wp-content\/uploads\/2023\/11\/pesos-colombianos-300x203.webp",300,203,true],"large":["https:\/\/alprestamo.com\/blog\/wp-content\/uploads\/2023\/11\/pesos-colombianos-1024x694.webp",1024,694,true],"1536x1536":["https:\/\/alprestamo.com\/blog\/wp-content\/uploads\/2023\/11\/pesos-colombianos.webp",1134,768,false],"2048x2048":["https:\/\/alprestamo.com\/blog\/wp-content\/uploads\/2023\/11\/pesos-colombianos.webp",1134,768,false],"rt_custom":["https:\/\/alprestamo.com\/blog\/wp-content\/uploads\/2023\/11\/pesos-colombianos.webp",1134,768,false]},"rttpg_author":{"display_name":"Ramiro Querejeta","author_link":"https:\/\/alprestamo.com\/blog\/author\/ramiro\/"},"rttpg_comment":0,"rttpg_category":"<a href=\"https:\/\/alprestamo.com\/blog\/categoria\/co\/\" rel=\"category tag\">CO<\/a> <a href=\"https:\/\/alprestamo.com\/blog\/categoria\/co\/portada-co\/\" rel=\"category tag\">Portada<\/a> <a href=\"https:\/\/alprestamo.com\/blog\/categoria\/co\/programas-sociales\/\" rel=\"category tag\">Programas sociales<\/a>","rttpg_excerpt":"El Gobierno de Colombia comunic\u00f3 las modificaciones que tendr\u00e1n los programas J\u00f3venes en Acci\u00f3n y Familias en Acci\u00f3n, que se incorporar\u00e1n a las transferencias monetarias correspondientes al programa Renta Ciudadana.&nbsp; De acuerdo a lo anunciado por la directora de Prosperidad Social, Laura Sarabia, a partir del 1\u00b0 de enero de 2024 se crear\u00e1 formalmente Renta&hellip;","_links":{"self":[{"href":"https:\/\/alprestamo.com\/blog\/wp-json\/wp\/v2\/posts\/33418"}],"collection":[{"href":"https:\/\/alprestamo.com\/blog\/wp-json\/wp\/v2\/posts"}],"about":[{"href":"https:\/\/alprestamo.com\/blog\/wp-json\/wp\/v2\/types\/post"}],"author":[{"embeddable":true,"href":"https:\/\/alprestamo.com\/blog\/wp-json\/wp\/v2\/users\/9"}],"replies":[{"embeddable":true,"href":"https:\/\/alprestamo.com\/blog\/wp-json\/wp\/v2\/comments?post=33418"}],"version-history":[{"count":6,"href":"https:\/\/alprestamo.com\/blog\/wp-json\/wp\/v2\/posts\/33418\/revisions"}],"predecessor-version":[{"id":33772,"href":"https:\/\/alprestamo.com\/blog\/wp-json\/wp\/v2\/posts\/33418\/revisions\/33772"}],"wp:featuredmedia":[{"embeddable":true,"href":"https:\/\/alprestamo.com\/blog\/wp-json\/wp\/v2\/media\/33426"}],"wp:attachment":[{"href":"https:\/\/alprestamo.com\/blog\/wp-json\/wp\/v2\/media?parent=33418"}],"wp:term":[{"taxonomy":"category","embeddable":true,"href":"https:\/\/alprestamo.com\/blog\/wp-json\/wp\/v2\/categories?post=33418"},{"taxonomy":"post_tag","embeddable":true,"href":"https:\/\/alprestamo.com\/blog\/wp-json\/wp\/v2\/tags?post=33418"}],"curies":[{"name":"wp","href":"https:\/\/api.w.org\/{rel}","templated":true}]}}