{"id":34121,"date":"2024-01-02T15:26:45","date_gmt":"2024-01-02T18:26:45","guid":{"rendered":"https:\/\/alprestamo.com\/blog\/?p=34121"},"modified":"2024-01-02T15:26:47","modified_gmt":"2024-01-02T18:26:47","slug":"nuevos-criterios-para-la-renta-ciudadana-y-devolucion-del-iva-como-seran-en-2024","status":"publish","type":"post","link":"https:\/\/alprestamo.com\/blog\/nuevos-criterios-para-la-renta-ciudadana-y-devolucion-del-iva-como-seran-en-2024\/","title":{"rendered":"Nuevos criterios para la Renta Ciudadana y devoluci\u00f3n del IVA: c\u00f3mo ser\u00e1n en 2024"},"content":{"rendered":"\n<p>El <strong>Departamento de Prosperidad Social (DPS)<\/strong> estableci\u00f3 una serie de <strong>criterios <\/strong>enfocados para garantizar la integraci\u00f3n efectiva de los hogares y personas que cumplan con los requisitos para los programas sociales<strong> <a href=\"https:\/\/alprestamo.com\/blog\/co\/cuales-son-los-cambios-que-tendra-el-programa-renta-ciudadana-en-2024\/\" target=\"_blank\" rel=\"noreferrer noopener\">Renta Ciudadana<\/a> y devoluci\u00f3n del IVA<\/strong>.\u00a0<\/p>\n\n\n\n<p>Las medidas adoptadas fueron dise\u00f1adas no solo para facilitar la incorporaci\u00f3n de nuevos beneficiarios, sino tambi\u00e9n para asegurar que reciban el apoyo e incentivos necesarios.&nbsp;<\/p>\n\n\n\n<h2 class=\"wp-block-heading\">Cambios en los programas sociales en 2024<\/h2>\n\n\n\n<p>A partir del 1 de enero de 2024 se llevar\u00e1 adelante una modificaci\u00f3n en el programa de ayuda<strong> Familias en Acci\u00f3n<\/strong>, cre\u00e1ndose de forma definitiva el programa Renta Ciudadana.\u00a0<\/p>\n\n\n\n<p>Adem\u00e1s, los hogares beneficiarios de Familias en Acci\u00f3n y <strong>J\u00f3venes en Acci\u00f3n<\/strong> que no cumplan con los criterios para recibir el dinero bajo los nuevos par\u00e1metros tendr\u00e1n estrategias de acompa\u00f1amiento y gesti\u00f3n por parte de la DPS.&nbsp;<\/p>\n\n\n\n<h2 class=\"wp-block-heading\">Nuevos criterios para 2024<\/h2>\n\n\n\n<p>Cabe recordar que para estos dos <a href=\"https:\/\/alprestamo.com\/blog\/co\/consejos-financieros-co\/como-verificar-saldos-impagos-de-los-programas-sociales-de-colombia\/\" target=\"_blank\" rel=\"noreferrer noopener\">programas de ayuda social<\/a>, la DPS no gestionar\u00e1 nuevas convocatorias e inscripciones p\u00fablicas. Esta focalizaci\u00f3n se realizar\u00e1 directamente con la informaci\u00f3n entregada por el Registro Social de Hogares, como el <strong>Sisb\u00e9n<\/strong>.\u00a0<\/p>\n\n\n\n<p>Prosperidad Social podr\u00e1 utilizar otras bases de datos y fuentes que permitan la identificaci\u00f3n, priorizaci\u00f3n y selecci\u00f3n de potenciales beneficiarios.&nbsp;<\/p>\n\n\n\n<h2 class=\"wp-block-heading\">Criterios de hogares para Renta Ciudadana<\/h2>\n\n\n\n<p>Se les dar\u00e1 especial atenci\u00f3n a los beneficiarios que sean liderados por madres solteras con hijos menores de seis a\u00f1os. Con este enfoque, el programa buscar\u00e1 no solo dar asistencia financiera, sino tambi\u00e9n fomentar la igualdad de oportunidades en los sectores m\u00e1s vulnerables.&nbsp;<\/p>\n\n\n\n<p>Los nuevos criterios de focalizaci\u00f3n para 2024 ser\u00e1n:&nbsp;<\/p>\n\n\n\n<h3 class=\"wp-block-heading\">Apoyo Integral para Hogares en Situaci\u00f3n de Vulnerabilidad<\/h3>\n\n\n\n<ul class=\"wp-block-list\">\n<li>Poblaci\u00f3n Objetivo: estar\u00e1 dirigido especialmente a hogares sumidos en la pobreza extrema, madres que son el \u00fanico sustento de sus familias con ni\u00f1os en sus primeros a\u00f1os de vida, y hogares que incluyen miembros con discapacidad.<\/li>\n\n\n\n<li>Beneficios Ofrecidos: se otorgar\u00e1 una ayuda econ\u00f3mica de hasta $500,000 por hogar.<\/li>\n\n\n\n<li>Frecuencia de los Pagos: la asistencia ser\u00e1 entregada cada 45 d\u00edas.&nbsp;<\/li>\n<\/ul>\n\n\n\n<h3 class=\"wp-block-heading\">Asistencia Nutricional Especializada<\/h3>\n\n\n\n<ul class=\"wp-block-list\">\n<li>Poblaci\u00f3n Objetivo: har\u00e1 foco en los hogares que, adem\u00e1s de vivir en pobreza extrema, enfrentan desaf\u00edos de inseguridad alimentaria y no est\u00e1n cubiertos por el primer componente.<\/li>\n\n\n\n<li>Beneficios Ofrecidos: dispondr\u00e1 de una asistencia econ\u00f3mica de hasta 500 mil pesos, con un promedio de 350 mil pesos.&nbsp;<\/li>\n\n\n\n<li>Frecuencia de los Pagos: similar al primer componente, la asistencia se entregar\u00e1 cada 45 d\u00edas para poder suplir la falta de acceso a alimentos.<\/li>\n<\/ul>\n\n\n\n<h3 class=\"wp-block-heading\">Incentivo al Progreso y Cumplimiento de Metas<\/h3>\n\n\n\n<ul class=\"wp-block-list\">\n<li>Poblaci\u00f3n Objetivo: Hogares que, encontr\u00e1ndose en pobreza moderada, demuestren progreso significativo en metas preestablecidas y objetivos de desarrollo.<\/li>\n\n\n\n<li>Beneficios Ofrecidos: Se otorgar\u00e1 un bono anual, que oscila entre 500 mil y un mill\u00f3n de pesos, reconociendo y recompensando el esfuerzo y el logro de metas importantes.<\/li>\n\n\n\n<li>Frecuencia de los Pagos: Este incentivo se entregar\u00e1 una vez al a\u00f1o, proporcionando un impulso econ\u00f3mico significativo para continuar con el camino del progreso.<\/li>\n<\/ul>\n\n\n\n<h2 class=\"wp-block-heading\">Criterios para la devoluci\u00f3n del IVA<\/h2>\n\n\n\n<p>Es importante recordar que la devoluci\u00f3n del IVA se limita a un total de 2 millones de hogares en todo Colombia.&nbsp;<\/p>\n\n\n\n<p>Para las entregas correspondientes a los ciclos 4, 5 y 6, de esta a\u00f1o 2023, se considerar\u00e1n como beneficiarios a los hogares que est\u00e9n clasificados en los<strong> grupos A1 al A5 o B, espec\u00edficamente hasta el B4, del Sisb\u00e9n IV<\/strong><\/p>\n\n\n\n<p>Cabe destacar que estas familias no deben estar recibiendo los programas Renta Ciudadana y \u201cColombia Mayor.&nbsp;<\/p>\n","protected":false},"excerpt":{"rendered":"<p>El Departamento de Prosperidad Social (DPS) estableci\u00f3 una serie de criterios enfocados para garantizar la integraci\u00f3n efectiva de los hogares y personas que cumplan con los requisitos para los programas sociales Renta Ciudadana y devoluci\u00f3n del IVA.\u00a0 Las medidas adoptadas fueron dise\u00f1adas no solo para facilitar la incorporaci\u00f3n de nuevos beneficiarios, sino tambi\u00e9n para asegurar &hellip;<\/p>\n<p class=\"read-more\"> <a class=\"\" href=\"https:\/\/alprestamo.com\/blog\/nuevos-criterios-para-la-renta-ciudadana-y-devolucion-del-iva-como-seran-en-2024\/\"> <span class=\"screen-reader-text\">Nuevos criterios para la Renta Ciudadana y devoluci\u00f3n del IVA: c\u00f3mo ser\u00e1n en 2024<\/span> Leer m\u00e1s &raquo;<\/a><\/p>\n","protected":false},"author":9,"featured_media":34168,"comment_status":"closed","ping_status":"closed","sticky":false,"template":"","format":"standard","meta":{"_uag_custom_page_level_css":"","site-sidebar-layout":"default","site-content-layout":"default","ast-global-header-display":"","ast-banner-title-visibility":"","ast-main-header-display":"","ast-hfb-above-header-display":"","ast-hfb-below-header-display":"","ast-hfb-mobile-header-display":"","site-post-title":"","ast-breadcrumbs-content":"","ast-featured-img":"","footer-sml-layout":"","theme-transparent-header-meta":"","adv-header-id-meta":"","stick-header-meta":"","header-above-stick-meta":"","header-main-stick-meta":"","header-below-stick-meta":"","footnotes":""},"categories":[98,197,100],"tags":[],"class_list":["post-34121","post","type-post","status-publish","format-standard","has-post-thumbnail","hentry","category-co","category-portada-co","category-programas-sociales"],"acf":[],"yoast_head":"<!-- This site is optimized with the Yoast SEO plugin v23.2 - https:\/\/yoast.com\/wordpress\/plugins\/seo\/ -->\n<title>Nuevos criterios para la Renta Ciudadana y devoluci\u00f3n del IVA: c\u00f3mo ser\u00e1n en 2024<\/title>\n<meta name=\"description\" content=\"El Departamento de Prosperidad Social (DPS) estableci\u00f3 una serie de criterios enfocados para garantizar la integraci\u00f3n efectiva de los hogares y personas\" \/>\n<meta name=\"robots\" content=\"index, follow, max-snippet:-1, max-image-preview:large, max-video-preview:-1\" \/>\n<link rel=\"canonical\" href=\"https:\/\/alprestamo.com\/blog\/nuevos-criterios-para-la-renta-ciudadana-y-devolucion-del-iva-como-seran-en-2024\/\" \/>\n<meta property=\"og:locale\" content=\"es_ES\" \/>\n<meta property=\"og:type\" content=\"article\" \/>\n<meta property=\"og:title\" content=\"Nuevos criterios para la Renta Ciudadana y devoluci\u00f3n del IVA: c\u00f3mo ser\u00e1n en 2024\" \/>\n<meta property=\"og:description\" content=\"El Departamento de Prosperidad Social (DPS) estableci\u00f3 una serie de criterios enfocados para garantizar la integraci\u00f3n efectiva de los hogares y personas\" \/>\n<meta property=\"og:url\" content=\"https:\/\/alprestamo.com\/blog\/nuevos-criterios-para-la-renta-ciudadana-y-devolucion-del-iva-como-seran-en-2024\/\" \/>\n<meta property=\"og:site_name\" content=\"Alprestamo - Hacemos que todo suceda\" \/>\n<meta property=\"article:published_time\" content=\"2024-01-02T18:26:45+00:00\" \/>\n<meta property=\"article:modified_time\" content=\"2024-01-02T18:26:47+00:00\" \/>\n<meta property=\"og:image\" content=\"https:\/\/alprestamo.com\/blog\/wp-content\/uploads\/2023\/11\/programas-sociales.webp\" \/>\n\t<meta property=\"og:image:width\" content=\"1100\" \/>\n\t<meta property=\"og:image:height\" content=\"652\" \/>\n\t<meta property=\"og:image:type\" content=\"image\/webp\" \/>\n<meta name=\"author\" content=\"Ramiro Querejeta\" \/>\n<meta name=\"twitter:card\" content=\"summary_large_image\" \/>\n<meta name=\"twitter:label1\" content=\"Escrito por\" \/>\n\t<meta name=\"twitter:data1\" content=\"Ramiro Querejeta\" \/>\n\t<meta name=\"twitter:label2\" content=\"Tiempo de lectura\" \/>\n\t<meta name=\"twitter:data2\" content=\"3 minutos\" \/>\n<script type=\"application\/ld+json\" class=\"yoast-schema-graph\">{\"@context\":\"https:\/\/schema.org\",\"@graph\":[{\"@type\":\"NewsArticle\",\"@id\":\"https:\/\/alprestamo.com\/blog\/nuevos-criterios-para-la-renta-ciudadana-y-devolucion-del-iva-como-seran-en-2024\/#article\",\"isPartOf\":{\"@id\":\"https:\/\/alprestamo.com\/blog\/nuevos-criterios-para-la-renta-ciudadana-y-devolucion-del-iva-como-seran-en-2024\/\"},\"author\":{\"name\":\"Ramiro Querejeta\",\"@id\":\"https:\/\/alprestamo.com\/blog\/#\/schema\/person\/4c568603ceb381762b4c9062d42c7627\"},\"headline\":\"Nuevos criterios para la Renta Ciudadana y devoluci\u00f3n del IVA: c\u00f3mo ser\u00e1n en 2024\",\"datePublished\":\"2024-01-02T18:26:45+00:00\",\"dateModified\":\"2024-01-02T18:26:47+00:00\",\"mainEntityOfPage\":{\"@id\":\"https:\/\/alprestamo.com\/blog\/nuevos-criterios-para-la-renta-ciudadana-y-devolucion-del-iva-como-seran-en-2024\/\"},\"wordCount\":615,\"publisher\":{\"@id\":\"https:\/\/alprestamo.com\/blog\/#organization\"},\"image\":{\"@id\":\"https:\/\/alprestamo.com\/blog\/nuevos-criterios-para-la-renta-ciudadana-y-devolucion-del-iva-como-seran-en-2024\/#primaryimage\"},\"thumbnailUrl\":\"https:\/\/alprestamo.com\/blog\/wp-content\/uploads\/2023\/11\/programas-sociales.webp\",\"articleSection\":[\"CO\",\"Portada\",\"Programas sociales\"],\"inLanguage\":\"es-AR\"},{\"@type\":\"WebPage\",\"@id\":\"https:\/\/alprestamo.com\/blog\/nuevos-criterios-para-la-renta-ciudadana-y-devolucion-del-iva-como-seran-en-2024\/\",\"url\":\"https:\/\/alprestamo.com\/blog\/nuevos-criterios-para-la-renta-ciudadana-y-devolucion-del-iva-como-seran-en-2024\/\",\"name\":\"Nuevos criterios para la Renta Ciudadana y devoluci\u00f3n del IVA: c\u00f3mo ser\u00e1n en 2024\",\"isPartOf\":{\"@id\":\"https:\/\/alprestamo.com\/blog\/#website\"},\"primaryImageOfPage\":{\"@id\":\"https:\/\/alprestamo.com\/blog\/nuevos-criterios-para-la-renta-ciudadana-y-devolucion-del-iva-como-seran-en-2024\/#primaryimage\"},\"image\":{\"@id\":\"https:\/\/alprestamo.com\/blog\/nuevos-criterios-para-la-renta-ciudadana-y-devolucion-del-iva-como-seran-en-2024\/#primaryimage\"},\"thumbnailUrl\":\"https:\/\/alprestamo.com\/blog\/wp-content\/uploads\/2023\/11\/programas-sociales.webp\",\"datePublished\":\"2024-01-02T18:26:45+00:00\",\"dateModified\":\"2024-01-02T18:26:47+00:00\",\"description\":\"El Departamento de Prosperidad Social (DPS) estableci\u00f3 una serie de criterios enfocados para garantizar la integraci\u00f3n efectiva de los hogares y personas\",\"breadcrumb\":{\"@id\":\"https:\/\/alprestamo.com\/blog\/nuevos-criterios-para-la-renta-ciudadana-y-devolucion-del-iva-como-seran-en-2024\/#breadcrumb\"},\"inLanguage\":\"es-AR\",\"potentialAction\":[{\"@type\":\"ReadAction\",\"target\":[\"https:\/\/alprestamo.com\/blog\/nuevos-criterios-para-la-renta-ciudadana-y-devolucion-del-iva-como-seran-en-2024\/\"]}]},{\"@type\":\"ImageObject\",\"inLanguage\":\"es-AR\",\"@id\":\"https:\/\/alprestamo.com\/blog\/nuevos-criterios-para-la-renta-ciudadana-y-devolucion-del-iva-como-seran-en-2024\/#primaryimage\",\"url\":\"https:\/\/alprestamo.com\/blog\/wp-content\/uploads\/2023\/11\/programas-sociales.webp\",\"contentUrl\":\"https:\/\/alprestamo.com\/blog\/wp-content\/uploads\/2023\/11\/programas-sociales.webp\",\"width\":1100,\"height\":652,\"caption\":\"Una persona cobra un programa social en Colombia\"},{\"@type\":\"BreadcrumbList\",\"@id\":\"https:\/\/alprestamo.com\/blog\/nuevos-criterios-para-la-renta-ciudadana-y-devolucion-del-iva-como-seran-en-2024\/#breadcrumb\",\"itemListElement\":[{\"@type\":\"ListItem\",\"position\":1,\"name\":\"Home\",\"item\":\"https:\/\/alprestamo.com\/blog\/\"},{\"@type\":\"ListItem\",\"position\":2,\"name\":\"Nuevos criterios para la Renta Ciudadana y devoluci\u00f3n del IVA: c\u00f3mo ser\u00e1n en 2024\"}]},{\"@type\":\"WebSite\",\"@id\":\"https:\/\/alprestamo.com\/blog\/#website\",\"url\":\"https:\/\/alprestamo.com\/blog\/\",\"name\":\"Alprestamo\",\"description\":\"Hacemos que todo suceda\",\"publisher\":{\"@id\":\"https:\/\/alprestamo.com\/blog\/#organization\"},\"potentialAction\":[{\"@type\":\"SearchAction\",\"target\":{\"@type\":\"EntryPoint\",\"urlTemplate\":\"https:\/\/alprestamo.com\/blog\/?s={search_term_string}\"},\"query-input\":\"required name=search_term_string\"}],\"inLanguage\":\"es-AR\"},{\"@type\":\"Organization\",\"@id\":\"https:\/\/alprestamo.com\/blog\/#organization\",\"name\":\"Alprestamo\",\"url\":\"https:\/\/alprestamo.com\/blog\/\",\"logo\":{\"@type\":\"ImageObject\",\"inLanguage\":\"es-AR\",\"@id\":\"https:\/\/alprestamo.com\/blog\/#\/schema\/logo\/image\/\",\"url\":\"https:\/\/alprestamo.com\/blog\/wp-content\/uploads\/2022\/10\/Imagotipo_Blanco.svg\",\"contentUrl\":\"https:\/\/alprestamo.com\/blog\/wp-content\/uploads\/2022\/10\/Imagotipo_Blanco.svg\",\"width\":1199,\"height\":203,\"caption\":\"Alprestamo\"},\"image\":{\"@id\":\"https:\/\/alprestamo.com\/blog\/#\/schema\/logo\/image\/\"}},{\"@type\":\"Person\",\"@id\":\"https:\/\/alprestamo.com\/blog\/#\/schema\/person\/4c568603ceb381762b4c9062d42c7627\",\"name\":\"Ramiro Querejeta\",\"image\":{\"@type\":\"ImageObject\",\"inLanguage\":\"es-AR\",\"@id\":\"https:\/\/alprestamo.com\/blog\/#\/schema\/person\/image\/\",\"url\":\"https:\/\/alprestamo.com\/blog\/wp-content\/uploads\/2025\/08\/1688503693490-150x150.jpeg\",\"contentUrl\":\"https:\/\/alprestamo.com\/blog\/wp-content\/uploads\/2025\/08\/1688503693490-150x150.jpeg\",\"caption\":\"Ramiro Querejeta\"},\"url\":\"https:\/\/alprestamo.com\/blog\/author\/ramiro\/\"}]}<\/script>\n<!-- \/ Yoast SEO plugin. -->","yoast_head_json":{"title":"Nuevos criterios para la Renta Ciudadana y devoluci\u00f3n del IVA: c\u00f3mo ser\u00e1n en 2024","description":"El Departamento de Prosperidad Social (DPS) estableci\u00f3 una serie de criterios enfocados para garantizar la integraci\u00f3n efectiva de los hogares y personas","robots":{"index":"index","follow":"follow","max-snippet":"max-snippet:-1","max-image-preview":"max-image-preview:large","max-video-preview":"max-video-preview:-1"},"canonical":"https:\/\/alprestamo.com\/blog\/nuevos-criterios-para-la-renta-ciudadana-y-devolucion-del-iva-como-seran-en-2024\/","og_locale":"es_ES","og_type":"article","og_title":"Nuevos criterios para la Renta Ciudadana y devoluci\u00f3n del IVA: c\u00f3mo ser\u00e1n en 2024","og_description":"El Departamento de Prosperidad Social (DPS) estableci\u00f3 una serie de criterios enfocados para garantizar la integraci\u00f3n efectiva de los hogares y personas","og_url":"https:\/\/alprestamo.com\/blog\/nuevos-criterios-para-la-renta-ciudadana-y-devolucion-del-iva-como-seran-en-2024\/","og_site_name":"Alprestamo - Hacemos que todo suceda","article_published_time":"2024-01-02T18:26:45+00:00","article_modified_time":"2024-01-02T18:26:47+00:00","og_image":[{"width":1100,"height":652,"url":"https:\/\/alprestamo.com\/blog\/wp-content\/uploads\/2023\/11\/programas-sociales.webp","type":"image\/webp"}],"author":"Ramiro Querejeta","twitter_card":"summary_large_image","twitter_misc":{"Escrito por":"Ramiro Querejeta","Tiempo de lectura":"3 minutos"},"schema":{"@context":"https:\/\/schema.org","@graph":[{"@type":"NewsArticle","@id":"https:\/\/alprestamo.com\/blog\/nuevos-criterios-para-la-renta-ciudadana-y-devolucion-del-iva-como-seran-en-2024\/#article","isPartOf":{"@id":"https:\/\/alprestamo.com\/blog\/nuevos-criterios-para-la-renta-ciudadana-y-devolucion-del-iva-como-seran-en-2024\/"},"author":{"name":"Ramiro Querejeta","@id":"https:\/\/alprestamo.com\/blog\/#\/schema\/person\/4c568603ceb381762b4c9062d42c7627"},"headline":"Nuevos criterios para la Renta Ciudadana y devoluci\u00f3n del IVA: c\u00f3mo ser\u00e1n en 2024","datePublished":"2024-01-02T18:26:45+00:00","dateModified":"2024-01-02T18:26:47+00:00","mainEntityOfPage":{"@id":"https:\/\/alprestamo.com\/blog\/nuevos-criterios-para-la-renta-ciudadana-y-devolucion-del-iva-como-seran-en-2024\/"},"wordCount":615,"publisher":{"@id":"https:\/\/alprestamo.com\/blog\/#organization"},"image":{"@id":"https:\/\/alprestamo.com\/blog\/nuevos-criterios-para-la-renta-ciudadana-y-devolucion-del-iva-como-seran-en-2024\/#primaryimage"},"thumbnailUrl":"https:\/\/alprestamo.com\/blog\/wp-content\/uploads\/2023\/11\/programas-sociales.webp","articleSection":["CO","Portada","Programas sociales"],"inLanguage":"es-AR"},{"@type":"WebPage","@id":"https:\/\/alprestamo.com\/blog\/nuevos-criterios-para-la-renta-ciudadana-y-devolucion-del-iva-como-seran-en-2024\/","url":"https:\/\/alprestamo.com\/blog\/nuevos-criterios-para-la-renta-ciudadana-y-devolucion-del-iva-como-seran-en-2024\/","name":"Nuevos criterios para la Renta Ciudadana y devoluci\u00f3n del IVA: c\u00f3mo ser\u00e1n en 2024","isPartOf":{"@id":"https:\/\/alprestamo.com\/blog\/#website"},"primaryImageOfPage":{"@id":"https:\/\/alprestamo.com\/blog\/nuevos-criterios-para-la-renta-ciudadana-y-devolucion-del-iva-como-seran-en-2024\/#primaryimage"},"image":{"@id":"https:\/\/alprestamo.com\/blog\/nuevos-criterios-para-la-renta-ciudadana-y-devolucion-del-iva-como-seran-en-2024\/#primaryimage"},"thumbnailUrl":"https:\/\/alprestamo.com\/blog\/wp-content\/uploads\/2023\/11\/programas-sociales.webp","datePublished":"2024-01-02T18:26:45+00:00","dateModified":"2024-01-02T18:26:47+00:00","description":"El Departamento de Prosperidad Social (DPS) estableci\u00f3 una serie de criterios enfocados para garantizar la integraci\u00f3n efectiva de los hogares y personas","breadcrumb":{"@id":"https:\/\/alprestamo.com\/blog\/nuevos-criterios-para-la-renta-ciudadana-y-devolucion-del-iva-como-seran-en-2024\/#breadcrumb"},"inLanguage":"es-AR","potentialAction":[{"@type":"ReadAction","target":["https:\/\/alprestamo.com\/blog\/nuevos-criterios-para-la-renta-ciudadana-y-devolucion-del-iva-como-seran-en-2024\/"]}]},{"@type":"ImageObject","inLanguage":"es-AR","@id":"https:\/\/alprestamo.com\/blog\/nuevos-criterios-para-la-renta-ciudadana-y-devolucion-del-iva-como-seran-en-2024\/#primaryimage","url":"https:\/\/alprestamo.com\/blog\/wp-content\/uploads\/2023\/11\/programas-sociales.webp","contentUrl":"https:\/\/alprestamo.com\/blog\/wp-content\/uploads\/2023\/11\/programas-sociales.webp","width":1100,"height":652,"caption":"Una persona cobra un programa social en Colombia"},{"@type":"BreadcrumbList","@id":"https:\/\/alprestamo.com\/blog\/nuevos-criterios-para-la-renta-ciudadana-y-devolucion-del-iva-como-seran-en-2024\/#breadcrumb","itemListElement":[{"@type":"ListItem","position":1,"name":"Home","item":"https:\/\/alprestamo.com\/blog\/"},{"@type":"ListItem","position":2,"name":"Nuevos criterios para la Renta Ciudadana y devoluci\u00f3n del IVA: c\u00f3mo ser\u00e1n en 2024"}]},{"@type":"WebSite","@id":"https:\/\/alprestamo.com\/blog\/#website","url":"https:\/\/alprestamo.com\/blog\/","name":"Alprestamo","description":"Hacemos que todo suceda","publisher":{"@id":"https:\/\/alprestamo.com\/blog\/#organization"},"potentialAction":[{"@type":"SearchAction","target":{"@type":"EntryPoint","urlTemplate":"https:\/\/alprestamo.com\/blog\/?s={search_term_string}"},"query-input":"required name=search_term_string"}],"inLanguage":"es-AR"},{"@type":"Organization","@id":"https:\/\/alprestamo.com\/blog\/#organization","name":"Alprestamo","url":"https:\/\/alprestamo.com\/blog\/","logo":{"@type":"ImageObject","inLanguage":"es-AR","@id":"https:\/\/alprestamo.com\/blog\/#\/schema\/logo\/image\/","url":"https:\/\/alprestamo.com\/blog\/wp-content\/uploads\/2022\/10\/Imagotipo_Blanco.svg","contentUrl":"https:\/\/alprestamo.com\/blog\/wp-content\/uploads\/2022\/10\/Imagotipo_Blanco.svg","width":1199,"height":203,"caption":"Alprestamo"},"image":{"@id":"https:\/\/alprestamo.com\/blog\/#\/schema\/logo\/image\/"}},{"@type":"Person","@id":"https:\/\/alprestamo.com\/blog\/#\/schema\/person\/4c568603ceb381762b4c9062d42c7627","name":"Ramiro Querejeta","image":{"@type":"ImageObject","inLanguage":"es-AR","@id":"https:\/\/alprestamo.com\/blog\/#\/schema\/person\/image\/","url":"https:\/\/alprestamo.com\/blog\/wp-content\/uploads\/2025\/08\/1688503693490-150x150.jpeg","contentUrl":"https:\/\/alprestamo.com\/blog\/wp-content\/uploads\/2025\/08\/1688503693490-150x150.jpeg","caption":"Ramiro Querejeta"},"url":"https:\/\/alprestamo.com\/blog\/author\/ramiro\/"}]}},"uagb_featured_image_src":{"full":["https:\/\/alprestamo.com\/blog\/wp-content\/uploads\/2023\/11\/programas-sociales.webp",1100,652,false],"thumbnail":["https:\/\/alprestamo.com\/blog\/wp-content\/uploads\/2023\/11\/programas-sociales-150x150.webp",150,150,true],"medium":["https:\/\/alprestamo.com\/blog\/wp-content\/uploads\/2023\/11\/programas-sociales-300x178.webp",300,178,true],"medium_large":["https:\/\/alprestamo.com\/blog\/wp-content\/uploads\/2023\/11\/programas-sociales-768x455.webp",768,455,true],"large":["https:\/\/alprestamo.com\/blog\/wp-content\/uploads\/2023\/11\/programas-sociales-1024x607.webp",1024,607,true],"1536x1536":["https:\/\/alprestamo.com\/blog\/wp-content\/uploads\/2023\/11\/programas-sociales.webp",1100,652,false],"2048x2048":["https:\/\/alprestamo.com\/blog\/wp-content\/uploads\/2023\/11\/programas-sociales.webp",1100,652,false]},"uagb_author_info":{"display_name":"Ramiro Querejeta","author_link":"https:\/\/alprestamo.com\/blog\/author\/ramiro\/"},"uagb_comment_info":0,"uagb_excerpt":"El Departamento de Prosperidad Social (DPS) estableci\u00f3 una serie de criterios enfocados para garantizar la integraci\u00f3n efectiva de los hogares y personas que cumplan con los requisitos para los programas sociales Renta Ciudadana y devoluci\u00f3n del IVA.\u00a0 Las medidas adoptadas fueron dise\u00f1adas no solo para facilitar la incorporaci\u00f3n de nuevos beneficiarios, sino tambi\u00e9n para asegurar&hellip;","rttpg_featured_image_url":{"full":["https:\/\/alprestamo.com\/blog\/wp-content\/uploads\/2023\/11\/programas-sociales.webp",1100,652,false],"landscape":["https:\/\/alprestamo.com\/blog\/wp-content\/uploads\/2023\/11\/programas-sociales.webp",1100,652,false],"portraits":["https:\/\/alprestamo.com\/blog\/wp-content\/uploads\/2023\/11\/programas-sociales.webp",1100,652,false],"thumbnail":["https:\/\/alprestamo.com\/blog\/wp-content\/uploads\/2023\/11\/programas-sociales-150x150.webp",150,150,true],"medium":["https:\/\/alprestamo.com\/blog\/wp-content\/uploads\/2023\/11\/programas-sociales-300x178.webp",300,178,true],"large":["https:\/\/alprestamo.com\/blog\/wp-content\/uploads\/2023\/11\/programas-sociales-1024x607.webp",1024,607,true],"1536x1536":["https:\/\/alprestamo.com\/blog\/wp-content\/uploads\/2023\/11\/programas-sociales.webp",1100,652,false],"2048x2048":["https:\/\/alprestamo.com\/blog\/wp-content\/uploads\/2023\/11\/programas-sociales.webp",1100,652,false],"rt_custom":["https:\/\/alprestamo.com\/blog\/wp-content\/uploads\/2023\/11\/programas-sociales.webp",1100,652,false]},"rttpg_author":{"display_name":"Ramiro Querejeta","author_link":"https:\/\/alprestamo.com\/blog\/author\/ramiro\/"},"rttpg_comment":0,"rttpg_category":"<a href=\"https:\/\/alprestamo.com\/blog\/categoria\/co\/\" rel=\"category tag\">CO<\/a> <a href=\"https:\/\/alprestamo.com\/blog\/categoria\/co\/portada-co\/\" rel=\"category tag\">Portada<\/a> <a href=\"https:\/\/alprestamo.com\/blog\/categoria\/co\/programas-sociales\/\" rel=\"category tag\">Programas sociales<\/a>","rttpg_excerpt":"El Departamento de Prosperidad Social (DPS) estableci\u00f3 una serie de criterios enfocados para garantizar la integraci\u00f3n efectiva de los hogares y personas que cumplan con los requisitos para los programas sociales Renta Ciudadana y devoluci\u00f3n del IVA.\u00a0 Las medidas adoptadas fueron dise\u00f1adas no solo para facilitar la incorporaci\u00f3n de nuevos beneficiarios, sino tambi\u00e9n para asegurar&hellip;","_links":{"self":[{"href":"https:\/\/alprestamo.com\/blog\/wp-json\/wp\/v2\/posts\/34121"}],"collection":[{"href":"https:\/\/alprestamo.com\/blog\/wp-json\/wp\/v2\/posts"}],"about":[{"href":"https:\/\/alprestamo.com\/blog\/wp-json\/wp\/v2\/types\/post"}],"author":[{"embeddable":true,"href":"https:\/\/alprestamo.com\/blog\/wp-json\/wp\/v2\/users\/9"}],"replies":[{"embeddable":true,"href":"https:\/\/alprestamo.com\/blog\/wp-json\/wp\/v2\/comments?post=34121"}],"version-history":[{"count":9,"href":"https:\/\/alprestamo.com\/blog\/wp-json\/wp\/v2\/posts\/34121\/revisions"}],"predecessor-version":[{"id":35705,"href":"https:\/\/alprestamo.com\/blog\/wp-json\/wp\/v2\/posts\/34121\/revisions\/35705"}],"wp:featuredmedia":[{"embeddable":true,"href":"https:\/\/alprestamo.com\/blog\/wp-json\/wp\/v2\/media\/34168"}],"wp:attachment":[{"href":"https:\/\/alprestamo.com\/blog\/wp-json\/wp\/v2\/media?parent=34121"}],"wp:term":[{"taxonomy":"category","embeddable":true,"href":"https:\/\/alprestamo.com\/blog\/wp-json\/wp\/v2\/categories?post=34121"},{"taxonomy":"post_tag","embeddable":true,"href":"https:\/\/alprestamo.com\/blog\/wp-json\/wp\/v2\/tags?post=34121"}],"curies":[{"name":"wp","href":"https:\/\/api.w.org\/{rel}","templated":true}]}}