{"id":35322,"date":"2023-12-20T10:43:43","date_gmt":"2023-12-20T13:43:43","guid":{"rendered":"https:\/\/alprestamo.com\/blog\/?p=35322"},"modified":"2024-01-23T16:23:41","modified_gmt":"2024-01-23T19:23:41","slug":"cuanto-aumentara-el-salario-minimo-en-uruguay","status":"publish","type":"post","link":"https:\/\/alprestamo.com\/blog\/cuanto-aumentara-el-salario-minimo-en-uruguay\/","title":{"rendered":"Cu\u00e1nto aumentar\u00e1 el salario m\u00ednimo en Uruguay\u00a0"},"content":{"rendered":"\n<p>El<strong> Salario M\u00ednimo Nacional (SMN) en Uruguay tendr\u00e1 un aumento a partir de enero<\/strong> de 2024, seg\u00fan confirma el ministro de Trabajo y Seguridad Social (MTSS), <strong>Pablo Mieres<\/strong>.&nbsp;Tambi\u00e9n remarc\u00f3 que el <a href=\"https:\/\/alprestamo.com\/blog\/uy\/economia-finanzas-uy\/salario-real-en-uruguay-aumento-un-4-coma-82-por-ciento-a-septiembre\/\">salario <\/a>acumula un 1,2% de incremento por sobre la inflaci\u00f3n (el llamado salario real) en lo que va del gobierno de<strong> Lacalle Pou<\/strong>.&nbsp;<\/p>\n\n\n\n<h2 class=\"wp-block-heading\">Aumento del salario m\u00ednimo<\/h2>\n\n\n\n<p>El<strong> salario m\u00ednimo nacional tendr\u00e1 un incremento del 5,5%<\/strong> y quienes se vean beneficiados lo cobrar\u00e1n a principios del mes de febrero cuando se liquide el sueldo de enero.&nbsp;<\/p>\n\n\n\n<p>De esta forma, el <strong>SMN ser\u00e1 de 22.268 pesos <\/strong>y mantiene todav\u00eda el poder de compra frente a la inflaci\u00f3n.&nbsp;<\/p>\n\n\n\n<p>Seg\u00fan el ministro Mieres, el salario real \u201cviene aumentando a comparaci\u00f3n con el 2019\u201d, y se encuentra 1 punto porcentual arriba del promedio de ese a\u00f1o.&nbsp;<\/p>\n\n\n\n<p>\u201cDe acuerdo a los datos que manejamos de la 10\u00b0 ronda del Consejo del Salario, es probable que contin\u00fae aumentando el poder adquisitivo del sector privado, a medida que los acuerdos est\u00e1n pautando incrementos por arriba de la inflaci\u00f3n\u201d.&nbsp;<\/p>\n\n\n\n<h2 class=\"wp-block-heading\">Niveles de empleo<\/h2>\n\n\n\n<p>Mieres tambi\u00e9n destac\u00f3 que el nivel de empleo se encuentra en niveles mejores incluso a los del a\u00f1o 2019, en todas las variables, en tasa de actividad, en tasa de empleo, desempleo y en informalidad.&nbsp;<\/p>\n","protected":false},"excerpt":{"rendered":"<p>El Salario M\u00ednimo Nacional (SMN) en Uruguay tendr\u00e1 un aumento a partir de enero de 2024, seg\u00fan confirma el ministro de Trabajo y Seguridad Social (MTSS), Pablo Mieres.&nbsp;Tambi\u00e9n remarc\u00f3 que el salario acumula un 1,2% de incremento por sobre la inflaci\u00f3n (el llamado salario real) en lo que va del gobierno de Lacalle Pou.&nbsp; Aumento &hellip;<\/p>\n<p class=\"read-more\"> <a class=\"\" href=\"https:\/\/alprestamo.com\/blog\/cuanto-aumentara-el-salario-minimo-en-uruguay\/\"> <span class=\"screen-reader-text\">Cu\u00e1nto aumentar\u00e1 el salario m\u00ednimo en Uruguay\u00a0<\/span> Leer m\u00e1s &raquo;<\/a><\/p>\n","protected":false},"author":9,"featured_media":35326,"comment_status":"closed","ping_status":"closed","sticky":false,"template":"","format":"standard","meta":{"_uag_custom_page_level_css":"","site-sidebar-layout":"default","site-content-layout":"default","ast-global-header-display":"","ast-banner-title-visibility":"","ast-main-header-display":"","ast-hfb-above-header-display":"","ast-hfb-below-header-display":"","ast-hfb-mobile-header-display":"","site-post-title":"","ast-breadcrumbs-content":"","ast-featured-img":"","footer-sml-layout":"","theme-transparent-header-meta":"","adv-header-id-meta":"","stick-header-meta":"","header-above-stick-meta":"","header-main-stick-meta":"","header-below-stick-meta":"","footnotes":""},"categories":[125,94],"tags":[],"class_list":["post-35322","post","type-post","status-publish","format-standard","has-post-thumbnail","hentry","category-mundo-laboral-uy","category-uy"],"acf":[],"yoast_head":"<!-- This site is optimized with the Yoast SEO plugin v23.2 - https:\/\/yoast.com\/wordpress\/plugins\/seo\/ -->\n<title>Cu\u00e1nto aumentar\u00e1 el salario m\u00ednimo en Uruguay\u00a0<\/title>\n<meta name=\"description\" content=\"El Salario M\u00ednimo Nacional (SMN) en Uruguay tendr\u00e1 un aumento a partir de enero de 2024, seg\u00fan confirma el ministro de Trabajo y Seguridad Social (MTSS),\" \/>\n<meta name=\"robots\" content=\"index, follow, max-snippet:-1, max-image-preview:large, max-video-preview:-1\" \/>\n<link rel=\"canonical\" href=\"https:\/\/alprestamo.com\/blog\/cuanto-aumentara-el-salario-minimo-en-uruguay\/\" \/>\n<meta property=\"og:locale\" content=\"es_ES\" \/>\n<meta property=\"og:type\" content=\"article\" \/>\n<meta property=\"og:title\" content=\"Cu\u00e1nto aumentar\u00e1 el salario m\u00ednimo en Uruguay\u00a0\" \/>\n<meta property=\"og:description\" content=\"El Salario M\u00ednimo Nacional (SMN) en Uruguay tendr\u00e1 un aumento a partir de enero de 2024, seg\u00fan confirma el ministro de Trabajo y Seguridad Social (MTSS),\" \/>\n<meta property=\"og:url\" content=\"https:\/\/alprestamo.com\/blog\/cuanto-aumentara-el-salario-minimo-en-uruguay\/\" \/>\n<meta property=\"og:site_name\" content=\"Alprestamo - Hacemos que todo suceda\" \/>\n<meta property=\"article:published_time\" content=\"2023-12-20T13:43:43+00:00\" \/>\n<meta property=\"article:modified_time\" content=\"2024-01-23T19:23:41+00:00\" \/>\n<meta property=\"og:image\" content=\"https:\/\/alprestamo.com\/blog\/wp-content\/uploads\/2023\/12\/moneda-en-uruguay.webp\" \/>\n\t<meta property=\"og:image:width\" content=\"1024\" \/>\n\t<meta property=\"og:image:height\" content=\"715\" \/>\n\t<meta property=\"og:image:type\" content=\"image\/webp\" \/>\n<meta name=\"author\" content=\"Ramiro Querejeta\" \/>\n<meta name=\"twitter:card\" content=\"summary_large_image\" \/>\n<meta name=\"twitter:label1\" content=\"Escrito por\" \/>\n\t<meta name=\"twitter:data1\" content=\"Ramiro Querejeta\" \/>\n\t<meta name=\"twitter:label2\" content=\"Tiempo de lectura\" \/>\n\t<meta name=\"twitter:data2\" content=\"1 minuto\" \/>\n<script type=\"application\/ld+json\" class=\"yoast-schema-graph\">{\"@context\":\"https:\/\/schema.org\",\"@graph\":[{\"@type\":\"NewsArticle\",\"@id\":\"https:\/\/alprestamo.com\/blog\/cuanto-aumentara-el-salario-minimo-en-uruguay\/#article\",\"isPartOf\":{\"@id\":\"https:\/\/alprestamo.com\/blog\/cuanto-aumentara-el-salario-minimo-en-uruguay\/\"},\"author\":{\"name\":\"Ramiro Querejeta\",\"@id\":\"https:\/\/alprestamo.com\/blog\/#\/schema\/person\/4c568603ceb381762b4c9062d42c7627\"},\"headline\":\"Cu\u00e1nto aumentar\u00e1 el salario m\u00ednimo en Uruguay\u00a0\",\"datePublished\":\"2023-12-20T13:43:43+00:00\",\"dateModified\":\"2024-01-23T19:23:41+00:00\",\"mainEntityOfPage\":{\"@id\":\"https:\/\/alprestamo.com\/blog\/cuanto-aumentara-el-salario-minimo-en-uruguay\/\"},\"wordCount\":236,\"publisher\":{\"@id\":\"https:\/\/alprestamo.com\/blog\/#organization\"},\"image\":{\"@id\":\"https:\/\/alprestamo.com\/blog\/cuanto-aumentara-el-salario-minimo-en-uruguay\/#primaryimage\"},\"thumbnailUrl\":\"https:\/\/alprestamo.com\/blog\/wp-content\/uploads\/2023\/12\/moneda-en-uruguay.webp\",\"articleSection\":[\"Mundo laboral\",\"UY\"],\"inLanguage\":\"es-AR\"},{\"@type\":\"WebPage\",\"@id\":\"https:\/\/alprestamo.com\/blog\/cuanto-aumentara-el-salario-minimo-en-uruguay\/\",\"url\":\"https:\/\/alprestamo.com\/blog\/cuanto-aumentara-el-salario-minimo-en-uruguay\/\",\"name\":\"Cu\u00e1nto aumentar\u00e1 el salario m\u00ednimo en Uruguay\u00a0\",\"isPartOf\":{\"@id\":\"https:\/\/alprestamo.com\/blog\/#website\"},\"primaryImageOfPage\":{\"@id\":\"https:\/\/alprestamo.com\/blog\/cuanto-aumentara-el-salario-minimo-en-uruguay\/#primaryimage\"},\"image\":{\"@id\":\"https:\/\/alprestamo.com\/blog\/cuanto-aumentara-el-salario-minimo-en-uruguay\/#primaryimage\"},\"thumbnailUrl\":\"https:\/\/alprestamo.com\/blog\/wp-content\/uploads\/2023\/12\/moneda-en-uruguay.webp\",\"datePublished\":\"2023-12-20T13:43:43+00:00\",\"dateModified\":\"2024-01-23T19:23:41+00:00\",\"description\":\"El Salario M\u00ednimo Nacional (SMN) en Uruguay tendr\u00e1 un aumento a partir de enero de 2024, seg\u00fan confirma el ministro de Trabajo y Seguridad Social (MTSS),\",\"breadcrumb\":{\"@id\":\"https:\/\/alprestamo.com\/blog\/cuanto-aumentara-el-salario-minimo-en-uruguay\/#breadcrumb\"},\"inLanguage\":\"es-AR\",\"potentialAction\":[{\"@type\":\"ReadAction\",\"target\":[\"https:\/\/alprestamo.com\/blog\/cuanto-aumentara-el-salario-minimo-en-uruguay\/\"]}]},{\"@type\":\"ImageObject\",\"inLanguage\":\"es-AR\",\"@id\":\"https:\/\/alprestamo.com\/blog\/cuanto-aumentara-el-salario-minimo-en-uruguay\/#primaryimage\",\"url\":\"https:\/\/alprestamo.com\/blog\/wp-content\/uploads\/2023\/12\/moneda-en-uruguay.webp\",\"contentUrl\":\"https:\/\/alprestamo.com\/blog\/wp-content\/uploads\/2023\/12\/moneda-en-uruguay.webp\",\"width\":1024,\"height\":715,\"caption\":\"Billetes de pesos uruguayos\"},{\"@type\":\"BreadcrumbList\",\"@id\":\"https:\/\/alprestamo.com\/blog\/cuanto-aumentara-el-salario-minimo-en-uruguay\/#breadcrumb\",\"itemListElement\":[{\"@type\":\"ListItem\",\"position\":1,\"name\":\"Home\",\"item\":\"https:\/\/alprestamo.com\/blog\/\"},{\"@type\":\"ListItem\",\"position\":2,\"name\":\"Cu\u00e1nto aumentar\u00e1 el salario m\u00ednimo en Uruguay\u00a0\"}]},{\"@type\":\"WebSite\",\"@id\":\"https:\/\/alprestamo.com\/blog\/#website\",\"url\":\"https:\/\/alprestamo.com\/blog\/\",\"name\":\"Alprestamo\",\"description\":\"Hacemos que todo suceda\",\"publisher\":{\"@id\":\"https:\/\/alprestamo.com\/blog\/#organization\"},\"potentialAction\":[{\"@type\":\"SearchAction\",\"target\":{\"@type\":\"EntryPoint\",\"urlTemplate\":\"https:\/\/alprestamo.com\/blog\/?s={search_term_string}\"},\"query-input\":\"required name=search_term_string\"}],\"inLanguage\":\"es-AR\"},{\"@type\":\"Organization\",\"@id\":\"https:\/\/alprestamo.com\/blog\/#organization\",\"name\":\"Alprestamo\",\"url\":\"https:\/\/alprestamo.com\/blog\/\",\"logo\":{\"@type\":\"ImageObject\",\"inLanguage\":\"es-AR\",\"@id\":\"https:\/\/alprestamo.com\/blog\/#\/schema\/logo\/image\/\",\"url\":\"https:\/\/alprestamo.com\/blog\/wp-content\/uploads\/2022\/10\/Imagotipo_Blanco.svg\",\"contentUrl\":\"https:\/\/alprestamo.com\/blog\/wp-content\/uploads\/2022\/10\/Imagotipo_Blanco.svg\",\"width\":1199,\"height\":203,\"caption\":\"Alprestamo\"},\"image\":{\"@id\":\"https:\/\/alprestamo.com\/blog\/#\/schema\/logo\/image\/\"}},{\"@type\":\"Person\",\"@id\":\"https:\/\/alprestamo.com\/blog\/#\/schema\/person\/4c568603ceb381762b4c9062d42c7627\",\"name\":\"Ramiro Querejeta\",\"image\":{\"@type\":\"ImageObject\",\"inLanguage\":\"es-AR\",\"@id\":\"https:\/\/alprestamo.com\/blog\/#\/schema\/person\/image\/\",\"url\":\"https:\/\/alprestamo.com\/blog\/wp-content\/uploads\/2025\/08\/1688503693490-150x150.jpeg\",\"contentUrl\":\"https:\/\/alprestamo.com\/blog\/wp-content\/uploads\/2025\/08\/1688503693490-150x150.jpeg\",\"caption\":\"Ramiro Querejeta\"},\"url\":\"https:\/\/alprestamo.com\/blog\/author\/ramiro\/\"}]}<\/script>\n<!-- \/ Yoast SEO plugin. -->","yoast_head_json":{"title":"Cu\u00e1nto aumentar\u00e1 el salario m\u00ednimo en Uruguay\u00a0","description":"El Salario M\u00ednimo Nacional (SMN) en Uruguay tendr\u00e1 un aumento a partir de enero de 2024, seg\u00fan confirma el ministro de Trabajo y Seguridad Social (MTSS),","robots":{"index":"index","follow":"follow","max-snippet":"max-snippet:-1","max-image-preview":"max-image-preview:large","max-video-preview":"max-video-preview:-1"},"canonical":"https:\/\/alprestamo.com\/blog\/cuanto-aumentara-el-salario-minimo-en-uruguay\/","og_locale":"es_ES","og_type":"article","og_title":"Cu\u00e1nto aumentar\u00e1 el salario m\u00ednimo en Uruguay\u00a0","og_description":"El Salario M\u00ednimo Nacional (SMN) en Uruguay tendr\u00e1 un aumento a partir de enero de 2024, seg\u00fan confirma el ministro de Trabajo y Seguridad Social (MTSS),","og_url":"https:\/\/alprestamo.com\/blog\/cuanto-aumentara-el-salario-minimo-en-uruguay\/","og_site_name":"Alprestamo - Hacemos que todo suceda","article_published_time":"2023-12-20T13:43:43+00:00","article_modified_time":"2024-01-23T19:23:41+00:00","og_image":[{"width":1024,"height":715,"url":"https:\/\/alprestamo.com\/blog\/wp-content\/uploads\/2023\/12\/moneda-en-uruguay.webp","type":"image\/webp"}],"author":"Ramiro Querejeta","twitter_card":"summary_large_image","twitter_misc":{"Escrito por":"Ramiro Querejeta","Tiempo de lectura":"1 minuto"},"schema":{"@context":"https:\/\/schema.org","@graph":[{"@type":"NewsArticle","@id":"https:\/\/alprestamo.com\/blog\/cuanto-aumentara-el-salario-minimo-en-uruguay\/#article","isPartOf":{"@id":"https:\/\/alprestamo.com\/blog\/cuanto-aumentara-el-salario-minimo-en-uruguay\/"},"author":{"name":"Ramiro Querejeta","@id":"https:\/\/alprestamo.com\/blog\/#\/schema\/person\/4c568603ceb381762b4c9062d42c7627"},"headline":"Cu\u00e1nto aumentar\u00e1 el salario m\u00ednimo en Uruguay\u00a0","datePublished":"2023-12-20T13:43:43+00:00","dateModified":"2024-01-23T19:23:41+00:00","mainEntityOfPage":{"@id":"https:\/\/alprestamo.com\/blog\/cuanto-aumentara-el-salario-minimo-en-uruguay\/"},"wordCount":236,"publisher":{"@id":"https:\/\/alprestamo.com\/blog\/#organization"},"image":{"@id":"https:\/\/alprestamo.com\/blog\/cuanto-aumentara-el-salario-minimo-en-uruguay\/#primaryimage"},"thumbnailUrl":"https:\/\/alprestamo.com\/blog\/wp-content\/uploads\/2023\/12\/moneda-en-uruguay.webp","articleSection":["Mundo laboral","UY"],"inLanguage":"es-AR"},{"@type":"WebPage","@id":"https:\/\/alprestamo.com\/blog\/cuanto-aumentara-el-salario-minimo-en-uruguay\/","url":"https:\/\/alprestamo.com\/blog\/cuanto-aumentara-el-salario-minimo-en-uruguay\/","name":"Cu\u00e1nto aumentar\u00e1 el salario m\u00ednimo en Uruguay\u00a0","isPartOf":{"@id":"https:\/\/alprestamo.com\/blog\/#website"},"primaryImageOfPage":{"@id":"https:\/\/alprestamo.com\/blog\/cuanto-aumentara-el-salario-minimo-en-uruguay\/#primaryimage"},"image":{"@id":"https:\/\/alprestamo.com\/blog\/cuanto-aumentara-el-salario-minimo-en-uruguay\/#primaryimage"},"thumbnailUrl":"https:\/\/alprestamo.com\/blog\/wp-content\/uploads\/2023\/12\/moneda-en-uruguay.webp","datePublished":"2023-12-20T13:43:43+00:00","dateModified":"2024-01-23T19:23:41+00:00","description":"El Salario M\u00ednimo Nacional (SMN) en Uruguay tendr\u00e1 un aumento a partir de enero de 2024, seg\u00fan confirma el ministro de Trabajo y Seguridad Social (MTSS),","breadcrumb":{"@id":"https:\/\/alprestamo.com\/blog\/cuanto-aumentara-el-salario-minimo-en-uruguay\/#breadcrumb"},"inLanguage":"es-AR","potentialAction":[{"@type":"ReadAction","target":["https:\/\/alprestamo.com\/blog\/cuanto-aumentara-el-salario-minimo-en-uruguay\/"]}]},{"@type":"ImageObject","inLanguage":"es-AR","@id":"https:\/\/alprestamo.com\/blog\/cuanto-aumentara-el-salario-minimo-en-uruguay\/#primaryimage","url":"https:\/\/alprestamo.com\/blog\/wp-content\/uploads\/2023\/12\/moneda-en-uruguay.webp","contentUrl":"https:\/\/alprestamo.com\/blog\/wp-content\/uploads\/2023\/12\/moneda-en-uruguay.webp","width":1024,"height":715,"caption":"Billetes de pesos uruguayos"},{"@type":"BreadcrumbList","@id":"https:\/\/alprestamo.com\/blog\/cuanto-aumentara-el-salario-minimo-en-uruguay\/#breadcrumb","itemListElement":[{"@type":"ListItem","position":1,"name":"Home","item":"https:\/\/alprestamo.com\/blog\/"},{"@type":"ListItem","position":2,"name":"Cu\u00e1nto aumentar\u00e1 el salario m\u00ednimo en Uruguay\u00a0"}]},{"@type":"WebSite","@id":"https:\/\/alprestamo.com\/blog\/#website","url":"https:\/\/alprestamo.com\/blog\/","name":"Alprestamo","description":"Hacemos que todo suceda","publisher":{"@id":"https:\/\/alprestamo.com\/blog\/#organization"},"potentialAction":[{"@type":"SearchAction","target":{"@type":"EntryPoint","urlTemplate":"https:\/\/alprestamo.com\/blog\/?s={search_term_string}"},"query-input":"required name=search_term_string"}],"inLanguage":"es-AR"},{"@type":"Organization","@id":"https:\/\/alprestamo.com\/blog\/#organization","name":"Alprestamo","url":"https:\/\/alprestamo.com\/blog\/","logo":{"@type":"ImageObject","inLanguage":"es-AR","@id":"https:\/\/alprestamo.com\/blog\/#\/schema\/logo\/image\/","url":"https:\/\/alprestamo.com\/blog\/wp-content\/uploads\/2022\/10\/Imagotipo_Blanco.svg","contentUrl":"https:\/\/alprestamo.com\/blog\/wp-content\/uploads\/2022\/10\/Imagotipo_Blanco.svg","width":1199,"height":203,"caption":"Alprestamo"},"image":{"@id":"https:\/\/alprestamo.com\/blog\/#\/schema\/logo\/image\/"}},{"@type":"Person","@id":"https:\/\/alprestamo.com\/blog\/#\/schema\/person\/4c568603ceb381762b4c9062d42c7627","name":"Ramiro Querejeta","image":{"@type":"ImageObject","inLanguage":"es-AR","@id":"https:\/\/alprestamo.com\/blog\/#\/schema\/person\/image\/","url":"https:\/\/alprestamo.com\/blog\/wp-content\/uploads\/2025\/08\/1688503693490-150x150.jpeg","contentUrl":"https:\/\/alprestamo.com\/blog\/wp-content\/uploads\/2025\/08\/1688503693490-150x150.jpeg","caption":"Ramiro Querejeta"},"url":"https:\/\/alprestamo.com\/blog\/author\/ramiro\/"}]}},"uagb_featured_image_src":{"full":["https:\/\/alprestamo.com\/blog\/wp-content\/uploads\/2023\/12\/moneda-en-uruguay.webp",1024,715,false],"thumbnail":["https:\/\/alprestamo.com\/blog\/wp-content\/uploads\/2023\/12\/moneda-en-uruguay-150x150.webp",150,150,true],"medium":["https:\/\/alprestamo.com\/blog\/wp-content\/uploads\/2023\/12\/moneda-en-uruguay-300x209.webp",300,209,true],"medium_large":["https:\/\/alprestamo.com\/blog\/wp-content\/uploads\/2023\/12\/moneda-en-uruguay-768x536.webp",768,536,true],"large":["https:\/\/alprestamo.com\/blog\/wp-content\/uploads\/2023\/12\/moneda-en-uruguay.webp",1024,715,false],"1536x1536":["https:\/\/alprestamo.com\/blog\/wp-content\/uploads\/2023\/12\/moneda-en-uruguay.webp",1024,715,false],"2048x2048":["https:\/\/alprestamo.com\/blog\/wp-content\/uploads\/2023\/12\/moneda-en-uruguay.webp",1024,715,false]},"uagb_author_info":{"display_name":"Ramiro Querejeta","author_link":"https:\/\/alprestamo.com\/blog\/author\/ramiro\/"},"uagb_comment_info":0,"uagb_excerpt":"El Salario M\u00ednimo Nacional (SMN) en Uruguay tendr\u00e1 un aumento a partir de enero de 2024, seg\u00fan confirma el ministro de Trabajo y Seguridad Social (MTSS), Pablo Mieres.&nbsp;Tambi\u00e9n remarc\u00f3 que el salario acumula un 1,2% de incremento por sobre la inflaci\u00f3n (el llamado salario real) en lo que va del gobierno de Lacalle Pou.&nbsp; Aumento&hellip;","rttpg_featured_image_url":{"full":["https:\/\/alprestamo.com\/blog\/wp-content\/uploads\/2023\/12\/moneda-en-uruguay.webp",1024,715,false],"landscape":["https:\/\/alprestamo.com\/blog\/wp-content\/uploads\/2023\/12\/moneda-en-uruguay.webp",1024,715,false],"portraits":["https:\/\/alprestamo.com\/blog\/wp-content\/uploads\/2023\/12\/moneda-en-uruguay.webp",1024,715,false],"thumbnail":["https:\/\/alprestamo.com\/blog\/wp-content\/uploads\/2023\/12\/moneda-en-uruguay-150x150.webp",150,150,true],"medium":["https:\/\/alprestamo.com\/blog\/wp-content\/uploads\/2023\/12\/moneda-en-uruguay-300x209.webp",300,209,true],"large":["https:\/\/alprestamo.com\/blog\/wp-content\/uploads\/2023\/12\/moneda-en-uruguay.webp",1024,715,false],"1536x1536":["https:\/\/alprestamo.com\/blog\/wp-content\/uploads\/2023\/12\/moneda-en-uruguay.webp",1024,715,false],"2048x2048":["https:\/\/alprestamo.com\/blog\/wp-content\/uploads\/2023\/12\/moneda-en-uruguay.webp",1024,715,false],"rt_custom":["https:\/\/alprestamo.com\/blog\/wp-content\/uploads\/2023\/12\/moneda-en-uruguay.webp",1024,715,false]},"rttpg_author":{"display_name":"Ramiro Querejeta","author_link":"https:\/\/alprestamo.com\/blog\/author\/ramiro\/"},"rttpg_comment":0,"rttpg_category":"<a href=\"https:\/\/alprestamo.com\/blog\/categoria\/uy\/mundo-laboral-uy\/\" rel=\"category tag\">Mundo laboral<\/a> <a href=\"https:\/\/alprestamo.com\/blog\/categoria\/uy\/\" rel=\"category tag\">UY<\/a>","rttpg_excerpt":"El Salario M\u00ednimo Nacional (SMN) en Uruguay tendr\u00e1 un aumento a partir de enero de 2024, seg\u00fan confirma el ministro de Trabajo y Seguridad Social (MTSS), Pablo Mieres.&nbsp;Tambi\u00e9n remarc\u00f3 que el salario acumula un 1,2% de incremento por sobre la inflaci\u00f3n (el llamado salario real) en lo que va del gobierno de Lacalle Pou.&nbsp; Aumento&hellip;","_links":{"self":[{"href":"https:\/\/alprestamo.com\/blog\/wp-json\/wp\/v2\/posts\/35322"}],"collection":[{"href":"https:\/\/alprestamo.com\/blog\/wp-json\/wp\/v2\/posts"}],"about":[{"href":"https:\/\/alprestamo.com\/blog\/wp-json\/wp\/v2\/types\/post"}],"author":[{"embeddable":true,"href":"https:\/\/alprestamo.com\/blog\/wp-json\/wp\/v2\/users\/9"}],"replies":[{"embeddable":true,"href":"https:\/\/alprestamo.com\/blog\/wp-json\/wp\/v2\/comments?post=35322"}],"version-history":[{"count":4,"href":"https:\/\/alprestamo.com\/blog\/wp-json\/wp\/v2\/posts\/35322\/revisions"}],"predecessor-version":[{"id":35333,"href":"https:\/\/alprestamo.com\/blog\/wp-json\/wp\/v2\/posts\/35322\/revisions\/35333"}],"wp:featuredmedia":[{"embeddable":true,"href":"https:\/\/alprestamo.com\/blog\/wp-json\/wp\/v2\/media\/35326"}],"wp:attachment":[{"href":"https:\/\/alprestamo.com\/blog\/wp-json\/wp\/v2\/media?parent=35322"}],"wp:term":[{"taxonomy":"category","embeddable":true,"href":"https:\/\/alprestamo.com\/blog\/wp-json\/wp\/v2\/categories?post=35322"},{"taxonomy":"post_tag","embeddable":true,"href":"https:\/\/alprestamo.com\/blog\/wp-json\/wp\/v2\/tags?post=35322"}],"curies":[{"name":"wp","href":"https:\/\/api.w.org\/{rel}","templated":true}]}}