{"id":35836,"date":"2024-01-08T12:28:15","date_gmt":"2024-01-08T15:28:15","guid":{"rendered":"https:\/\/alprestamo.com\/blog\/?p=35836"},"modified":"2024-10-03T16:33:39","modified_gmt":"2024-10-03T19:33:39","slug":"que-trabajadores-comenzaron-el-2024-con-un-aumento-de-salario","status":"publish","type":"post","link":"https:\/\/alprestamo.com\/blog\/que-trabajadores-comenzaron-el-2024-con-un-aumento-de-salario\/","title":{"rendered":"Qu\u00e9 trabajadores comenzaron el 2024 con un aumento de salario"},"content":{"rendered":"\n<p>Una buena parte de <strong>trabajadores privados en <a href=\"https:\/\/alprestamo.com\/blog\/uy\/las-tarjetas-de-credito-con-mejores-beneficios-en-uruguay\/\" target=\"_blank\" rel=\"noreferrer noopener\">Uruguay <\/a>tuvieron desde el 1\u00b0 de enero un aumento de salario<\/strong>, de acuerdo a los nuevos convenios de la \u00faltima ronda de negociaciones colectivas. El porcentaje del incremento depende de los distintos subgrupos.<\/p>\n\n\n\n<p>En la siguiente nota repasamos cu\u00e1nto obtuvo cada grupo.&nbsp;<\/p>\n\n\n\n<h2 class=\"wp-block-heading\">Trabajadores con aumento de salario en 2024&nbsp;<\/h2>\n\n\n\n<h3 class=\"wp-block-heading\">Trabajo dom\u00e9stico&nbsp;<\/h3>\n\n\n\n<p>El aumento general para este grupo es de 4,4% para todas las trabajadoras, por lo que el<a href=\"https:\/\/alprestamo.com\/blog\/uy\/economia-finanzas-uy\/cuanto-aumentara-el-salario-minimo-en-uruguay\/\" target=\"_blank\" rel=\"noreferrer noopener\"> <strong>salario m\u00ednimo <\/strong><\/a><strong>pas\u00f3 de $26.462 a $27.626 por 44 horas semanales<\/strong>.&nbsp;<\/p>\n\n\n\n<p>El valor del pago m\u00ednimo por hora subi\u00f3 de $139,22 a $145, 34. Estos valores estar\u00e1n vigentes hasta el mes de julio, cuando haya un nuevo ajuste salarial.&nbsp;<\/p>\n\n\n\n<h3 class=\"wp-block-heading\">Supermercados, educaci\u00f3n y otros servicios<\/h3>\n\n\n\n<p>Los trabajadores de los <strong>supermercados <\/strong>tuvieron un aumento de 4.92%, en las tiendas de 4,4% y para el personal de edificios de 3,92%. En almacenes y autoservicios el ajuste salarial fue de 4,4%.&nbsp;<\/p>\n\n\n\n<p>En el rubro de ense\u00f1anza privada, los trabajadores de <strong>jardines de infantes y guarder\u00edas <\/strong>tuvieron un ajuste de 4,4%. En la primaria, preescolar y secundaria tendr\u00e1n un aumento del mismo porcentaje, pero reci\u00e9n en febrero.&nbsp;<\/p>\n\n\n\n<p>En la industria de la bebida, los salarios aumentaron 2,5% y en librer\u00edas y papeler\u00edas 4,4%. Por otro lado, los trabajadores de panader\u00edas tendr\u00e1n un incremento de 5%.&nbsp;<\/p>\n\n\n\n<h3 class=\"wp-block-heading\">Hoteles, restaurantes y bares&nbsp;<\/h3>\n\n\n\n<p>El personal de<strong> hoteles, bares y restaurantes<\/strong> tuvo un aumento salarial de 3,5% en enero. En este rubro se incluyen apart hotels, hoster\u00edas, campamentos, parrilladas, cantinas, caf\u00e9s y cervecer\u00edas.&nbsp;<\/p>\n\n\n\n<p>En las<strong> estaciones de servicio <\/strong>el aumento salarial es de 5,3% y 4,4% para el personal de limpieza.&nbsp;<\/p>\n\n\n\n<h3 class=\"wp-block-heading\">Trabajadores p\u00fablicos&nbsp;<\/h3>\n\n\n\n<p>Los empleados de la <strong>administraci\u00f3n p\u00fablica<\/strong> tendr\u00e1n un ajuste del 6,3%. Ese porcentaje est\u00e1 determinado por la inflaci\u00f3n proyectada para 2024 (5,8%) m\u00e1s de un 0,5% en concepto de reparaci\u00f3n parcial de p\u00e9rdida salarial.&nbsp;<\/p>\n\n\n\n<p>Los trabajadores de bancos estatales tambi\u00e9n cobrar\u00e1n un 1% extra para completar la recuperaci\u00f3n de lo que perdieron en el 2021.&nbsp;<\/p>\n\n\n\n<p>Para m\u00e1s informaci\u00f3n, el <strong>sitio web del Ministerio de Trabajo permite consultar en detalle los convenios<\/strong> de todas las ramas de actividad con sus particularidades y saber si te corresponde o est\u00e1s dentro de los aumentos salariales de enero.&nbsp;<\/p>\n","protected":false},"excerpt":{"rendered":"<p>Una buena parte de trabajadores privados en Uruguay tuvieron desde el 1\u00b0 de enero un aumento de salario, de acuerdo a los nuevos convenios de la \u00faltima ronda de negociaciones colectivas. El porcentaje del incremento depende de los distintos subgrupos. En la siguiente nota repasamos cu\u00e1nto obtuvo cada grupo.&nbsp; Trabajadores con aumento de salario en &hellip;<\/p>\n<p class=\"read-more\"> <a class=\"\" href=\"https:\/\/alprestamo.com\/blog\/que-trabajadores-comenzaron-el-2024-con-un-aumento-de-salario\/\"> <span class=\"screen-reader-text\">Qu\u00e9 trabajadores comenzaron el 2024 con un aumento de salario<\/span> Leer m\u00e1s &raquo;<\/a><\/p>\n","protected":false},"author":9,"featured_media":39533,"comment_status":"closed","ping_status":"closed","sticky":false,"template":"","format":"standard","meta":{"_uag_custom_page_level_css":"","site-sidebar-layout":"default","site-content-layout":"default","ast-global-header-display":"","ast-banner-title-visibility":"","ast-main-header-display":"","ast-hfb-above-header-display":"","ast-hfb-below-header-display":"","ast-hfb-mobile-header-display":"","site-post-title":"","ast-breadcrumbs-content":"","ast-featured-img":"","footer-sml-layout":"","theme-transparent-header-meta":"","adv-header-id-meta":"","stick-header-meta":"","header-above-stick-meta":"","header-main-stick-meta":"","header-below-stick-meta":"","footnotes":""},"categories":[125,207,94],"tags":[],"class_list":["post-35836","post","type-post","status-publish","format-standard","has-post-thumbnail","hentry","category-mundo-laboral-uy","category-portada-uy","category-uy"],"acf":[],"yoast_head":"<!-- This site is optimized with the Yoast SEO plugin v23.2 - https:\/\/yoast.com\/wordpress\/plugins\/seo\/ -->\n<title>Qu\u00e9 trabajadores comenzaron el 2024 con un aumento de salario<\/title>\n<meta name=\"description\" content=\"Lee acerca de los trabajadores que tuvieron un aumento de salario en este comienzo de a\u00f1o, de cu\u00e1nto es y de qu\u00e9 rubros son.\" \/>\n<meta name=\"robots\" content=\"index, follow, max-snippet:-1, max-image-preview:large, max-video-preview:-1\" \/>\n<link rel=\"canonical\" href=\"https:\/\/alprestamo.com\/blog\/que-trabajadores-comenzaron-el-2024-con-un-aumento-de-salario\/\" \/>\n<meta property=\"og:locale\" content=\"es_ES\" \/>\n<meta property=\"og:type\" content=\"article\" \/>\n<meta property=\"og:title\" content=\"Qu\u00e9 trabajadores comenzaron el 2024 con un aumento de salario\" \/>\n<meta property=\"og:description\" content=\"Lee acerca de los trabajadores que tuvieron un aumento de salario en este comienzo de a\u00f1o, de cu\u00e1nto es y de qu\u00e9 rubros son.\" \/>\n<meta property=\"og:url\" content=\"https:\/\/alprestamo.com\/blog\/que-trabajadores-comenzaron-el-2024-con-un-aumento-de-salario\/\" \/>\n<meta property=\"og:site_name\" content=\"Alprestamo - Hacemos que todo suceda\" \/>\n<meta property=\"article:published_time\" content=\"2024-01-08T15:28:15+00:00\" \/>\n<meta property=\"article:modified_time\" content=\"2024-10-03T19:33:39+00:00\" \/>\n<meta property=\"og:image\" content=\"https:\/\/alprestamo.com\/blog\/wp-content\/uploads\/2024\/01\/descarga-1.webp\" \/>\n\t<meta property=\"og:image:width\" content=\"1200\" \/>\n\t<meta property=\"og:image:height\" content=\"676\" \/>\n\t<meta property=\"og:image:type\" content=\"image\/webp\" \/>\n<meta name=\"author\" content=\"Ramiro Querejeta\" \/>\n<meta name=\"twitter:card\" content=\"summary_large_image\" \/>\n<meta name=\"twitter:label1\" content=\"Escrito por\" \/>\n\t<meta name=\"twitter:data1\" content=\"Ramiro Querejeta\" \/>\n\t<meta name=\"twitter:label2\" content=\"Tiempo de lectura\" \/>\n\t<meta name=\"twitter:data2\" content=\"2 minutos\" \/>\n<script type=\"application\/ld+json\" class=\"yoast-schema-graph\">{\"@context\":\"https:\/\/schema.org\",\"@graph\":[{\"@type\":\"NewsArticle\",\"@id\":\"https:\/\/alprestamo.com\/blog\/que-trabajadores-comenzaron-el-2024-con-un-aumento-de-salario\/#article\",\"isPartOf\":{\"@id\":\"https:\/\/alprestamo.com\/blog\/que-trabajadores-comenzaron-el-2024-con-un-aumento-de-salario\/\"},\"author\":{\"name\":\"Ramiro Querejeta\",\"@id\":\"https:\/\/alprestamo.com\/blog\/#\/schema\/person\/4c568603ceb381762b4c9062d42c7627\"},\"headline\":\"Qu\u00e9 trabajadores comenzaron el 2024 con un aumento de salario\",\"datePublished\":\"2024-01-08T15:28:15+00:00\",\"dateModified\":\"2024-10-03T19:33:39+00:00\",\"mainEntityOfPage\":{\"@id\":\"https:\/\/alprestamo.com\/blog\/que-trabajadores-comenzaron-el-2024-con-un-aumento-de-salario\/\"},\"wordCount\":391,\"publisher\":{\"@id\":\"https:\/\/alprestamo.com\/blog\/#organization\"},\"image\":{\"@id\":\"https:\/\/alprestamo.com\/blog\/que-trabajadores-comenzaron-el-2024-con-un-aumento-de-salario\/#primaryimage\"},\"thumbnailUrl\":\"https:\/\/alprestamo.com\/blog\/wp-content\/uploads\/2024\/01\/descarga-1.webp\",\"articleSection\":[\"Mundo laboral\",\"Portada\",\"UY\"],\"inLanguage\":\"es-AR\"},{\"@type\":\"WebPage\",\"@id\":\"https:\/\/alprestamo.com\/blog\/que-trabajadores-comenzaron-el-2024-con-un-aumento-de-salario\/\",\"url\":\"https:\/\/alprestamo.com\/blog\/que-trabajadores-comenzaron-el-2024-con-un-aumento-de-salario\/\",\"name\":\"Qu\u00e9 trabajadores comenzaron el 2024 con un aumento de salario\",\"isPartOf\":{\"@id\":\"https:\/\/alprestamo.com\/blog\/#website\"},\"primaryImageOfPage\":{\"@id\":\"https:\/\/alprestamo.com\/blog\/que-trabajadores-comenzaron-el-2024-con-un-aumento-de-salario\/#primaryimage\"},\"image\":{\"@id\":\"https:\/\/alprestamo.com\/blog\/que-trabajadores-comenzaron-el-2024-con-un-aumento-de-salario\/#primaryimage\"},\"thumbnailUrl\":\"https:\/\/alprestamo.com\/blog\/wp-content\/uploads\/2024\/01\/descarga-1.webp\",\"datePublished\":\"2024-01-08T15:28:15+00:00\",\"dateModified\":\"2024-10-03T19:33:39+00:00\",\"description\":\"Lee acerca de los trabajadores que tuvieron un aumento de salario en este comienzo de a\u00f1o, de cu\u00e1nto es y de qu\u00e9 rubros son.\",\"breadcrumb\":{\"@id\":\"https:\/\/alprestamo.com\/blog\/que-trabajadores-comenzaron-el-2024-con-un-aumento-de-salario\/#breadcrumb\"},\"inLanguage\":\"es-AR\",\"potentialAction\":[{\"@type\":\"ReadAction\",\"target\":[\"https:\/\/alprestamo.com\/blog\/que-trabajadores-comenzaron-el-2024-con-un-aumento-de-salario\/\"]}]},{\"@type\":\"ImageObject\",\"inLanguage\":\"es-AR\",\"@id\":\"https:\/\/alprestamo.com\/blog\/que-trabajadores-comenzaron-el-2024-con-un-aumento-de-salario\/#primaryimage\",\"url\":\"https:\/\/alprestamo.com\/blog\/wp-content\/uploads\/2024\/01\/descarga-1.webp\",\"contentUrl\":\"https:\/\/alprestamo.com\/blog\/wp-content\/uploads\/2024\/01\/descarga-1.webp\",\"width\":1200,\"height\":676,\"caption\":\"Salario en Uruguay\"},{\"@type\":\"BreadcrumbList\",\"@id\":\"https:\/\/alprestamo.com\/blog\/que-trabajadores-comenzaron-el-2024-con-un-aumento-de-salario\/#breadcrumb\",\"itemListElement\":[{\"@type\":\"ListItem\",\"position\":1,\"name\":\"Home\",\"item\":\"https:\/\/alprestamo.com\/blog\/\"},{\"@type\":\"ListItem\",\"position\":2,\"name\":\"Qu\u00e9 trabajadores comenzaron el 2024 con un aumento de salario\"}]},{\"@type\":\"WebSite\",\"@id\":\"https:\/\/alprestamo.com\/blog\/#website\",\"url\":\"https:\/\/alprestamo.com\/blog\/\",\"name\":\"Alprestamo\",\"description\":\"Hacemos que todo suceda\",\"publisher\":{\"@id\":\"https:\/\/alprestamo.com\/blog\/#organization\"},\"potentialAction\":[{\"@type\":\"SearchAction\",\"target\":{\"@type\":\"EntryPoint\",\"urlTemplate\":\"https:\/\/alprestamo.com\/blog\/?s={search_term_string}\"},\"query-input\":\"required name=search_term_string\"}],\"inLanguage\":\"es-AR\"},{\"@type\":\"Organization\",\"@id\":\"https:\/\/alprestamo.com\/blog\/#organization\",\"name\":\"Alprestamo\",\"url\":\"https:\/\/alprestamo.com\/blog\/\",\"logo\":{\"@type\":\"ImageObject\",\"inLanguage\":\"es-AR\",\"@id\":\"https:\/\/alprestamo.com\/blog\/#\/schema\/logo\/image\/\",\"url\":\"https:\/\/alprestamo.com\/blog\/wp-content\/uploads\/2022\/10\/Imagotipo_Blanco.svg\",\"contentUrl\":\"https:\/\/alprestamo.com\/blog\/wp-content\/uploads\/2022\/10\/Imagotipo_Blanco.svg\",\"width\":1199,\"height\":203,\"caption\":\"Alprestamo\"},\"image\":{\"@id\":\"https:\/\/alprestamo.com\/blog\/#\/schema\/logo\/image\/\"}},{\"@type\":\"Person\",\"@id\":\"https:\/\/alprestamo.com\/blog\/#\/schema\/person\/4c568603ceb381762b4c9062d42c7627\",\"name\":\"Ramiro Querejeta\",\"image\":{\"@type\":\"ImageObject\",\"inLanguage\":\"es-AR\",\"@id\":\"https:\/\/alprestamo.com\/blog\/#\/schema\/person\/image\/\",\"url\":\"https:\/\/alprestamo.com\/blog\/wp-content\/uploads\/2025\/08\/1688503693490-150x150.jpeg\",\"contentUrl\":\"https:\/\/alprestamo.com\/blog\/wp-content\/uploads\/2025\/08\/1688503693490-150x150.jpeg\",\"caption\":\"Ramiro Querejeta\"},\"url\":\"https:\/\/alprestamo.com\/blog\/author\/ramiro\/\"}]}<\/script>\n<!-- \/ Yoast SEO plugin. -->","yoast_head_json":{"title":"Qu\u00e9 trabajadores comenzaron el 2024 con un aumento de salario","description":"Lee acerca de los trabajadores que tuvieron un aumento de salario en este comienzo de a\u00f1o, de cu\u00e1nto es y de qu\u00e9 rubros son.","robots":{"index":"index","follow":"follow","max-snippet":"max-snippet:-1","max-image-preview":"max-image-preview:large","max-video-preview":"max-video-preview:-1"},"canonical":"https:\/\/alprestamo.com\/blog\/que-trabajadores-comenzaron-el-2024-con-un-aumento-de-salario\/","og_locale":"es_ES","og_type":"article","og_title":"Qu\u00e9 trabajadores comenzaron el 2024 con un aumento de salario","og_description":"Lee acerca de los trabajadores que tuvieron un aumento de salario en este comienzo de a\u00f1o, de cu\u00e1nto es y de qu\u00e9 rubros son.","og_url":"https:\/\/alprestamo.com\/blog\/que-trabajadores-comenzaron-el-2024-con-un-aumento-de-salario\/","og_site_name":"Alprestamo - Hacemos que todo suceda","article_published_time":"2024-01-08T15:28:15+00:00","article_modified_time":"2024-10-03T19:33:39+00:00","og_image":[{"width":1200,"height":676,"url":"https:\/\/alprestamo.com\/blog\/wp-content\/uploads\/2024\/01\/descarga-1.webp","type":"image\/webp"}],"author":"Ramiro Querejeta","twitter_card":"summary_large_image","twitter_misc":{"Escrito por":"Ramiro Querejeta","Tiempo de lectura":"2 minutos"},"schema":{"@context":"https:\/\/schema.org","@graph":[{"@type":"NewsArticle","@id":"https:\/\/alprestamo.com\/blog\/que-trabajadores-comenzaron-el-2024-con-un-aumento-de-salario\/#article","isPartOf":{"@id":"https:\/\/alprestamo.com\/blog\/que-trabajadores-comenzaron-el-2024-con-un-aumento-de-salario\/"},"author":{"name":"Ramiro Querejeta","@id":"https:\/\/alprestamo.com\/blog\/#\/schema\/person\/4c568603ceb381762b4c9062d42c7627"},"headline":"Qu\u00e9 trabajadores comenzaron el 2024 con un aumento de salario","datePublished":"2024-01-08T15:28:15+00:00","dateModified":"2024-10-03T19:33:39+00:00","mainEntityOfPage":{"@id":"https:\/\/alprestamo.com\/blog\/que-trabajadores-comenzaron-el-2024-con-un-aumento-de-salario\/"},"wordCount":391,"publisher":{"@id":"https:\/\/alprestamo.com\/blog\/#organization"},"image":{"@id":"https:\/\/alprestamo.com\/blog\/que-trabajadores-comenzaron-el-2024-con-un-aumento-de-salario\/#primaryimage"},"thumbnailUrl":"https:\/\/alprestamo.com\/blog\/wp-content\/uploads\/2024\/01\/descarga-1.webp","articleSection":["Mundo laboral","Portada","UY"],"inLanguage":"es-AR"},{"@type":"WebPage","@id":"https:\/\/alprestamo.com\/blog\/que-trabajadores-comenzaron-el-2024-con-un-aumento-de-salario\/","url":"https:\/\/alprestamo.com\/blog\/que-trabajadores-comenzaron-el-2024-con-un-aumento-de-salario\/","name":"Qu\u00e9 trabajadores comenzaron el 2024 con un aumento de salario","isPartOf":{"@id":"https:\/\/alprestamo.com\/blog\/#website"},"primaryImageOfPage":{"@id":"https:\/\/alprestamo.com\/blog\/que-trabajadores-comenzaron-el-2024-con-un-aumento-de-salario\/#primaryimage"},"image":{"@id":"https:\/\/alprestamo.com\/blog\/que-trabajadores-comenzaron-el-2024-con-un-aumento-de-salario\/#primaryimage"},"thumbnailUrl":"https:\/\/alprestamo.com\/blog\/wp-content\/uploads\/2024\/01\/descarga-1.webp","datePublished":"2024-01-08T15:28:15+00:00","dateModified":"2024-10-03T19:33:39+00:00","description":"Lee acerca de los trabajadores que tuvieron un aumento de salario en este comienzo de a\u00f1o, de cu\u00e1nto es y de qu\u00e9 rubros son.","breadcrumb":{"@id":"https:\/\/alprestamo.com\/blog\/que-trabajadores-comenzaron-el-2024-con-un-aumento-de-salario\/#breadcrumb"},"inLanguage":"es-AR","potentialAction":[{"@type":"ReadAction","target":["https:\/\/alprestamo.com\/blog\/que-trabajadores-comenzaron-el-2024-con-un-aumento-de-salario\/"]}]},{"@type":"ImageObject","inLanguage":"es-AR","@id":"https:\/\/alprestamo.com\/blog\/que-trabajadores-comenzaron-el-2024-con-un-aumento-de-salario\/#primaryimage","url":"https:\/\/alprestamo.com\/blog\/wp-content\/uploads\/2024\/01\/descarga-1.webp","contentUrl":"https:\/\/alprestamo.com\/blog\/wp-content\/uploads\/2024\/01\/descarga-1.webp","width":1200,"height":676,"caption":"Salario en Uruguay"},{"@type":"BreadcrumbList","@id":"https:\/\/alprestamo.com\/blog\/que-trabajadores-comenzaron-el-2024-con-un-aumento-de-salario\/#breadcrumb","itemListElement":[{"@type":"ListItem","position":1,"name":"Home","item":"https:\/\/alprestamo.com\/blog\/"},{"@type":"ListItem","position":2,"name":"Qu\u00e9 trabajadores comenzaron el 2024 con un aumento de salario"}]},{"@type":"WebSite","@id":"https:\/\/alprestamo.com\/blog\/#website","url":"https:\/\/alprestamo.com\/blog\/","name":"Alprestamo","description":"Hacemos que todo suceda","publisher":{"@id":"https:\/\/alprestamo.com\/blog\/#organization"},"potentialAction":[{"@type":"SearchAction","target":{"@type":"EntryPoint","urlTemplate":"https:\/\/alprestamo.com\/blog\/?s={search_term_string}"},"query-input":"required name=search_term_string"}],"inLanguage":"es-AR"},{"@type":"Organization","@id":"https:\/\/alprestamo.com\/blog\/#organization","name":"Alprestamo","url":"https:\/\/alprestamo.com\/blog\/","logo":{"@type":"ImageObject","inLanguage":"es-AR","@id":"https:\/\/alprestamo.com\/blog\/#\/schema\/logo\/image\/","url":"https:\/\/alprestamo.com\/blog\/wp-content\/uploads\/2022\/10\/Imagotipo_Blanco.svg","contentUrl":"https:\/\/alprestamo.com\/blog\/wp-content\/uploads\/2022\/10\/Imagotipo_Blanco.svg","width":1199,"height":203,"caption":"Alprestamo"},"image":{"@id":"https:\/\/alprestamo.com\/blog\/#\/schema\/logo\/image\/"}},{"@type":"Person","@id":"https:\/\/alprestamo.com\/blog\/#\/schema\/person\/4c568603ceb381762b4c9062d42c7627","name":"Ramiro Querejeta","image":{"@type":"ImageObject","inLanguage":"es-AR","@id":"https:\/\/alprestamo.com\/blog\/#\/schema\/person\/image\/","url":"https:\/\/alprestamo.com\/blog\/wp-content\/uploads\/2025\/08\/1688503693490-150x150.jpeg","contentUrl":"https:\/\/alprestamo.com\/blog\/wp-content\/uploads\/2025\/08\/1688503693490-150x150.jpeg","caption":"Ramiro Querejeta"},"url":"https:\/\/alprestamo.com\/blog\/author\/ramiro\/"}]}},"uagb_featured_image_src":{"full":["https:\/\/alprestamo.com\/blog\/wp-content\/uploads\/2024\/01\/descarga-1.webp",1200,676,false],"thumbnail":["https:\/\/alprestamo.com\/blog\/wp-content\/uploads\/2024\/01\/descarga-1-150x150.webp",150,150,true],"medium":["https:\/\/alprestamo.com\/blog\/wp-content\/uploads\/2024\/01\/descarga-1-300x169.webp",300,169,true],"medium_large":["https:\/\/alprestamo.com\/blog\/wp-content\/uploads\/2024\/01\/descarga-1-768x433.webp",768,433,true],"large":["https:\/\/alprestamo.com\/blog\/wp-content\/uploads\/2024\/01\/descarga-1-1024x577.webp",1024,577,true],"1536x1536":["https:\/\/alprestamo.com\/blog\/wp-content\/uploads\/2024\/01\/descarga-1.webp",1200,676,false],"2048x2048":["https:\/\/alprestamo.com\/blog\/wp-content\/uploads\/2024\/01\/descarga-1.webp",1200,676,false]},"uagb_author_info":{"display_name":"Ramiro Querejeta","author_link":"https:\/\/alprestamo.com\/blog\/author\/ramiro\/"},"uagb_comment_info":0,"uagb_excerpt":"Una buena parte de trabajadores privados en Uruguay tuvieron desde el 1\u00b0 de enero un aumento de salario, de acuerdo a los nuevos convenios de la \u00faltima ronda de negociaciones colectivas. El porcentaje del incremento depende de los distintos subgrupos. En la siguiente nota repasamos cu\u00e1nto obtuvo cada grupo.&nbsp; Trabajadores con aumento de salario en&hellip;","rttpg_featured_image_url":{"full":["https:\/\/alprestamo.com\/blog\/wp-content\/uploads\/2024\/01\/descarga-1.webp",1200,676,false],"landscape":["https:\/\/alprestamo.com\/blog\/wp-content\/uploads\/2024\/01\/descarga-1.webp",1200,676,false],"portraits":["https:\/\/alprestamo.com\/blog\/wp-content\/uploads\/2024\/01\/descarga-1.webp",1200,676,false],"thumbnail":["https:\/\/alprestamo.com\/blog\/wp-content\/uploads\/2024\/01\/descarga-1-150x150.webp",150,150,true],"medium":["https:\/\/alprestamo.com\/blog\/wp-content\/uploads\/2024\/01\/descarga-1-300x169.webp",300,169,true],"large":["https:\/\/alprestamo.com\/blog\/wp-content\/uploads\/2024\/01\/descarga-1-1024x577.webp",1024,577,true],"1536x1536":["https:\/\/alprestamo.com\/blog\/wp-content\/uploads\/2024\/01\/descarga-1.webp",1200,676,false],"2048x2048":["https:\/\/alprestamo.com\/blog\/wp-content\/uploads\/2024\/01\/descarga-1.webp",1200,676,false],"rt_custom":["https:\/\/alprestamo.com\/blog\/wp-content\/uploads\/2024\/01\/descarga-1.webp",1200,676,false]},"rttpg_author":{"display_name":"Ramiro Querejeta","author_link":"https:\/\/alprestamo.com\/blog\/author\/ramiro\/"},"rttpg_comment":0,"rttpg_category":"<a href=\"https:\/\/alprestamo.com\/blog\/categoria\/uy\/mundo-laboral-uy\/\" rel=\"category tag\">Mundo laboral<\/a> <a href=\"https:\/\/alprestamo.com\/blog\/categoria\/uy\/portada-uy\/\" rel=\"category tag\">Portada<\/a> <a href=\"https:\/\/alprestamo.com\/blog\/categoria\/uy\/\" rel=\"category tag\">UY<\/a>","rttpg_excerpt":"Una buena parte de trabajadores privados en Uruguay tuvieron desde el 1\u00b0 de enero un aumento de salario, de acuerdo a los nuevos convenios de la \u00faltima ronda de negociaciones colectivas. El porcentaje del incremento depende de los distintos subgrupos. En la siguiente nota repasamos cu\u00e1nto obtuvo cada grupo.&nbsp; Trabajadores con aumento de salario en&hellip;","_links":{"self":[{"href":"https:\/\/alprestamo.com\/blog\/wp-json\/wp\/v2\/posts\/35836"}],"collection":[{"href":"https:\/\/alprestamo.com\/blog\/wp-json\/wp\/v2\/posts"}],"about":[{"href":"https:\/\/alprestamo.com\/blog\/wp-json\/wp\/v2\/types\/post"}],"author":[{"embeddable":true,"href":"https:\/\/alprestamo.com\/blog\/wp-json\/wp\/v2\/users\/9"}],"replies":[{"embeddable":true,"href":"https:\/\/alprestamo.com\/blog\/wp-json\/wp\/v2\/comments?post=35836"}],"version-history":[{"count":3,"href":"https:\/\/alprestamo.com\/blog\/wp-json\/wp\/v2\/posts\/35836\/revisions"}],"predecessor-version":[{"id":39534,"href":"https:\/\/alprestamo.com\/blog\/wp-json\/wp\/v2\/posts\/35836\/revisions\/39534"}],"wp:featuredmedia":[{"embeddable":true,"href":"https:\/\/alprestamo.com\/blog\/wp-json\/wp\/v2\/media\/39533"}],"wp:attachment":[{"href":"https:\/\/alprestamo.com\/blog\/wp-json\/wp\/v2\/media?parent=35836"}],"wp:term":[{"taxonomy":"category","embeddable":true,"href":"https:\/\/alprestamo.com\/blog\/wp-json\/wp\/v2\/categories?post=35836"},{"taxonomy":"post_tag","embeddable":true,"href":"https:\/\/alprestamo.com\/blog\/wp-json\/wp\/v2\/tags?post=35836"}],"curies":[{"name":"wp","href":"https:\/\/api.w.org\/{rel}","templated":true}]}}