{"id":35977,"date":"2024-01-12T12:45:00","date_gmt":"2024-01-12T15:45:00","guid":{"rendered":"https:\/\/alprestamo.com\/blog\/?p=35977"},"modified":"2025-01-07T15:23:25","modified_gmt":"2025-01-07T18:23:25","slug":"comenzo-el-quinto-ciclo-de-pagos-de-la-renta-ciudadana","status":"publish","type":"post","link":"https:\/\/alprestamo.com\/blog\/comenzo-el-quinto-ciclo-de-pagos-de-la-renta-ciudadana\/","title":{"rendered":"Comenz\u00f3 el quinto ciclo de pagos de la Renta Ciudadana"},"content":{"rendered":"\n<p>El <strong>Departamento para la Prosperidad Social <\/strong>(DPS) <strong>comenz\u00f3 este mes el quinto ciclo de pagos de Tr\u00e1nsito a Renta Ciudadana<\/strong> para aquellos que no se encuentran bancarizados y que reciben el dinero mediante giros o corresponsales bancarios.&nbsp;<\/p>\n\n\n\n<p>Estos pagos <strong>corresponden al ciclo de pagos que comenz\u00f3 el 27 de diciembre para aquellos hogares que tienen cuentas con el<a href=\"https:\/\/alprestamo.com\/blog\/co\/cuarto-ciclo-de-renta-ciudadana-el-banco-agrario-se-hara-cargo\/\" target=\"_blank\" rel=\"noreferrer noopener\"> Banco Agrario<\/a><\/strong>. En total son unas 2,52 millones de familias beneficiarias de este programa social en este periodo de pago, divididas en 1104 municipios y 2 corregimientos de Colombia.&nbsp;<\/p>\n\n\n\n<p>Durante 2023, Renta Ciudadana tuvo cinco ciclos de pago. El primero benefici\u00f3 a m\u00e1s de 2 millones de hogares. Durante diez meses, el programa de ayuda social logr\u00f3 aumentar en un 20% el cumplimiento de compromisos de las familias beneficiarias.\u00a0<\/p>\n\n\n\n<p><strong>Laura Sarabia<\/strong>, directora de Prosperidad Social, comunic\u00f3 que 16.383 familias del pueblo wayuu, que tienen ni\u00f1os y ni\u00f1as en primera infancia, fueron incorporadas para este ciclo. Podr\u00e1n recibir la transferencia monetaria en municipios como <strong>Manaure y Uribia<\/strong>: all\u00ed el n\u00famero de familias beneficiarias aument\u00f3 en cerca del 50 %.&nbsp;<\/p>\n\n\n\n<p>En <strong>Riohacha <\/strong>y <strong>Maicao<\/strong>, el n\u00famero de familias incorporadas a la Renta Ciudadana creci\u00f3 cerca de 20 %. El pago para estas familias se desarrollar\u00e1 de acuerdo con el cronograma y aliados establecidos para cada municipio.<\/p>\n\n\n\n<h2 class=\"wp-block-heading\">C\u00f3mo saber si soy beneficiario de la Renta Ciudadana<\/h2>\n\n\n\n<p>Las personas habilitadas para el cobro de la Renta Ciudadana recibir\u00e1n un mensaje de texto al n\u00famero de celular registrado en Prosperidad Social con la informaci\u00f3n detallada de la forma de pago (banco o giro), el lugar y la fecha de pago (mediante un corresponsal bancario u oficina espec\u00edfica).&nbsp;<\/p>\n\n\n\n<h2 class=\"wp-block-heading\">Nuevos criterios de priorizaci\u00f3n&nbsp;<\/h2>\n\n\n\n<p>Cabe recordar que para la Renta Ciudadana, la <strong>DPS no gestionar\u00e1 nuevas convocatorias e inscripciones p\u00fablicas<\/strong>. Esta focalizaci\u00f3n se realizar\u00e1 directamente con la informaci\u00f3n entregada por el Registro Social de Hogares, como el <strong><a href=\"https:\/\/alprestamo.com\/blog\/co\/quienes-no-necesitan-completar-el-sisben-para-acceder-a-subsidios\/\" target=\"_blank\" rel=\"noreferrer noopener\">Sisb\u00e9n<\/a><\/strong>.\u00a0<\/p>\n\n\n\n<p>Adem\u00e1s, Prosperidad Social podr\u00e1 utilizar otras bases de datos y fuentes que permitan la identificaci\u00f3n, priorizaci\u00f3n y selecci\u00f3n de potenciales beneficiarios.<\/p>\n","protected":false},"excerpt":{"rendered":"<p>El Departamento para la Prosperidad Social (DPS) comenz\u00f3 este mes el quinto ciclo de pagos de Tr\u00e1nsito a Renta Ciudadana para aquellos que no se encuentran bancarizados y que reciben el dinero mediante giros o corresponsales bancarios.&nbsp; Estos pagos corresponden al ciclo de pagos que comenz\u00f3 el 27 de diciembre para aquellos hogares que tienen &hellip;<\/p>\n<p class=\"read-more\"> <a class=\"\" href=\"https:\/\/alprestamo.com\/blog\/comenzo-el-quinto-ciclo-de-pagos-de-la-renta-ciudadana\/\"> <span class=\"screen-reader-text\">Comenz\u00f3 el quinto ciclo de pagos de la Renta Ciudadana<\/span> Leer m\u00e1s &raquo;<\/a><\/p>\n","protected":false},"author":9,"featured_media":35819,"comment_status":"closed","ping_status":"closed","sticky":false,"template":"","format":"standard","meta":{"_uag_custom_page_level_css":"","site-sidebar-layout":"default","site-content-layout":"default","ast-global-header-display":"","ast-banner-title-visibility":"","ast-main-header-display":"","ast-hfb-above-header-display":"","ast-hfb-below-header-display":"","ast-hfb-mobile-header-display":"","site-post-title":"","ast-breadcrumbs-content":"","ast-featured-img":"","footer-sml-layout":"","theme-transparent-header-meta":"","adv-header-id-meta":"","stick-header-meta":"","header-above-stick-meta":"","header-main-stick-meta":"","header-below-stick-meta":"","footnotes":""},"categories":[98,197,100],"tags":[],"class_list":["post-35977","post","type-post","status-publish","format-standard","has-post-thumbnail","hentry","category-co","category-portada-co","category-programas-sociales"],"acf":[],"yoast_head":"<!-- This site is optimized with the Yoast SEO plugin v23.2 - https:\/\/yoast.com\/wordpress\/plugins\/seo\/ -->\n<title>Comenz\u00f3 el quinto ciclo de pagos de la Renta Ciudadana<\/title>\n<meta name=\"description\" content=\"Descubre c\u00f3mo acceder al quinto ciclo de la Renta Ciudadana en Colombia, cu\u00e1nto dinero entrega y cu\u00e1les son sus requisitos.\" \/>\n<meta name=\"robots\" content=\"index, follow, max-snippet:-1, max-image-preview:large, max-video-preview:-1\" \/>\n<link rel=\"canonical\" href=\"https:\/\/alprestamo.com\/blog\/comenzo-el-quinto-ciclo-de-pagos-de-la-renta-ciudadana\/\" \/>\n<meta property=\"og:locale\" content=\"es_ES\" \/>\n<meta property=\"og:type\" content=\"article\" \/>\n<meta property=\"og:title\" content=\"Comenz\u00f3 el quinto ciclo de pagos de la Renta Ciudadana\" \/>\n<meta property=\"og:description\" content=\"Descubre c\u00f3mo acceder al quinto ciclo de la Renta Ciudadana en Colombia, cu\u00e1nto dinero entrega y cu\u00e1les son sus requisitos.\" \/>\n<meta property=\"og:url\" content=\"https:\/\/alprestamo.com\/blog\/comenzo-el-quinto-ciclo-de-pagos-de-la-renta-ciudadana\/\" \/>\n<meta property=\"og:site_name\" content=\"Alprestamo - Hacemos que todo suceda\" \/>\n<meta property=\"article:published_time\" content=\"2024-01-12T15:45:00+00:00\" \/>\n<meta property=\"article:modified_time\" content=\"2025-01-07T18:23:25+00:00\" \/>\n<meta property=\"og:image\" content=\"https:\/\/alprestamo.com\/blog\/wp-content\/uploads\/2024\/01\/OK5PQTVY2NBVHHEVDSYYE2ANDY.webp\" \/>\n\t<meta property=\"og:image:width\" content=\"967\" \/>\n\t<meta property=\"og:image:height\" content=\"768\" \/>\n\t<meta property=\"og:image:type\" content=\"image\/webp\" \/>\n<meta name=\"author\" content=\"Ramiro Querejeta\" \/>\n<meta name=\"twitter:card\" content=\"summary_large_image\" \/>\n<meta name=\"twitter:label1\" content=\"Escrito por\" \/>\n\t<meta name=\"twitter:data1\" content=\"Ramiro Querejeta\" \/>\n\t<meta name=\"twitter:label2\" content=\"Tiempo de lectura\" \/>\n\t<meta name=\"twitter:data2\" content=\"2 minutos\" \/>\n<script type=\"application\/ld+json\" class=\"yoast-schema-graph\">{\"@context\":\"https:\/\/schema.org\",\"@graph\":[{\"@type\":\"NewsArticle\",\"@id\":\"https:\/\/alprestamo.com\/blog\/comenzo-el-quinto-ciclo-de-pagos-de-la-renta-ciudadana\/#article\",\"isPartOf\":{\"@id\":\"https:\/\/alprestamo.com\/blog\/comenzo-el-quinto-ciclo-de-pagos-de-la-renta-ciudadana\/\"},\"author\":{\"name\":\"Ramiro Querejeta\",\"@id\":\"https:\/\/alprestamo.com\/blog\/#\/schema\/person\/4c568603ceb381762b4c9062d42c7627\"},\"headline\":\"Comenz\u00f3 el quinto ciclo de pagos de la Renta Ciudadana\",\"datePublished\":\"2024-01-12T15:45:00+00:00\",\"dateModified\":\"2025-01-07T18:23:25+00:00\",\"mainEntityOfPage\":{\"@id\":\"https:\/\/alprestamo.com\/blog\/comenzo-el-quinto-ciclo-de-pagos-de-la-renta-ciudadana\/\"},\"wordCount\":353,\"publisher\":{\"@id\":\"https:\/\/alprestamo.com\/blog\/#organization\"},\"image\":{\"@id\":\"https:\/\/alprestamo.com\/blog\/comenzo-el-quinto-ciclo-de-pagos-de-la-renta-ciudadana\/#primaryimage\"},\"thumbnailUrl\":\"https:\/\/alprestamo.com\/blog\/wp-content\/uploads\/2024\/01\/OK5PQTVY2NBVHHEVDSYYE2ANDY.webp\",\"articleSection\":[\"CO\",\"Portada\",\"Programas sociales\"],\"inLanguage\":\"es-AR\"},{\"@type\":\"WebPage\",\"@id\":\"https:\/\/alprestamo.com\/blog\/comenzo-el-quinto-ciclo-de-pagos-de-la-renta-ciudadana\/\",\"url\":\"https:\/\/alprestamo.com\/blog\/comenzo-el-quinto-ciclo-de-pagos-de-la-renta-ciudadana\/\",\"name\":\"Comenz\u00f3 el quinto ciclo de pagos de la Renta Ciudadana\",\"isPartOf\":{\"@id\":\"https:\/\/alprestamo.com\/blog\/#website\"},\"primaryImageOfPage\":{\"@id\":\"https:\/\/alprestamo.com\/blog\/comenzo-el-quinto-ciclo-de-pagos-de-la-renta-ciudadana\/#primaryimage\"},\"image\":{\"@id\":\"https:\/\/alprestamo.com\/blog\/comenzo-el-quinto-ciclo-de-pagos-de-la-renta-ciudadana\/#primaryimage\"},\"thumbnailUrl\":\"https:\/\/alprestamo.com\/blog\/wp-content\/uploads\/2024\/01\/OK5PQTVY2NBVHHEVDSYYE2ANDY.webp\",\"datePublished\":\"2024-01-12T15:45:00+00:00\",\"dateModified\":\"2025-01-07T18:23:25+00:00\",\"description\":\"Descubre c\u00f3mo acceder al quinto ciclo de la Renta Ciudadana en Colombia, cu\u00e1nto dinero entrega y cu\u00e1les son sus requisitos.\",\"breadcrumb\":{\"@id\":\"https:\/\/alprestamo.com\/blog\/comenzo-el-quinto-ciclo-de-pagos-de-la-renta-ciudadana\/#breadcrumb\"},\"inLanguage\":\"es-AR\",\"potentialAction\":[{\"@type\":\"ReadAction\",\"target\":[\"https:\/\/alprestamo.com\/blog\/comenzo-el-quinto-ciclo-de-pagos-de-la-renta-ciudadana\/\"]}]},{\"@type\":\"ImageObject\",\"inLanguage\":\"es-AR\",\"@id\":\"https:\/\/alprestamo.com\/blog\/comenzo-el-quinto-ciclo-de-pagos-de-la-renta-ciudadana\/#primaryimage\",\"url\":\"https:\/\/alprestamo.com\/blog\/wp-content\/uploads\/2024\/01\/OK5PQTVY2NBVHHEVDSYYE2ANDY.webp\",\"contentUrl\":\"https:\/\/alprestamo.com\/blog\/wp-content\/uploads\/2024\/01\/OK5PQTVY2NBVHHEVDSYYE2ANDY.webp\",\"width\":967,\"height\":768,\"caption\":\"Dinero de colombia\"},{\"@type\":\"BreadcrumbList\",\"@id\":\"https:\/\/alprestamo.com\/blog\/comenzo-el-quinto-ciclo-de-pagos-de-la-renta-ciudadana\/#breadcrumb\",\"itemListElement\":[{\"@type\":\"ListItem\",\"position\":1,\"name\":\"Home\",\"item\":\"https:\/\/alprestamo.com\/blog\/\"},{\"@type\":\"ListItem\",\"position\":2,\"name\":\"Comenz\u00f3 el quinto ciclo de pagos de la Renta Ciudadana\"}]},{\"@type\":\"WebSite\",\"@id\":\"https:\/\/alprestamo.com\/blog\/#website\",\"url\":\"https:\/\/alprestamo.com\/blog\/\",\"name\":\"Alprestamo\",\"description\":\"Hacemos que todo suceda\",\"publisher\":{\"@id\":\"https:\/\/alprestamo.com\/blog\/#organization\"},\"potentialAction\":[{\"@type\":\"SearchAction\",\"target\":{\"@type\":\"EntryPoint\",\"urlTemplate\":\"https:\/\/alprestamo.com\/blog\/?s={search_term_string}\"},\"query-input\":\"required name=search_term_string\"}],\"inLanguage\":\"es-AR\"},{\"@type\":\"Organization\",\"@id\":\"https:\/\/alprestamo.com\/blog\/#organization\",\"name\":\"Alprestamo\",\"url\":\"https:\/\/alprestamo.com\/blog\/\",\"logo\":{\"@type\":\"ImageObject\",\"inLanguage\":\"es-AR\",\"@id\":\"https:\/\/alprestamo.com\/blog\/#\/schema\/logo\/image\/\",\"url\":\"https:\/\/alprestamo.com\/blog\/wp-content\/uploads\/2022\/10\/Imagotipo_Blanco.svg\",\"contentUrl\":\"https:\/\/alprestamo.com\/blog\/wp-content\/uploads\/2022\/10\/Imagotipo_Blanco.svg\",\"width\":1199,\"height\":203,\"caption\":\"Alprestamo\"},\"image\":{\"@id\":\"https:\/\/alprestamo.com\/blog\/#\/schema\/logo\/image\/\"}},{\"@type\":\"Person\",\"@id\":\"https:\/\/alprestamo.com\/blog\/#\/schema\/person\/4c568603ceb381762b4c9062d42c7627\",\"name\":\"Ramiro Querejeta\",\"image\":{\"@type\":\"ImageObject\",\"inLanguage\":\"es-AR\",\"@id\":\"https:\/\/alprestamo.com\/blog\/#\/schema\/person\/image\/\",\"url\":\"https:\/\/alprestamo.com\/blog\/wp-content\/uploads\/2025\/08\/1688503693490-150x150.jpeg\",\"contentUrl\":\"https:\/\/alprestamo.com\/blog\/wp-content\/uploads\/2025\/08\/1688503693490-150x150.jpeg\",\"caption\":\"Ramiro Querejeta\"},\"url\":\"https:\/\/alprestamo.com\/blog\/author\/ramiro\/\"}]}<\/script>\n<!-- \/ Yoast SEO plugin. -->","yoast_head_json":{"title":"Comenz\u00f3 el quinto ciclo de pagos de la Renta Ciudadana","description":"Descubre c\u00f3mo acceder al quinto ciclo de la Renta Ciudadana en Colombia, cu\u00e1nto dinero entrega y cu\u00e1les son sus requisitos.","robots":{"index":"index","follow":"follow","max-snippet":"max-snippet:-1","max-image-preview":"max-image-preview:large","max-video-preview":"max-video-preview:-1"},"canonical":"https:\/\/alprestamo.com\/blog\/comenzo-el-quinto-ciclo-de-pagos-de-la-renta-ciudadana\/","og_locale":"es_ES","og_type":"article","og_title":"Comenz\u00f3 el quinto ciclo de pagos de la Renta Ciudadana","og_description":"Descubre c\u00f3mo acceder al quinto ciclo de la Renta Ciudadana en Colombia, cu\u00e1nto dinero entrega y cu\u00e1les son sus requisitos.","og_url":"https:\/\/alprestamo.com\/blog\/comenzo-el-quinto-ciclo-de-pagos-de-la-renta-ciudadana\/","og_site_name":"Alprestamo - Hacemos que todo suceda","article_published_time":"2024-01-12T15:45:00+00:00","article_modified_time":"2025-01-07T18:23:25+00:00","og_image":[{"width":967,"height":768,"url":"https:\/\/alprestamo.com\/blog\/wp-content\/uploads\/2024\/01\/OK5PQTVY2NBVHHEVDSYYE2ANDY.webp","type":"image\/webp"}],"author":"Ramiro Querejeta","twitter_card":"summary_large_image","twitter_misc":{"Escrito por":"Ramiro Querejeta","Tiempo de lectura":"2 minutos"},"schema":{"@context":"https:\/\/schema.org","@graph":[{"@type":"NewsArticle","@id":"https:\/\/alprestamo.com\/blog\/comenzo-el-quinto-ciclo-de-pagos-de-la-renta-ciudadana\/#article","isPartOf":{"@id":"https:\/\/alprestamo.com\/blog\/comenzo-el-quinto-ciclo-de-pagos-de-la-renta-ciudadana\/"},"author":{"name":"Ramiro Querejeta","@id":"https:\/\/alprestamo.com\/blog\/#\/schema\/person\/4c568603ceb381762b4c9062d42c7627"},"headline":"Comenz\u00f3 el quinto ciclo de pagos de la Renta Ciudadana","datePublished":"2024-01-12T15:45:00+00:00","dateModified":"2025-01-07T18:23:25+00:00","mainEntityOfPage":{"@id":"https:\/\/alprestamo.com\/blog\/comenzo-el-quinto-ciclo-de-pagos-de-la-renta-ciudadana\/"},"wordCount":353,"publisher":{"@id":"https:\/\/alprestamo.com\/blog\/#organization"},"image":{"@id":"https:\/\/alprestamo.com\/blog\/comenzo-el-quinto-ciclo-de-pagos-de-la-renta-ciudadana\/#primaryimage"},"thumbnailUrl":"https:\/\/alprestamo.com\/blog\/wp-content\/uploads\/2024\/01\/OK5PQTVY2NBVHHEVDSYYE2ANDY.webp","articleSection":["CO","Portada","Programas sociales"],"inLanguage":"es-AR"},{"@type":"WebPage","@id":"https:\/\/alprestamo.com\/blog\/comenzo-el-quinto-ciclo-de-pagos-de-la-renta-ciudadana\/","url":"https:\/\/alprestamo.com\/blog\/comenzo-el-quinto-ciclo-de-pagos-de-la-renta-ciudadana\/","name":"Comenz\u00f3 el quinto ciclo de pagos de la Renta Ciudadana","isPartOf":{"@id":"https:\/\/alprestamo.com\/blog\/#website"},"primaryImageOfPage":{"@id":"https:\/\/alprestamo.com\/blog\/comenzo-el-quinto-ciclo-de-pagos-de-la-renta-ciudadana\/#primaryimage"},"image":{"@id":"https:\/\/alprestamo.com\/blog\/comenzo-el-quinto-ciclo-de-pagos-de-la-renta-ciudadana\/#primaryimage"},"thumbnailUrl":"https:\/\/alprestamo.com\/blog\/wp-content\/uploads\/2024\/01\/OK5PQTVY2NBVHHEVDSYYE2ANDY.webp","datePublished":"2024-01-12T15:45:00+00:00","dateModified":"2025-01-07T18:23:25+00:00","description":"Descubre c\u00f3mo acceder al quinto ciclo de la Renta Ciudadana en Colombia, cu\u00e1nto dinero entrega y cu\u00e1les son sus requisitos.","breadcrumb":{"@id":"https:\/\/alprestamo.com\/blog\/comenzo-el-quinto-ciclo-de-pagos-de-la-renta-ciudadana\/#breadcrumb"},"inLanguage":"es-AR","potentialAction":[{"@type":"ReadAction","target":["https:\/\/alprestamo.com\/blog\/comenzo-el-quinto-ciclo-de-pagos-de-la-renta-ciudadana\/"]}]},{"@type":"ImageObject","inLanguage":"es-AR","@id":"https:\/\/alprestamo.com\/blog\/comenzo-el-quinto-ciclo-de-pagos-de-la-renta-ciudadana\/#primaryimage","url":"https:\/\/alprestamo.com\/blog\/wp-content\/uploads\/2024\/01\/OK5PQTVY2NBVHHEVDSYYE2ANDY.webp","contentUrl":"https:\/\/alprestamo.com\/blog\/wp-content\/uploads\/2024\/01\/OK5PQTVY2NBVHHEVDSYYE2ANDY.webp","width":967,"height":768,"caption":"Dinero de colombia"},{"@type":"BreadcrumbList","@id":"https:\/\/alprestamo.com\/blog\/comenzo-el-quinto-ciclo-de-pagos-de-la-renta-ciudadana\/#breadcrumb","itemListElement":[{"@type":"ListItem","position":1,"name":"Home","item":"https:\/\/alprestamo.com\/blog\/"},{"@type":"ListItem","position":2,"name":"Comenz\u00f3 el quinto ciclo de pagos de la Renta Ciudadana"}]},{"@type":"WebSite","@id":"https:\/\/alprestamo.com\/blog\/#website","url":"https:\/\/alprestamo.com\/blog\/","name":"Alprestamo","description":"Hacemos que todo suceda","publisher":{"@id":"https:\/\/alprestamo.com\/blog\/#organization"},"potentialAction":[{"@type":"SearchAction","target":{"@type":"EntryPoint","urlTemplate":"https:\/\/alprestamo.com\/blog\/?s={search_term_string}"},"query-input":"required name=search_term_string"}],"inLanguage":"es-AR"},{"@type":"Organization","@id":"https:\/\/alprestamo.com\/blog\/#organization","name":"Alprestamo","url":"https:\/\/alprestamo.com\/blog\/","logo":{"@type":"ImageObject","inLanguage":"es-AR","@id":"https:\/\/alprestamo.com\/blog\/#\/schema\/logo\/image\/","url":"https:\/\/alprestamo.com\/blog\/wp-content\/uploads\/2022\/10\/Imagotipo_Blanco.svg","contentUrl":"https:\/\/alprestamo.com\/blog\/wp-content\/uploads\/2022\/10\/Imagotipo_Blanco.svg","width":1199,"height":203,"caption":"Alprestamo"},"image":{"@id":"https:\/\/alprestamo.com\/blog\/#\/schema\/logo\/image\/"}},{"@type":"Person","@id":"https:\/\/alprestamo.com\/blog\/#\/schema\/person\/4c568603ceb381762b4c9062d42c7627","name":"Ramiro Querejeta","image":{"@type":"ImageObject","inLanguage":"es-AR","@id":"https:\/\/alprestamo.com\/blog\/#\/schema\/person\/image\/","url":"https:\/\/alprestamo.com\/blog\/wp-content\/uploads\/2025\/08\/1688503693490-150x150.jpeg","contentUrl":"https:\/\/alprestamo.com\/blog\/wp-content\/uploads\/2025\/08\/1688503693490-150x150.jpeg","caption":"Ramiro Querejeta"},"url":"https:\/\/alprestamo.com\/blog\/author\/ramiro\/"}]}},"uagb_featured_image_src":{"full":["https:\/\/alprestamo.com\/blog\/wp-content\/uploads\/2024\/01\/OK5PQTVY2NBVHHEVDSYYE2ANDY.webp",967,768,false],"thumbnail":["https:\/\/alprestamo.com\/blog\/wp-content\/uploads\/2024\/01\/OK5PQTVY2NBVHHEVDSYYE2ANDY-150x150.webp",150,150,true],"medium":["https:\/\/alprestamo.com\/blog\/wp-content\/uploads\/2024\/01\/OK5PQTVY2NBVHHEVDSYYE2ANDY-300x238.webp",300,238,true],"medium_large":["https:\/\/alprestamo.com\/blog\/wp-content\/uploads\/2024\/01\/OK5PQTVY2NBVHHEVDSYYE2ANDY-768x610.webp",768,610,true],"large":["https:\/\/alprestamo.com\/blog\/wp-content\/uploads\/2024\/01\/OK5PQTVY2NBVHHEVDSYYE2ANDY.webp",967,768,false],"1536x1536":["https:\/\/alprestamo.com\/blog\/wp-content\/uploads\/2024\/01\/OK5PQTVY2NBVHHEVDSYYE2ANDY.webp",967,768,false],"2048x2048":["https:\/\/alprestamo.com\/blog\/wp-content\/uploads\/2024\/01\/OK5PQTVY2NBVHHEVDSYYE2ANDY.webp",967,768,false]},"uagb_author_info":{"display_name":"Ramiro Querejeta","author_link":"https:\/\/alprestamo.com\/blog\/author\/ramiro\/"},"uagb_comment_info":0,"uagb_excerpt":"El Departamento para la Prosperidad Social (DPS) comenz\u00f3 este mes el quinto ciclo de pagos de Tr\u00e1nsito a Renta Ciudadana para aquellos que no se encuentran bancarizados y que reciben el dinero mediante giros o corresponsales bancarios.&nbsp; Estos pagos corresponden al ciclo de pagos que comenz\u00f3 el 27 de diciembre para aquellos hogares que tienen&hellip;","rttpg_featured_image_url":{"full":["https:\/\/alprestamo.com\/blog\/wp-content\/uploads\/2024\/01\/OK5PQTVY2NBVHHEVDSYYE2ANDY.webp",967,768,false],"landscape":["https:\/\/alprestamo.com\/blog\/wp-content\/uploads\/2024\/01\/OK5PQTVY2NBVHHEVDSYYE2ANDY.webp",967,768,false],"portraits":["https:\/\/alprestamo.com\/blog\/wp-content\/uploads\/2024\/01\/OK5PQTVY2NBVHHEVDSYYE2ANDY.webp",967,768,false],"thumbnail":["https:\/\/alprestamo.com\/blog\/wp-content\/uploads\/2024\/01\/OK5PQTVY2NBVHHEVDSYYE2ANDY-150x150.webp",150,150,true],"medium":["https:\/\/alprestamo.com\/blog\/wp-content\/uploads\/2024\/01\/OK5PQTVY2NBVHHEVDSYYE2ANDY-300x238.webp",300,238,true],"large":["https:\/\/alprestamo.com\/blog\/wp-content\/uploads\/2024\/01\/OK5PQTVY2NBVHHEVDSYYE2ANDY.webp",967,768,false],"1536x1536":["https:\/\/alprestamo.com\/blog\/wp-content\/uploads\/2024\/01\/OK5PQTVY2NBVHHEVDSYYE2ANDY.webp",967,768,false],"2048x2048":["https:\/\/alprestamo.com\/blog\/wp-content\/uploads\/2024\/01\/OK5PQTVY2NBVHHEVDSYYE2ANDY.webp",967,768,false],"rt_custom":["https:\/\/alprestamo.com\/blog\/wp-content\/uploads\/2024\/01\/OK5PQTVY2NBVHHEVDSYYE2ANDY.webp",967,768,false]},"rttpg_author":{"display_name":"Ramiro Querejeta","author_link":"https:\/\/alprestamo.com\/blog\/author\/ramiro\/"},"rttpg_comment":0,"rttpg_category":"<a href=\"https:\/\/alprestamo.com\/blog\/categoria\/co\/\" rel=\"category tag\">CO<\/a> <a href=\"https:\/\/alprestamo.com\/blog\/categoria\/co\/portada-co\/\" rel=\"category tag\">Portada<\/a> <a href=\"https:\/\/alprestamo.com\/blog\/categoria\/co\/programas-sociales\/\" rel=\"category tag\">Programas sociales<\/a>","rttpg_excerpt":"El Departamento para la Prosperidad Social (DPS) comenz\u00f3 este mes el quinto ciclo de pagos de Tr\u00e1nsito a Renta Ciudadana para aquellos que no se encuentran bancarizados y que reciben el dinero mediante giros o corresponsales bancarios.&nbsp; Estos pagos corresponden al ciclo de pagos que comenz\u00f3 el 27 de diciembre para aquellos hogares que tienen&hellip;","_links":{"self":[{"href":"https:\/\/alprestamo.com\/blog\/wp-json\/wp\/v2\/posts\/35977"}],"collection":[{"href":"https:\/\/alprestamo.com\/blog\/wp-json\/wp\/v2\/posts"}],"about":[{"href":"https:\/\/alprestamo.com\/blog\/wp-json\/wp\/v2\/types\/post"}],"author":[{"embeddable":true,"href":"https:\/\/alprestamo.com\/blog\/wp-json\/wp\/v2\/users\/9"}],"replies":[{"embeddable":true,"href":"https:\/\/alprestamo.com\/blog\/wp-json\/wp\/v2\/comments?post=35977"}],"version-history":[{"count":6,"href":"https:\/\/alprestamo.com\/blog\/wp-json\/wp\/v2\/posts\/35977\/revisions"}],"predecessor-version":[{"id":40385,"href":"https:\/\/alprestamo.com\/blog\/wp-json\/wp\/v2\/posts\/35977\/revisions\/40385"}],"wp:featuredmedia":[{"embeddable":true,"href":"https:\/\/alprestamo.com\/blog\/wp-json\/wp\/v2\/media\/35819"}],"wp:attachment":[{"href":"https:\/\/alprestamo.com\/blog\/wp-json\/wp\/v2\/media?parent=35977"}],"wp:term":[{"taxonomy":"category","embeddable":true,"href":"https:\/\/alprestamo.com\/blog\/wp-json\/wp\/v2\/categories?post=35977"},{"taxonomy":"post_tag","embeddable":true,"href":"https:\/\/alprestamo.com\/blog\/wp-json\/wp\/v2\/tags?post=35977"}],"curies":[{"name":"wp","href":"https:\/\/api.w.org\/{rel}","templated":true}]}}