{"id":37133,"date":"2024-03-16T13:55:00","date_gmt":"2024-03-16T16:55:00","guid":{"rendered":"https:\/\/alprestamo.com\/blog\/?p=37133"},"modified":"2024-03-19T15:07:31","modified_gmt":"2024-03-19T18:07:31","slug":"calendario-de-pago-de-mi-beca-para-empezar-2024","status":"publish","type":"post","link":"https:\/\/alprestamo.com\/blog\/calendario-de-pago-de-mi-beca-para-empezar-2024\/","title":{"rendered":"Calendario de pago de Mi Beca para Empezar 2024"},"content":{"rendered":"\n<p>El calendario oficial de pagos del programa social <strong>Mi Beca para Empezar <\/strong>indica que la entrega correspondiente al mes de marzo comenz\u00f3 el viernes 1 del mes, mediante la <strong>Tarjeta del Banco Bienestar<\/strong> de los beneficiarios.&nbsp;<\/p>\n\n\n\n<h2 class=\"wp-block-heading\">Monto de Mi Beca para Empezar en marzo&nbsp;<\/h2>\n\n\n\n<p>Los estudiantes que ya forman parte del programa social <a href=\"https:\/\/alprestamo.com\/blog\/mx\/programas-sociales-mx\/mi-beca-para-empezar-como-saber-si-me-toca-la-entrega-de-la-tarjeta\/\" target=\"_blank\" rel=\"noreferrer noopener\">Mi Beca para Empezar<\/a> recibir\u00e1n en marzo los siguientes montos:&nbsp;<\/p>\n\n\n\n<ul class=\"wp-block-list\">\n<li>Preescolar: 600 pesos<\/li>\n\n\n\n<li>Primaria y secundaria: 650 pesos<\/li>\n\n\n\n<li>Centros de Atenci\u00f3n M\u00faltiple: 650 pesos<\/li>\n<\/ul>\n\n\n\n<h2 class=\"wp-block-heading\">Calendario de pagos completo en 2024&nbsp;<\/h2>\n\n\n\n<ul class=\"wp-block-list\">\n<li>Pago 5: 1 Enero<\/li>\n\n\n\n<li>Pago 6: 1 Febrero<\/li>\n\n\n\n<li>Pago 7: 1 Marzo<\/li>\n\n\n\n<li>Pago 8: 1 Abril<\/li>\n\n\n\n<li>Pago 9: 2 Mayo<\/li>\n\n\n\n<li>Pago 10: 3 Junio<\/li>\n<\/ul>\n\n\n\n<h2 class=\"wp-block-heading\">Qu\u00e9 hacer si tienes pagos atrasados de Mi Beca para Empezar&nbsp;<\/h2>\n\n\n\n<p>Los beneficiarios que por alguna raz\u00f3n tienen<a href=\"https:\/\/alprestamo.com\/blog\/mx\/programas-sociales-mx\/mi-beca-para-empezar-que-hacer-si-no-recibi-el-dinero\/\" target=\"_blank\" rel=\"noreferrer noopener\"> pagos atrasados <\/a>de Mi Beca para Empezar tienen tres opciones para reclamar:&nbsp;<\/p>\n\n\n\n<ul class=\"wp-block-list\">\n<li>Llamar al n\u00famero 55-11-02-17-50 del <strong>Fideicomiso Bienestar Educativo<\/strong>. realizar el reporte y recibir un acompa\u00f1amiento con los motivos por los que todav\u00eda no le lleg\u00f3 el dinero.&nbsp;<\/li>\n\n\n\n<li>Ingresar a la red social Meta (ex Facebook) del Fideicomiso (Bienestar Educativo) y enviar un mensaje para realizar el reporte o solicitud.&nbsp;<\/li>\n<\/ul>\n\n\n\n<p>Presentarse con cita previa a una de las oficinas del Fideicomiso Bienestar para generar el reporte de falta de pago. Para esto deber\u00e1s ingresar a la p\u00e1gina oficial de Mi Beca para Empezar, entrar a tu cuenta con<strong> Llave CDMX<\/strong>, correo y contrase\u00f1a, e ir al apartado \u201cAgendar cita\u201d.&nbsp;<\/p>\n","protected":false},"excerpt":{"rendered":"<p>El calendario oficial de pagos del programa social Mi Beca para Empezar indica que la entrega correspondiente al mes de marzo comenz\u00f3 el viernes 1 del mes, mediante la Tarjeta del Banco Bienestar de los beneficiarios.&nbsp; Monto de Mi Beca para Empezar en marzo&nbsp; Los estudiantes que ya forman parte del programa social Mi Beca &hellip;<\/p>\n<p class=\"read-more\"> <a class=\"\" href=\"https:\/\/alprestamo.com\/blog\/calendario-de-pago-de-mi-beca-para-empezar-2024\/\"> <span class=\"screen-reader-text\">Calendario de pago de Mi Beca para Empezar 2024<\/span> Leer m\u00e1s &raquo;<\/a><\/p>\n","protected":false},"author":9,"featured_media":31301,"comment_status":"closed","ping_status":"closed","sticky":false,"template":"","format":"standard","meta":{"_uag_custom_page_level_css":"","site-sidebar-layout":"default","site-content-layout":"default","ast-global-header-display":"","ast-banner-title-visibility":"","ast-main-header-display":"","ast-hfb-above-header-display":"","ast-hfb-below-header-display":"","ast-hfb-mobile-header-display":"","site-post-title":"","ast-breadcrumbs-content":"","ast-featured-img":"","footer-sml-layout":"","theme-transparent-header-meta":"","adv-header-id-meta":"","stick-header-meta":"","header-above-stick-meta":"","header-main-stick-meta":"","header-below-stick-meta":"","footnotes":""},"categories":[130,32],"tags":[],"class_list":["post-37133","post","type-post","status-publish","format-standard","has-post-thumbnail","hentry","category-mx","category-programas-sociales-mx"],"acf":[],"yoast_head":"<!-- This site is optimized with the Yoast SEO plugin v23.2 - https:\/\/yoast.com\/wordpress\/plugins\/seo\/ -->\n<title>Calendario de pago de Mi Beca para Empezar 2024<\/title>\n<meta name=\"description\" content=\"El calendario oficial de pagos del programa social Mi Beca para Empezar indica que la entrega correspondiente al mes de marzo comenz\u00f3 el viernes 1 del\" \/>\n<meta name=\"robots\" content=\"index, follow, max-snippet:-1, max-image-preview:large, max-video-preview:-1\" \/>\n<link rel=\"canonical\" href=\"https:\/\/alprestamo.com\/blog\/calendario-de-pago-de-mi-beca-para-empezar-2024\/\" \/>\n<meta property=\"og:locale\" content=\"es_ES\" \/>\n<meta property=\"og:type\" content=\"article\" \/>\n<meta property=\"og:title\" content=\"Calendario de pago de Mi Beca para Empezar 2024\" \/>\n<meta property=\"og:description\" content=\"El calendario oficial de pagos del programa social Mi Beca para Empezar indica que la entrega correspondiente al mes de marzo comenz\u00f3 el viernes 1 del\" \/>\n<meta property=\"og:url\" content=\"https:\/\/alprestamo.com\/blog\/calendario-de-pago-de-mi-beca-para-empezar-2024\/\" \/>\n<meta property=\"og:site_name\" content=\"Alprestamo - Hacemos que todo suceda\" \/>\n<meta property=\"article:published_time\" content=\"2024-03-16T16:55:00+00:00\" \/>\n<meta property=\"article:modified_time\" content=\"2024-03-19T18:07:31+00:00\" \/>\n<meta property=\"og:image\" content=\"https:\/\/alprestamo.com\/blog\/wp-content\/uploads\/2023\/10\/Diseno-sin-titulo-91.jpg\" \/>\n\t<meta property=\"og:image:width\" content=\"1024\" \/>\n\t<meta property=\"og:image:height\" content=\"768\" \/>\n\t<meta property=\"og:image:type\" content=\"image\/jpeg\" \/>\n<meta name=\"author\" content=\"Ramiro Querejeta\" \/>\n<meta name=\"twitter:card\" content=\"summary_large_image\" \/>\n<meta name=\"twitter:label1\" content=\"Escrito por\" \/>\n\t<meta name=\"twitter:data1\" content=\"Ramiro Querejeta\" \/>\n\t<meta name=\"twitter:label2\" content=\"Tiempo de lectura\" \/>\n\t<meta name=\"twitter:data2\" content=\"1 minuto\" \/>\n<script type=\"application\/ld+json\" class=\"yoast-schema-graph\">{\"@context\":\"https:\/\/schema.org\",\"@graph\":[{\"@type\":\"NewsArticle\",\"@id\":\"https:\/\/alprestamo.com\/blog\/calendario-de-pago-de-mi-beca-para-empezar-2024\/#article\",\"isPartOf\":{\"@id\":\"https:\/\/alprestamo.com\/blog\/calendario-de-pago-de-mi-beca-para-empezar-2024\/\"},\"author\":{\"name\":\"Ramiro Querejeta\",\"@id\":\"https:\/\/alprestamo.com\/blog\/#\/schema\/person\/4c568603ceb381762b4c9062d42c7627\"},\"headline\":\"Calendario de pago de Mi Beca para Empezar 2024\",\"datePublished\":\"2024-03-16T16:55:00+00:00\",\"dateModified\":\"2024-03-19T18:07:31+00:00\",\"mainEntityOfPage\":{\"@id\":\"https:\/\/alprestamo.com\/blog\/calendario-de-pago-de-mi-beca-para-empezar-2024\/\"},\"wordCount\":248,\"publisher\":{\"@id\":\"https:\/\/alprestamo.com\/blog\/#organization\"},\"image\":{\"@id\":\"https:\/\/alprestamo.com\/blog\/calendario-de-pago-de-mi-beca-para-empezar-2024\/#primaryimage\"},\"thumbnailUrl\":\"https:\/\/alprestamo.com\/blog\/wp-content\/uploads\/2023\/10\/Diseno-sin-titulo-91.jpg\",\"articleSection\":[\"MX\",\"Programas Sociales\"],\"inLanguage\":\"es-AR\"},{\"@type\":\"WebPage\",\"@id\":\"https:\/\/alprestamo.com\/blog\/calendario-de-pago-de-mi-beca-para-empezar-2024\/\",\"url\":\"https:\/\/alprestamo.com\/blog\/calendario-de-pago-de-mi-beca-para-empezar-2024\/\",\"name\":\"Calendario de pago de Mi Beca para Empezar 2024\",\"isPartOf\":{\"@id\":\"https:\/\/alprestamo.com\/blog\/#website\"},\"primaryImageOfPage\":{\"@id\":\"https:\/\/alprestamo.com\/blog\/calendario-de-pago-de-mi-beca-para-empezar-2024\/#primaryimage\"},\"image\":{\"@id\":\"https:\/\/alprestamo.com\/blog\/calendario-de-pago-de-mi-beca-para-empezar-2024\/#primaryimage\"},\"thumbnailUrl\":\"https:\/\/alprestamo.com\/blog\/wp-content\/uploads\/2023\/10\/Diseno-sin-titulo-91.jpg\",\"datePublished\":\"2024-03-16T16:55:00+00:00\",\"dateModified\":\"2024-03-19T18:07:31+00:00\",\"description\":\"El calendario oficial de pagos del programa social Mi Beca para Empezar indica que la entrega correspondiente al mes de marzo comenz\u00f3 el viernes 1 del\",\"breadcrumb\":{\"@id\":\"https:\/\/alprestamo.com\/blog\/calendario-de-pago-de-mi-beca-para-empezar-2024\/#breadcrumb\"},\"inLanguage\":\"es-AR\",\"potentialAction\":[{\"@type\":\"ReadAction\",\"target\":[\"https:\/\/alprestamo.com\/blog\/calendario-de-pago-de-mi-beca-para-empezar-2024\/\"]}]},{\"@type\":\"ImageObject\",\"inLanguage\":\"es-AR\",\"@id\":\"https:\/\/alprestamo.com\/blog\/calendario-de-pago-de-mi-beca-para-empezar-2024\/#primaryimage\",\"url\":\"https:\/\/alprestamo.com\/blog\/wp-content\/uploads\/2023\/10\/Diseno-sin-titulo-91.jpg\",\"contentUrl\":\"https:\/\/alprestamo.com\/blog\/wp-content\/uploads\/2023\/10\/Diseno-sin-titulo-91.jpg\",\"width\":1024,\"height\":768,\"caption\":\"Pago extra Mi Beca para Empezar\"},{\"@type\":\"BreadcrumbList\",\"@id\":\"https:\/\/alprestamo.com\/blog\/calendario-de-pago-de-mi-beca-para-empezar-2024\/#breadcrumb\",\"itemListElement\":[{\"@type\":\"ListItem\",\"position\":1,\"name\":\"Home\",\"item\":\"https:\/\/alprestamo.com\/blog\/\"},{\"@type\":\"ListItem\",\"position\":2,\"name\":\"Calendario de pago de Mi Beca para Empezar 2024\"}]},{\"@type\":\"WebSite\",\"@id\":\"https:\/\/alprestamo.com\/blog\/#website\",\"url\":\"https:\/\/alprestamo.com\/blog\/\",\"name\":\"Alprestamo\",\"description\":\"Hacemos que todo suceda\",\"publisher\":{\"@id\":\"https:\/\/alprestamo.com\/blog\/#organization\"},\"potentialAction\":[{\"@type\":\"SearchAction\",\"target\":{\"@type\":\"EntryPoint\",\"urlTemplate\":\"https:\/\/alprestamo.com\/blog\/?s={search_term_string}\"},\"query-input\":\"required name=search_term_string\"}],\"inLanguage\":\"es-AR\"},{\"@type\":\"Organization\",\"@id\":\"https:\/\/alprestamo.com\/blog\/#organization\",\"name\":\"Alprestamo\",\"url\":\"https:\/\/alprestamo.com\/blog\/\",\"logo\":{\"@type\":\"ImageObject\",\"inLanguage\":\"es-AR\",\"@id\":\"https:\/\/alprestamo.com\/blog\/#\/schema\/logo\/image\/\",\"url\":\"https:\/\/alprestamo.com\/blog\/wp-content\/uploads\/2022\/10\/Imagotipo_Blanco.svg\",\"contentUrl\":\"https:\/\/alprestamo.com\/blog\/wp-content\/uploads\/2022\/10\/Imagotipo_Blanco.svg\",\"width\":1199,\"height\":203,\"caption\":\"Alprestamo\"},\"image\":{\"@id\":\"https:\/\/alprestamo.com\/blog\/#\/schema\/logo\/image\/\"}},{\"@type\":\"Person\",\"@id\":\"https:\/\/alprestamo.com\/blog\/#\/schema\/person\/4c568603ceb381762b4c9062d42c7627\",\"name\":\"Ramiro Querejeta\",\"image\":{\"@type\":\"ImageObject\",\"inLanguage\":\"es-AR\",\"@id\":\"https:\/\/alprestamo.com\/blog\/#\/schema\/person\/image\/\",\"url\":\"https:\/\/alprestamo.com\/blog\/wp-content\/uploads\/2025\/08\/1688503693490-150x150.jpeg\",\"contentUrl\":\"https:\/\/alprestamo.com\/blog\/wp-content\/uploads\/2025\/08\/1688503693490-150x150.jpeg\",\"caption\":\"Ramiro Querejeta\"},\"url\":\"https:\/\/alprestamo.com\/blog\/author\/ramiro\/\"}]}<\/script>\n<!-- \/ Yoast SEO plugin. -->","yoast_head_json":{"title":"Calendario de pago de Mi Beca para Empezar 2024","description":"El calendario oficial de pagos del programa social Mi Beca para Empezar indica que la entrega correspondiente al mes de marzo comenz\u00f3 el viernes 1 del","robots":{"index":"index","follow":"follow","max-snippet":"max-snippet:-1","max-image-preview":"max-image-preview:large","max-video-preview":"max-video-preview:-1"},"canonical":"https:\/\/alprestamo.com\/blog\/calendario-de-pago-de-mi-beca-para-empezar-2024\/","og_locale":"es_ES","og_type":"article","og_title":"Calendario de pago de Mi Beca para Empezar 2024","og_description":"El calendario oficial de pagos del programa social Mi Beca para Empezar indica que la entrega correspondiente al mes de marzo comenz\u00f3 el viernes 1 del","og_url":"https:\/\/alprestamo.com\/blog\/calendario-de-pago-de-mi-beca-para-empezar-2024\/","og_site_name":"Alprestamo - Hacemos que todo suceda","article_published_time":"2024-03-16T16:55:00+00:00","article_modified_time":"2024-03-19T18:07:31+00:00","og_image":[{"width":1024,"height":768,"url":"https:\/\/alprestamo.com\/blog\/wp-content\/uploads\/2023\/10\/Diseno-sin-titulo-91.jpg","type":"image\/jpeg"}],"author":"Ramiro Querejeta","twitter_card":"summary_large_image","twitter_misc":{"Escrito por":"Ramiro Querejeta","Tiempo de lectura":"1 minuto"},"schema":{"@context":"https:\/\/schema.org","@graph":[{"@type":"NewsArticle","@id":"https:\/\/alprestamo.com\/blog\/calendario-de-pago-de-mi-beca-para-empezar-2024\/#article","isPartOf":{"@id":"https:\/\/alprestamo.com\/blog\/calendario-de-pago-de-mi-beca-para-empezar-2024\/"},"author":{"name":"Ramiro Querejeta","@id":"https:\/\/alprestamo.com\/blog\/#\/schema\/person\/4c568603ceb381762b4c9062d42c7627"},"headline":"Calendario de pago de Mi Beca para Empezar 2024","datePublished":"2024-03-16T16:55:00+00:00","dateModified":"2024-03-19T18:07:31+00:00","mainEntityOfPage":{"@id":"https:\/\/alprestamo.com\/blog\/calendario-de-pago-de-mi-beca-para-empezar-2024\/"},"wordCount":248,"publisher":{"@id":"https:\/\/alprestamo.com\/blog\/#organization"},"image":{"@id":"https:\/\/alprestamo.com\/blog\/calendario-de-pago-de-mi-beca-para-empezar-2024\/#primaryimage"},"thumbnailUrl":"https:\/\/alprestamo.com\/blog\/wp-content\/uploads\/2023\/10\/Diseno-sin-titulo-91.jpg","articleSection":["MX","Programas Sociales"],"inLanguage":"es-AR"},{"@type":"WebPage","@id":"https:\/\/alprestamo.com\/blog\/calendario-de-pago-de-mi-beca-para-empezar-2024\/","url":"https:\/\/alprestamo.com\/blog\/calendario-de-pago-de-mi-beca-para-empezar-2024\/","name":"Calendario de pago de Mi Beca para Empezar 2024","isPartOf":{"@id":"https:\/\/alprestamo.com\/blog\/#website"},"primaryImageOfPage":{"@id":"https:\/\/alprestamo.com\/blog\/calendario-de-pago-de-mi-beca-para-empezar-2024\/#primaryimage"},"image":{"@id":"https:\/\/alprestamo.com\/blog\/calendario-de-pago-de-mi-beca-para-empezar-2024\/#primaryimage"},"thumbnailUrl":"https:\/\/alprestamo.com\/blog\/wp-content\/uploads\/2023\/10\/Diseno-sin-titulo-91.jpg","datePublished":"2024-03-16T16:55:00+00:00","dateModified":"2024-03-19T18:07:31+00:00","description":"El calendario oficial de pagos del programa social Mi Beca para Empezar indica que la entrega correspondiente al mes de marzo comenz\u00f3 el viernes 1 del","breadcrumb":{"@id":"https:\/\/alprestamo.com\/blog\/calendario-de-pago-de-mi-beca-para-empezar-2024\/#breadcrumb"},"inLanguage":"es-AR","potentialAction":[{"@type":"ReadAction","target":["https:\/\/alprestamo.com\/blog\/calendario-de-pago-de-mi-beca-para-empezar-2024\/"]}]},{"@type":"ImageObject","inLanguage":"es-AR","@id":"https:\/\/alprestamo.com\/blog\/calendario-de-pago-de-mi-beca-para-empezar-2024\/#primaryimage","url":"https:\/\/alprestamo.com\/blog\/wp-content\/uploads\/2023\/10\/Diseno-sin-titulo-91.jpg","contentUrl":"https:\/\/alprestamo.com\/blog\/wp-content\/uploads\/2023\/10\/Diseno-sin-titulo-91.jpg","width":1024,"height":768,"caption":"Pago extra Mi Beca para Empezar"},{"@type":"BreadcrumbList","@id":"https:\/\/alprestamo.com\/blog\/calendario-de-pago-de-mi-beca-para-empezar-2024\/#breadcrumb","itemListElement":[{"@type":"ListItem","position":1,"name":"Home","item":"https:\/\/alprestamo.com\/blog\/"},{"@type":"ListItem","position":2,"name":"Calendario de pago de Mi Beca para Empezar 2024"}]},{"@type":"WebSite","@id":"https:\/\/alprestamo.com\/blog\/#website","url":"https:\/\/alprestamo.com\/blog\/","name":"Alprestamo","description":"Hacemos que todo suceda","publisher":{"@id":"https:\/\/alprestamo.com\/blog\/#organization"},"potentialAction":[{"@type":"SearchAction","target":{"@type":"EntryPoint","urlTemplate":"https:\/\/alprestamo.com\/blog\/?s={search_term_string}"},"query-input":"required name=search_term_string"}],"inLanguage":"es-AR"},{"@type":"Organization","@id":"https:\/\/alprestamo.com\/blog\/#organization","name":"Alprestamo","url":"https:\/\/alprestamo.com\/blog\/","logo":{"@type":"ImageObject","inLanguage":"es-AR","@id":"https:\/\/alprestamo.com\/blog\/#\/schema\/logo\/image\/","url":"https:\/\/alprestamo.com\/blog\/wp-content\/uploads\/2022\/10\/Imagotipo_Blanco.svg","contentUrl":"https:\/\/alprestamo.com\/blog\/wp-content\/uploads\/2022\/10\/Imagotipo_Blanco.svg","width":1199,"height":203,"caption":"Alprestamo"},"image":{"@id":"https:\/\/alprestamo.com\/blog\/#\/schema\/logo\/image\/"}},{"@type":"Person","@id":"https:\/\/alprestamo.com\/blog\/#\/schema\/person\/4c568603ceb381762b4c9062d42c7627","name":"Ramiro Querejeta","image":{"@type":"ImageObject","inLanguage":"es-AR","@id":"https:\/\/alprestamo.com\/blog\/#\/schema\/person\/image\/","url":"https:\/\/alprestamo.com\/blog\/wp-content\/uploads\/2025\/08\/1688503693490-150x150.jpeg","contentUrl":"https:\/\/alprestamo.com\/blog\/wp-content\/uploads\/2025\/08\/1688503693490-150x150.jpeg","caption":"Ramiro Querejeta"},"url":"https:\/\/alprestamo.com\/blog\/author\/ramiro\/"}]}},"uagb_featured_image_src":{"full":["https:\/\/alprestamo.com\/blog\/wp-content\/uploads\/2023\/10\/Diseno-sin-titulo-91.jpg",1024,768,false],"thumbnail":["https:\/\/alprestamo.com\/blog\/wp-content\/uploads\/2023\/10\/Diseno-sin-titulo-91-150x150.jpg",150,150,true],"medium":["https:\/\/alprestamo.com\/blog\/wp-content\/uploads\/2023\/10\/Diseno-sin-titulo-91-300x225.jpg",300,225,true],"medium_large":["https:\/\/alprestamo.com\/blog\/wp-content\/uploads\/2023\/10\/Diseno-sin-titulo-91-768x576.jpg",768,576,true],"large":["https:\/\/alprestamo.com\/blog\/wp-content\/uploads\/2023\/10\/Diseno-sin-titulo-91.jpg",1024,768,false],"1536x1536":["https:\/\/alprestamo.com\/blog\/wp-content\/uploads\/2023\/10\/Diseno-sin-titulo-91.jpg",1024,768,false],"2048x2048":["https:\/\/alprestamo.com\/blog\/wp-content\/uploads\/2023\/10\/Diseno-sin-titulo-91.jpg",1024,768,false]},"uagb_author_info":{"display_name":"Ramiro Querejeta","author_link":"https:\/\/alprestamo.com\/blog\/author\/ramiro\/"},"uagb_comment_info":0,"uagb_excerpt":"El calendario oficial de pagos del programa social Mi Beca para Empezar indica que la entrega correspondiente al mes de marzo comenz\u00f3 el viernes 1 del mes, mediante la Tarjeta del Banco Bienestar de los beneficiarios.&nbsp; Monto de Mi Beca para Empezar en marzo&nbsp; Los estudiantes que ya forman parte del programa social Mi Beca&hellip;","rttpg_featured_image_url":{"full":["https:\/\/alprestamo.com\/blog\/wp-content\/uploads\/2023\/10\/Diseno-sin-titulo-91.jpg",1024,768,false],"landscape":["https:\/\/alprestamo.com\/blog\/wp-content\/uploads\/2023\/10\/Diseno-sin-titulo-91.jpg",1024,768,false],"portraits":["https:\/\/alprestamo.com\/blog\/wp-content\/uploads\/2023\/10\/Diseno-sin-titulo-91.jpg",1024,768,false],"thumbnail":["https:\/\/alprestamo.com\/blog\/wp-content\/uploads\/2023\/10\/Diseno-sin-titulo-91-150x150.jpg",150,150,true],"medium":["https:\/\/alprestamo.com\/blog\/wp-content\/uploads\/2023\/10\/Diseno-sin-titulo-91-300x225.jpg",300,225,true],"large":["https:\/\/alprestamo.com\/blog\/wp-content\/uploads\/2023\/10\/Diseno-sin-titulo-91.jpg",1024,768,false],"1536x1536":["https:\/\/alprestamo.com\/blog\/wp-content\/uploads\/2023\/10\/Diseno-sin-titulo-91.jpg",1024,768,false],"2048x2048":["https:\/\/alprestamo.com\/blog\/wp-content\/uploads\/2023\/10\/Diseno-sin-titulo-91.jpg",1024,768,false],"rt_custom":["https:\/\/alprestamo.com\/blog\/wp-content\/uploads\/2023\/10\/Diseno-sin-titulo-91.jpg",1024,768,false]},"rttpg_author":{"display_name":"Ramiro Querejeta","author_link":"https:\/\/alprestamo.com\/blog\/author\/ramiro\/"},"rttpg_comment":0,"rttpg_category":"<a href=\"https:\/\/alprestamo.com\/blog\/categoria\/mx\/\" rel=\"category tag\">MX<\/a> <a href=\"https:\/\/alprestamo.com\/blog\/categoria\/mx\/programas-sociales-mx\/\" rel=\"category tag\">Programas Sociales<\/a>","rttpg_excerpt":"El calendario oficial de pagos del programa social Mi Beca para Empezar indica que la entrega correspondiente al mes de marzo comenz\u00f3 el viernes 1 del mes, mediante la Tarjeta del Banco Bienestar de los beneficiarios.&nbsp; Monto de Mi Beca para Empezar en marzo&nbsp; Los estudiantes que ya forman parte del programa social Mi Beca&hellip;","_links":{"self":[{"href":"https:\/\/alprestamo.com\/blog\/wp-json\/wp\/v2\/posts\/37133"}],"collection":[{"href":"https:\/\/alprestamo.com\/blog\/wp-json\/wp\/v2\/posts"}],"about":[{"href":"https:\/\/alprestamo.com\/blog\/wp-json\/wp\/v2\/types\/post"}],"author":[{"embeddable":true,"href":"https:\/\/alprestamo.com\/blog\/wp-json\/wp\/v2\/users\/9"}],"replies":[{"embeddable":true,"href":"https:\/\/alprestamo.com\/blog\/wp-json\/wp\/v2\/comments?post=37133"}],"version-history":[{"count":4,"href":"https:\/\/alprestamo.com\/blog\/wp-json\/wp\/v2\/posts\/37133\/revisions"}],"predecessor-version":[{"id":37395,"href":"https:\/\/alprestamo.com\/blog\/wp-json\/wp\/v2\/posts\/37133\/revisions\/37395"}],"wp:featuredmedia":[{"embeddable":true,"href":"https:\/\/alprestamo.com\/blog\/wp-json\/wp\/v2\/media\/31301"}],"wp:attachment":[{"href":"https:\/\/alprestamo.com\/blog\/wp-json\/wp\/v2\/media?parent=37133"}],"wp:term":[{"taxonomy":"category","embeddable":true,"href":"https:\/\/alprestamo.com\/blog\/wp-json\/wp\/v2\/categories?post=37133"},{"taxonomy":"post_tag","embeddable":true,"href":"https:\/\/alprestamo.com\/blog\/wp-json\/wp\/v2\/tags?post=37133"}],"curies":[{"name":"wp","href":"https:\/\/api.w.org\/{rel}","templated":true}]}}