{"id":39699,"date":"2024-10-24T15:10:53","date_gmt":"2024-10-24T18:10:53","guid":{"rendered":"https:\/\/alprestamo.com\/blog\/?p=39699"},"modified":"2024-10-24T15:10:55","modified_gmt":"2024-10-24T18:10:55","slug":"aprueban-reforma-para-reducir-la-edad-de-la-pension-a-adultos-mayores","status":"publish","type":"post","link":"https:\/\/alprestamo.com\/blog\/aprueban-reforma-para-reducir-la-edad-de-la-pension-a-adultos-mayores\/","title":{"rendered":"Aprueban reforma para reducir la edad de la pensi\u00f3n a adultos mayores"},"content":{"rendered":"\n<p>Los legisladores de la<strong> <\/strong>C\u00e1mara de Diputados aprobaron, por unanimidad, la <strong>reforma en <a href=\"https:\/\/alprestamo.com\/blog\/mx\/programas-sociales-mx\/apoyo-del-bienestar-como-verificar-la-fecha-de-cobro\/\" target=\"_blank\" rel=\"noreferrer noopener\">apoyos del Bienestar<\/a><\/strong>, que beneficia a <strong>adultos mayores<\/strong>, personas con discapacidad y apoyos al campo y la pesca.<\/p>\n\n\n\n<p>Esta iniciativa cambia los art\u00edculos 4 y 27 de la Constituci\u00f3n Pol\u00edtica y garantiza que el Gobierno y las entidades federativas bajen de 68 a 65 la edad para que las personas mayores puedan cobrar una pensi\u00f3n.&nbsp;<\/p>\n\n\n\n<p>Los diputados tambi\u00e9n aprobaron que la Federaci\u00f3n y las entidades federativas aseguren la entrega de una pensi\u00f3n a las personas con discapacidad permanente, d\u00e1ndole prioridad a las personas menores de 18.&nbsp;<\/p>\n\n\n\n<p>La reforma, adem\u00e1s, establece que el Estado entregue un apoyo econ\u00f3mico permanente a los campesinos que cultivan sus tierras sembrando \u00e1rboles frutales, maderables y especies que requieren ser procesadas. Lo propio a los productores a escala que utilizan fertilizantes y a pescadores de peque\u00f1a escala.&nbsp;<\/p>\n\n\n\n<p>Todos los legisladores estuvieron de acuerdo con esta iniciativa de reforma para que sigan los apoyos o <a href=\"https:\/\/alprestamo.com\/blog\/mx\/programas-sociales-mx\/que-subsidios-se-entregaran-en-mexico-durante-2024\/\" target=\"_blank\" rel=\"noreferrer noopener\">programas sociales <\/a>a las poblaciones m\u00e1s desfavorecidas.\u00a0<\/p>\n\n\n\n<h2 class=\"wp-block-heading\">Pensiones para adultos mayores que se elevan a rango constitucional<\/h2>\n\n\n\n<p>Dentro del proyecto aprobado tambi\u00e9n se encuentran la modificaci\u00f3n de los programas sociales que pasan a tener rango constitucional. Estos son:<\/p>\n\n\n\n<ul class=\"wp-block-list\">\n<li>Pension para el Bienestar de las Personas con Discapacidad<\/li>\n\n\n\n<li><a href=\"https:\/\/programasparaelbienestar.gob.mx\/pension-bienestar-adultos-mayores\/\">Pensi\u00f3n para el Bienestar <\/a>de las Personas Adultas Mayores<\/li>\n\n\n\n<li>Programa Sembrando Vida<\/li>\n\n\n\n<li>Programa para fertilizantes<\/li>\n\n\n\n<li>Programa Bienpesca<\/li>\n\n\n\n<li>Programa Precios de Garant\u00eda a Productos Alimentarios B\u00e1sicos<\/li>\n<\/ul>\n\n\n\n<p>Esta es la octava iniciativa de reforma aprobada por la C\u00e1mara de Diputados del paquete que envi\u00f3 el expresidente Andr\u00e9s Manuel L\u00f3pez Obrador (AMLO). La reforma ahora ser\u00e1 enviada al Senado para su tratamiento y posterior discusi\u00f3n en la C\u00e1mara Alta.<\/p>\n\n\n\n<p>La\u00a0Pensi\u00f3n Bienestar\u00a0es un programa social del Gobierno de M\u00e9xico que se entrega a los adultos mayores que radican en las 32 entidades del pa\u00eds, y cuyo fin es dar mayores apoyos econ\u00f3micos para solventar los gastos de estas personas.\u00a0<\/p>\n\n\n\n<p><\/p>\n","protected":false},"excerpt":{"rendered":"<p>Los legisladores de la C\u00e1mara de Diputados aprobaron, por unanimidad, la reforma en apoyos del Bienestar, que beneficia a adultos mayores, personas con discapacidad y apoyos al campo y la pesca. Esta iniciativa cambia los art\u00edculos 4 y 27 de la Constituci\u00f3n Pol\u00edtica y garantiza que el Gobierno y las entidades federativas bajen de 68 &hellip;<\/p>\n<p class=\"read-more\"> <a class=\"\" href=\"https:\/\/alprestamo.com\/blog\/aprueban-reforma-para-reducir-la-edad-de-la-pension-a-adultos-mayores\/\"> <span class=\"screen-reader-text\">Aprueban reforma para reducir la edad de la pensi\u00f3n a adultos mayores<\/span> Leer m\u00e1s &raquo;<\/a><\/p>\n","protected":false},"author":9,"featured_media":39700,"comment_status":"closed","ping_status":"closed","sticky":false,"template":"","format":"standard","meta":{"_uag_custom_page_level_css":"","site-sidebar-layout":"default","site-content-layout":"default","ast-global-header-display":"","ast-banner-title-visibility":"","ast-main-header-display":"","ast-hfb-above-header-display":"","ast-hfb-below-header-display":"","ast-hfb-mobile-header-display":"","site-post-title":"","ast-breadcrumbs-content":"","ast-featured-img":"","footer-sml-layout":"","theme-transparent-header-meta":"","adv-header-id-meta":"","stick-header-meta":"","header-above-stick-meta":"","header-main-stick-meta":"","header-below-stick-meta":"","footnotes":""},"categories":[130,203,32],"tags":[],"class_list":["post-39699","post","type-post","status-publish","format-standard","has-post-thumbnail","hentry","category-mx","category-portada-mx","category-programas-sociales-mx"],"acf":[],"yoast_head":"<!-- This site is optimized with the Yoast SEO plugin v23.2 - https:\/\/yoast.com\/wordpress\/plugins\/seo\/ -->\n<title>Aprueban reforma para reducir la edad de la pensi\u00f3n a adultos mayores<\/title>\n<meta name=\"description\" content=\"Conoce la reforma para que los adultos mayores reciban una pensi\u00f3n y qu\u00e9 programas sociales pasaron a tener rango constitucional.\" \/>\n<meta name=\"robots\" content=\"index, follow, max-snippet:-1, max-image-preview:large, max-video-preview:-1\" \/>\n<link rel=\"canonical\" href=\"https:\/\/alprestamo.com\/blog\/aprueban-reforma-para-reducir-la-edad-de-la-pension-a-adultos-mayores\/\" \/>\n<meta property=\"og:locale\" content=\"es_ES\" \/>\n<meta property=\"og:type\" content=\"article\" \/>\n<meta property=\"og:title\" content=\"Aprueban reforma para reducir la edad de la pensi\u00f3n a adultos mayores\" \/>\n<meta property=\"og:description\" content=\"Conoce la reforma para que los adultos mayores reciban una pensi\u00f3n y qu\u00e9 programas sociales pasaron a tener rango constitucional.\" \/>\n<meta property=\"og:url\" content=\"https:\/\/alprestamo.com\/blog\/aprueban-reforma-para-reducir-la-edad-de-la-pension-a-adultos-mayores\/\" \/>\n<meta property=\"og:site_name\" content=\"Alprestamo - Hacemos que todo suceda\" \/>\n<meta property=\"article:published_time\" content=\"2024-10-24T18:10:53+00:00\" \/>\n<meta property=\"article:modified_time\" content=\"2024-10-24T18:10:55+00:00\" \/>\n<meta property=\"og:image\" content=\"https:\/\/alprestamo.com\/blog\/wp-content\/uploads\/2024\/10\/109260611_presentation-wide_normal_none-1.webp\" \/>\n\t<meta property=\"og:image:width\" content=\"1200\" \/>\n\t<meta property=\"og:image:height\" content=\"675\" \/>\n\t<meta property=\"og:image:type\" content=\"image\/webp\" \/>\n<meta name=\"author\" content=\"Ramiro Querejeta\" \/>\n<meta name=\"twitter:card\" content=\"summary_large_image\" \/>\n<meta name=\"twitter:label1\" content=\"Escrito por\" \/>\n\t<meta name=\"twitter:data1\" content=\"Ramiro Querejeta\" \/>\n\t<meta name=\"twitter:label2\" content=\"Tiempo de lectura\" \/>\n\t<meta name=\"twitter:data2\" content=\"2 minutos\" \/>\n<script type=\"application\/ld+json\" class=\"yoast-schema-graph\">{\"@context\":\"https:\/\/schema.org\",\"@graph\":[{\"@type\":\"NewsArticle\",\"@id\":\"https:\/\/alprestamo.com\/blog\/aprueban-reforma-para-reducir-la-edad-de-la-pension-a-adultos-mayores\/#article\",\"isPartOf\":{\"@id\":\"https:\/\/alprestamo.com\/blog\/aprueban-reforma-para-reducir-la-edad-de-la-pension-a-adultos-mayores\/\"},\"author\":{\"name\":\"Ramiro Querejeta\",\"@id\":\"https:\/\/alprestamo.com\/blog\/#\/schema\/person\/4c568603ceb381762b4c9062d42c7627\"},\"headline\":\"Aprueban reforma para reducir la edad de la pensi\u00f3n a adultos mayores\",\"datePublished\":\"2024-10-24T18:10:53+00:00\",\"dateModified\":\"2024-10-24T18:10:55+00:00\",\"mainEntityOfPage\":{\"@id\":\"https:\/\/alprestamo.com\/blog\/aprueban-reforma-para-reducir-la-edad-de-la-pension-a-adultos-mayores\/\"},\"wordCount\":352,\"publisher\":{\"@id\":\"https:\/\/alprestamo.com\/blog\/#organization\"},\"image\":{\"@id\":\"https:\/\/alprestamo.com\/blog\/aprueban-reforma-para-reducir-la-edad-de-la-pension-a-adultos-mayores\/#primaryimage\"},\"thumbnailUrl\":\"https:\/\/alprestamo.com\/blog\/wp-content\/uploads\/2024\/10\/109260611_presentation-wide_normal_none-1.webp\",\"articleSection\":[\"MX\",\"Portada\",\"Programas Sociales\"],\"inLanguage\":\"es-AR\"},{\"@type\":\"WebPage\",\"@id\":\"https:\/\/alprestamo.com\/blog\/aprueban-reforma-para-reducir-la-edad-de-la-pension-a-adultos-mayores\/\",\"url\":\"https:\/\/alprestamo.com\/blog\/aprueban-reforma-para-reducir-la-edad-de-la-pension-a-adultos-mayores\/\",\"name\":\"Aprueban reforma para reducir la edad de la pensi\u00f3n a adultos mayores\",\"isPartOf\":{\"@id\":\"https:\/\/alprestamo.com\/blog\/#website\"},\"primaryImageOfPage\":{\"@id\":\"https:\/\/alprestamo.com\/blog\/aprueban-reforma-para-reducir-la-edad-de-la-pension-a-adultos-mayores\/#primaryimage\"},\"image\":{\"@id\":\"https:\/\/alprestamo.com\/blog\/aprueban-reforma-para-reducir-la-edad-de-la-pension-a-adultos-mayores\/#primaryimage\"},\"thumbnailUrl\":\"https:\/\/alprestamo.com\/blog\/wp-content\/uploads\/2024\/10\/109260611_presentation-wide_normal_none-1.webp\",\"datePublished\":\"2024-10-24T18:10:53+00:00\",\"dateModified\":\"2024-10-24T18:10:55+00:00\",\"description\":\"Conoce la reforma para que los adultos mayores reciban una pensi\u00f3n y qu\u00e9 programas sociales pasaron a tener rango constitucional.\",\"breadcrumb\":{\"@id\":\"https:\/\/alprestamo.com\/blog\/aprueban-reforma-para-reducir-la-edad-de-la-pension-a-adultos-mayores\/#breadcrumb\"},\"inLanguage\":\"es-AR\",\"potentialAction\":[{\"@type\":\"ReadAction\",\"target\":[\"https:\/\/alprestamo.com\/blog\/aprueban-reforma-para-reducir-la-edad-de-la-pension-a-adultos-mayores\/\"]}]},{\"@type\":\"ImageObject\",\"inLanguage\":\"es-AR\",\"@id\":\"https:\/\/alprestamo.com\/blog\/aprueban-reforma-para-reducir-la-edad-de-la-pension-a-adultos-mayores\/#primaryimage\",\"url\":\"https:\/\/alprestamo.com\/blog\/wp-content\/uploads\/2024\/10\/109260611_presentation-wide_normal_none-1.webp\",\"contentUrl\":\"https:\/\/alprestamo.com\/blog\/wp-content\/uploads\/2024\/10\/109260611_presentation-wide_normal_none-1.webp\",\"width\":1200,\"height\":675,\"caption\":\"Adultos mayores en M\u00e9xico\"},{\"@type\":\"BreadcrumbList\",\"@id\":\"https:\/\/alprestamo.com\/blog\/aprueban-reforma-para-reducir-la-edad-de-la-pension-a-adultos-mayores\/#breadcrumb\",\"itemListElement\":[{\"@type\":\"ListItem\",\"position\":1,\"name\":\"Home\",\"item\":\"https:\/\/alprestamo.com\/blog\/\"},{\"@type\":\"ListItem\",\"position\":2,\"name\":\"Aprueban reforma para reducir la edad de la pensi\u00f3n a adultos mayores\"}]},{\"@type\":\"WebSite\",\"@id\":\"https:\/\/alprestamo.com\/blog\/#website\",\"url\":\"https:\/\/alprestamo.com\/blog\/\",\"name\":\"Alprestamo\",\"description\":\"Hacemos que todo suceda\",\"publisher\":{\"@id\":\"https:\/\/alprestamo.com\/blog\/#organization\"},\"potentialAction\":[{\"@type\":\"SearchAction\",\"target\":{\"@type\":\"EntryPoint\",\"urlTemplate\":\"https:\/\/alprestamo.com\/blog\/?s={search_term_string}\"},\"query-input\":\"required name=search_term_string\"}],\"inLanguage\":\"es-AR\"},{\"@type\":\"Organization\",\"@id\":\"https:\/\/alprestamo.com\/blog\/#organization\",\"name\":\"Alprestamo\",\"url\":\"https:\/\/alprestamo.com\/blog\/\",\"logo\":{\"@type\":\"ImageObject\",\"inLanguage\":\"es-AR\",\"@id\":\"https:\/\/alprestamo.com\/blog\/#\/schema\/logo\/image\/\",\"url\":\"https:\/\/alprestamo.com\/blog\/wp-content\/uploads\/2022\/10\/Imagotipo_Blanco.svg\",\"contentUrl\":\"https:\/\/alprestamo.com\/blog\/wp-content\/uploads\/2022\/10\/Imagotipo_Blanco.svg\",\"width\":1199,\"height\":203,\"caption\":\"Alprestamo\"},\"image\":{\"@id\":\"https:\/\/alprestamo.com\/blog\/#\/schema\/logo\/image\/\"}},{\"@type\":\"Person\",\"@id\":\"https:\/\/alprestamo.com\/blog\/#\/schema\/person\/4c568603ceb381762b4c9062d42c7627\",\"name\":\"Ramiro Querejeta\",\"image\":{\"@type\":\"ImageObject\",\"inLanguage\":\"es-AR\",\"@id\":\"https:\/\/alprestamo.com\/blog\/#\/schema\/person\/image\/\",\"url\":\"https:\/\/alprestamo.com\/blog\/wp-content\/uploads\/2025\/08\/1688503693490-150x150.jpeg\",\"contentUrl\":\"https:\/\/alprestamo.com\/blog\/wp-content\/uploads\/2025\/08\/1688503693490-150x150.jpeg\",\"caption\":\"Ramiro Querejeta\"},\"url\":\"https:\/\/alprestamo.com\/blog\/author\/ramiro\/\"}]}<\/script>\n<!-- \/ Yoast SEO plugin. -->","yoast_head_json":{"title":"Aprueban reforma para reducir la edad de la pensi\u00f3n a adultos mayores","description":"Conoce la reforma para que los adultos mayores reciban una pensi\u00f3n y qu\u00e9 programas sociales pasaron a tener rango constitucional.","robots":{"index":"index","follow":"follow","max-snippet":"max-snippet:-1","max-image-preview":"max-image-preview:large","max-video-preview":"max-video-preview:-1"},"canonical":"https:\/\/alprestamo.com\/blog\/aprueban-reforma-para-reducir-la-edad-de-la-pension-a-adultos-mayores\/","og_locale":"es_ES","og_type":"article","og_title":"Aprueban reforma para reducir la edad de la pensi\u00f3n a adultos mayores","og_description":"Conoce la reforma para que los adultos mayores reciban una pensi\u00f3n y qu\u00e9 programas sociales pasaron a tener rango constitucional.","og_url":"https:\/\/alprestamo.com\/blog\/aprueban-reforma-para-reducir-la-edad-de-la-pension-a-adultos-mayores\/","og_site_name":"Alprestamo - Hacemos que todo suceda","article_published_time":"2024-10-24T18:10:53+00:00","article_modified_time":"2024-10-24T18:10:55+00:00","og_image":[{"width":1200,"height":675,"url":"https:\/\/alprestamo.com\/blog\/wp-content\/uploads\/2024\/10\/109260611_presentation-wide_normal_none-1.webp","type":"image\/webp"}],"author":"Ramiro Querejeta","twitter_card":"summary_large_image","twitter_misc":{"Escrito por":"Ramiro Querejeta","Tiempo de lectura":"2 minutos"},"schema":{"@context":"https:\/\/schema.org","@graph":[{"@type":"NewsArticle","@id":"https:\/\/alprestamo.com\/blog\/aprueban-reforma-para-reducir-la-edad-de-la-pension-a-adultos-mayores\/#article","isPartOf":{"@id":"https:\/\/alprestamo.com\/blog\/aprueban-reforma-para-reducir-la-edad-de-la-pension-a-adultos-mayores\/"},"author":{"name":"Ramiro Querejeta","@id":"https:\/\/alprestamo.com\/blog\/#\/schema\/person\/4c568603ceb381762b4c9062d42c7627"},"headline":"Aprueban reforma para reducir la edad de la pensi\u00f3n a adultos mayores","datePublished":"2024-10-24T18:10:53+00:00","dateModified":"2024-10-24T18:10:55+00:00","mainEntityOfPage":{"@id":"https:\/\/alprestamo.com\/blog\/aprueban-reforma-para-reducir-la-edad-de-la-pension-a-adultos-mayores\/"},"wordCount":352,"publisher":{"@id":"https:\/\/alprestamo.com\/blog\/#organization"},"image":{"@id":"https:\/\/alprestamo.com\/blog\/aprueban-reforma-para-reducir-la-edad-de-la-pension-a-adultos-mayores\/#primaryimage"},"thumbnailUrl":"https:\/\/alprestamo.com\/blog\/wp-content\/uploads\/2024\/10\/109260611_presentation-wide_normal_none-1.webp","articleSection":["MX","Portada","Programas Sociales"],"inLanguage":"es-AR"},{"@type":"WebPage","@id":"https:\/\/alprestamo.com\/blog\/aprueban-reforma-para-reducir-la-edad-de-la-pension-a-adultos-mayores\/","url":"https:\/\/alprestamo.com\/blog\/aprueban-reforma-para-reducir-la-edad-de-la-pension-a-adultos-mayores\/","name":"Aprueban reforma para reducir la edad de la pensi\u00f3n a adultos mayores","isPartOf":{"@id":"https:\/\/alprestamo.com\/blog\/#website"},"primaryImageOfPage":{"@id":"https:\/\/alprestamo.com\/blog\/aprueban-reforma-para-reducir-la-edad-de-la-pension-a-adultos-mayores\/#primaryimage"},"image":{"@id":"https:\/\/alprestamo.com\/blog\/aprueban-reforma-para-reducir-la-edad-de-la-pension-a-adultos-mayores\/#primaryimage"},"thumbnailUrl":"https:\/\/alprestamo.com\/blog\/wp-content\/uploads\/2024\/10\/109260611_presentation-wide_normal_none-1.webp","datePublished":"2024-10-24T18:10:53+00:00","dateModified":"2024-10-24T18:10:55+00:00","description":"Conoce la reforma para que los adultos mayores reciban una pensi\u00f3n y qu\u00e9 programas sociales pasaron a tener rango constitucional.","breadcrumb":{"@id":"https:\/\/alprestamo.com\/blog\/aprueban-reforma-para-reducir-la-edad-de-la-pension-a-adultos-mayores\/#breadcrumb"},"inLanguage":"es-AR","potentialAction":[{"@type":"ReadAction","target":["https:\/\/alprestamo.com\/blog\/aprueban-reforma-para-reducir-la-edad-de-la-pension-a-adultos-mayores\/"]}]},{"@type":"ImageObject","inLanguage":"es-AR","@id":"https:\/\/alprestamo.com\/blog\/aprueban-reforma-para-reducir-la-edad-de-la-pension-a-adultos-mayores\/#primaryimage","url":"https:\/\/alprestamo.com\/blog\/wp-content\/uploads\/2024\/10\/109260611_presentation-wide_normal_none-1.webp","contentUrl":"https:\/\/alprestamo.com\/blog\/wp-content\/uploads\/2024\/10\/109260611_presentation-wide_normal_none-1.webp","width":1200,"height":675,"caption":"Adultos mayores en M\u00e9xico"},{"@type":"BreadcrumbList","@id":"https:\/\/alprestamo.com\/blog\/aprueban-reforma-para-reducir-la-edad-de-la-pension-a-adultos-mayores\/#breadcrumb","itemListElement":[{"@type":"ListItem","position":1,"name":"Home","item":"https:\/\/alprestamo.com\/blog\/"},{"@type":"ListItem","position":2,"name":"Aprueban reforma para reducir la edad de la pensi\u00f3n a adultos mayores"}]},{"@type":"WebSite","@id":"https:\/\/alprestamo.com\/blog\/#website","url":"https:\/\/alprestamo.com\/blog\/","name":"Alprestamo","description":"Hacemos que todo suceda","publisher":{"@id":"https:\/\/alprestamo.com\/blog\/#organization"},"potentialAction":[{"@type":"SearchAction","target":{"@type":"EntryPoint","urlTemplate":"https:\/\/alprestamo.com\/blog\/?s={search_term_string}"},"query-input":"required name=search_term_string"}],"inLanguage":"es-AR"},{"@type":"Organization","@id":"https:\/\/alprestamo.com\/blog\/#organization","name":"Alprestamo","url":"https:\/\/alprestamo.com\/blog\/","logo":{"@type":"ImageObject","inLanguage":"es-AR","@id":"https:\/\/alprestamo.com\/blog\/#\/schema\/logo\/image\/","url":"https:\/\/alprestamo.com\/blog\/wp-content\/uploads\/2022\/10\/Imagotipo_Blanco.svg","contentUrl":"https:\/\/alprestamo.com\/blog\/wp-content\/uploads\/2022\/10\/Imagotipo_Blanco.svg","width":1199,"height":203,"caption":"Alprestamo"},"image":{"@id":"https:\/\/alprestamo.com\/blog\/#\/schema\/logo\/image\/"}},{"@type":"Person","@id":"https:\/\/alprestamo.com\/blog\/#\/schema\/person\/4c568603ceb381762b4c9062d42c7627","name":"Ramiro Querejeta","image":{"@type":"ImageObject","inLanguage":"es-AR","@id":"https:\/\/alprestamo.com\/blog\/#\/schema\/person\/image\/","url":"https:\/\/alprestamo.com\/blog\/wp-content\/uploads\/2025\/08\/1688503693490-150x150.jpeg","contentUrl":"https:\/\/alprestamo.com\/blog\/wp-content\/uploads\/2025\/08\/1688503693490-150x150.jpeg","caption":"Ramiro Querejeta"},"url":"https:\/\/alprestamo.com\/blog\/author\/ramiro\/"}]}},"uagb_featured_image_src":{"full":["https:\/\/alprestamo.com\/blog\/wp-content\/uploads\/2024\/10\/109260611_presentation-wide_normal_none-1.webp",1200,675,false],"thumbnail":["https:\/\/alprestamo.com\/blog\/wp-content\/uploads\/2024\/10\/109260611_presentation-wide_normal_none-1-150x150.webp",150,150,true],"medium":["https:\/\/alprestamo.com\/blog\/wp-content\/uploads\/2024\/10\/109260611_presentation-wide_normal_none-1-300x169.webp",300,169,true],"medium_large":["https:\/\/alprestamo.com\/blog\/wp-content\/uploads\/2024\/10\/109260611_presentation-wide_normal_none-1-768x432.webp",768,432,true],"large":["https:\/\/alprestamo.com\/blog\/wp-content\/uploads\/2024\/10\/109260611_presentation-wide_normal_none-1-1024x576.webp",1024,576,true],"1536x1536":["https:\/\/alprestamo.com\/blog\/wp-content\/uploads\/2024\/10\/109260611_presentation-wide_normal_none-1.webp",1200,675,false],"2048x2048":["https:\/\/alprestamo.com\/blog\/wp-content\/uploads\/2024\/10\/109260611_presentation-wide_normal_none-1.webp",1200,675,false]},"uagb_author_info":{"display_name":"Ramiro Querejeta","author_link":"https:\/\/alprestamo.com\/blog\/author\/ramiro\/"},"uagb_comment_info":0,"uagb_excerpt":"Los legisladores de la C\u00e1mara de Diputados aprobaron, por unanimidad, la reforma en apoyos del Bienestar, que beneficia a adultos mayores, personas con discapacidad y apoyos al campo y la pesca. Esta iniciativa cambia los art\u00edculos 4 y 27 de la Constituci\u00f3n Pol\u00edtica y garantiza que el Gobierno y las entidades federativas bajen de 68&hellip;","rttpg_featured_image_url":{"full":["https:\/\/alprestamo.com\/blog\/wp-content\/uploads\/2024\/10\/109260611_presentation-wide_normal_none-1.webp",1200,675,false],"landscape":["https:\/\/alprestamo.com\/blog\/wp-content\/uploads\/2024\/10\/109260611_presentation-wide_normal_none-1.webp",1200,675,false],"portraits":["https:\/\/alprestamo.com\/blog\/wp-content\/uploads\/2024\/10\/109260611_presentation-wide_normal_none-1.webp",1200,675,false],"thumbnail":["https:\/\/alprestamo.com\/blog\/wp-content\/uploads\/2024\/10\/109260611_presentation-wide_normal_none-1-150x150.webp",150,150,true],"medium":["https:\/\/alprestamo.com\/blog\/wp-content\/uploads\/2024\/10\/109260611_presentation-wide_normal_none-1-300x169.webp",300,169,true],"large":["https:\/\/alprestamo.com\/blog\/wp-content\/uploads\/2024\/10\/109260611_presentation-wide_normal_none-1-1024x576.webp",1024,576,true],"1536x1536":["https:\/\/alprestamo.com\/blog\/wp-content\/uploads\/2024\/10\/109260611_presentation-wide_normal_none-1.webp",1200,675,false],"2048x2048":["https:\/\/alprestamo.com\/blog\/wp-content\/uploads\/2024\/10\/109260611_presentation-wide_normal_none-1.webp",1200,675,false],"rt_custom":["https:\/\/alprestamo.com\/blog\/wp-content\/uploads\/2024\/10\/109260611_presentation-wide_normal_none-1.webp",1200,675,false]},"rttpg_author":{"display_name":"Ramiro Querejeta","author_link":"https:\/\/alprestamo.com\/blog\/author\/ramiro\/"},"rttpg_comment":0,"rttpg_category":"<a href=\"https:\/\/alprestamo.com\/blog\/categoria\/mx\/\" rel=\"category tag\">MX<\/a> <a href=\"https:\/\/alprestamo.com\/blog\/categoria\/mx\/portada-mx\/\" rel=\"category tag\">Portada<\/a> <a href=\"https:\/\/alprestamo.com\/blog\/categoria\/mx\/programas-sociales-mx\/\" rel=\"category tag\">Programas Sociales<\/a>","rttpg_excerpt":"Los legisladores de la C\u00e1mara de Diputados aprobaron, por unanimidad, la reforma en apoyos del Bienestar, que beneficia a adultos mayores, personas con discapacidad y apoyos al campo y la pesca. Esta iniciativa cambia los art\u00edculos 4 y 27 de la Constituci\u00f3n Pol\u00edtica y garantiza que el Gobierno y las entidades federativas bajen de 68&hellip;","_links":{"self":[{"href":"https:\/\/alprestamo.com\/blog\/wp-json\/wp\/v2\/posts\/39699"}],"collection":[{"href":"https:\/\/alprestamo.com\/blog\/wp-json\/wp\/v2\/posts"}],"about":[{"href":"https:\/\/alprestamo.com\/blog\/wp-json\/wp\/v2\/types\/post"}],"author":[{"embeddable":true,"href":"https:\/\/alprestamo.com\/blog\/wp-json\/wp\/v2\/users\/9"}],"replies":[{"embeddable":true,"href":"https:\/\/alprestamo.com\/blog\/wp-json\/wp\/v2\/comments?post=39699"}],"version-history":[{"count":1,"href":"https:\/\/alprestamo.com\/blog\/wp-json\/wp\/v2\/posts\/39699\/revisions"}],"predecessor-version":[{"id":39701,"href":"https:\/\/alprestamo.com\/blog\/wp-json\/wp\/v2\/posts\/39699\/revisions\/39701"}],"wp:featuredmedia":[{"embeddable":true,"href":"https:\/\/alprestamo.com\/blog\/wp-json\/wp\/v2\/media\/39700"}],"wp:attachment":[{"href":"https:\/\/alprestamo.com\/blog\/wp-json\/wp\/v2\/media?parent=39699"}],"wp:term":[{"taxonomy":"category","embeddable":true,"href":"https:\/\/alprestamo.com\/blog\/wp-json\/wp\/v2\/categories?post=39699"},{"taxonomy":"post_tag","embeddable":true,"href":"https:\/\/alprestamo.com\/blog\/wp-json\/wp\/v2\/tags?post=39699"}],"curies":[{"name":"wp","href":"https:\/\/api.w.org\/{rel}","templated":true}]}}