{"id":40474,"date":"2025-01-10T10:00:00","date_gmt":"2025-01-10T13:00:00","guid":{"rendered":"https:\/\/alprestamo.com\/blog\/?p=40474"},"modified":"2025-01-09T15:09:45","modified_gmt":"2025-01-09T18:09:45","slug":"de-cuanto-sera-el-salario-minimo-en-2025-en-colombia","status":"publish","type":"post","link":"https:\/\/alprestamo.com\/blog\/de-cuanto-sera-el-salario-minimo-en-2025-en-colombia\/","title":{"rendered":"De cu\u00e1nto ser\u00e1 el salario m\u00ednimo en 2025 en Colombia"},"content":{"rendered":"\n<p>Tras semanas de negociaciones fallidas entre las patronales obreras y los empresarios, el <strong>salario m\u00ednimo en Colombia<\/strong> fue definido por decreto a trav\u00e9s de la Administraci\u00f3n Nacional, a cargo de Gustavo Petro.<\/p>\n\n\n\n<h2 class=\"wp-block-heading\">Salario m\u00ednimo en Colombia en 2025&nbsp;<\/h2>\n\n\n\n<p>El aumento del salario m\u00ednimo para 2025 que dispuso el <a href=\"https:\/\/alprestamo.com\/blog\/co\/en-que-consiste-el-credito-del-gobierno-de-hasta-4-millones\/\" target=\"_blank\" rel=\"noreferrer noopener\">gobierno <\/a>ser\u00e1 de 9,5%. Esto significa que el <strong>haber m\u00ednimo queda en $1.423.500.<\/strong> En 2024 fue de $1.300.000.&nbsp;<\/p>\n\n\n\n<p>El aumento de salario m\u00ednimo afecta a poco m\u00e1s del 10% de la poblaci\u00f3n ocupada del pa\u00eds, quienes a partir del mes febrero podr\u00e1n empezar a cobrar el nuevo monto correspondiente.&nbsp;<\/p>\n\n\n\n<p>Las centrales obreras hab\u00edan propuesto un incremento de 12%, mientras que el empresariado puso encima de la mesa de negociaci\u00f3n un 7%.&nbsp;<\/p>\n\n\n\n<div class=\"wp-block-uagb-image uagb-block-3c907914 wp-block-uagb-image--layout-default wp-block-uagb-image--effect-static wp-block-uagb-image--align-none\"><figure class=\"wp-block-uagb-image__figure\"><img decoding=\"async\" srcset=\"https:\/\/alprestamo.com\/blog\/wp-content\/uploads\/2025\/01\/Pesos-Colombianos-1-1-1024x597.jpg \" sizes=\"(max-width: 480px) 150px\" src=\"https:\/\/alprestamo.com\/blog\/wp-content\/uploads\/2025\/01\/Pesos-Colombianos-1-1-1024x597.jpg\" alt=\"El salario m\u00ednimo ser\u00e1 de casi un mill\u00f3n y medio de pesos colombianos\" class=\"uag-image-40476\" width=\"1024\" height=\"597\" title=\"\" loading=\"lazy\"\/><\/figure><\/div>\n\n\n\n<p><\/p>\n\n\n\n<h2 class=\"wp-block-heading\">Por qu\u00e9 el salario m\u00ednimo aument\u00f3 9,5%<\/h2>\n\n\n\n<p>Para su decisi\u00f3n, la Administraci\u00f3n Central tuvo en cuenta la ca\u00edda de la inflaci\u00f3n general (se estima que cierre el 2024 en 5%). Esto quiere decir que la composici\u00f3n salarial real (descontada la inflaci\u00f3n) ser\u00e1 de 6,5%.&nbsp;<\/p>\n\n\n\n<p>En cuanto al aumento de precios para este a\u00f1o, el Gobierno calcula que ser\u00e1 de aproximadamente 3%.&nbsp;<\/p>\n\n\n\n<p>Aunque legalmente el salario m\u00ednimo debe ser fijado mediante concertaciones, normalmente en los \u00faltimos a\u00f1os este ha sido determinado por el Gobierno, mostrando su voluntad a trav\u00e9s de un decreto.&nbsp;<\/p>\n\n\n\n<p>En los \u00faltimos diez a\u00f1os, en tan solo cuatro a\u00f1os se han puesto de acuerdo obreros y empresarios.&nbsp;<\/p>\n\n\n\n<h2 class=\"wp-block-heading\">Qu\u00e9 pasa con el subsidio al transporte p\u00fablico<\/h2>\n\n\n\n<p><\/p>\n\n\n\n<p>Por su parte, el<strong> subsidio al transporte qued\u00f3 fijado en $200.000<\/strong>. Cabe recordar que este subsidio se entrega a todos los trabajadores que reciben menos de dos salarios m\u00ednimos.<\/p>\n","protected":false},"excerpt":{"rendered":"<p>Tras semanas de negociaciones fallidas entre las patronales obreras y los empresarios, el salario m\u00ednimo en Colombia fue definido por decreto a trav\u00e9s de la Administraci\u00f3n Nacional, a cargo de Gustavo Petro. Salario m\u00ednimo en Colombia en 2025&nbsp; El aumento del salario m\u00ednimo para 2025 que dispuso el gobierno ser\u00e1 de 9,5%. Esto significa que &hellip;<\/p>\n<p class=\"read-more\"> <a class=\"\" href=\"https:\/\/alprestamo.com\/blog\/de-cuanto-sera-el-salario-minimo-en-2025-en-colombia\/\"> <span class=\"screen-reader-text\">De cu\u00e1nto ser\u00e1 el salario m\u00ednimo en 2025 en Colombia<\/span> Leer m\u00e1s &raquo;<\/a><\/p>\n","protected":false},"author":9,"featured_media":39430,"comment_status":"closed","ping_status":"closed","sticky":false,"template":"","format":"standard","meta":{"_uag_custom_page_level_css":"","site-sidebar-layout":"default","site-content-layout":"default","ast-global-header-display":"","ast-banner-title-visibility":"","ast-main-header-display":"","ast-hfb-above-header-display":"","ast-hfb-below-header-display":"","ast-hfb-mobile-header-display":"","site-post-title":"","ast-breadcrumbs-content":"","ast-featured-img":"","footer-sml-layout":"","theme-transparent-header-meta":"","adv-header-id-meta":"","stick-header-meta":"","header-above-stick-meta":"","header-main-stick-meta":"","header-below-stick-meta":"","footnotes":""},"categories":[98,39,197],"tags":[],"class_list":["post-40474","post","type-post","status-publish","format-standard","has-post-thumbnail","hentry","category-co","category-mundo-laboral","category-portada-co"],"acf":[],"yoast_head":"<!-- This site is optimized with the Yoast SEO plugin v23.2 - https:\/\/yoast.com\/wordpress\/plugins\/seo\/ -->\n<title>De cu\u00e1nto ser\u00e1 el salario m\u00ednimo en 2025 en Colombia<\/title>\n<meta name=\"description\" content=\"Descubre de cu\u00e1nto ser\u00e1 el salario m\u00ednimo en Colombia en 2025 luego del decreto del presidente Gustavo Petro.\" \/>\n<meta name=\"robots\" content=\"index, follow, max-snippet:-1, max-image-preview:large, max-video-preview:-1\" \/>\n<link rel=\"canonical\" href=\"https:\/\/alprestamo.com\/blog\/de-cuanto-sera-el-salario-minimo-en-2025-en-colombia\/\" \/>\n<meta property=\"og:locale\" content=\"es_ES\" \/>\n<meta property=\"og:type\" content=\"article\" \/>\n<meta property=\"og:title\" content=\"De cu\u00e1nto ser\u00e1 el salario m\u00ednimo en 2025 en Colombia\" \/>\n<meta property=\"og:description\" content=\"Descubre de cu\u00e1nto ser\u00e1 el salario m\u00ednimo en Colombia en 2025 luego del decreto del presidente Gustavo Petro.\" \/>\n<meta property=\"og:url\" content=\"https:\/\/alprestamo.com\/blog\/de-cuanto-sera-el-salario-minimo-en-2025-en-colombia\/\" \/>\n<meta property=\"og:site_name\" content=\"Alprestamo - Hacemos que todo suceda\" \/>\n<meta property=\"article:published_time\" content=\"2025-01-10T13:00:00+00:00\" \/>\n<meta property=\"article:modified_time\" content=\"2025-01-09T18:09:45+00:00\" \/>\n<meta property=\"og:image\" content=\"https:\/\/alprestamo.com\/blog\/wp-content\/uploads\/2024\/06\/image.webp\" \/>\n\t<meta property=\"og:image:width\" content=\"1280\" \/>\n\t<meta property=\"og:image:height\" content=\"720\" \/>\n\t<meta property=\"og:image:type\" content=\"image\/webp\" \/>\n<meta name=\"author\" content=\"Ramiro Querejeta\" \/>\n<meta name=\"twitter:card\" content=\"summary_large_image\" \/>\n<meta name=\"twitter:label1\" content=\"Escrito por\" \/>\n\t<meta name=\"twitter:data1\" content=\"Ramiro Querejeta\" \/>\n\t<meta name=\"twitter:label2\" content=\"Tiempo de lectura\" \/>\n\t<meta name=\"twitter:data2\" content=\"1 minuto\" \/>\n<script type=\"application\/ld+json\" class=\"yoast-schema-graph\">{\"@context\":\"https:\/\/schema.org\",\"@graph\":[{\"@type\":\"NewsArticle\",\"@id\":\"https:\/\/alprestamo.com\/blog\/de-cuanto-sera-el-salario-minimo-en-2025-en-colombia\/#article\",\"isPartOf\":{\"@id\":\"https:\/\/alprestamo.com\/blog\/de-cuanto-sera-el-salario-minimo-en-2025-en-colombia\/\"},\"author\":{\"name\":\"Ramiro Querejeta\",\"@id\":\"https:\/\/alprestamo.com\/blog\/#\/schema\/person\/4c568603ceb381762b4c9062d42c7627\"},\"headline\":\"De cu\u00e1nto ser\u00e1 el salario m\u00ednimo en 2025 en Colombia\",\"datePublished\":\"2025-01-10T13:00:00+00:00\",\"dateModified\":\"2025-01-09T18:09:45+00:00\",\"mainEntityOfPage\":{\"@id\":\"https:\/\/alprestamo.com\/blog\/de-cuanto-sera-el-salario-minimo-en-2025-en-colombia\/\"},\"wordCount\":297,\"publisher\":{\"@id\":\"https:\/\/alprestamo.com\/blog\/#organization\"},\"image\":{\"@id\":\"https:\/\/alprestamo.com\/blog\/de-cuanto-sera-el-salario-minimo-en-2025-en-colombia\/#primaryimage\"},\"thumbnailUrl\":\"https:\/\/alprestamo.com\/blog\/wp-content\/uploads\/2024\/06\/image.webp\",\"articleSection\":[\"CO\",\"Mundo laboral\",\"Portada\"],\"inLanguage\":\"es-AR\"},{\"@type\":\"WebPage\",\"@id\":\"https:\/\/alprestamo.com\/blog\/de-cuanto-sera-el-salario-minimo-en-2025-en-colombia\/\",\"url\":\"https:\/\/alprestamo.com\/blog\/de-cuanto-sera-el-salario-minimo-en-2025-en-colombia\/\",\"name\":\"De cu\u00e1nto ser\u00e1 el salario m\u00ednimo en 2025 en Colombia\",\"isPartOf\":{\"@id\":\"https:\/\/alprestamo.com\/blog\/#website\"},\"primaryImageOfPage\":{\"@id\":\"https:\/\/alprestamo.com\/blog\/de-cuanto-sera-el-salario-minimo-en-2025-en-colombia\/#primaryimage\"},\"image\":{\"@id\":\"https:\/\/alprestamo.com\/blog\/de-cuanto-sera-el-salario-minimo-en-2025-en-colombia\/#primaryimage\"},\"thumbnailUrl\":\"https:\/\/alprestamo.com\/blog\/wp-content\/uploads\/2024\/06\/image.webp\",\"datePublished\":\"2025-01-10T13:00:00+00:00\",\"dateModified\":\"2025-01-09T18:09:45+00:00\",\"description\":\"Descubre de cu\u00e1nto ser\u00e1 el salario m\u00ednimo en Colombia en 2025 luego del decreto del presidente Gustavo Petro.\",\"breadcrumb\":{\"@id\":\"https:\/\/alprestamo.com\/blog\/de-cuanto-sera-el-salario-minimo-en-2025-en-colombia\/#breadcrumb\"},\"inLanguage\":\"es-AR\",\"potentialAction\":[{\"@type\":\"ReadAction\",\"target\":[\"https:\/\/alprestamo.com\/blog\/de-cuanto-sera-el-salario-minimo-en-2025-en-colombia\/\"]}]},{\"@type\":\"ImageObject\",\"inLanguage\":\"es-AR\",\"@id\":\"https:\/\/alprestamo.com\/blog\/de-cuanto-sera-el-salario-minimo-en-2025-en-colombia\/#primaryimage\",\"url\":\"https:\/\/alprestamo.com\/blog\/wp-content\/uploads\/2024\/06\/image.webp\",\"contentUrl\":\"https:\/\/alprestamo.com\/blog\/wp-content\/uploads\/2024\/06\/image.webp\",\"width\":1280,\"height\":720,\"caption\":\"Cobro de subsidio en Colombia\"},{\"@type\":\"BreadcrumbList\",\"@id\":\"https:\/\/alprestamo.com\/blog\/de-cuanto-sera-el-salario-minimo-en-2025-en-colombia\/#breadcrumb\",\"itemListElement\":[{\"@type\":\"ListItem\",\"position\":1,\"name\":\"Home\",\"item\":\"https:\/\/alprestamo.com\/blog\/\"},{\"@type\":\"ListItem\",\"position\":2,\"name\":\"De cu\u00e1nto ser\u00e1 el salario m\u00ednimo en 2025 en Colombia\"}]},{\"@type\":\"WebSite\",\"@id\":\"https:\/\/alprestamo.com\/blog\/#website\",\"url\":\"https:\/\/alprestamo.com\/blog\/\",\"name\":\"Alprestamo\",\"description\":\"Hacemos que todo suceda\",\"publisher\":{\"@id\":\"https:\/\/alprestamo.com\/blog\/#organization\"},\"potentialAction\":[{\"@type\":\"SearchAction\",\"target\":{\"@type\":\"EntryPoint\",\"urlTemplate\":\"https:\/\/alprestamo.com\/blog\/?s={search_term_string}\"},\"query-input\":\"required name=search_term_string\"}],\"inLanguage\":\"es-AR\"},{\"@type\":\"Organization\",\"@id\":\"https:\/\/alprestamo.com\/blog\/#organization\",\"name\":\"Alprestamo\",\"url\":\"https:\/\/alprestamo.com\/blog\/\",\"logo\":{\"@type\":\"ImageObject\",\"inLanguage\":\"es-AR\",\"@id\":\"https:\/\/alprestamo.com\/blog\/#\/schema\/logo\/image\/\",\"url\":\"https:\/\/alprestamo.com\/blog\/wp-content\/uploads\/2022\/10\/Imagotipo_Blanco.svg\",\"contentUrl\":\"https:\/\/alprestamo.com\/blog\/wp-content\/uploads\/2022\/10\/Imagotipo_Blanco.svg\",\"width\":1199,\"height\":203,\"caption\":\"Alprestamo\"},\"image\":{\"@id\":\"https:\/\/alprestamo.com\/blog\/#\/schema\/logo\/image\/\"}},{\"@type\":\"Person\",\"@id\":\"https:\/\/alprestamo.com\/blog\/#\/schema\/person\/4c568603ceb381762b4c9062d42c7627\",\"name\":\"Ramiro Querejeta\",\"image\":{\"@type\":\"ImageObject\",\"inLanguage\":\"es-AR\",\"@id\":\"https:\/\/alprestamo.com\/blog\/#\/schema\/person\/image\/\",\"url\":\"https:\/\/alprestamo.com\/blog\/wp-content\/uploads\/2025\/08\/1688503693490-150x150.jpeg\",\"contentUrl\":\"https:\/\/alprestamo.com\/blog\/wp-content\/uploads\/2025\/08\/1688503693490-150x150.jpeg\",\"caption\":\"Ramiro Querejeta\"},\"url\":\"https:\/\/alprestamo.com\/blog\/author\/ramiro\/\"}]}<\/script>\n<!-- \/ Yoast SEO plugin. -->","yoast_head_json":{"title":"De cu\u00e1nto ser\u00e1 el salario m\u00ednimo en 2025 en Colombia","description":"Descubre de cu\u00e1nto ser\u00e1 el salario m\u00ednimo en Colombia en 2025 luego del decreto del presidente Gustavo Petro.","robots":{"index":"index","follow":"follow","max-snippet":"max-snippet:-1","max-image-preview":"max-image-preview:large","max-video-preview":"max-video-preview:-1"},"canonical":"https:\/\/alprestamo.com\/blog\/de-cuanto-sera-el-salario-minimo-en-2025-en-colombia\/","og_locale":"es_ES","og_type":"article","og_title":"De cu\u00e1nto ser\u00e1 el salario m\u00ednimo en 2025 en Colombia","og_description":"Descubre de cu\u00e1nto ser\u00e1 el salario m\u00ednimo en Colombia en 2025 luego del decreto del presidente Gustavo Petro.","og_url":"https:\/\/alprestamo.com\/blog\/de-cuanto-sera-el-salario-minimo-en-2025-en-colombia\/","og_site_name":"Alprestamo - Hacemos que todo suceda","article_published_time":"2025-01-10T13:00:00+00:00","article_modified_time":"2025-01-09T18:09:45+00:00","og_image":[{"width":1280,"height":720,"url":"https:\/\/alprestamo.com\/blog\/wp-content\/uploads\/2024\/06\/image.webp","type":"image\/webp"}],"author":"Ramiro Querejeta","twitter_card":"summary_large_image","twitter_misc":{"Escrito por":"Ramiro Querejeta","Tiempo de lectura":"1 minuto"},"schema":{"@context":"https:\/\/schema.org","@graph":[{"@type":"NewsArticle","@id":"https:\/\/alprestamo.com\/blog\/de-cuanto-sera-el-salario-minimo-en-2025-en-colombia\/#article","isPartOf":{"@id":"https:\/\/alprestamo.com\/blog\/de-cuanto-sera-el-salario-minimo-en-2025-en-colombia\/"},"author":{"name":"Ramiro Querejeta","@id":"https:\/\/alprestamo.com\/blog\/#\/schema\/person\/4c568603ceb381762b4c9062d42c7627"},"headline":"De cu\u00e1nto ser\u00e1 el salario m\u00ednimo en 2025 en Colombia","datePublished":"2025-01-10T13:00:00+00:00","dateModified":"2025-01-09T18:09:45+00:00","mainEntityOfPage":{"@id":"https:\/\/alprestamo.com\/blog\/de-cuanto-sera-el-salario-minimo-en-2025-en-colombia\/"},"wordCount":297,"publisher":{"@id":"https:\/\/alprestamo.com\/blog\/#organization"},"image":{"@id":"https:\/\/alprestamo.com\/blog\/de-cuanto-sera-el-salario-minimo-en-2025-en-colombia\/#primaryimage"},"thumbnailUrl":"https:\/\/alprestamo.com\/blog\/wp-content\/uploads\/2024\/06\/image.webp","articleSection":["CO","Mundo laboral","Portada"],"inLanguage":"es-AR"},{"@type":"WebPage","@id":"https:\/\/alprestamo.com\/blog\/de-cuanto-sera-el-salario-minimo-en-2025-en-colombia\/","url":"https:\/\/alprestamo.com\/blog\/de-cuanto-sera-el-salario-minimo-en-2025-en-colombia\/","name":"De cu\u00e1nto ser\u00e1 el salario m\u00ednimo en 2025 en Colombia","isPartOf":{"@id":"https:\/\/alprestamo.com\/blog\/#website"},"primaryImageOfPage":{"@id":"https:\/\/alprestamo.com\/blog\/de-cuanto-sera-el-salario-minimo-en-2025-en-colombia\/#primaryimage"},"image":{"@id":"https:\/\/alprestamo.com\/blog\/de-cuanto-sera-el-salario-minimo-en-2025-en-colombia\/#primaryimage"},"thumbnailUrl":"https:\/\/alprestamo.com\/blog\/wp-content\/uploads\/2024\/06\/image.webp","datePublished":"2025-01-10T13:00:00+00:00","dateModified":"2025-01-09T18:09:45+00:00","description":"Descubre de cu\u00e1nto ser\u00e1 el salario m\u00ednimo en Colombia en 2025 luego del decreto del presidente Gustavo Petro.","breadcrumb":{"@id":"https:\/\/alprestamo.com\/blog\/de-cuanto-sera-el-salario-minimo-en-2025-en-colombia\/#breadcrumb"},"inLanguage":"es-AR","potentialAction":[{"@type":"ReadAction","target":["https:\/\/alprestamo.com\/blog\/de-cuanto-sera-el-salario-minimo-en-2025-en-colombia\/"]}]},{"@type":"ImageObject","inLanguage":"es-AR","@id":"https:\/\/alprestamo.com\/blog\/de-cuanto-sera-el-salario-minimo-en-2025-en-colombia\/#primaryimage","url":"https:\/\/alprestamo.com\/blog\/wp-content\/uploads\/2024\/06\/image.webp","contentUrl":"https:\/\/alprestamo.com\/blog\/wp-content\/uploads\/2024\/06\/image.webp","width":1280,"height":720,"caption":"Cobro de subsidio en Colombia"},{"@type":"BreadcrumbList","@id":"https:\/\/alprestamo.com\/blog\/de-cuanto-sera-el-salario-minimo-en-2025-en-colombia\/#breadcrumb","itemListElement":[{"@type":"ListItem","position":1,"name":"Home","item":"https:\/\/alprestamo.com\/blog\/"},{"@type":"ListItem","position":2,"name":"De cu\u00e1nto ser\u00e1 el salario m\u00ednimo en 2025 en Colombia"}]},{"@type":"WebSite","@id":"https:\/\/alprestamo.com\/blog\/#website","url":"https:\/\/alprestamo.com\/blog\/","name":"Alprestamo","description":"Hacemos que todo suceda","publisher":{"@id":"https:\/\/alprestamo.com\/blog\/#organization"},"potentialAction":[{"@type":"SearchAction","target":{"@type":"EntryPoint","urlTemplate":"https:\/\/alprestamo.com\/blog\/?s={search_term_string}"},"query-input":"required name=search_term_string"}],"inLanguage":"es-AR"},{"@type":"Organization","@id":"https:\/\/alprestamo.com\/blog\/#organization","name":"Alprestamo","url":"https:\/\/alprestamo.com\/blog\/","logo":{"@type":"ImageObject","inLanguage":"es-AR","@id":"https:\/\/alprestamo.com\/blog\/#\/schema\/logo\/image\/","url":"https:\/\/alprestamo.com\/blog\/wp-content\/uploads\/2022\/10\/Imagotipo_Blanco.svg","contentUrl":"https:\/\/alprestamo.com\/blog\/wp-content\/uploads\/2022\/10\/Imagotipo_Blanco.svg","width":1199,"height":203,"caption":"Alprestamo"},"image":{"@id":"https:\/\/alprestamo.com\/blog\/#\/schema\/logo\/image\/"}},{"@type":"Person","@id":"https:\/\/alprestamo.com\/blog\/#\/schema\/person\/4c568603ceb381762b4c9062d42c7627","name":"Ramiro Querejeta","image":{"@type":"ImageObject","inLanguage":"es-AR","@id":"https:\/\/alprestamo.com\/blog\/#\/schema\/person\/image\/","url":"https:\/\/alprestamo.com\/blog\/wp-content\/uploads\/2025\/08\/1688503693490-150x150.jpeg","contentUrl":"https:\/\/alprestamo.com\/blog\/wp-content\/uploads\/2025\/08\/1688503693490-150x150.jpeg","caption":"Ramiro Querejeta"},"url":"https:\/\/alprestamo.com\/blog\/author\/ramiro\/"}]}},"uagb_featured_image_src":{"full":["https:\/\/alprestamo.com\/blog\/wp-content\/uploads\/2024\/06\/image.webp",1280,720,false],"thumbnail":["https:\/\/alprestamo.com\/blog\/wp-content\/uploads\/2024\/06\/image-150x150.webp",150,150,true],"medium":["https:\/\/alprestamo.com\/blog\/wp-content\/uploads\/2024\/06\/image-300x169.webp",300,169,true],"medium_large":["https:\/\/alprestamo.com\/blog\/wp-content\/uploads\/2024\/06\/image-768x432.webp",768,432,true],"large":["https:\/\/alprestamo.com\/blog\/wp-content\/uploads\/2024\/06\/image-1024x576.webp",1024,576,true],"1536x1536":["https:\/\/alprestamo.com\/blog\/wp-content\/uploads\/2024\/06\/image.webp",1280,720,false],"2048x2048":["https:\/\/alprestamo.com\/blog\/wp-content\/uploads\/2024\/06\/image.webp",1280,720,false]},"uagb_author_info":{"display_name":"Ramiro Querejeta","author_link":"https:\/\/alprestamo.com\/blog\/author\/ramiro\/"},"uagb_comment_info":0,"uagb_excerpt":"Tras semanas de negociaciones fallidas entre las patronales obreras y los empresarios, el salario m\u00ednimo en Colombia fue definido por decreto a trav\u00e9s de la Administraci\u00f3n Nacional, a cargo de Gustavo Petro. Salario m\u00ednimo en Colombia en 2025&nbsp; El aumento del salario m\u00ednimo para 2025 que dispuso el gobierno ser\u00e1 de 9,5%. Esto significa que&hellip;","rttpg_featured_image_url":{"full":["https:\/\/alprestamo.com\/blog\/wp-content\/uploads\/2024\/06\/image.webp",1280,720,false],"landscape":["https:\/\/alprestamo.com\/blog\/wp-content\/uploads\/2024\/06\/image.webp",1280,720,false],"portraits":["https:\/\/alprestamo.com\/blog\/wp-content\/uploads\/2024\/06\/image.webp",1280,720,false],"thumbnail":["https:\/\/alprestamo.com\/blog\/wp-content\/uploads\/2024\/06\/image-150x150.webp",150,150,true],"medium":["https:\/\/alprestamo.com\/blog\/wp-content\/uploads\/2024\/06\/image-300x169.webp",300,169,true],"large":["https:\/\/alprestamo.com\/blog\/wp-content\/uploads\/2024\/06\/image-1024x576.webp",1024,576,true],"1536x1536":["https:\/\/alprestamo.com\/blog\/wp-content\/uploads\/2024\/06\/image.webp",1280,720,false],"2048x2048":["https:\/\/alprestamo.com\/blog\/wp-content\/uploads\/2024\/06\/image.webp",1280,720,false],"rt_custom":["https:\/\/alprestamo.com\/blog\/wp-content\/uploads\/2024\/06\/image.webp",1280,720,false]},"rttpg_author":{"display_name":"Ramiro Querejeta","author_link":"https:\/\/alprestamo.com\/blog\/author\/ramiro\/"},"rttpg_comment":0,"rttpg_category":"<a href=\"https:\/\/alprestamo.com\/blog\/categoria\/co\/\" rel=\"category tag\">CO<\/a> <a href=\"https:\/\/alprestamo.com\/blog\/categoria\/co\/mundo-laboral\/\" rel=\"category tag\">Mundo laboral<\/a> <a href=\"https:\/\/alprestamo.com\/blog\/categoria\/co\/portada-co\/\" rel=\"category tag\">Portada<\/a>","rttpg_excerpt":"Tras semanas de negociaciones fallidas entre las patronales obreras y los empresarios, el salario m\u00ednimo en Colombia fue definido por decreto a trav\u00e9s de la Administraci\u00f3n Nacional, a cargo de Gustavo Petro. Salario m\u00ednimo en Colombia en 2025&nbsp; El aumento del salario m\u00ednimo para 2025 que dispuso el gobierno ser\u00e1 de 9,5%. Esto significa que&hellip;","_links":{"self":[{"href":"https:\/\/alprestamo.com\/blog\/wp-json\/wp\/v2\/posts\/40474"}],"collection":[{"href":"https:\/\/alprestamo.com\/blog\/wp-json\/wp\/v2\/posts"}],"about":[{"href":"https:\/\/alprestamo.com\/blog\/wp-json\/wp\/v2\/types\/post"}],"author":[{"embeddable":true,"href":"https:\/\/alprestamo.com\/blog\/wp-json\/wp\/v2\/users\/9"}],"replies":[{"embeddable":true,"href":"https:\/\/alprestamo.com\/blog\/wp-json\/wp\/v2\/comments?post=40474"}],"version-history":[{"count":3,"href":"https:\/\/alprestamo.com\/blog\/wp-json\/wp\/v2\/posts\/40474\/revisions"}],"predecessor-version":[{"id":40478,"href":"https:\/\/alprestamo.com\/blog\/wp-json\/wp\/v2\/posts\/40474\/revisions\/40478"}],"wp:featuredmedia":[{"embeddable":true,"href":"https:\/\/alprestamo.com\/blog\/wp-json\/wp\/v2\/media\/39430"}],"wp:attachment":[{"href":"https:\/\/alprestamo.com\/blog\/wp-json\/wp\/v2\/media?parent=40474"}],"wp:term":[{"taxonomy":"category","embeddable":true,"href":"https:\/\/alprestamo.com\/blog\/wp-json\/wp\/v2\/categories?post=40474"},{"taxonomy":"post_tag","embeddable":true,"href":"https:\/\/alprestamo.com\/blog\/wp-json\/wp\/v2\/tags?post=40474"}],"curies":[{"name":"wp","href":"https:\/\/api.w.org\/{rel}","templated":true}]}}