{"id":41144,"date":"2025-02-02T20:52:33","date_gmt":"2025-02-02T23:52:33","guid":{"rendered":"https:\/\/alprestamo.com\/blog\/?p=41144"},"modified":"2025-02-03T11:07:20","modified_gmt":"2025-02-03T14:07:20","slug":"nuevo-aumento-para-el-empleo-domestico-cuanto-ganaran-por-hora-y-por-mes-desde-febrero-2025","status":"publish","type":"post","link":"https:\/\/alprestamo.com\/blog\/nuevo-aumento-para-el-empleo-domestico-cuanto-ganaran-por-hora-y-por-mes-desde-febrero-2025\/","title":{"rendered":"Nuevo aumento para el empleo dom\u00e9stico: cu\u00e1nto ganar\u00e1n por hora y por mes desde febrero 2025"},"content":{"rendered":"\n<p>La <strong>Comisi\u00f3n de Trabajo en Casas Particulares<\/strong> anunci\u00f3 un ajuste en los sueldos m\u00ednimos del personal de servicio dom\u00e9stico. El aumento, que promedia un 2,6%, se implementar\u00e1 en dos etapas: un <strong>1,3% con efecto retroactivo<\/strong> a diciembre y un <strong>1,2% en enero<\/strong>.<\/p>\n\n\n\n<p>Para quienes reciben su sueldo de manera mensual, la actualizaci\u00f3n de diciembre se basar\u00e1 en los salarios abonados en octubre, mientras que la de enero tomar\u00e1 como referencia las escalas vigentes al cierre de 2024. Dado su car\u00e1cter retroactivo, la diferencia acumulada se liquidar\u00e1 junto con el pago de febrero.<\/p>\n\n\n\n<p><strong><em>No te pierdas esta informaci\u00f3n: <a href=\"https:\/\/alprestamo.com\/blog\/cuanto-se-puede-transferir-entre-cuentas-sin-tener-problemas-con-arca-en-febrero-de-2025\/\">Cu\u00e1nto se puede transferir entre cuentas sin tener problemas con ARCA en febrero de 2025<\/a><\/em><\/strong><\/p>\n\n\n\n<p>Asimismo, representantes sindicales y gubernamentales acordaron reunirse en marzo para discutir nuevos ajustes salariales para los meses de febrero y del pr\u00f3ximo mes.<\/p>\n\n\n\n<p>En cuanto a los empleadores, a partir del segundo mes de 2025, deber\u00e1n afrontar un <strong>incremento del 64,52% <\/strong>en los aportes y contribuciones, seg\u00fan inform\u00f3 la Agencia de Recaudaci\u00f3n y Control Aduanero (ARCA). Para las trabajadoras con jornadas menores a 12 horas semanales, la contribuci\u00f3n ascender\u00e1 a $6816,05.<\/p>\n\n\n\n<h2 class=\"wp-block-heading\">Actualizaci\u00f3n de escalas salariales para empleadas dom\u00e9sticas<\/h2>\n\n\n\n<p>Con el ajuste acumulativo del 1,3% acordado de forma retroactiva para diciembre, los valores por hora y mes de trabajo ser\u00e1n los siguientes, tomando como base los montos de octubre:<\/p>\n\n\n\n<ul class=\"wp-block-list\">\n<li><strong>Supervisores con retiro<\/strong>: $3394,94 por hora y $423.677,33 mensuales.<\/li>\n\n\n\n<li><strong>Supervisores sin retiro<\/strong>: $3670,70 por hora y $471.928,66 mensuales.<\/li>\n\n\n\n<li><strong>Personal para tareas espec\u00edficas con retiro<\/strong>: $3214,39 por hora y $393.620,47 mensuales.<\/li>\n\n\n\n<li><strong>Personal para tareas espec\u00edficas sin retiro<\/strong>: $3479,74 por hora y $438.166,27 mensuales.<\/li>\n\n\n\n<li><strong>Caseros<\/strong>: $3035,99 por hora y $384.039,63 mensuales.<\/li>\n\n\n\n<li><strong>Asistencia y cuidado de personas con retiro<\/strong>: $3035,99 por hora y $384.039,44 mensuales.<\/li>\n\n\n\n<li><strong>Asistencia y cuidado de personas sin retiro<\/strong>: $3035,99 por hora y $427.971,78 mensuales.<\/li>\n\n\n\n<li><strong>Personal para tareas generales con retiro<\/strong>: $2815,68 por hora y $345.362,69 mensuales.<\/li>\n\n\n\n<li><strong>Personal para tareas generales sin retiro<\/strong>: $3394,94 por hora y $384.039,63 mensuales.<\/li>\n<\/ul>\n","protected":false},"excerpt":{"rendered":"<p>La Comisi\u00f3n de Trabajo en Casas Particulares anunci\u00f3 un ajuste en los sueldos m\u00ednimos del personal de servicio dom\u00e9stico. El aumento, que promedia un 2,6%, se implementar\u00e1 en dos etapas: un 1,3% con efecto retroactivo a diciembre y un 1,2% en enero. Para quienes reciben su sueldo de manera mensual, la actualizaci\u00f3n de diciembre se &hellip;<\/p>\n<p class=\"read-more\"> <a class=\"\" href=\"https:\/\/alprestamo.com\/blog\/nuevo-aumento-para-el-empleo-domestico-cuanto-ganaran-por-hora-y-por-mes-desde-febrero-2025\/\"> <span class=\"screen-reader-text\">Nuevo aumento para el empleo dom\u00e9stico: cu\u00e1nto ganar\u00e1n por hora y por mes desde febrero 2025<\/span> Leer m\u00e1s &raquo;<\/a><\/p>\n","protected":false},"author":20,"featured_media":11939,"comment_status":"closed","ping_status":"closed","sticky":false,"template":"","format":"standard","meta":{"_uag_custom_page_level_css":"","site-sidebar-layout":"default","site-content-layout":"default","ast-global-header-display":"","ast-banner-title-visibility":"","ast-main-header-display":"","ast-hfb-above-header-display":"","ast-hfb-below-header-display":"","ast-hfb-mobile-header-display":"","site-post-title":"","ast-breadcrumbs-content":"","ast-featured-img":"","footer-sml-layout":"","theme-transparent-header-meta":"","adv-header-id-meta":"","stick-header-meta":"","header-above-stick-meta":"","header-main-stick-meta":"","header-below-stick-meta":"","footnotes":""},"categories":[92,20],"tags":[463,465],"class_list":["post-41144","post","type-post","status-publish","format-standard","has-post-thumbnail","hentry","category-ar","category-economia-finanzas-ar","tag-empleo-domestico","tag-sueldo"],"acf":[],"yoast_head":"<!-- This site is optimized with the Yoast SEO plugin v23.2 - https:\/\/yoast.com\/wordpress\/plugins\/seo\/ -->\n<title>Nuevo aumento para el empleo dom\u00e9stico: cu\u00e1nto ganar\u00e1n por hora y por mes desde febrero 2025<\/title>\n<meta name=\"description\" content=\"Descubr\u00ed de cu\u00e1nto es el nuevo aumento para el empleo dom\u00e9stico, cu\u00e1nto pasar\u00e1n a cobrar por ahora y por mes a partir de febrero.\" \/>\n<meta name=\"robots\" content=\"index, follow, max-snippet:-1, max-image-preview:large, max-video-preview:-1\" \/>\n<link rel=\"canonical\" href=\"https:\/\/alprestamo.com\/blog\/nuevo-aumento-para-el-empleo-domestico-cuanto-ganaran-por-hora-y-por-mes-desde-febrero-2025\/\" \/>\n<meta property=\"og:locale\" content=\"es_ES\" \/>\n<meta property=\"og:type\" content=\"article\" \/>\n<meta property=\"og:title\" content=\"Nuevo aumento para el empleo dom\u00e9stico: cu\u00e1nto ganar\u00e1n por hora y por mes desde febrero 2025\" \/>\n<meta property=\"og:description\" content=\"Descubr\u00ed de cu\u00e1nto es el nuevo aumento para el empleo dom\u00e9stico, cu\u00e1nto pasar\u00e1n a cobrar por ahora y por mes a partir de febrero.\" \/>\n<meta property=\"og:url\" content=\"https:\/\/alprestamo.com\/blog\/nuevo-aumento-para-el-empleo-domestico-cuanto-ganaran-por-hora-y-por-mes-desde-febrero-2025\/\" \/>\n<meta property=\"og:site_name\" content=\"Alprestamo - Hacemos que todo suceda\" \/>\n<meta property=\"article:published_time\" content=\"2025-02-02T23:52:33+00:00\" \/>\n<meta property=\"article:modified_time\" content=\"2025-02-03T14:07:20+00:00\" \/>\n<meta property=\"og:image\" content=\"https:\/\/alprestamo.com\/blog\/wp-content\/uploads\/2022\/07\/aumento-empleadas-domesticas.jpeg\" \/>\n\t<meta property=\"og:image:width\" content=\"1920\" \/>\n\t<meta property=\"og:image:height\" content=\"1079\" \/>\n\t<meta property=\"og:image:type\" content=\"image\/jpeg\" \/>\n<meta name=\"author\" content=\"Rocio Hagenmuller\" \/>\n<meta name=\"twitter:card\" content=\"summary_large_image\" \/>\n<meta name=\"twitter:label1\" content=\"Escrito por\" \/>\n\t<meta name=\"twitter:data1\" content=\"Rocio Hagenmuller\" \/>\n\t<meta name=\"twitter:label2\" content=\"Tiempo de lectura\" \/>\n\t<meta name=\"twitter:data2\" content=\"2 minutos\" \/>\n<script type=\"application\/ld+json\" class=\"yoast-schema-graph\">{\"@context\":\"https:\/\/schema.org\",\"@graph\":[{\"@type\":\"NewsArticle\",\"@id\":\"https:\/\/alprestamo.com\/blog\/nuevo-aumento-para-el-empleo-domestico-cuanto-ganaran-por-hora-y-por-mes-desde-febrero-2025\/#article\",\"isPartOf\":{\"@id\":\"https:\/\/alprestamo.com\/blog\/nuevo-aumento-para-el-empleo-domestico-cuanto-ganaran-por-hora-y-por-mes-desde-febrero-2025\/\"},\"author\":{\"name\":\"Rocio Hagenmuller\",\"@id\":\"https:\/\/alprestamo.com\/blog\/#\/schema\/person\/826cb36abd5d0bb9142aca0b1994c164\"},\"headline\":\"Nuevo aumento para el empleo dom\u00e9stico: cu\u00e1nto ganar\u00e1n por hora y por mes desde febrero 2025\",\"datePublished\":\"2025-02-02T23:52:33+00:00\",\"dateModified\":\"2025-02-03T14:07:20+00:00\",\"mainEntityOfPage\":{\"@id\":\"https:\/\/alprestamo.com\/blog\/nuevo-aumento-para-el-empleo-domestico-cuanto-ganaran-por-hora-y-por-mes-desde-febrero-2025\/\"},\"wordCount\":326,\"publisher\":{\"@id\":\"https:\/\/alprestamo.com\/blog\/#organization\"},\"image\":{\"@id\":\"https:\/\/alprestamo.com\/blog\/nuevo-aumento-para-el-empleo-domestico-cuanto-ganaran-por-hora-y-por-mes-desde-febrero-2025\/#primaryimage\"},\"thumbnailUrl\":\"https:\/\/alprestamo.com\/blog\/wp-content\/uploads\/2022\/07\/aumento-empleadas-domesticas.jpeg\",\"keywords\":[\"empleo dom\u00e9stico\",\"sueldo\"],\"articleSection\":[\"AR\",\"Econom\u00eda y finanzas\"],\"inLanguage\":\"es-AR\"},{\"@type\":\"WebPage\",\"@id\":\"https:\/\/alprestamo.com\/blog\/nuevo-aumento-para-el-empleo-domestico-cuanto-ganaran-por-hora-y-por-mes-desde-febrero-2025\/\",\"url\":\"https:\/\/alprestamo.com\/blog\/nuevo-aumento-para-el-empleo-domestico-cuanto-ganaran-por-hora-y-por-mes-desde-febrero-2025\/\",\"name\":\"Nuevo aumento para el empleo dom\u00e9stico: cu\u00e1nto ganar\u00e1n por hora y por mes desde febrero 2025\",\"isPartOf\":{\"@id\":\"https:\/\/alprestamo.com\/blog\/#website\"},\"primaryImageOfPage\":{\"@id\":\"https:\/\/alprestamo.com\/blog\/nuevo-aumento-para-el-empleo-domestico-cuanto-ganaran-por-hora-y-por-mes-desde-febrero-2025\/#primaryimage\"},\"image\":{\"@id\":\"https:\/\/alprestamo.com\/blog\/nuevo-aumento-para-el-empleo-domestico-cuanto-ganaran-por-hora-y-por-mes-desde-febrero-2025\/#primaryimage\"},\"thumbnailUrl\":\"https:\/\/alprestamo.com\/blog\/wp-content\/uploads\/2022\/07\/aumento-empleadas-domesticas.jpeg\",\"datePublished\":\"2025-02-02T23:52:33+00:00\",\"dateModified\":\"2025-02-03T14:07:20+00:00\",\"description\":\"Descubr\u00ed de cu\u00e1nto es el nuevo aumento para el empleo dom\u00e9stico, cu\u00e1nto pasar\u00e1n a cobrar por ahora y por mes a partir de febrero.\",\"breadcrumb\":{\"@id\":\"https:\/\/alprestamo.com\/blog\/nuevo-aumento-para-el-empleo-domestico-cuanto-ganaran-por-hora-y-por-mes-desde-febrero-2025\/#breadcrumb\"},\"inLanguage\":\"es-AR\",\"potentialAction\":[{\"@type\":\"ReadAction\",\"target\":[\"https:\/\/alprestamo.com\/blog\/nuevo-aumento-para-el-empleo-domestico-cuanto-ganaran-por-hora-y-por-mes-desde-febrero-2025\/\"]}]},{\"@type\":\"ImageObject\",\"inLanguage\":\"es-AR\",\"@id\":\"https:\/\/alprestamo.com\/blog\/nuevo-aumento-para-el-empleo-domestico-cuanto-ganaran-por-hora-y-por-mes-desde-febrero-2025\/#primaryimage\",\"url\":\"https:\/\/alprestamo.com\/blog\/wp-content\/uploads\/2022\/07\/aumento-empleadas-domesticas.jpeg\",\"contentUrl\":\"https:\/\/alprestamo.com\/blog\/wp-content\/uploads\/2022\/07\/aumento-empleadas-domesticas.jpeg\",\"width\":1920,\"height\":1079,\"caption\":\"El empleo dom\u00e9stico aumenta a partir de febrero\"},{\"@type\":\"BreadcrumbList\",\"@id\":\"https:\/\/alprestamo.com\/blog\/nuevo-aumento-para-el-empleo-domestico-cuanto-ganaran-por-hora-y-por-mes-desde-febrero-2025\/#breadcrumb\",\"itemListElement\":[{\"@type\":\"ListItem\",\"position\":1,\"name\":\"Home\",\"item\":\"https:\/\/alprestamo.com\/blog\/\"},{\"@type\":\"ListItem\",\"position\":2,\"name\":\"Nuevo aumento para el empleo dom\u00e9stico: cu\u00e1nto ganar\u00e1n por hora y por mes desde febrero 2025\"}]},{\"@type\":\"WebSite\",\"@id\":\"https:\/\/alprestamo.com\/blog\/#website\",\"url\":\"https:\/\/alprestamo.com\/blog\/\",\"name\":\"Alprestamo\",\"description\":\"Hacemos que todo suceda\",\"publisher\":{\"@id\":\"https:\/\/alprestamo.com\/blog\/#organization\"},\"potentialAction\":[{\"@type\":\"SearchAction\",\"target\":{\"@type\":\"EntryPoint\",\"urlTemplate\":\"https:\/\/alprestamo.com\/blog\/?s={search_term_string}\"},\"query-input\":\"required name=search_term_string\"}],\"inLanguage\":\"es-AR\"},{\"@type\":\"Organization\",\"@id\":\"https:\/\/alprestamo.com\/blog\/#organization\",\"name\":\"Alprestamo\",\"url\":\"https:\/\/alprestamo.com\/blog\/\",\"logo\":{\"@type\":\"ImageObject\",\"inLanguage\":\"es-AR\",\"@id\":\"https:\/\/alprestamo.com\/blog\/#\/schema\/logo\/image\/\",\"url\":\"https:\/\/alprestamo.com\/blog\/wp-content\/uploads\/2022\/10\/Imagotipo_Blanco.svg\",\"contentUrl\":\"https:\/\/alprestamo.com\/blog\/wp-content\/uploads\/2022\/10\/Imagotipo_Blanco.svg\",\"width\":1199,\"height\":203,\"caption\":\"Alprestamo\"},\"image\":{\"@id\":\"https:\/\/alprestamo.com\/blog\/#\/schema\/logo\/image\/\"}},{\"@type\":\"Person\",\"@id\":\"https:\/\/alprestamo.com\/blog\/#\/schema\/person\/826cb36abd5d0bb9142aca0b1994c164\",\"name\":\"Rocio Hagenmuller\",\"image\":{\"@type\":\"ImageObject\",\"inLanguage\":\"es-AR\",\"@id\":\"https:\/\/alprestamo.com\/blog\/#\/schema\/person\/image\/\",\"url\":\"https:\/\/secure.gravatar.com\/avatar\/3abb14dc204852dc85537fccdf69bc28?s=96&d=mm&r=g\",\"contentUrl\":\"https:\/\/secure.gravatar.com\/avatar\/3abb14dc204852dc85537fccdf69bc28?s=96&d=mm&r=g\",\"caption\":\"Rocio Hagenmuller\"},\"url\":\"https:\/\/alprestamo.com\/blog\/author\/rhagenmuller\/\"}]}<\/script>\n<!-- \/ Yoast SEO plugin. -->","yoast_head_json":{"title":"Nuevo aumento para el empleo dom\u00e9stico: cu\u00e1nto ganar\u00e1n por hora y por mes desde febrero 2025","description":"Descubr\u00ed de cu\u00e1nto es el nuevo aumento para el empleo dom\u00e9stico, cu\u00e1nto pasar\u00e1n a cobrar por ahora y por mes a partir de febrero.","robots":{"index":"index","follow":"follow","max-snippet":"max-snippet:-1","max-image-preview":"max-image-preview:large","max-video-preview":"max-video-preview:-1"},"canonical":"https:\/\/alprestamo.com\/blog\/nuevo-aumento-para-el-empleo-domestico-cuanto-ganaran-por-hora-y-por-mes-desde-febrero-2025\/","og_locale":"es_ES","og_type":"article","og_title":"Nuevo aumento para el empleo dom\u00e9stico: cu\u00e1nto ganar\u00e1n por hora y por mes desde febrero 2025","og_description":"Descubr\u00ed de cu\u00e1nto es el nuevo aumento para el empleo dom\u00e9stico, cu\u00e1nto pasar\u00e1n a cobrar por ahora y por mes a partir de febrero.","og_url":"https:\/\/alprestamo.com\/blog\/nuevo-aumento-para-el-empleo-domestico-cuanto-ganaran-por-hora-y-por-mes-desde-febrero-2025\/","og_site_name":"Alprestamo - Hacemos que todo suceda","article_published_time":"2025-02-02T23:52:33+00:00","article_modified_time":"2025-02-03T14:07:20+00:00","og_image":[{"width":1920,"height":1079,"url":"https:\/\/alprestamo.com\/blog\/wp-content\/uploads\/2022\/07\/aumento-empleadas-domesticas.jpeg","type":"image\/jpeg"}],"author":"Rocio Hagenmuller","twitter_card":"summary_large_image","twitter_misc":{"Escrito por":"Rocio Hagenmuller","Tiempo de lectura":"2 minutos"},"schema":{"@context":"https:\/\/schema.org","@graph":[{"@type":"NewsArticle","@id":"https:\/\/alprestamo.com\/blog\/nuevo-aumento-para-el-empleo-domestico-cuanto-ganaran-por-hora-y-por-mes-desde-febrero-2025\/#article","isPartOf":{"@id":"https:\/\/alprestamo.com\/blog\/nuevo-aumento-para-el-empleo-domestico-cuanto-ganaran-por-hora-y-por-mes-desde-febrero-2025\/"},"author":{"name":"Rocio Hagenmuller","@id":"https:\/\/alprestamo.com\/blog\/#\/schema\/person\/826cb36abd5d0bb9142aca0b1994c164"},"headline":"Nuevo aumento para el empleo dom\u00e9stico: cu\u00e1nto ganar\u00e1n por hora y por mes desde febrero 2025","datePublished":"2025-02-02T23:52:33+00:00","dateModified":"2025-02-03T14:07:20+00:00","mainEntityOfPage":{"@id":"https:\/\/alprestamo.com\/blog\/nuevo-aumento-para-el-empleo-domestico-cuanto-ganaran-por-hora-y-por-mes-desde-febrero-2025\/"},"wordCount":326,"publisher":{"@id":"https:\/\/alprestamo.com\/blog\/#organization"},"image":{"@id":"https:\/\/alprestamo.com\/blog\/nuevo-aumento-para-el-empleo-domestico-cuanto-ganaran-por-hora-y-por-mes-desde-febrero-2025\/#primaryimage"},"thumbnailUrl":"https:\/\/alprestamo.com\/blog\/wp-content\/uploads\/2022\/07\/aumento-empleadas-domesticas.jpeg","keywords":["empleo dom\u00e9stico","sueldo"],"articleSection":["AR","Econom\u00eda y finanzas"],"inLanguage":"es-AR"},{"@type":"WebPage","@id":"https:\/\/alprestamo.com\/blog\/nuevo-aumento-para-el-empleo-domestico-cuanto-ganaran-por-hora-y-por-mes-desde-febrero-2025\/","url":"https:\/\/alprestamo.com\/blog\/nuevo-aumento-para-el-empleo-domestico-cuanto-ganaran-por-hora-y-por-mes-desde-febrero-2025\/","name":"Nuevo aumento para el empleo dom\u00e9stico: cu\u00e1nto ganar\u00e1n por hora y por mes desde febrero 2025","isPartOf":{"@id":"https:\/\/alprestamo.com\/blog\/#website"},"primaryImageOfPage":{"@id":"https:\/\/alprestamo.com\/blog\/nuevo-aumento-para-el-empleo-domestico-cuanto-ganaran-por-hora-y-por-mes-desde-febrero-2025\/#primaryimage"},"image":{"@id":"https:\/\/alprestamo.com\/blog\/nuevo-aumento-para-el-empleo-domestico-cuanto-ganaran-por-hora-y-por-mes-desde-febrero-2025\/#primaryimage"},"thumbnailUrl":"https:\/\/alprestamo.com\/blog\/wp-content\/uploads\/2022\/07\/aumento-empleadas-domesticas.jpeg","datePublished":"2025-02-02T23:52:33+00:00","dateModified":"2025-02-03T14:07:20+00:00","description":"Descubr\u00ed de cu\u00e1nto es el nuevo aumento para el empleo dom\u00e9stico, cu\u00e1nto pasar\u00e1n a cobrar por ahora y por mes a partir de febrero.","breadcrumb":{"@id":"https:\/\/alprestamo.com\/blog\/nuevo-aumento-para-el-empleo-domestico-cuanto-ganaran-por-hora-y-por-mes-desde-febrero-2025\/#breadcrumb"},"inLanguage":"es-AR","potentialAction":[{"@type":"ReadAction","target":["https:\/\/alprestamo.com\/blog\/nuevo-aumento-para-el-empleo-domestico-cuanto-ganaran-por-hora-y-por-mes-desde-febrero-2025\/"]}]},{"@type":"ImageObject","inLanguage":"es-AR","@id":"https:\/\/alprestamo.com\/blog\/nuevo-aumento-para-el-empleo-domestico-cuanto-ganaran-por-hora-y-por-mes-desde-febrero-2025\/#primaryimage","url":"https:\/\/alprestamo.com\/blog\/wp-content\/uploads\/2022\/07\/aumento-empleadas-domesticas.jpeg","contentUrl":"https:\/\/alprestamo.com\/blog\/wp-content\/uploads\/2022\/07\/aumento-empleadas-domesticas.jpeg","width":1920,"height":1079,"caption":"El empleo dom\u00e9stico aumenta a partir de febrero"},{"@type":"BreadcrumbList","@id":"https:\/\/alprestamo.com\/blog\/nuevo-aumento-para-el-empleo-domestico-cuanto-ganaran-por-hora-y-por-mes-desde-febrero-2025\/#breadcrumb","itemListElement":[{"@type":"ListItem","position":1,"name":"Home","item":"https:\/\/alprestamo.com\/blog\/"},{"@type":"ListItem","position":2,"name":"Nuevo aumento para el empleo dom\u00e9stico: cu\u00e1nto ganar\u00e1n por hora y por mes desde febrero 2025"}]},{"@type":"WebSite","@id":"https:\/\/alprestamo.com\/blog\/#website","url":"https:\/\/alprestamo.com\/blog\/","name":"Alprestamo","description":"Hacemos que todo suceda","publisher":{"@id":"https:\/\/alprestamo.com\/blog\/#organization"},"potentialAction":[{"@type":"SearchAction","target":{"@type":"EntryPoint","urlTemplate":"https:\/\/alprestamo.com\/blog\/?s={search_term_string}"},"query-input":"required name=search_term_string"}],"inLanguage":"es-AR"},{"@type":"Organization","@id":"https:\/\/alprestamo.com\/blog\/#organization","name":"Alprestamo","url":"https:\/\/alprestamo.com\/blog\/","logo":{"@type":"ImageObject","inLanguage":"es-AR","@id":"https:\/\/alprestamo.com\/blog\/#\/schema\/logo\/image\/","url":"https:\/\/alprestamo.com\/blog\/wp-content\/uploads\/2022\/10\/Imagotipo_Blanco.svg","contentUrl":"https:\/\/alprestamo.com\/blog\/wp-content\/uploads\/2022\/10\/Imagotipo_Blanco.svg","width":1199,"height":203,"caption":"Alprestamo"},"image":{"@id":"https:\/\/alprestamo.com\/blog\/#\/schema\/logo\/image\/"}},{"@type":"Person","@id":"https:\/\/alprestamo.com\/blog\/#\/schema\/person\/826cb36abd5d0bb9142aca0b1994c164","name":"Rocio Hagenmuller","image":{"@type":"ImageObject","inLanguage":"es-AR","@id":"https:\/\/alprestamo.com\/blog\/#\/schema\/person\/image\/","url":"https:\/\/secure.gravatar.com\/avatar\/3abb14dc204852dc85537fccdf69bc28?s=96&d=mm&r=g","contentUrl":"https:\/\/secure.gravatar.com\/avatar\/3abb14dc204852dc85537fccdf69bc28?s=96&d=mm&r=g","caption":"Rocio Hagenmuller"},"url":"https:\/\/alprestamo.com\/blog\/author\/rhagenmuller\/"}]}},"uagb_featured_image_src":{"full":["https:\/\/alprestamo.com\/blog\/wp-content\/uploads\/2022\/07\/aumento-empleadas-domesticas.jpeg",1920,1079,false],"thumbnail":["https:\/\/alprestamo.com\/blog\/wp-content\/uploads\/2022\/07\/aumento-empleadas-domesticas-150x150.jpeg",150,150,true],"medium":["https:\/\/alprestamo.com\/blog\/wp-content\/uploads\/2022\/07\/aumento-empleadas-domesticas-300x169.jpeg",300,169,true],"medium_large":["https:\/\/alprestamo.com\/blog\/wp-content\/uploads\/2022\/07\/aumento-empleadas-domesticas-768x432.jpeg",768,432,true],"large":["https:\/\/alprestamo.com\/blog\/wp-content\/uploads\/2022\/07\/aumento-empleadas-domesticas-1024x575.jpeg",1024,575,true],"1536x1536":["https:\/\/alprestamo.com\/blog\/wp-content\/uploads\/2022\/07\/aumento-empleadas-domesticas-1536x863.jpeg",1536,863,true],"2048x2048":["https:\/\/alprestamo.com\/blog\/wp-content\/uploads\/2022\/07\/aumento-empleadas-domesticas.jpeg",1920,1079,false]},"uagb_author_info":{"display_name":"Rocio Hagenmuller","author_link":"https:\/\/alprestamo.com\/blog\/author\/rhagenmuller\/"},"uagb_comment_info":0,"uagb_excerpt":"La Comisi\u00f3n de Trabajo en Casas Particulares anunci\u00f3 un ajuste en los sueldos m\u00ednimos del personal de servicio dom\u00e9stico. El aumento, que promedia un 2,6%, se implementar\u00e1 en dos etapas: un 1,3% con efecto retroactivo a diciembre y un 1,2% en enero. Para quienes reciben su sueldo de manera mensual, la actualizaci\u00f3n de diciembre se&hellip;","rttpg_featured_image_url":{"full":["https:\/\/alprestamo.com\/blog\/wp-content\/uploads\/2022\/07\/aumento-empleadas-domesticas.jpeg",1920,1079,false],"landscape":["https:\/\/alprestamo.com\/blog\/wp-content\/uploads\/2022\/07\/aumento-empleadas-domesticas.jpeg",1920,1079,false],"portraits":["https:\/\/alprestamo.com\/blog\/wp-content\/uploads\/2022\/07\/aumento-empleadas-domesticas.jpeg",1920,1079,false],"thumbnail":["https:\/\/alprestamo.com\/blog\/wp-content\/uploads\/2022\/07\/aumento-empleadas-domesticas-150x150.jpeg",150,150,true],"medium":["https:\/\/alprestamo.com\/blog\/wp-content\/uploads\/2022\/07\/aumento-empleadas-domesticas-300x169.jpeg",300,169,true],"large":["https:\/\/alprestamo.com\/blog\/wp-content\/uploads\/2022\/07\/aumento-empleadas-domesticas-1024x575.jpeg",1024,575,true],"1536x1536":["https:\/\/alprestamo.com\/blog\/wp-content\/uploads\/2022\/07\/aumento-empleadas-domesticas-1536x863.jpeg",1536,863,true],"2048x2048":["https:\/\/alprestamo.com\/blog\/wp-content\/uploads\/2022\/07\/aumento-empleadas-domesticas.jpeg",1920,1079,false],"rt_custom":["https:\/\/alprestamo.com\/blog\/wp-content\/uploads\/2022\/07\/aumento-empleadas-domesticas.jpeg",1920,1079,false]},"rttpg_author":{"display_name":"Rocio Hagenmuller","author_link":"https:\/\/alprestamo.com\/blog\/author\/rhagenmuller\/"},"rttpg_comment":0,"rttpg_category":"<a href=\"https:\/\/alprestamo.com\/blog\/categoria\/ar\/\" rel=\"category tag\">AR<\/a> <a href=\"https:\/\/alprestamo.com\/blog\/categoria\/ar\/economia-finanzas-ar\/\" rel=\"category tag\">Econom\u00eda y finanzas<\/a>","rttpg_excerpt":"La Comisi\u00f3n de Trabajo en Casas Particulares anunci\u00f3 un ajuste en los sueldos m\u00ednimos del personal de servicio dom\u00e9stico. El aumento, que promedia un 2,6%, se implementar\u00e1 en dos etapas: un 1,3% con efecto retroactivo a diciembre y un 1,2% en enero. Para quienes reciben su sueldo de manera mensual, la actualizaci\u00f3n de diciembre se&hellip;","_links":{"self":[{"href":"https:\/\/alprestamo.com\/blog\/wp-json\/wp\/v2\/posts\/41144"}],"collection":[{"href":"https:\/\/alprestamo.com\/blog\/wp-json\/wp\/v2\/posts"}],"about":[{"href":"https:\/\/alprestamo.com\/blog\/wp-json\/wp\/v2\/types\/post"}],"author":[{"embeddable":true,"href":"https:\/\/alprestamo.com\/blog\/wp-json\/wp\/v2\/users\/20"}],"replies":[{"embeddable":true,"href":"https:\/\/alprestamo.com\/blog\/wp-json\/wp\/v2\/comments?post=41144"}],"version-history":[{"count":2,"href":"https:\/\/alprestamo.com\/blog\/wp-json\/wp\/v2\/posts\/41144\/revisions"}],"predecessor-version":[{"id":41169,"href":"https:\/\/alprestamo.com\/blog\/wp-json\/wp\/v2\/posts\/41144\/revisions\/41169"}],"wp:featuredmedia":[{"embeddable":true,"href":"https:\/\/alprestamo.com\/blog\/wp-json\/wp\/v2\/media\/11939"}],"wp:attachment":[{"href":"https:\/\/alprestamo.com\/blog\/wp-json\/wp\/v2\/media?parent=41144"}],"wp:term":[{"taxonomy":"category","embeddable":true,"href":"https:\/\/alprestamo.com\/blog\/wp-json\/wp\/v2\/categories?post=41144"},{"taxonomy":"post_tag","embeddable":true,"href":"https:\/\/alprestamo.com\/blog\/wp-json\/wp\/v2\/tags?post=41144"}],"curies":[{"name":"wp","href":"https:\/\/api.w.org\/{rel}","templated":true}]}}