{"id":41146,"date":"2025-02-02T21:03:14","date_gmt":"2025-02-03T00:03:14","guid":{"rendered":"https:\/\/alprestamo.com\/blog\/?p=41146"},"modified":"2025-02-03T10:59:05","modified_gmt":"2025-02-03T13:59:05","slug":"aumenta-la-luz-y-el-gas-como-quedan-las-tarifas-a-partir-de-febrero","status":"publish","type":"post","link":"https:\/\/alprestamo.com\/blog\/aumenta-la-luz-y-el-gas-como-quedan-las-tarifas-a-partir-de-febrero\/","title":{"rendered":"Aumenta la luz y el gas: c\u00f3mo quedan las tarifas a partir de febrero"},"content":{"rendered":"\n<p>Desde febrero, los costos de la <strong>electricidad <\/strong>y el <strong>gas <\/strong>experimentar\u00e1n un ajuste debido a la implementaci\u00f3n de nuevos cuadros tarifarios establecidos por la Secretar\u00eda de Energ\u00eda. El incremento ser\u00e1 del<strong> 1,6% <\/strong>en gas y del<strong> 1,5% <\/strong>en electricidad, aunque los usuarios de ingresos bajos (N2) y medios (N3) afrontar\u00e1n aumentos m\u00e1s significativos debido a una reducci\u00f3n en los subsidios.<\/p>\n\n\n\n<h2 class=\"wp-block-heading\">Tarifas de luz y gas de acuerdo al nivel de ingresos<\/h2>\n\n\n\n<p>Los hogares de <strong>ingresos altos (N1) <\/strong>no reciben subsidios y deber\u00e1n abonar el valor pleno definido por el Ministerio de Econom\u00eda.<\/p>\n\n\n\n<p><strong><em>No te pierdas esta informaci\u00f3n:<a href=\"https:\/\/alprestamo.com\/blog\/nuevo-aumento-para-el-empleo-domestico-cuanto-ganaran-por-hora-y-por-mes-desde-febrero-2025\/\" target=\"_blank\" rel=\"noreferrer noopener\"> Nuevo aumento para el empleo dom\u00e9stico: cu\u00e1nto ganar\u00e1n por hora y por mes desde febrero 2025<\/a><\/em><\/strong><\/p>\n\n\n\n<figure class=\"wp-block-image size-large\"><img loading=\"lazy\" decoding=\"async\" width=\"1024\" height=\"576\" src=\"https:\/\/alprestamo.com\/blog\/wp-content\/uploads\/2024\/12\/Factura-de-gas-Metrogas-1024x576.webp\" alt=\"Factura de gas de Metrogas\" class=\"wp-image-39988\"\/><\/figure>\n\n\n\n<p>Las resoluciones oficiales publicadas en el Bolet\u00edn Oficial detallan la actualizaci\u00f3n en los esquemas de bonificaci\u00f3n para la generaci\u00f3n el\u00e9ctrica y la producci\u00f3n de gas.<\/p>\n\n\n\n<p>En el caso de los usuarios de<strong> ingresos bajos (N2)<\/strong>, la bonificaci\u00f3n sobre un consumo de hasta 350 kWh mensuales se reducir\u00e1 del 72% al 65%, lo que elevar\u00e1 el costo de generaci\u00f3n <strong>de $17.692 a $20.685 por MWh<\/strong>. Si se supera este umbral, el excedente se cobrar\u00e1 al precio pleno de referencia, fijado en $59.099 por MWh.<\/p>\n\n\n\n<p>Para los hogares de<strong> ingresos medios (N3)<\/strong>, la reducci\u00f3n del subsidio pasar\u00e1 del 55% al 50% en consumos de hasta 250 kWh por mes, lo que provocar\u00e1 un aumento en el costo de generaci\u00f3n<strong> de $27.802 a $29.550 por MWh<\/strong>.<\/p>\n\n\n\n<p>Por su parte, los usuarios de ingresos altos (N1), as\u00ed como los sectores comerciales e industriales, seguir\u00e1n pagando el 100% del precio de referencia. En los \u00faltimos meses, este valor disminuy\u00f3 de $63.187 a $59.099 por MWh debido a la baja en los costos del gas y gasoil, principales fuentes utilizadas para la producci\u00f3n de electricidad en verano.<\/p>\n","protected":false},"excerpt":{"rendered":"<p>Desde febrero, los costos de la electricidad y el gas experimentar\u00e1n un ajuste debido a la implementaci\u00f3n de nuevos cuadros tarifarios establecidos por la Secretar\u00eda de Energ\u00eda. El incremento ser\u00e1 del 1,6% en gas y del 1,5% en electricidad, aunque los usuarios de ingresos bajos (N2) y medios (N3) afrontar\u00e1n aumentos m\u00e1s significativos debido a &hellip;<\/p>\n<p class=\"read-more\"> <a class=\"\" href=\"https:\/\/alprestamo.com\/blog\/aumenta-la-luz-y-el-gas-como-quedan-las-tarifas-a-partir-de-febrero\/\"> <span class=\"screen-reader-text\">Aumenta la luz y el gas: c\u00f3mo quedan las tarifas a partir de febrero<\/span> Leer m\u00e1s &raquo;<\/a><\/p>\n","protected":false},"author":20,"featured_media":38933,"comment_status":"closed","ping_status":"closed","sticky":false,"template":"","format":"standard","meta":{"_uag_custom_page_level_css":"","site-sidebar-layout":"default","site-content-layout":"default","ast-global-header-display":"","ast-banner-title-visibility":"","ast-main-header-display":"","ast-hfb-above-header-display":"","ast-hfb-below-header-display":"","ast-hfb-mobile-header-display":"","site-post-title":"","ast-breadcrumbs-content":"","ast-featured-img":"","footer-sml-layout":"","theme-transparent-header-meta":"","adv-header-id-meta":"","stick-header-meta":"","header-above-stick-meta":"","header-main-stick-meta":"","header-below-stick-meta":"","footnotes":""},"categories":[92,20],"tags":[467,466],"class_list":["post-41146","post","type-post","status-publish","format-standard","has-post-thumbnail","hentry","category-ar","category-economia-finanzas-ar","tag-aumento","tag-servicios"],"acf":[],"yoast_head":"<!-- This site is optimized with the Yoast SEO plugin v23.2 - https:\/\/yoast.com\/wordpress\/plugins\/seo\/ -->\n<title>Aumenta la luz y el gas: c\u00f3mo quedan las tarifas a partir de febrero<\/title>\n<meta name=\"description\" content=\"Enterate c\u00f3mo quedan las tarifas de la luz y el gas a partir del mes de febrero luego del aumento dispuesto por el Gobierno.\" \/>\n<meta name=\"robots\" content=\"index, follow, max-snippet:-1, max-image-preview:large, max-video-preview:-1\" \/>\n<link rel=\"canonical\" href=\"https:\/\/alprestamo.com\/blog\/aumenta-la-luz-y-el-gas-como-quedan-las-tarifas-a-partir-de-febrero\/\" \/>\n<meta property=\"og:locale\" content=\"es_ES\" \/>\n<meta property=\"og:type\" content=\"article\" \/>\n<meta property=\"og:title\" content=\"Aumenta la luz y el gas: c\u00f3mo quedan las tarifas a partir de febrero\" \/>\n<meta property=\"og:description\" content=\"Enterate c\u00f3mo quedan las tarifas de la luz y el gas a partir del mes de febrero luego del aumento dispuesto por el Gobierno.\" \/>\n<meta property=\"og:url\" content=\"https:\/\/alprestamo.com\/blog\/aumenta-la-luz-y-el-gas-como-quedan-las-tarifas-a-partir-de-febrero\/\" \/>\n<meta property=\"og:site_name\" content=\"Alprestamo - Hacemos que todo suceda\" \/>\n<meta property=\"article:published_time\" content=\"2025-02-03T00:03:14+00:00\" \/>\n<meta property=\"article:modified_time\" content=\"2025-02-03T13:59:05+00:00\" \/>\n<meta property=\"og:image\" content=\"https:\/\/alprestamo.com\/blog\/wp-content\/uploads\/2024\/07\/Diseno-sin-titulo-38.webp\" \/>\n\t<meta property=\"og:image:width\" content=\"1024\" \/>\n\t<meta property=\"og:image:height\" content=\"768\" \/>\n\t<meta property=\"og:image:type\" content=\"image\/webp\" \/>\n<meta name=\"author\" content=\"Rocio Hagenmuller\" \/>\n<meta name=\"twitter:card\" content=\"summary_large_image\" \/>\n<meta name=\"twitter:label1\" content=\"Escrito por\" \/>\n\t<meta name=\"twitter:data1\" content=\"Rocio Hagenmuller\" \/>\n\t<meta name=\"twitter:label2\" content=\"Tiempo de lectura\" \/>\n\t<meta name=\"twitter:data2\" content=\"2 minutos\" \/>\n<script type=\"application\/ld+json\" class=\"yoast-schema-graph\">{\"@context\":\"https:\/\/schema.org\",\"@graph\":[{\"@type\":\"NewsArticle\",\"@id\":\"https:\/\/alprestamo.com\/blog\/aumenta-la-luz-y-el-gas-como-quedan-las-tarifas-a-partir-de-febrero\/#article\",\"isPartOf\":{\"@id\":\"https:\/\/alprestamo.com\/blog\/aumenta-la-luz-y-el-gas-como-quedan-las-tarifas-a-partir-de-febrero\/\"},\"author\":{\"name\":\"Rocio Hagenmuller\",\"@id\":\"https:\/\/alprestamo.com\/blog\/#\/schema\/person\/826cb36abd5d0bb9142aca0b1994c164\"},\"headline\":\"Aumenta la luz y el gas: c\u00f3mo quedan las tarifas a partir de febrero\",\"datePublished\":\"2025-02-03T00:03:14+00:00\",\"dateModified\":\"2025-02-03T13:59:05+00:00\",\"mainEntityOfPage\":{\"@id\":\"https:\/\/alprestamo.com\/blog\/aumenta-la-luz-y-el-gas-como-quedan-las-tarifas-a-partir-de-febrero\/\"},\"wordCount\":317,\"publisher\":{\"@id\":\"https:\/\/alprestamo.com\/blog\/#organization\"},\"image\":{\"@id\":\"https:\/\/alprestamo.com\/blog\/aumenta-la-luz-y-el-gas-como-quedan-las-tarifas-a-partir-de-febrero\/#primaryimage\"},\"thumbnailUrl\":\"https:\/\/alprestamo.com\/blog\/wp-content\/uploads\/2024\/07\/Diseno-sin-titulo-38.webp\",\"keywords\":[\"aumento\",\"servicios\"],\"articleSection\":[\"AR\",\"Econom\u00eda y finanzas\"],\"inLanguage\":\"es-AR\"},{\"@type\":\"WebPage\",\"@id\":\"https:\/\/alprestamo.com\/blog\/aumenta-la-luz-y-el-gas-como-quedan-las-tarifas-a-partir-de-febrero\/\",\"url\":\"https:\/\/alprestamo.com\/blog\/aumenta-la-luz-y-el-gas-como-quedan-las-tarifas-a-partir-de-febrero\/\",\"name\":\"Aumenta la luz y el gas: c\u00f3mo quedan las tarifas a partir de febrero\",\"isPartOf\":{\"@id\":\"https:\/\/alprestamo.com\/blog\/#website\"},\"primaryImageOfPage\":{\"@id\":\"https:\/\/alprestamo.com\/blog\/aumenta-la-luz-y-el-gas-como-quedan-las-tarifas-a-partir-de-febrero\/#primaryimage\"},\"image\":{\"@id\":\"https:\/\/alprestamo.com\/blog\/aumenta-la-luz-y-el-gas-como-quedan-las-tarifas-a-partir-de-febrero\/#primaryimage\"},\"thumbnailUrl\":\"https:\/\/alprestamo.com\/blog\/wp-content\/uploads\/2024\/07\/Diseno-sin-titulo-38.webp\",\"datePublished\":\"2025-02-03T00:03:14+00:00\",\"dateModified\":\"2025-02-03T13:59:05+00:00\",\"description\":\"Enterate c\u00f3mo quedan las tarifas de la luz y el gas a partir del mes de febrero luego del aumento dispuesto por el Gobierno.\",\"breadcrumb\":{\"@id\":\"https:\/\/alprestamo.com\/blog\/aumenta-la-luz-y-el-gas-como-quedan-las-tarifas-a-partir-de-febrero\/#breadcrumb\"},\"inLanguage\":\"es-AR\",\"potentialAction\":[{\"@type\":\"ReadAction\",\"target\":[\"https:\/\/alprestamo.com\/blog\/aumenta-la-luz-y-el-gas-como-quedan-las-tarifas-a-partir-de-febrero\/\"]}]},{\"@type\":\"ImageObject\",\"inLanguage\":\"es-AR\",\"@id\":\"https:\/\/alprestamo.com\/blog\/aumenta-la-luz-y-el-gas-como-quedan-las-tarifas-a-partir-de-febrero\/#primaryimage\",\"url\":\"https:\/\/alprestamo.com\/blog\/wp-content\/uploads\/2024\/07\/Diseno-sin-titulo-38.webp\",\"contentUrl\":\"https:\/\/alprestamo.com\/blog\/wp-content\/uploads\/2024\/07\/Diseno-sin-titulo-38.webp\",\"width\":1024,\"height\":768,\"caption\":\"Servicios de gas y electricidad\"},{\"@type\":\"BreadcrumbList\",\"@id\":\"https:\/\/alprestamo.com\/blog\/aumenta-la-luz-y-el-gas-como-quedan-las-tarifas-a-partir-de-febrero\/#breadcrumb\",\"itemListElement\":[{\"@type\":\"ListItem\",\"position\":1,\"name\":\"Home\",\"item\":\"https:\/\/alprestamo.com\/blog\/\"},{\"@type\":\"ListItem\",\"position\":2,\"name\":\"Aumenta la luz y el gas: c\u00f3mo quedan las tarifas a partir de febrero\"}]},{\"@type\":\"WebSite\",\"@id\":\"https:\/\/alprestamo.com\/blog\/#website\",\"url\":\"https:\/\/alprestamo.com\/blog\/\",\"name\":\"Alprestamo\",\"description\":\"Hacemos que todo suceda\",\"publisher\":{\"@id\":\"https:\/\/alprestamo.com\/blog\/#organization\"},\"potentialAction\":[{\"@type\":\"SearchAction\",\"target\":{\"@type\":\"EntryPoint\",\"urlTemplate\":\"https:\/\/alprestamo.com\/blog\/?s={search_term_string}\"},\"query-input\":\"required name=search_term_string\"}],\"inLanguage\":\"es-AR\"},{\"@type\":\"Organization\",\"@id\":\"https:\/\/alprestamo.com\/blog\/#organization\",\"name\":\"Alprestamo\",\"url\":\"https:\/\/alprestamo.com\/blog\/\",\"logo\":{\"@type\":\"ImageObject\",\"inLanguage\":\"es-AR\",\"@id\":\"https:\/\/alprestamo.com\/blog\/#\/schema\/logo\/image\/\",\"url\":\"https:\/\/alprestamo.com\/blog\/wp-content\/uploads\/2022\/10\/Imagotipo_Blanco.svg\",\"contentUrl\":\"https:\/\/alprestamo.com\/blog\/wp-content\/uploads\/2022\/10\/Imagotipo_Blanco.svg\",\"width\":1199,\"height\":203,\"caption\":\"Alprestamo\"},\"image\":{\"@id\":\"https:\/\/alprestamo.com\/blog\/#\/schema\/logo\/image\/\"}},{\"@type\":\"Person\",\"@id\":\"https:\/\/alprestamo.com\/blog\/#\/schema\/person\/826cb36abd5d0bb9142aca0b1994c164\",\"name\":\"Rocio Hagenmuller\",\"image\":{\"@type\":\"ImageObject\",\"inLanguage\":\"es-AR\",\"@id\":\"https:\/\/alprestamo.com\/blog\/#\/schema\/person\/image\/\",\"url\":\"https:\/\/secure.gravatar.com\/avatar\/3abb14dc204852dc85537fccdf69bc28?s=96&d=mm&r=g\",\"contentUrl\":\"https:\/\/secure.gravatar.com\/avatar\/3abb14dc204852dc85537fccdf69bc28?s=96&d=mm&r=g\",\"caption\":\"Rocio Hagenmuller\"},\"url\":\"https:\/\/alprestamo.com\/blog\/author\/rhagenmuller\/\"}]}<\/script>\n<!-- \/ Yoast SEO plugin. -->","yoast_head_json":{"title":"Aumenta la luz y el gas: c\u00f3mo quedan las tarifas a partir de febrero","description":"Enterate c\u00f3mo quedan las tarifas de la luz y el gas a partir del mes de febrero luego del aumento dispuesto por el Gobierno.","robots":{"index":"index","follow":"follow","max-snippet":"max-snippet:-1","max-image-preview":"max-image-preview:large","max-video-preview":"max-video-preview:-1"},"canonical":"https:\/\/alprestamo.com\/blog\/aumenta-la-luz-y-el-gas-como-quedan-las-tarifas-a-partir-de-febrero\/","og_locale":"es_ES","og_type":"article","og_title":"Aumenta la luz y el gas: c\u00f3mo quedan las tarifas a partir de febrero","og_description":"Enterate c\u00f3mo quedan las tarifas de la luz y el gas a partir del mes de febrero luego del aumento dispuesto por el Gobierno.","og_url":"https:\/\/alprestamo.com\/blog\/aumenta-la-luz-y-el-gas-como-quedan-las-tarifas-a-partir-de-febrero\/","og_site_name":"Alprestamo - Hacemos que todo suceda","article_published_time":"2025-02-03T00:03:14+00:00","article_modified_time":"2025-02-03T13:59:05+00:00","og_image":[{"width":1024,"height":768,"url":"https:\/\/alprestamo.com\/blog\/wp-content\/uploads\/2024\/07\/Diseno-sin-titulo-38.webp","type":"image\/webp"}],"author":"Rocio Hagenmuller","twitter_card":"summary_large_image","twitter_misc":{"Escrito por":"Rocio Hagenmuller","Tiempo de lectura":"2 minutos"},"schema":{"@context":"https:\/\/schema.org","@graph":[{"@type":"NewsArticle","@id":"https:\/\/alprestamo.com\/blog\/aumenta-la-luz-y-el-gas-como-quedan-las-tarifas-a-partir-de-febrero\/#article","isPartOf":{"@id":"https:\/\/alprestamo.com\/blog\/aumenta-la-luz-y-el-gas-como-quedan-las-tarifas-a-partir-de-febrero\/"},"author":{"name":"Rocio Hagenmuller","@id":"https:\/\/alprestamo.com\/blog\/#\/schema\/person\/826cb36abd5d0bb9142aca0b1994c164"},"headline":"Aumenta la luz y el gas: c\u00f3mo quedan las tarifas a partir de febrero","datePublished":"2025-02-03T00:03:14+00:00","dateModified":"2025-02-03T13:59:05+00:00","mainEntityOfPage":{"@id":"https:\/\/alprestamo.com\/blog\/aumenta-la-luz-y-el-gas-como-quedan-las-tarifas-a-partir-de-febrero\/"},"wordCount":317,"publisher":{"@id":"https:\/\/alprestamo.com\/blog\/#organization"},"image":{"@id":"https:\/\/alprestamo.com\/blog\/aumenta-la-luz-y-el-gas-como-quedan-las-tarifas-a-partir-de-febrero\/#primaryimage"},"thumbnailUrl":"https:\/\/alprestamo.com\/blog\/wp-content\/uploads\/2024\/07\/Diseno-sin-titulo-38.webp","keywords":["aumento","servicios"],"articleSection":["AR","Econom\u00eda y finanzas"],"inLanguage":"es-AR"},{"@type":"WebPage","@id":"https:\/\/alprestamo.com\/blog\/aumenta-la-luz-y-el-gas-como-quedan-las-tarifas-a-partir-de-febrero\/","url":"https:\/\/alprestamo.com\/blog\/aumenta-la-luz-y-el-gas-como-quedan-las-tarifas-a-partir-de-febrero\/","name":"Aumenta la luz y el gas: c\u00f3mo quedan las tarifas a partir de febrero","isPartOf":{"@id":"https:\/\/alprestamo.com\/blog\/#website"},"primaryImageOfPage":{"@id":"https:\/\/alprestamo.com\/blog\/aumenta-la-luz-y-el-gas-como-quedan-las-tarifas-a-partir-de-febrero\/#primaryimage"},"image":{"@id":"https:\/\/alprestamo.com\/blog\/aumenta-la-luz-y-el-gas-como-quedan-las-tarifas-a-partir-de-febrero\/#primaryimage"},"thumbnailUrl":"https:\/\/alprestamo.com\/blog\/wp-content\/uploads\/2024\/07\/Diseno-sin-titulo-38.webp","datePublished":"2025-02-03T00:03:14+00:00","dateModified":"2025-02-03T13:59:05+00:00","description":"Enterate c\u00f3mo quedan las tarifas de la luz y el gas a partir del mes de febrero luego del aumento dispuesto por el Gobierno.","breadcrumb":{"@id":"https:\/\/alprestamo.com\/blog\/aumenta-la-luz-y-el-gas-como-quedan-las-tarifas-a-partir-de-febrero\/#breadcrumb"},"inLanguage":"es-AR","potentialAction":[{"@type":"ReadAction","target":["https:\/\/alprestamo.com\/blog\/aumenta-la-luz-y-el-gas-como-quedan-las-tarifas-a-partir-de-febrero\/"]}]},{"@type":"ImageObject","inLanguage":"es-AR","@id":"https:\/\/alprestamo.com\/blog\/aumenta-la-luz-y-el-gas-como-quedan-las-tarifas-a-partir-de-febrero\/#primaryimage","url":"https:\/\/alprestamo.com\/blog\/wp-content\/uploads\/2024\/07\/Diseno-sin-titulo-38.webp","contentUrl":"https:\/\/alprestamo.com\/blog\/wp-content\/uploads\/2024\/07\/Diseno-sin-titulo-38.webp","width":1024,"height":768,"caption":"Servicios de gas y electricidad"},{"@type":"BreadcrumbList","@id":"https:\/\/alprestamo.com\/blog\/aumenta-la-luz-y-el-gas-como-quedan-las-tarifas-a-partir-de-febrero\/#breadcrumb","itemListElement":[{"@type":"ListItem","position":1,"name":"Home","item":"https:\/\/alprestamo.com\/blog\/"},{"@type":"ListItem","position":2,"name":"Aumenta la luz y el gas: c\u00f3mo quedan las tarifas a partir de febrero"}]},{"@type":"WebSite","@id":"https:\/\/alprestamo.com\/blog\/#website","url":"https:\/\/alprestamo.com\/blog\/","name":"Alprestamo","description":"Hacemos que todo suceda","publisher":{"@id":"https:\/\/alprestamo.com\/blog\/#organization"},"potentialAction":[{"@type":"SearchAction","target":{"@type":"EntryPoint","urlTemplate":"https:\/\/alprestamo.com\/blog\/?s={search_term_string}"},"query-input":"required name=search_term_string"}],"inLanguage":"es-AR"},{"@type":"Organization","@id":"https:\/\/alprestamo.com\/blog\/#organization","name":"Alprestamo","url":"https:\/\/alprestamo.com\/blog\/","logo":{"@type":"ImageObject","inLanguage":"es-AR","@id":"https:\/\/alprestamo.com\/blog\/#\/schema\/logo\/image\/","url":"https:\/\/alprestamo.com\/blog\/wp-content\/uploads\/2022\/10\/Imagotipo_Blanco.svg","contentUrl":"https:\/\/alprestamo.com\/blog\/wp-content\/uploads\/2022\/10\/Imagotipo_Blanco.svg","width":1199,"height":203,"caption":"Alprestamo"},"image":{"@id":"https:\/\/alprestamo.com\/blog\/#\/schema\/logo\/image\/"}},{"@type":"Person","@id":"https:\/\/alprestamo.com\/blog\/#\/schema\/person\/826cb36abd5d0bb9142aca0b1994c164","name":"Rocio Hagenmuller","image":{"@type":"ImageObject","inLanguage":"es-AR","@id":"https:\/\/alprestamo.com\/blog\/#\/schema\/person\/image\/","url":"https:\/\/secure.gravatar.com\/avatar\/3abb14dc204852dc85537fccdf69bc28?s=96&d=mm&r=g","contentUrl":"https:\/\/secure.gravatar.com\/avatar\/3abb14dc204852dc85537fccdf69bc28?s=96&d=mm&r=g","caption":"Rocio Hagenmuller"},"url":"https:\/\/alprestamo.com\/blog\/author\/rhagenmuller\/"}]}},"uagb_featured_image_src":{"full":["https:\/\/alprestamo.com\/blog\/wp-content\/uploads\/2024\/07\/Diseno-sin-titulo-38.webp",1024,768,false],"thumbnail":["https:\/\/alprestamo.com\/blog\/wp-content\/uploads\/2024\/07\/Diseno-sin-titulo-38-150x150.webp",150,150,true],"medium":["https:\/\/alprestamo.com\/blog\/wp-content\/uploads\/2024\/07\/Diseno-sin-titulo-38-300x225.webp",300,225,true],"medium_large":["https:\/\/alprestamo.com\/blog\/wp-content\/uploads\/2024\/07\/Diseno-sin-titulo-38-768x576.webp",768,576,true],"large":["https:\/\/alprestamo.com\/blog\/wp-content\/uploads\/2024\/07\/Diseno-sin-titulo-38.webp",1024,768,false],"1536x1536":["https:\/\/alprestamo.com\/blog\/wp-content\/uploads\/2024\/07\/Diseno-sin-titulo-38.webp",1024,768,false],"2048x2048":["https:\/\/alprestamo.com\/blog\/wp-content\/uploads\/2024\/07\/Diseno-sin-titulo-38.webp",1024,768,false]},"uagb_author_info":{"display_name":"Rocio Hagenmuller","author_link":"https:\/\/alprestamo.com\/blog\/author\/rhagenmuller\/"},"uagb_comment_info":0,"uagb_excerpt":"Desde febrero, los costos de la electricidad y el gas experimentar\u00e1n un ajuste debido a la implementaci\u00f3n de nuevos cuadros tarifarios establecidos por la Secretar\u00eda de Energ\u00eda. El incremento ser\u00e1 del 1,6% en gas y del 1,5% en electricidad, aunque los usuarios de ingresos bajos (N2) y medios (N3) afrontar\u00e1n aumentos m\u00e1s significativos debido a&hellip;","rttpg_featured_image_url":{"full":["https:\/\/alprestamo.com\/blog\/wp-content\/uploads\/2024\/07\/Diseno-sin-titulo-38.webp",1024,768,false],"landscape":["https:\/\/alprestamo.com\/blog\/wp-content\/uploads\/2024\/07\/Diseno-sin-titulo-38.webp",1024,768,false],"portraits":["https:\/\/alprestamo.com\/blog\/wp-content\/uploads\/2024\/07\/Diseno-sin-titulo-38.webp",1024,768,false],"thumbnail":["https:\/\/alprestamo.com\/blog\/wp-content\/uploads\/2024\/07\/Diseno-sin-titulo-38-150x150.webp",150,150,true],"medium":["https:\/\/alprestamo.com\/blog\/wp-content\/uploads\/2024\/07\/Diseno-sin-titulo-38-300x225.webp",300,225,true],"large":["https:\/\/alprestamo.com\/blog\/wp-content\/uploads\/2024\/07\/Diseno-sin-titulo-38.webp",1024,768,false],"1536x1536":["https:\/\/alprestamo.com\/blog\/wp-content\/uploads\/2024\/07\/Diseno-sin-titulo-38.webp",1024,768,false],"2048x2048":["https:\/\/alprestamo.com\/blog\/wp-content\/uploads\/2024\/07\/Diseno-sin-titulo-38.webp",1024,768,false],"rt_custom":["https:\/\/alprestamo.com\/blog\/wp-content\/uploads\/2024\/07\/Diseno-sin-titulo-38.webp",1024,768,false]},"rttpg_author":{"display_name":"Rocio Hagenmuller","author_link":"https:\/\/alprestamo.com\/blog\/author\/rhagenmuller\/"},"rttpg_comment":0,"rttpg_category":"<a href=\"https:\/\/alprestamo.com\/blog\/categoria\/ar\/\" rel=\"category tag\">AR<\/a> <a href=\"https:\/\/alprestamo.com\/blog\/categoria\/ar\/economia-finanzas-ar\/\" rel=\"category tag\">Econom\u00eda y finanzas<\/a>","rttpg_excerpt":"Desde febrero, los costos de la electricidad y el gas experimentar\u00e1n un ajuste debido a la implementaci\u00f3n de nuevos cuadros tarifarios establecidos por la Secretar\u00eda de Energ\u00eda. El incremento ser\u00e1 del 1,6% en gas y del 1,5% en electricidad, aunque los usuarios de ingresos bajos (N2) y medios (N3) afrontar\u00e1n aumentos m\u00e1s significativos debido a&hellip;","_links":{"self":[{"href":"https:\/\/alprestamo.com\/blog\/wp-json\/wp\/v2\/posts\/41146"}],"collection":[{"href":"https:\/\/alprestamo.com\/blog\/wp-json\/wp\/v2\/posts"}],"about":[{"href":"https:\/\/alprestamo.com\/blog\/wp-json\/wp\/v2\/types\/post"}],"author":[{"embeddable":true,"href":"https:\/\/alprestamo.com\/blog\/wp-json\/wp\/v2\/users\/20"}],"replies":[{"embeddable":true,"href":"https:\/\/alprestamo.com\/blog\/wp-json\/wp\/v2\/comments?post=41146"}],"version-history":[{"count":3,"href":"https:\/\/alprestamo.com\/blog\/wp-json\/wp\/v2\/posts\/41146\/revisions"}],"predecessor-version":[{"id":41161,"href":"https:\/\/alprestamo.com\/blog\/wp-json\/wp\/v2\/posts\/41146\/revisions\/41161"}],"wp:featuredmedia":[{"embeddable":true,"href":"https:\/\/alprestamo.com\/blog\/wp-json\/wp\/v2\/media\/38933"}],"wp:attachment":[{"href":"https:\/\/alprestamo.com\/blog\/wp-json\/wp\/v2\/media?parent=41146"}],"wp:term":[{"taxonomy":"category","embeddable":true,"href":"https:\/\/alprestamo.com\/blog\/wp-json\/wp\/v2\/categories?post=41146"},{"taxonomy":"post_tag","embeddable":true,"href":"https:\/\/alprestamo.com\/blog\/wp-json\/wp\/v2\/tags?post=41146"}],"curies":[{"name":"wp","href":"https:\/\/api.w.org\/{rel}","templated":true}]}}