{"id":45344,"date":"2025-07-08T11:58:43","date_gmt":"2025-07-08T14:58:43","guid":{"rendered":"https:\/\/alprestamo.com\/blog\/?p=45344"},"modified":"2025-07-08T11:58:47","modified_gmt":"2025-07-08T14:58:47","slug":"salario-minimo-vital-y-movil-a-cuanto-asciende-en-julio-de-2025","status":"publish","type":"post","link":"https:\/\/alprestamo.com\/blog\/salario-minimo-vital-y-movil-a-cuanto-asciende-en-julio-de-2025\/","title":{"rendered":"Salario M\u00ednimo Vital y M\u00f3vil: a cu\u00e1nto asciende en julio de 2025"},"content":{"rendered":"\n<p>A trav\u00e9s de la <strong>Secretar\u00eda de Trabajo, Empleo y Seguridad Social<\/strong>, el Gobierno determin\u00f3 el nuevo valor del <strong>Salario M\u00ednimo Vital y M\u00f3vil (SMVyM)<\/strong> para el mes de julio. Esta medida tendr\u00e1 un impacto en miles de trabajadores de todo el pa\u00eds y probablemente en la econom\u00eda real.&nbsp;<\/p>\n\n\n\n<h2 class=\"wp-block-heading\">De cu\u00e1nto es el salario m\u00ednimo en 2025<\/h2>\n\n\n\n<p>A partir del 1\u00b0 de julio de este a\u00f1o, el salario m\u00ednimo asciende a $317.800 para todos los trabajadores mensualizados que cumplen la jornada laboral completa legal. Para los trabajadores por jornada, el valor de la hora se estableci\u00f3 en $1567.&nbsp;<\/p>\n\n\n\n<p>El Gobierno Nacional decidi\u00f3 fijar por decreto el valor del salario m\u00ednimo, ante la imposibilidad de alcanzar un acuerdo con la CGT, la CTA y distintas c\u00e1maras empresariales en el Consejo del Salario.&nbsp;<\/p>\n\n\n\n<h2 class=\"wp-block-heading\">Aumentos previstos para el resto del 2025<\/h2>\n\n\n\n<p>La resoluci\u00f3n, publicada en el Bolet\u00edn Oficial, y que establece el aumento del SMVyM, tambi\u00e9n detalla los siguientes valores hasta el mes de agosto de 2025:\u00a0<\/p>\n\n\n\n<ul class=\"wp-block-list\">\n<li>1\u00b0 de julio: $317.800<\/li>\n\n\n\n<li>1\u00b0 de agosto: $322.000<\/li>\n<\/ul>\n\n\n\n<h2 class=\"wp-block-heading\">Impacto del salario m\u00ednimo en la Prestaci\u00f3n por Desempleo&nbsp;<\/h2>\n\n\n\n<p>El Salario M\u00ednimo Vital y M\u00f3vil es un valor de referencia para el c\u00e1lculo de<a href=\"https:\/\/www.anses.gob.ar\/trabajo\/desempleo\" target=\"_blank\" rel=\"noreferrer noopener\">l <strong>seguro por desempleo que otorga la ANSES<\/strong><\/a><strong> <\/strong>a quienes no cuentan con trabajo formal. El cobro de este seguro equivale al 75% del importe neto de la mejor remuneraci\u00f3n mensual, normal y habitual del trabajador en los seis meses anteriores a la terminaci\u00f3n del contrato laboral.\u00a0<\/p>\n\n\n\n<p>Adem\u00e1s, en ning\u00fan caso la prestaci\u00f3n puede ser menor al 50% del valor del SMVyM ni superior al 100% de este valor.<\/p>\n","protected":false},"excerpt":{"rendered":"<p>A trav\u00e9s de la Secretar\u00eda de Trabajo, Empleo y Seguridad Social, el Gobierno determin\u00f3 el nuevo valor del Salario M\u00ednimo Vital y M\u00f3vil (SMVyM) para el mes de julio. Esta medida tendr\u00e1 un impacto en miles de trabajadores de todo el pa\u00eds y probablemente en la econom\u00eda real.&nbsp; De cu\u00e1nto es el salario m\u00ednimo en &hellip;<\/p>\n<p class=\"read-more\"> <a class=\"\" href=\"https:\/\/alprestamo.com\/blog\/salario-minimo-vital-y-movil-a-cuanto-asciende-en-julio-de-2025\/\"> <span class=\"screen-reader-text\">Salario M\u00ednimo Vital y M\u00f3vil: a cu\u00e1nto asciende en julio de 2025<\/span> Leer m\u00e1s &raquo;<\/a><\/p>\n","protected":false},"author":9,"featured_media":39393,"comment_status":"closed","ping_status":"closed","sticky":false,"template":"","format":"standard","meta":{"_uag_custom_page_level_css":"","site-sidebar-layout":"default","site-content-layout":"default","ast-global-header-display":"","ast-banner-title-visibility":"","ast-main-header-display":"","ast-hfb-above-header-display":"","ast-hfb-below-header-display":"","ast-hfb-mobile-header-display":"","site-post-title":"","ast-breadcrumbs-content":"","ast-featured-img":"","footer-sml-layout":"","theme-transparent-header-meta":"","adv-header-id-meta":"","stick-header-meta":"","header-above-stick-meta":"","header-main-stick-meta":"","header-below-stick-meta":"","footnotes":""},"categories":[92,20],"tags":[],"class_list":["post-45344","post","type-post","status-publish","format-standard","has-post-thumbnail","hentry","category-ar","category-economia-finanzas-ar"],"acf":[],"yoast_head":"<!-- This site is optimized with the Yoast SEO plugin v23.2 - https:\/\/yoast.com\/wordpress\/plugins\/seo\/ -->\n<title>Salario M\u00ednimo Vital y M\u00f3vil: a cu\u00e1nto asciende en julio de 2025<\/title>\n<meta name=\"description\" content=\"Enterate c\u00f3mo queda el Salario M\u00ednimo Vital y M\u00f3vil en julio de 2025 luego del aumento que decret\u00f3 el Gobierno.\" \/>\n<meta name=\"robots\" content=\"index, follow, max-snippet:-1, max-image-preview:large, max-video-preview:-1\" \/>\n<link rel=\"canonical\" href=\"https:\/\/alprestamo.com\/blog\/salario-minimo-vital-y-movil-a-cuanto-asciende-en-julio-de-2025\/\" \/>\n<meta property=\"og:locale\" content=\"es_ES\" \/>\n<meta property=\"og:type\" content=\"article\" \/>\n<meta property=\"og:title\" content=\"Salario M\u00ednimo Vital y M\u00f3vil: a cu\u00e1nto asciende en julio de 2025\" \/>\n<meta property=\"og:description\" content=\"Enterate c\u00f3mo queda el Salario M\u00ednimo Vital y M\u00f3vil en julio de 2025 luego del aumento que decret\u00f3 el Gobierno.\" \/>\n<meta property=\"og:url\" content=\"https:\/\/alprestamo.com\/blog\/salario-minimo-vital-y-movil-a-cuanto-asciende-en-julio-de-2025\/\" \/>\n<meta property=\"og:site_name\" content=\"Alprestamo - Hacemos que todo suceda\" \/>\n<meta property=\"article:published_time\" content=\"2025-07-08T14:58:43+00:00\" \/>\n<meta property=\"article:modified_time\" content=\"2025-07-08T14:58:47+00:00\" \/>\n<meta property=\"og:image\" content=\"https:\/\/alprestamo.com\/blog\/wp-content\/uploads\/2024\/05\/imagepng.webp\" \/>\n\t<meta property=\"og:image:width\" content=\"1280\" \/>\n\t<meta property=\"og:image:height\" content=\"720\" \/>\n\t<meta property=\"og:image:type\" content=\"image\/webp\" \/>\n<meta name=\"author\" content=\"Ramiro Querejeta\" \/>\n<meta name=\"twitter:card\" content=\"summary_large_image\" \/>\n<meta name=\"twitter:label1\" content=\"Escrito por\" \/>\n\t<meta name=\"twitter:data1\" content=\"Ramiro Querejeta\" \/>\n\t<meta name=\"twitter:label2\" content=\"Tiempo de lectura\" \/>\n\t<meta name=\"twitter:data2\" content=\"2 minutos\" \/>\n<script type=\"application\/ld+json\" class=\"yoast-schema-graph\">{\"@context\":\"https:\/\/schema.org\",\"@graph\":[{\"@type\":\"NewsArticle\",\"@id\":\"https:\/\/alprestamo.com\/blog\/salario-minimo-vital-y-movil-a-cuanto-asciende-en-julio-de-2025\/#article\",\"isPartOf\":{\"@id\":\"https:\/\/alprestamo.com\/blog\/salario-minimo-vital-y-movil-a-cuanto-asciende-en-julio-de-2025\/\"},\"author\":{\"name\":\"Ramiro Querejeta\",\"@id\":\"https:\/\/alprestamo.com\/blog\/#\/schema\/person\/4c568603ceb381762b4c9062d42c7627\"},\"headline\":\"Salario M\u00ednimo Vital y M\u00f3vil: a cu\u00e1nto asciende en julio de 2025\",\"datePublished\":\"2025-07-08T14:58:43+00:00\",\"dateModified\":\"2025-07-08T14:58:47+00:00\",\"mainEntityOfPage\":{\"@id\":\"https:\/\/alprestamo.com\/blog\/salario-minimo-vital-y-movil-a-cuanto-asciende-en-julio-de-2025\/\"},\"wordCount\":293,\"publisher\":{\"@id\":\"https:\/\/alprestamo.com\/blog\/#organization\"},\"image\":{\"@id\":\"https:\/\/alprestamo.com\/blog\/salario-minimo-vital-y-movil-a-cuanto-asciende-en-julio-de-2025\/#primaryimage\"},\"thumbnailUrl\":\"https:\/\/alprestamo.com\/blog\/wp-content\/uploads\/2024\/05\/imagepng.webp\",\"articleSection\":[\"AR\",\"Econom\u00eda y finanzas\"],\"inLanguage\":\"es-AR\"},{\"@type\":\"WebPage\",\"@id\":\"https:\/\/alprestamo.com\/blog\/salario-minimo-vital-y-movil-a-cuanto-asciende-en-julio-de-2025\/\",\"url\":\"https:\/\/alprestamo.com\/blog\/salario-minimo-vital-y-movil-a-cuanto-asciende-en-julio-de-2025\/\",\"name\":\"Salario M\u00ednimo Vital y M\u00f3vil: a cu\u00e1nto asciende en julio de 2025\",\"isPartOf\":{\"@id\":\"https:\/\/alprestamo.com\/blog\/#website\"},\"primaryImageOfPage\":{\"@id\":\"https:\/\/alprestamo.com\/blog\/salario-minimo-vital-y-movil-a-cuanto-asciende-en-julio-de-2025\/#primaryimage\"},\"image\":{\"@id\":\"https:\/\/alprestamo.com\/blog\/salario-minimo-vital-y-movil-a-cuanto-asciende-en-julio-de-2025\/#primaryimage\"},\"thumbnailUrl\":\"https:\/\/alprestamo.com\/blog\/wp-content\/uploads\/2024\/05\/imagepng.webp\",\"datePublished\":\"2025-07-08T14:58:43+00:00\",\"dateModified\":\"2025-07-08T14:58:47+00:00\",\"description\":\"Enterate c\u00f3mo queda el Salario M\u00ednimo Vital y M\u00f3vil en julio de 2025 luego del aumento que decret\u00f3 el Gobierno.\",\"breadcrumb\":{\"@id\":\"https:\/\/alprestamo.com\/blog\/salario-minimo-vital-y-movil-a-cuanto-asciende-en-julio-de-2025\/#breadcrumb\"},\"inLanguage\":\"es-AR\",\"potentialAction\":[{\"@type\":\"ReadAction\",\"target\":[\"https:\/\/alprestamo.com\/blog\/salario-minimo-vital-y-movil-a-cuanto-asciende-en-julio-de-2025\/\"]}]},{\"@type\":\"ImageObject\",\"inLanguage\":\"es-AR\",\"@id\":\"https:\/\/alprestamo.com\/blog\/salario-minimo-vital-y-movil-a-cuanto-asciende-en-julio-de-2025\/#primaryimage\",\"url\":\"https:\/\/alprestamo.com\/blog\/wp-content\/uploads\/2024\/05\/imagepng.webp\",\"contentUrl\":\"https:\/\/alprestamo.com\/blog\/wp-content\/uploads\/2024\/05\/imagepng.webp\",\"width\":1280,\"height\":720,\"caption\":\"Salario m\u00ednimo en Argentina\"},{\"@type\":\"BreadcrumbList\",\"@id\":\"https:\/\/alprestamo.com\/blog\/salario-minimo-vital-y-movil-a-cuanto-asciende-en-julio-de-2025\/#breadcrumb\",\"itemListElement\":[{\"@type\":\"ListItem\",\"position\":1,\"name\":\"Home\",\"item\":\"https:\/\/alprestamo.com\/blog\/\"},{\"@type\":\"ListItem\",\"position\":2,\"name\":\"Salario M\u00ednimo Vital y M\u00f3vil: a cu\u00e1nto asciende en julio de 2025\"}]},{\"@type\":\"WebSite\",\"@id\":\"https:\/\/alprestamo.com\/blog\/#website\",\"url\":\"https:\/\/alprestamo.com\/blog\/\",\"name\":\"Alprestamo\",\"description\":\"Hacemos que todo suceda\",\"publisher\":{\"@id\":\"https:\/\/alprestamo.com\/blog\/#organization\"},\"potentialAction\":[{\"@type\":\"SearchAction\",\"target\":{\"@type\":\"EntryPoint\",\"urlTemplate\":\"https:\/\/alprestamo.com\/blog\/?s={search_term_string}\"},\"query-input\":\"required name=search_term_string\"}],\"inLanguage\":\"es-AR\"},{\"@type\":\"Organization\",\"@id\":\"https:\/\/alprestamo.com\/blog\/#organization\",\"name\":\"Alprestamo\",\"url\":\"https:\/\/alprestamo.com\/blog\/\",\"logo\":{\"@type\":\"ImageObject\",\"inLanguage\":\"es-AR\",\"@id\":\"https:\/\/alprestamo.com\/blog\/#\/schema\/logo\/image\/\",\"url\":\"https:\/\/alprestamo.com\/blog\/wp-content\/uploads\/2022\/10\/Imagotipo_Blanco.svg\",\"contentUrl\":\"https:\/\/alprestamo.com\/blog\/wp-content\/uploads\/2022\/10\/Imagotipo_Blanco.svg\",\"width\":1199,\"height\":203,\"caption\":\"Alprestamo\"},\"image\":{\"@id\":\"https:\/\/alprestamo.com\/blog\/#\/schema\/logo\/image\/\"}},{\"@type\":\"Person\",\"@id\":\"https:\/\/alprestamo.com\/blog\/#\/schema\/person\/4c568603ceb381762b4c9062d42c7627\",\"name\":\"Ramiro Querejeta\",\"image\":{\"@type\":\"ImageObject\",\"inLanguage\":\"es-AR\",\"@id\":\"https:\/\/alprestamo.com\/blog\/#\/schema\/person\/image\/\",\"url\":\"https:\/\/alprestamo.com\/blog\/wp-content\/uploads\/2025\/08\/1688503693490-150x150.jpeg\",\"contentUrl\":\"https:\/\/alprestamo.com\/blog\/wp-content\/uploads\/2025\/08\/1688503693490-150x150.jpeg\",\"caption\":\"Ramiro Querejeta\"},\"url\":\"https:\/\/alprestamo.com\/blog\/author\/ramiro\/\"}]}<\/script>\n<!-- \/ Yoast SEO plugin. -->","yoast_head_json":{"title":"Salario M\u00ednimo Vital y M\u00f3vil: a cu\u00e1nto asciende en julio de 2025","description":"Enterate c\u00f3mo queda el Salario M\u00ednimo Vital y M\u00f3vil en julio de 2025 luego del aumento que decret\u00f3 el Gobierno.","robots":{"index":"index","follow":"follow","max-snippet":"max-snippet:-1","max-image-preview":"max-image-preview:large","max-video-preview":"max-video-preview:-1"},"canonical":"https:\/\/alprestamo.com\/blog\/salario-minimo-vital-y-movil-a-cuanto-asciende-en-julio-de-2025\/","og_locale":"es_ES","og_type":"article","og_title":"Salario M\u00ednimo Vital y M\u00f3vil: a cu\u00e1nto asciende en julio de 2025","og_description":"Enterate c\u00f3mo queda el Salario M\u00ednimo Vital y M\u00f3vil en julio de 2025 luego del aumento que decret\u00f3 el Gobierno.","og_url":"https:\/\/alprestamo.com\/blog\/salario-minimo-vital-y-movil-a-cuanto-asciende-en-julio-de-2025\/","og_site_name":"Alprestamo - Hacemos que todo suceda","article_published_time":"2025-07-08T14:58:43+00:00","article_modified_time":"2025-07-08T14:58:47+00:00","og_image":[{"width":1280,"height":720,"url":"https:\/\/alprestamo.com\/blog\/wp-content\/uploads\/2024\/05\/imagepng.webp","type":"image\/webp"}],"author":"Ramiro Querejeta","twitter_card":"summary_large_image","twitter_misc":{"Escrito por":"Ramiro Querejeta","Tiempo de lectura":"2 minutos"},"schema":{"@context":"https:\/\/schema.org","@graph":[{"@type":"NewsArticle","@id":"https:\/\/alprestamo.com\/blog\/salario-minimo-vital-y-movil-a-cuanto-asciende-en-julio-de-2025\/#article","isPartOf":{"@id":"https:\/\/alprestamo.com\/blog\/salario-minimo-vital-y-movil-a-cuanto-asciende-en-julio-de-2025\/"},"author":{"name":"Ramiro Querejeta","@id":"https:\/\/alprestamo.com\/blog\/#\/schema\/person\/4c568603ceb381762b4c9062d42c7627"},"headline":"Salario M\u00ednimo Vital y M\u00f3vil: a cu\u00e1nto asciende en julio de 2025","datePublished":"2025-07-08T14:58:43+00:00","dateModified":"2025-07-08T14:58:47+00:00","mainEntityOfPage":{"@id":"https:\/\/alprestamo.com\/blog\/salario-minimo-vital-y-movil-a-cuanto-asciende-en-julio-de-2025\/"},"wordCount":293,"publisher":{"@id":"https:\/\/alprestamo.com\/blog\/#organization"},"image":{"@id":"https:\/\/alprestamo.com\/blog\/salario-minimo-vital-y-movil-a-cuanto-asciende-en-julio-de-2025\/#primaryimage"},"thumbnailUrl":"https:\/\/alprestamo.com\/blog\/wp-content\/uploads\/2024\/05\/imagepng.webp","articleSection":["AR","Econom\u00eda y finanzas"],"inLanguage":"es-AR"},{"@type":"WebPage","@id":"https:\/\/alprestamo.com\/blog\/salario-minimo-vital-y-movil-a-cuanto-asciende-en-julio-de-2025\/","url":"https:\/\/alprestamo.com\/blog\/salario-minimo-vital-y-movil-a-cuanto-asciende-en-julio-de-2025\/","name":"Salario M\u00ednimo Vital y M\u00f3vil: a cu\u00e1nto asciende en julio de 2025","isPartOf":{"@id":"https:\/\/alprestamo.com\/blog\/#website"},"primaryImageOfPage":{"@id":"https:\/\/alprestamo.com\/blog\/salario-minimo-vital-y-movil-a-cuanto-asciende-en-julio-de-2025\/#primaryimage"},"image":{"@id":"https:\/\/alprestamo.com\/blog\/salario-minimo-vital-y-movil-a-cuanto-asciende-en-julio-de-2025\/#primaryimage"},"thumbnailUrl":"https:\/\/alprestamo.com\/blog\/wp-content\/uploads\/2024\/05\/imagepng.webp","datePublished":"2025-07-08T14:58:43+00:00","dateModified":"2025-07-08T14:58:47+00:00","description":"Enterate c\u00f3mo queda el Salario M\u00ednimo Vital y M\u00f3vil en julio de 2025 luego del aumento que decret\u00f3 el Gobierno.","breadcrumb":{"@id":"https:\/\/alprestamo.com\/blog\/salario-minimo-vital-y-movil-a-cuanto-asciende-en-julio-de-2025\/#breadcrumb"},"inLanguage":"es-AR","potentialAction":[{"@type":"ReadAction","target":["https:\/\/alprestamo.com\/blog\/salario-minimo-vital-y-movil-a-cuanto-asciende-en-julio-de-2025\/"]}]},{"@type":"ImageObject","inLanguage":"es-AR","@id":"https:\/\/alprestamo.com\/blog\/salario-minimo-vital-y-movil-a-cuanto-asciende-en-julio-de-2025\/#primaryimage","url":"https:\/\/alprestamo.com\/blog\/wp-content\/uploads\/2024\/05\/imagepng.webp","contentUrl":"https:\/\/alprestamo.com\/blog\/wp-content\/uploads\/2024\/05\/imagepng.webp","width":1280,"height":720,"caption":"Salario m\u00ednimo en Argentina"},{"@type":"BreadcrumbList","@id":"https:\/\/alprestamo.com\/blog\/salario-minimo-vital-y-movil-a-cuanto-asciende-en-julio-de-2025\/#breadcrumb","itemListElement":[{"@type":"ListItem","position":1,"name":"Home","item":"https:\/\/alprestamo.com\/blog\/"},{"@type":"ListItem","position":2,"name":"Salario M\u00ednimo Vital y M\u00f3vil: a cu\u00e1nto asciende en julio de 2025"}]},{"@type":"WebSite","@id":"https:\/\/alprestamo.com\/blog\/#website","url":"https:\/\/alprestamo.com\/blog\/","name":"Alprestamo","description":"Hacemos que todo suceda","publisher":{"@id":"https:\/\/alprestamo.com\/blog\/#organization"},"potentialAction":[{"@type":"SearchAction","target":{"@type":"EntryPoint","urlTemplate":"https:\/\/alprestamo.com\/blog\/?s={search_term_string}"},"query-input":"required name=search_term_string"}],"inLanguage":"es-AR"},{"@type":"Organization","@id":"https:\/\/alprestamo.com\/blog\/#organization","name":"Alprestamo","url":"https:\/\/alprestamo.com\/blog\/","logo":{"@type":"ImageObject","inLanguage":"es-AR","@id":"https:\/\/alprestamo.com\/blog\/#\/schema\/logo\/image\/","url":"https:\/\/alprestamo.com\/blog\/wp-content\/uploads\/2022\/10\/Imagotipo_Blanco.svg","contentUrl":"https:\/\/alprestamo.com\/blog\/wp-content\/uploads\/2022\/10\/Imagotipo_Blanco.svg","width":1199,"height":203,"caption":"Alprestamo"},"image":{"@id":"https:\/\/alprestamo.com\/blog\/#\/schema\/logo\/image\/"}},{"@type":"Person","@id":"https:\/\/alprestamo.com\/blog\/#\/schema\/person\/4c568603ceb381762b4c9062d42c7627","name":"Ramiro Querejeta","image":{"@type":"ImageObject","inLanguage":"es-AR","@id":"https:\/\/alprestamo.com\/blog\/#\/schema\/person\/image\/","url":"https:\/\/alprestamo.com\/blog\/wp-content\/uploads\/2025\/08\/1688503693490-150x150.jpeg","contentUrl":"https:\/\/alprestamo.com\/blog\/wp-content\/uploads\/2025\/08\/1688503693490-150x150.jpeg","caption":"Ramiro Querejeta"},"url":"https:\/\/alprestamo.com\/blog\/author\/ramiro\/"}]}},"uagb_featured_image_src":{"full":["https:\/\/alprestamo.com\/blog\/wp-content\/uploads\/2024\/05\/imagepng.webp",1280,720,false],"thumbnail":["https:\/\/alprestamo.com\/blog\/wp-content\/uploads\/2024\/05\/imagepng-150x150.webp",150,150,true],"medium":["https:\/\/alprestamo.com\/blog\/wp-content\/uploads\/2024\/05\/imagepng-300x169.webp",300,169,true],"medium_large":["https:\/\/alprestamo.com\/blog\/wp-content\/uploads\/2024\/05\/imagepng-768x432.webp",768,432,true],"large":["https:\/\/alprestamo.com\/blog\/wp-content\/uploads\/2024\/05\/imagepng-1024x576.webp",1024,576,true],"1536x1536":["https:\/\/alprestamo.com\/blog\/wp-content\/uploads\/2024\/05\/imagepng.webp",1280,720,false],"2048x2048":["https:\/\/alprestamo.com\/blog\/wp-content\/uploads\/2024\/05\/imagepng.webp",1280,720,false]},"uagb_author_info":{"display_name":"Ramiro Querejeta","author_link":"https:\/\/alprestamo.com\/blog\/author\/ramiro\/"},"uagb_comment_info":0,"uagb_excerpt":"A trav\u00e9s de la Secretar\u00eda de Trabajo, Empleo y Seguridad Social, el Gobierno determin\u00f3 el nuevo valor del Salario M\u00ednimo Vital y M\u00f3vil (SMVyM) para el mes de julio. Esta medida tendr\u00e1 un impacto en miles de trabajadores de todo el pa\u00eds y probablemente en la econom\u00eda real.&nbsp; De cu\u00e1nto es el salario m\u00ednimo en&hellip;","rttpg_featured_image_url":{"full":["https:\/\/alprestamo.com\/blog\/wp-content\/uploads\/2024\/05\/imagepng.webp",1280,720,false],"landscape":["https:\/\/alprestamo.com\/blog\/wp-content\/uploads\/2024\/05\/imagepng.webp",1280,720,false],"portraits":["https:\/\/alprestamo.com\/blog\/wp-content\/uploads\/2024\/05\/imagepng.webp",1280,720,false],"thumbnail":["https:\/\/alprestamo.com\/blog\/wp-content\/uploads\/2024\/05\/imagepng-150x150.webp",150,150,true],"medium":["https:\/\/alprestamo.com\/blog\/wp-content\/uploads\/2024\/05\/imagepng-300x169.webp",300,169,true],"large":["https:\/\/alprestamo.com\/blog\/wp-content\/uploads\/2024\/05\/imagepng-1024x576.webp",1024,576,true],"1536x1536":["https:\/\/alprestamo.com\/blog\/wp-content\/uploads\/2024\/05\/imagepng.webp",1280,720,false],"2048x2048":["https:\/\/alprestamo.com\/blog\/wp-content\/uploads\/2024\/05\/imagepng.webp",1280,720,false],"rt_custom":["https:\/\/alprestamo.com\/blog\/wp-content\/uploads\/2024\/05\/imagepng.webp",1280,720,false]},"rttpg_author":{"display_name":"Ramiro Querejeta","author_link":"https:\/\/alprestamo.com\/blog\/author\/ramiro\/"},"rttpg_comment":0,"rttpg_category":"<a href=\"https:\/\/alprestamo.com\/blog\/categoria\/ar\/\" rel=\"category tag\">AR<\/a> <a href=\"https:\/\/alprestamo.com\/blog\/categoria\/ar\/economia-finanzas-ar\/\" rel=\"category tag\">Econom\u00eda y finanzas<\/a>","rttpg_excerpt":"A trav\u00e9s de la Secretar\u00eda de Trabajo, Empleo y Seguridad Social, el Gobierno determin\u00f3 el nuevo valor del Salario M\u00ednimo Vital y M\u00f3vil (SMVyM) para el mes de julio. Esta medida tendr\u00e1 un impacto en miles de trabajadores de todo el pa\u00eds y probablemente en la econom\u00eda real.&nbsp; De cu\u00e1nto es el salario m\u00ednimo en&hellip;","_links":{"self":[{"href":"https:\/\/alprestamo.com\/blog\/wp-json\/wp\/v2\/posts\/45344"}],"collection":[{"href":"https:\/\/alprestamo.com\/blog\/wp-json\/wp\/v2\/posts"}],"about":[{"href":"https:\/\/alprestamo.com\/blog\/wp-json\/wp\/v2\/types\/post"}],"author":[{"embeddable":true,"href":"https:\/\/alprestamo.com\/blog\/wp-json\/wp\/v2\/users\/9"}],"replies":[{"embeddable":true,"href":"https:\/\/alprestamo.com\/blog\/wp-json\/wp\/v2\/comments?post=45344"}],"version-history":[{"count":3,"href":"https:\/\/alprestamo.com\/blog\/wp-json\/wp\/v2\/posts\/45344\/revisions"}],"predecessor-version":[{"id":45347,"href":"https:\/\/alprestamo.com\/blog\/wp-json\/wp\/v2\/posts\/45344\/revisions\/45347"}],"wp:featuredmedia":[{"embeddable":true,"href":"https:\/\/alprestamo.com\/blog\/wp-json\/wp\/v2\/media\/39393"}],"wp:attachment":[{"href":"https:\/\/alprestamo.com\/blog\/wp-json\/wp\/v2\/media?parent=45344"}],"wp:term":[{"taxonomy":"category","embeddable":true,"href":"https:\/\/alprestamo.com\/blog\/wp-json\/wp\/v2\/categories?post=45344"},{"taxonomy":"post_tag","embeddable":true,"href":"https:\/\/alprestamo.com\/blog\/wp-json\/wp\/v2\/tags?post=45344"}],"curies":[{"name":"wp","href":"https:\/\/api.w.org\/{rel}","templated":true}]}}