{"id":45728,"date":"2025-09-02T11:50:41","date_gmt":"2025-09-02T14:50:41","guid":{"rendered":"https:\/\/alprestamo.com\/blog\/?p=45728"},"modified":"2025-09-02T11:50:45","modified_gmt":"2025-09-02T14:50:45","slug":"cuando-se-cobra-la-auh-y-tarjeta-alimentar-en-septiembre-2025-segun-anses","status":"publish","type":"post","link":"https:\/\/alprestamo.com\/blog\/cuando-se-cobra-la-auh-y-tarjeta-alimentar-en-septiembre-2025-segun-anses\/","title":{"rendered":"Cu\u00e1ndo se cobra la AUH y Tarjeta Alimentar en septiembre 2025 seg\u00fan ANSES"},"content":{"rendered":"\n<p>Con el inicio de septiembre, la <strong>ANSES <\/strong>comenz\u00f3 los pagos de la<strong> Asignaci\u00f3n Universal por Hijo (AUH) y la Tarjeta Alimenta<\/strong>r. A continuaci\u00f3n te contamos fechas clave, montos y c\u00f3mo verificar si te corresponde cobrar este programa social.&nbsp;<\/p>\n\n\n\n<h2 class=\"wp-block-heading\">Pagos de la AUH y Tarjeta Alimentar en septiembre<\/h2>\n\n\n\n<p><\/p>\n\n\n\n<p>Los pagos de estas dos prestaciones comenzar\u00e1n el lunes 8 de septiembre y se extender\u00e1n hasta el viernes 19, dependiendo del \u00faltimo n\u00famero de DNI de cada beneficiario.&nbsp;<\/p>\n\n\n\n<h2 class=\"wp-block-heading\">Monto de la AUH en septiembre de 2025<\/h2>\n\n\n\n<p><\/p>\n\n\n\n<p>De acuerdo a la Ley de Movilidad Jubilatoria, la<strong> AUH tendr\u00e1 un aumento de 1,9% en septiembre<\/strong>, alcanzando un valor de $115.087,90 por cada hijo. El 80% se abona todos los meses y el 20% restante se retiene hasta que los beneficiarios presenten la libreta escolar y m\u00e9dica correspondiente.&nbsp;<\/p>\n\n\n\n<h2 class=\"wp-block-heading\">Valor de la Tarjeta Alimentar&nbsp;<\/h2>\n\n\n\n<p><\/p>\n\n\n\n<p>Los montos se mantienen sin cambios respecto al mes de agosto:&nbsp;<\/p>\n\n\n\n<ul class=\"wp-block-list\">\n<li>$52.250 para familias con un solo hijo<\/li>\n\n\n\n<li>$81.936 para familias con dos hijos<\/li>\n\n\n\n<li>$108.062 para tres o m\u00e1s hijos<\/li>\n<\/ul>\n\n\n\n<h2 class=\"wp-block-heading\">Combinaci\u00f3n de ambos programas sociales<\/h2>\n\n\n\n<p><\/p>\n\n\n\n<p>Con ambos beneficios, el ingreso mensual de una familia puede aumentar de forma significativa:&nbsp;<\/p>\n\n\n\n<ul class=\"wp-block-list\">\n<li>Una familia con dos hijos recibir\u00e1 cerca de $184. 17 por la AUH m\u00e1s $81.936 por la Tarjeta Alimentar, alcanzando los $266.112<\/li>\n<\/ul>\n\n\n\n<ul class=\"wp-block-list\">\n<li>Un hogar con tres hijos o m\u00e1s podr\u00e1 recibir hasta $384.272\u00a0<\/li>\n<\/ul>\n\n\n\n<h2 class=\"wp-block-heading\">C\u00f3mo chequear si te corresponde el cobro&nbsp;<\/h2>\n\n\n\n<p>Para confirmar si vas a recibir la AUH y\/o el monto de la Tarjeta Alimentar:<\/p>\n\n\n\n<ul class=\"wp-block-list\">\n<li>Ingres\u00e1 a Mi Anses con n\u00famero de CUIL\/DNI y clave\u00a0<\/li>\n\n\n\n<li>Buscar la secci\u00f3n correspondiente\u00a0<\/li>\n<\/ul>\n","protected":false},"excerpt":{"rendered":"<p>Con el inicio de septiembre, la ANSES comenz\u00f3 los pagos de la Asignaci\u00f3n Universal por Hijo (AUH) y la Tarjeta Alimentar. A continuaci\u00f3n te contamos fechas clave, montos y c\u00f3mo verificar si te corresponde cobrar este programa social.&nbsp; Pagos de la AUH y Tarjeta Alimentar en septiembre Los pagos de estas dos prestaciones comenzar\u00e1n el &hellip;<\/p>\n<p class=\"read-more\"> <a class=\"\" href=\"https:\/\/alprestamo.com\/blog\/cuando-se-cobra-la-auh-y-tarjeta-alimentar-en-septiembre-2025-segun-anses\/\"> <span class=\"screen-reader-text\">Cu\u00e1ndo se cobra la AUH y Tarjeta Alimentar en septiembre 2025 seg\u00fan ANSES<\/span> Leer m\u00e1s &raquo;<\/a><\/p>\n","protected":false},"author":9,"featured_media":45206,"comment_status":"closed","ping_status":"closed","sticky":false,"template":"","format":"standard","meta":{"_uag_custom_page_level_css":"","site-sidebar-layout":"default","site-content-layout":"default","ast-global-header-display":"","ast-banner-title-visibility":"","ast-main-header-display":"","ast-hfb-above-header-display":"","ast-hfb-below-header-display":"","ast-hfb-mobile-header-display":"","site-post-title":"","ast-breadcrumbs-content":"","ast-featured-img":"","footer-sml-layout":"","theme-transparent-header-meta":"","adv-header-id-meta":"","stick-header-meta":"","header-above-stick-meta":"","header-main-stick-meta":"","header-below-stick-meta":"","footnotes":""},"categories":[92,10],"tags":[],"class_list":["post-45728","post","type-post","status-publish","format-standard","has-post-thumbnail","hentry","category-ar","category-programas-sociales-ar"],"acf":[],"yoast_head":"<!-- This site is optimized with the Yoast SEO plugin v23.2 - https:\/\/yoast.com\/wordpress\/plugins\/seo\/ -->\n<title>Cu\u00e1ndo se cobra la AUH y Tarjeta Alimentar en septiembre 2025 seg\u00fan ANSES<\/title>\n<meta name=\"description\" content=\"Fechas de pago AUH y Tarjeta Alimentar en septiembre 2025: montos, cronograma y c\u00f3mo chequearlo en Mi ANSES.\" \/>\n<meta name=\"robots\" content=\"index, follow, max-snippet:-1, max-image-preview:large, max-video-preview:-1\" \/>\n<link rel=\"canonical\" href=\"https:\/\/alprestamo.com\/blog\/cuando-se-cobra-la-auh-y-tarjeta-alimentar-en-septiembre-2025-segun-anses\/\" \/>\n<meta property=\"og:locale\" content=\"es_ES\" \/>\n<meta property=\"og:type\" content=\"article\" \/>\n<meta property=\"og:title\" content=\"Cu\u00e1ndo se cobra la AUH y Tarjeta Alimentar en septiembre 2025 seg\u00fan ANSES\" \/>\n<meta property=\"og:description\" content=\"Fechas de pago AUH y Tarjeta Alimentar en septiembre 2025: montos, cronograma y c\u00f3mo chequearlo en Mi ANSES.\" \/>\n<meta property=\"og:url\" content=\"https:\/\/alprestamo.com\/blog\/cuando-se-cobra-la-auh-y-tarjeta-alimentar-en-septiembre-2025-segun-anses\/\" \/>\n<meta property=\"og:site_name\" content=\"Alprestamo - Hacemos que todo suceda\" \/>\n<meta property=\"article:published_time\" content=\"2025-09-02T14:50:41+00:00\" \/>\n<meta property=\"article:modified_time\" content=\"2025-09-02T14:50:45+00:00\" \/>\n<meta property=\"og:image\" content=\"https:\/\/alprestamo.com\/blog\/wp-content\/uploads\/2025\/06\/fachada-en-formato-web_0-1-min.jpg\" \/>\n\t<meta property=\"og:image:width\" content=\"1261\" \/>\n\t<meta property=\"og:image:height\" content=\"841\" \/>\n\t<meta property=\"og:image:type\" content=\"image\/jpeg\" \/>\n<meta name=\"author\" content=\"Ramiro Querejeta\" \/>\n<meta name=\"twitter:card\" content=\"summary_large_image\" \/>\n<meta name=\"twitter:label1\" content=\"Escrito por\" \/>\n\t<meta name=\"twitter:data1\" content=\"Ramiro Querejeta\" \/>\n\t<meta name=\"twitter:label2\" content=\"Tiempo de lectura\" \/>\n\t<meta name=\"twitter:data2\" content=\"2 minutos\" \/>\n<script type=\"application\/ld+json\" class=\"yoast-schema-graph\">{\"@context\":\"https:\/\/schema.org\",\"@graph\":[{\"@type\":\"NewsArticle\",\"@id\":\"https:\/\/alprestamo.com\/blog\/cuando-se-cobra-la-auh-y-tarjeta-alimentar-en-septiembre-2025-segun-anses\/#article\",\"isPartOf\":{\"@id\":\"https:\/\/alprestamo.com\/blog\/cuando-se-cobra-la-auh-y-tarjeta-alimentar-en-septiembre-2025-segun-anses\/\"},\"author\":{\"name\":\"Ramiro Querejeta\",\"@id\":\"https:\/\/alprestamo.com\/blog\/#\/schema\/person\/4c568603ceb381762b4c9062d42c7627\"},\"headline\":\"Cu\u00e1ndo se cobra la AUH y Tarjeta Alimentar en septiembre 2025 seg\u00fan ANSES\",\"datePublished\":\"2025-09-02T14:50:41+00:00\",\"dateModified\":\"2025-09-02T14:50:45+00:00\",\"mainEntityOfPage\":{\"@id\":\"https:\/\/alprestamo.com\/blog\/cuando-se-cobra-la-auh-y-tarjeta-alimentar-en-septiembre-2025-segun-anses\/\"},\"wordCount\":277,\"publisher\":{\"@id\":\"https:\/\/alprestamo.com\/blog\/#organization\"},\"image\":{\"@id\":\"https:\/\/alprestamo.com\/blog\/cuando-se-cobra-la-auh-y-tarjeta-alimentar-en-septiembre-2025-segun-anses\/#primaryimage\"},\"thumbnailUrl\":\"https:\/\/alprestamo.com\/blog\/wp-content\/uploads\/2025\/06\/fachada-en-formato-web_0-1-min.jpg\",\"articleSection\":[\"AR\",\"Programas sociales\"],\"inLanguage\":\"es-AR\"},{\"@type\":\"WebPage\",\"@id\":\"https:\/\/alprestamo.com\/blog\/cuando-se-cobra-la-auh-y-tarjeta-alimentar-en-septiembre-2025-segun-anses\/\",\"url\":\"https:\/\/alprestamo.com\/blog\/cuando-se-cobra-la-auh-y-tarjeta-alimentar-en-septiembre-2025-segun-anses\/\",\"name\":\"Cu\u00e1ndo se cobra la AUH y Tarjeta Alimentar en septiembre 2025 seg\u00fan ANSES\",\"isPartOf\":{\"@id\":\"https:\/\/alprestamo.com\/blog\/#website\"},\"primaryImageOfPage\":{\"@id\":\"https:\/\/alprestamo.com\/blog\/cuando-se-cobra-la-auh-y-tarjeta-alimentar-en-septiembre-2025-segun-anses\/#primaryimage\"},\"image\":{\"@id\":\"https:\/\/alprestamo.com\/blog\/cuando-se-cobra-la-auh-y-tarjeta-alimentar-en-septiembre-2025-segun-anses\/#primaryimage\"},\"thumbnailUrl\":\"https:\/\/alprestamo.com\/blog\/wp-content\/uploads\/2025\/06\/fachada-en-formato-web_0-1-min.jpg\",\"datePublished\":\"2025-09-02T14:50:41+00:00\",\"dateModified\":\"2025-09-02T14:50:45+00:00\",\"description\":\"Fechas de pago AUH y Tarjeta Alimentar en septiembre 2025: montos, cronograma y c\u00f3mo chequearlo en Mi ANSES.\",\"breadcrumb\":{\"@id\":\"https:\/\/alprestamo.com\/blog\/cuando-se-cobra-la-auh-y-tarjeta-alimentar-en-septiembre-2025-segun-anses\/#breadcrumb\"},\"inLanguage\":\"es-AR\",\"potentialAction\":[{\"@type\":\"ReadAction\",\"target\":[\"https:\/\/alprestamo.com\/blog\/cuando-se-cobra-la-auh-y-tarjeta-alimentar-en-septiembre-2025-segun-anses\/\"]}]},{\"@type\":\"ImageObject\",\"inLanguage\":\"es-AR\",\"@id\":\"https:\/\/alprestamo.com\/blog\/cuando-se-cobra-la-auh-y-tarjeta-alimentar-en-septiembre-2025-segun-anses\/#primaryimage\",\"url\":\"https:\/\/alprestamo.com\/blog\/wp-content\/uploads\/2025\/06\/fachada-en-formato-web_0-1-min.jpg\",\"contentUrl\":\"https:\/\/alprestamo.com\/blog\/wp-content\/uploads\/2025\/06\/fachada-en-formato-web_0-1-min.jpg\",\"width\":1261,\"height\":841,\"caption\":\"Pr\u00e9stamos ANSES 2025 para AUH (Asignacion Universal por Hijo): \u00bfc\u00f3mo pedir hasta $1.000.000 de pesos?\"},{\"@type\":\"BreadcrumbList\",\"@id\":\"https:\/\/alprestamo.com\/blog\/cuando-se-cobra-la-auh-y-tarjeta-alimentar-en-septiembre-2025-segun-anses\/#breadcrumb\",\"itemListElement\":[{\"@type\":\"ListItem\",\"position\":1,\"name\":\"Home\",\"item\":\"https:\/\/alprestamo.com\/blog\/\"},{\"@type\":\"ListItem\",\"position\":2,\"name\":\"Cu\u00e1ndo se cobra la AUH y Tarjeta Alimentar en septiembre 2025 seg\u00fan ANSES\"}]},{\"@type\":\"WebSite\",\"@id\":\"https:\/\/alprestamo.com\/blog\/#website\",\"url\":\"https:\/\/alprestamo.com\/blog\/\",\"name\":\"Alprestamo\",\"description\":\"Hacemos que todo suceda\",\"publisher\":{\"@id\":\"https:\/\/alprestamo.com\/blog\/#organization\"},\"potentialAction\":[{\"@type\":\"SearchAction\",\"target\":{\"@type\":\"EntryPoint\",\"urlTemplate\":\"https:\/\/alprestamo.com\/blog\/?s={search_term_string}\"},\"query-input\":\"required name=search_term_string\"}],\"inLanguage\":\"es-AR\"},{\"@type\":\"Organization\",\"@id\":\"https:\/\/alprestamo.com\/blog\/#organization\",\"name\":\"Alprestamo\",\"url\":\"https:\/\/alprestamo.com\/blog\/\",\"logo\":{\"@type\":\"ImageObject\",\"inLanguage\":\"es-AR\",\"@id\":\"https:\/\/alprestamo.com\/blog\/#\/schema\/logo\/image\/\",\"url\":\"https:\/\/alprestamo.com\/blog\/wp-content\/uploads\/2022\/10\/Imagotipo_Blanco.svg\",\"contentUrl\":\"https:\/\/alprestamo.com\/blog\/wp-content\/uploads\/2022\/10\/Imagotipo_Blanco.svg\",\"width\":1199,\"height\":203,\"caption\":\"Alprestamo\"},\"image\":{\"@id\":\"https:\/\/alprestamo.com\/blog\/#\/schema\/logo\/image\/\"}},{\"@type\":\"Person\",\"@id\":\"https:\/\/alprestamo.com\/blog\/#\/schema\/person\/4c568603ceb381762b4c9062d42c7627\",\"name\":\"Ramiro Querejeta\",\"image\":{\"@type\":\"ImageObject\",\"inLanguage\":\"es-AR\",\"@id\":\"https:\/\/alprestamo.com\/blog\/#\/schema\/person\/image\/\",\"url\":\"https:\/\/alprestamo.com\/blog\/wp-content\/uploads\/2025\/08\/1688503693490-150x150.jpeg\",\"contentUrl\":\"https:\/\/alprestamo.com\/blog\/wp-content\/uploads\/2025\/08\/1688503693490-150x150.jpeg\",\"caption\":\"Ramiro Querejeta\"},\"url\":\"https:\/\/alprestamo.com\/blog\/author\/ramiro\/\"}]}<\/script>\n<!-- \/ Yoast SEO plugin. -->","yoast_head_json":{"title":"Cu\u00e1ndo se cobra la AUH y Tarjeta Alimentar en septiembre 2025 seg\u00fan ANSES","description":"Fechas de pago AUH y Tarjeta Alimentar en septiembre 2025: montos, cronograma y c\u00f3mo chequearlo en Mi ANSES.","robots":{"index":"index","follow":"follow","max-snippet":"max-snippet:-1","max-image-preview":"max-image-preview:large","max-video-preview":"max-video-preview:-1"},"canonical":"https:\/\/alprestamo.com\/blog\/cuando-se-cobra-la-auh-y-tarjeta-alimentar-en-septiembre-2025-segun-anses\/","og_locale":"es_ES","og_type":"article","og_title":"Cu\u00e1ndo se cobra la AUH y Tarjeta Alimentar en septiembre 2025 seg\u00fan ANSES","og_description":"Fechas de pago AUH y Tarjeta Alimentar en septiembre 2025: montos, cronograma y c\u00f3mo chequearlo en Mi ANSES.","og_url":"https:\/\/alprestamo.com\/blog\/cuando-se-cobra-la-auh-y-tarjeta-alimentar-en-septiembre-2025-segun-anses\/","og_site_name":"Alprestamo - Hacemos que todo suceda","article_published_time":"2025-09-02T14:50:41+00:00","article_modified_time":"2025-09-02T14:50:45+00:00","og_image":[{"width":1261,"height":841,"url":"https:\/\/alprestamo.com\/blog\/wp-content\/uploads\/2025\/06\/fachada-en-formato-web_0-1-min.jpg","type":"image\/jpeg"}],"author":"Ramiro Querejeta","twitter_card":"summary_large_image","twitter_misc":{"Escrito por":"Ramiro Querejeta","Tiempo de lectura":"2 minutos"},"schema":{"@context":"https:\/\/schema.org","@graph":[{"@type":"NewsArticle","@id":"https:\/\/alprestamo.com\/blog\/cuando-se-cobra-la-auh-y-tarjeta-alimentar-en-septiembre-2025-segun-anses\/#article","isPartOf":{"@id":"https:\/\/alprestamo.com\/blog\/cuando-se-cobra-la-auh-y-tarjeta-alimentar-en-septiembre-2025-segun-anses\/"},"author":{"name":"Ramiro Querejeta","@id":"https:\/\/alprestamo.com\/blog\/#\/schema\/person\/4c568603ceb381762b4c9062d42c7627"},"headline":"Cu\u00e1ndo se cobra la AUH y Tarjeta Alimentar en septiembre 2025 seg\u00fan ANSES","datePublished":"2025-09-02T14:50:41+00:00","dateModified":"2025-09-02T14:50:45+00:00","mainEntityOfPage":{"@id":"https:\/\/alprestamo.com\/blog\/cuando-se-cobra-la-auh-y-tarjeta-alimentar-en-septiembre-2025-segun-anses\/"},"wordCount":277,"publisher":{"@id":"https:\/\/alprestamo.com\/blog\/#organization"},"image":{"@id":"https:\/\/alprestamo.com\/blog\/cuando-se-cobra-la-auh-y-tarjeta-alimentar-en-septiembre-2025-segun-anses\/#primaryimage"},"thumbnailUrl":"https:\/\/alprestamo.com\/blog\/wp-content\/uploads\/2025\/06\/fachada-en-formato-web_0-1-min.jpg","articleSection":["AR","Programas sociales"],"inLanguage":"es-AR"},{"@type":"WebPage","@id":"https:\/\/alprestamo.com\/blog\/cuando-se-cobra-la-auh-y-tarjeta-alimentar-en-septiembre-2025-segun-anses\/","url":"https:\/\/alprestamo.com\/blog\/cuando-se-cobra-la-auh-y-tarjeta-alimentar-en-septiembre-2025-segun-anses\/","name":"Cu\u00e1ndo se cobra la AUH y Tarjeta Alimentar en septiembre 2025 seg\u00fan ANSES","isPartOf":{"@id":"https:\/\/alprestamo.com\/blog\/#website"},"primaryImageOfPage":{"@id":"https:\/\/alprestamo.com\/blog\/cuando-se-cobra-la-auh-y-tarjeta-alimentar-en-septiembre-2025-segun-anses\/#primaryimage"},"image":{"@id":"https:\/\/alprestamo.com\/blog\/cuando-se-cobra-la-auh-y-tarjeta-alimentar-en-septiembre-2025-segun-anses\/#primaryimage"},"thumbnailUrl":"https:\/\/alprestamo.com\/blog\/wp-content\/uploads\/2025\/06\/fachada-en-formato-web_0-1-min.jpg","datePublished":"2025-09-02T14:50:41+00:00","dateModified":"2025-09-02T14:50:45+00:00","description":"Fechas de pago AUH y Tarjeta Alimentar en septiembre 2025: montos, cronograma y c\u00f3mo chequearlo en Mi ANSES.","breadcrumb":{"@id":"https:\/\/alprestamo.com\/blog\/cuando-se-cobra-la-auh-y-tarjeta-alimentar-en-septiembre-2025-segun-anses\/#breadcrumb"},"inLanguage":"es-AR","potentialAction":[{"@type":"ReadAction","target":["https:\/\/alprestamo.com\/blog\/cuando-se-cobra-la-auh-y-tarjeta-alimentar-en-septiembre-2025-segun-anses\/"]}]},{"@type":"ImageObject","inLanguage":"es-AR","@id":"https:\/\/alprestamo.com\/blog\/cuando-se-cobra-la-auh-y-tarjeta-alimentar-en-septiembre-2025-segun-anses\/#primaryimage","url":"https:\/\/alprestamo.com\/blog\/wp-content\/uploads\/2025\/06\/fachada-en-formato-web_0-1-min.jpg","contentUrl":"https:\/\/alprestamo.com\/blog\/wp-content\/uploads\/2025\/06\/fachada-en-formato-web_0-1-min.jpg","width":1261,"height":841,"caption":"Pr\u00e9stamos ANSES 2025 para AUH (Asignacion Universal por Hijo): \u00bfc\u00f3mo pedir hasta $1.000.000 de pesos?"},{"@type":"BreadcrumbList","@id":"https:\/\/alprestamo.com\/blog\/cuando-se-cobra-la-auh-y-tarjeta-alimentar-en-septiembre-2025-segun-anses\/#breadcrumb","itemListElement":[{"@type":"ListItem","position":1,"name":"Home","item":"https:\/\/alprestamo.com\/blog\/"},{"@type":"ListItem","position":2,"name":"Cu\u00e1ndo se cobra la AUH y Tarjeta Alimentar en septiembre 2025 seg\u00fan ANSES"}]},{"@type":"WebSite","@id":"https:\/\/alprestamo.com\/blog\/#website","url":"https:\/\/alprestamo.com\/blog\/","name":"Alprestamo","description":"Hacemos que todo suceda","publisher":{"@id":"https:\/\/alprestamo.com\/blog\/#organization"},"potentialAction":[{"@type":"SearchAction","target":{"@type":"EntryPoint","urlTemplate":"https:\/\/alprestamo.com\/blog\/?s={search_term_string}"},"query-input":"required name=search_term_string"}],"inLanguage":"es-AR"},{"@type":"Organization","@id":"https:\/\/alprestamo.com\/blog\/#organization","name":"Alprestamo","url":"https:\/\/alprestamo.com\/blog\/","logo":{"@type":"ImageObject","inLanguage":"es-AR","@id":"https:\/\/alprestamo.com\/blog\/#\/schema\/logo\/image\/","url":"https:\/\/alprestamo.com\/blog\/wp-content\/uploads\/2022\/10\/Imagotipo_Blanco.svg","contentUrl":"https:\/\/alprestamo.com\/blog\/wp-content\/uploads\/2022\/10\/Imagotipo_Blanco.svg","width":1199,"height":203,"caption":"Alprestamo"},"image":{"@id":"https:\/\/alprestamo.com\/blog\/#\/schema\/logo\/image\/"}},{"@type":"Person","@id":"https:\/\/alprestamo.com\/blog\/#\/schema\/person\/4c568603ceb381762b4c9062d42c7627","name":"Ramiro Querejeta","image":{"@type":"ImageObject","inLanguage":"es-AR","@id":"https:\/\/alprestamo.com\/blog\/#\/schema\/person\/image\/","url":"https:\/\/alprestamo.com\/blog\/wp-content\/uploads\/2025\/08\/1688503693490-150x150.jpeg","contentUrl":"https:\/\/alprestamo.com\/blog\/wp-content\/uploads\/2025\/08\/1688503693490-150x150.jpeg","caption":"Ramiro Querejeta"},"url":"https:\/\/alprestamo.com\/blog\/author\/ramiro\/"}]}},"uagb_featured_image_src":{"full":["https:\/\/alprestamo.com\/blog\/wp-content\/uploads\/2025\/06\/fachada-en-formato-web_0-1-min.jpg",1261,841,false],"thumbnail":["https:\/\/alprestamo.com\/blog\/wp-content\/uploads\/2025\/06\/fachada-en-formato-web_0-1-min-150x150.jpg",150,150,true],"medium":["https:\/\/alprestamo.com\/blog\/wp-content\/uploads\/2025\/06\/fachada-en-formato-web_0-1-min-300x200.jpg",300,200,true],"medium_large":["https:\/\/alprestamo.com\/blog\/wp-content\/uploads\/2025\/06\/fachada-en-formato-web_0-1-min-768x512.jpg",768,512,true],"large":["https:\/\/alprestamo.com\/blog\/wp-content\/uploads\/2025\/06\/fachada-en-formato-web_0-1-min-1024x683.jpg",1024,683,true],"1536x1536":["https:\/\/alprestamo.com\/blog\/wp-content\/uploads\/2025\/06\/fachada-en-formato-web_0-1-min.jpg",1261,841,false],"2048x2048":["https:\/\/alprestamo.com\/blog\/wp-content\/uploads\/2025\/06\/fachada-en-formato-web_0-1-min.jpg",1261,841,false]},"uagb_author_info":{"display_name":"Ramiro Querejeta","author_link":"https:\/\/alprestamo.com\/blog\/author\/ramiro\/"},"uagb_comment_info":0,"uagb_excerpt":"Con el inicio de septiembre, la ANSES comenz\u00f3 los pagos de la Asignaci\u00f3n Universal por Hijo (AUH) y la Tarjeta Alimentar. A continuaci\u00f3n te contamos fechas clave, montos y c\u00f3mo verificar si te corresponde cobrar este programa social.&nbsp; Pagos de la AUH y Tarjeta Alimentar en septiembre Los pagos de estas dos prestaciones comenzar\u00e1n el&hellip;","rttpg_featured_image_url":{"full":["https:\/\/alprestamo.com\/blog\/wp-content\/uploads\/2025\/06\/fachada-en-formato-web_0-1-min.jpg",1261,841,false],"landscape":["https:\/\/alprestamo.com\/blog\/wp-content\/uploads\/2025\/06\/fachada-en-formato-web_0-1-min.jpg",1261,841,false],"portraits":["https:\/\/alprestamo.com\/blog\/wp-content\/uploads\/2025\/06\/fachada-en-formato-web_0-1-min.jpg",1261,841,false],"thumbnail":["https:\/\/alprestamo.com\/blog\/wp-content\/uploads\/2025\/06\/fachada-en-formato-web_0-1-min-150x150.jpg",150,150,true],"medium":["https:\/\/alprestamo.com\/blog\/wp-content\/uploads\/2025\/06\/fachada-en-formato-web_0-1-min-300x200.jpg",300,200,true],"large":["https:\/\/alprestamo.com\/blog\/wp-content\/uploads\/2025\/06\/fachada-en-formato-web_0-1-min-1024x683.jpg",1024,683,true],"1536x1536":["https:\/\/alprestamo.com\/blog\/wp-content\/uploads\/2025\/06\/fachada-en-formato-web_0-1-min.jpg",1261,841,false],"2048x2048":["https:\/\/alprestamo.com\/blog\/wp-content\/uploads\/2025\/06\/fachada-en-formato-web_0-1-min.jpg",1261,841,false],"rt_custom":["https:\/\/alprestamo.com\/blog\/wp-content\/uploads\/2025\/06\/fachada-en-formato-web_0-1-min.jpg",1261,841,false]},"rttpg_author":{"display_name":"Ramiro Querejeta","author_link":"https:\/\/alprestamo.com\/blog\/author\/ramiro\/"},"rttpg_comment":0,"rttpg_category":"<a href=\"https:\/\/alprestamo.com\/blog\/categoria\/ar\/\" rel=\"category tag\">AR<\/a> <a href=\"https:\/\/alprestamo.com\/blog\/categoria\/ar\/programas-sociales-ar\/\" rel=\"category tag\">Programas sociales<\/a>","rttpg_excerpt":"Con el inicio de septiembre, la ANSES comenz\u00f3 los pagos de la Asignaci\u00f3n Universal por Hijo (AUH) y la Tarjeta Alimentar. A continuaci\u00f3n te contamos fechas clave, montos y c\u00f3mo verificar si te corresponde cobrar este programa social.&nbsp; Pagos de la AUH y Tarjeta Alimentar en septiembre Los pagos de estas dos prestaciones comenzar\u00e1n el&hellip;","_links":{"self":[{"href":"https:\/\/alprestamo.com\/blog\/wp-json\/wp\/v2\/posts\/45728"}],"collection":[{"href":"https:\/\/alprestamo.com\/blog\/wp-json\/wp\/v2\/posts"}],"about":[{"href":"https:\/\/alprestamo.com\/blog\/wp-json\/wp\/v2\/types\/post"}],"author":[{"embeddable":true,"href":"https:\/\/alprestamo.com\/blog\/wp-json\/wp\/v2\/users\/9"}],"replies":[{"embeddable":true,"href":"https:\/\/alprestamo.com\/blog\/wp-json\/wp\/v2\/comments?post=45728"}],"version-history":[{"count":1,"href":"https:\/\/alprestamo.com\/blog\/wp-json\/wp\/v2\/posts\/45728\/revisions"}],"predecessor-version":[{"id":45729,"href":"https:\/\/alprestamo.com\/blog\/wp-json\/wp\/v2\/posts\/45728\/revisions\/45729"}],"wp:featuredmedia":[{"embeddable":true,"href":"https:\/\/alprestamo.com\/blog\/wp-json\/wp\/v2\/media\/45206"}],"wp:attachment":[{"href":"https:\/\/alprestamo.com\/blog\/wp-json\/wp\/v2\/media?parent=45728"}],"wp:term":[{"taxonomy":"category","embeddable":true,"href":"https:\/\/alprestamo.com\/blog\/wp-json\/wp\/v2\/categories?post=45728"},{"taxonomy":"post_tag","embeddable":true,"href":"https:\/\/alprestamo.com\/blog\/wp-json\/wp\/v2\/tags?post=45728"}],"curies":[{"name":"wp","href":"https:\/\/api.w.org\/{rel}","templated":true}]}}