{"id":45731,"date":"2025-09-05T12:12:46","date_gmt":"2025-09-05T15:12:46","guid":{"rendered":"https:\/\/alprestamo.com\/blog\/?p=45731"},"modified":"2025-09-05T12:12:49","modified_gmt":"2025-09-05T15:12:49","slug":"fechas-de-cobro-anses-en-septiembre-de-2025","status":"publish","type":"post","link":"https:\/\/alprestamo.com\/blog\/fechas-de-cobro-anses-en-septiembre-de-2025\/","title":{"rendered":"Fechas de cobro ANSES en septiembre de 2025"},"content":{"rendered":"\n<p>La <strong>Administraci\u00f3n Nacional de la Seguridad Social (ANSES)<\/strong> public\u00f3 su cronograma de pagos para el mes de septiembre. A continuaci\u00f3n, te contamos las fechas de cobro de las prestaciones que otorga por orden de n\u00famero de documento.&nbsp;<\/p>\n\n\n\n<h2 class=\"wp-block-heading\">Aumentos de las prestaciones de ANSES para septiembre&nbsp;<\/h2>\n\n\n\n<p>De acuerdo al \u00faltimo dato de inflaci\u00f3n de julio, todas las prestaciones tuvieron <strong>un aumento de 1,9%<\/strong> (<a href=\"https:\/\/alprestamo.com\/blog\/cuando-se-cobra-la-auh-y-tarjeta-alimentar-en-septiembre-2025-segun-anses\/\" target=\"_blank\" rel=\"noreferrer noopener\">AUH<\/a>, jubilaciones, pensiones, AUE, entre otras).\u00a0\u00a0<\/p>\n\n\n\n<h2 class=\"wp-block-heading\">Calendario de pagos por n\u00famero de DNI<\/h2>\n\n\n\n<p><\/p>\n\n\n\n<h3 class=\"wp-block-heading\">Jubilaciones y pensiones menores o iguales al haber m\u00ednimo<\/h3>\n\n\n\n<p><\/p>\n\n\n\n<ul class=\"wp-block-list\">\n<li>DNI terminados en 0: 8 septiembre<\/li>\n<\/ul>\n\n\n\n<ul class=\"wp-block-list\">\n<li>DNI terminados en 1: 9 septiembre<\/li>\n<\/ul>\n\n\n\n<ul class=\"wp-block-list\">\n<li>DNI terminados en 2: 10 septiembre<\/li>\n<\/ul>\n\n\n\n<ul class=\"wp-block-list\">\n<li>DNI terminados en 3: 11 septiembre<\/li>\n<\/ul>\n\n\n\n<ul class=\"wp-block-list\">\n<li>DNI terminados en 4: 12 septiembre<\/li>\n<\/ul>\n\n\n\n<ul class=\"wp-block-list\">\n<li>DNI terminados 5: 15 septiembre<\/li>\n<\/ul>\n\n\n\n<ul class=\"wp-block-list\">\n<li>DNI terminados en 6: 16 septiembre<\/li>\n<\/ul>\n\n\n\n<ul class=\"wp-block-list\">\n<li>DNI terminados en 7: 17 septiembre<\/li>\n<\/ul>\n\n\n\n<ul class=\"wp-block-list\">\n<li>DNI terminados en 8: 18 septiembre<\/li>\n<\/ul>\n\n\n\n<ul class=\"wp-block-list\">\n<li>DNI\u00a0 terminados en 9: 19 septiembre<\/li>\n<\/ul>\n\n\n\n<h3 class=\"wp-block-heading\">Jubilaciones y pensiones mayores al haber m\u00ednimo<\/h3>\n\n\n\n<p><\/p>\n\n\n\n<ul class=\"wp-block-list\">\n<li>DNI terminados en 0 y 1: 22 septiembre<\/li>\n<\/ul>\n\n\n\n<ul class=\"wp-block-list\">\n<li>DNI terminados en 2 y 3: 23 septiembre<\/li>\n<\/ul>\n\n\n\n<ul class=\"wp-block-list\">\n<li>DNI terminados en 4 y 5: 24 septiembre\u00a0<\/li>\n<\/ul>\n\n\n\n<ul class=\"wp-block-list\">\n<li>DNI terminados en 6 y 7: 25 septiembre<\/li>\n<\/ul>\n\n\n\n<ul class=\"wp-block-list\">\n<li>DNI terminados en 8 y 9: 26 septiembre<\/li>\n<\/ul>\n\n\n\n<h3 class=\"wp-block-heading\">Asignaci\u00f3n por Embarazo (AUE)<\/h3>\n\n\n\n<p><\/p>\n\n\n\n<ul class=\"wp-block-list\">\n<li>DNI terminados en 0 : 10 septiembre\u00a0<\/li>\n<\/ul>\n\n\n\n<ul class=\"wp-block-list\">\n<li>DNI terminados en 1 : 11 septiembre\u00a0<\/li>\n<\/ul>\n\n\n\n<ul class=\"wp-block-list\">\n<li>DNI terminados en 2 : 12 septiembre\u00a0<\/li>\n<\/ul>\n\n\n\n<ul class=\"wp-block-list\">\n<li>DNI terminados en 3 : 15 septiembre\u00a0<\/li>\n<\/ul>\n\n\n\n<ul class=\"wp-block-list\">\n<li>DNI terminados en 4: 16 septiembre\u00a0<\/li>\n<\/ul>\n\n\n\n<ul class=\"wp-block-list\">\n<li>DNI terminados en 5: 17 septiembre\u00a0<\/li>\n<\/ul>\n\n\n\n<ul class=\"wp-block-list\">\n<li>DNI terminados en 6: 18 septiembre\u00a0<\/li>\n<\/ul>\n\n\n\n<ul class=\"wp-block-list\">\n<li>DNI terminados en 7: 19 septiembre\u00a0<\/li>\n<\/ul>\n\n\n\n<ul class=\"wp-block-list\">\n<li>DNI terminados en 8: 22 septiembre\u00a0<\/li>\n<\/ul>\n\n\n\n<ul class=\"wp-block-list\">\n<li>DNi terminados en 9: 23 septiembre\u00a0<\/li>\n<\/ul>\n\n\n\n<h3 class=\"wp-block-heading\">Prenatal y maternidad<\/h3>\n\n\n\n<p><\/p>\n\n\n\n<ul class=\"wp-block-list\">\n<li>DNI terminados en 0 y 1: 10 septiembre\u00a0<\/li>\n<\/ul>\n\n\n\n<ul class=\"wp-block-list\">\n<li>DNI terminados en 2 y 3: 11 septiembre\u00a0<\/li>\n<\/ul>\n\n\n\n<ul class=\"wp-block-list\">\n<li>DNI terminados en 4 y 5: 12 septiembre\u00a0<\/li>\n<\/ul>\n\n\n\n<ul class=\"wp-block-list\">\n<li>DNI terminados en 6 y 7: 15 septiembre\u00a0<\/li>\n<\/ul>\n\n\n\n<ul class=\"wp-block-list\">\n<li>DNI terminados en 8 y 9: 16 septiembre\u00a0<\/li>\n<\/ul>\n\n\n\n<h3 class=\"wp-block-heading\">Prestaci\u00f3n por desempleo<\/h3>\n\n\n\n<p><\/p>\n\n\n\n<ul class=\"wp-block-list\">\n<li>DNI terminados en 0 y 1: 19 septiembre\u00a0<\/li>\n<\/ul>\n\n\n\n<ul class=\"wp-block-list\">\n<li>DNI terminados en 2 y 3: 22 septiembre\u00a0<\/li>\n<\/ul>\n\n\n\n<ul class=\"wp-block-list\">\n<li>DNI terminados en 4 y 5: 23 septiembre\u00a0<\/li>\n<\/ul>\n\n\n\n<ul class=\"wp-block-list\">\n<li>DNI terminados en 6 y 7: 24 septiembre\u00a0<\/li>\n<\/ul>\n\n\n\n<ul class=\"wp-block-list\">\n<li>DNI terminados en 8 y 9: 25 septiembre\u00a0<\/li>\n<\/ul>\n","protected":false},"excerpt":{"rendered":"<p>La Administraci\u00f3n Nacional de la Seguridad Social (ANSES) public\u00f3 su cronograma de pagos para el mes de septiembre. A continuaci\u00f3n, te contamos las fechas de cobro de las prestaciones que otorga por orden de n\u00famero de documento.&nbsp; Aumentos de las prestaciones de ANSES para septiembre&nbsp; De acuerdo al \u00faltimo dato de inflaci\u00f3n de julio, todas &hellip;<\/p>\n<p class=\"read-more\"> <a class=\"\" href=\"https:\/\/alprestamo.com\/blog\/fechas-de-cobro-anses-en-septiembre-de-2025\/\"> <span class=\"screen-reader-text\">Fechas de cobro ANSES en septiembre de 2025<\/span> Leer m\u00e1s &raquo;<\/a><\/p>\n","protected":false},"author":9,"featured_media":39273,"comment_status":"closed","ping_status":"closed","sticky":false,"template":"","format":"standard","meta":{"_uag_custom_page_level_css":"","site-sidebar-layout":"default","site-content-layout":"default","ast-global-header-display":"","ast-banner-title-visibility":"","ast-main-header-display":"","ast-hfb-above-header-display":"","ast-hfb-below-header-display":"","ast-hfb-mobile-header-display":"","site-post-title":"","ast-breadcrumbs-content":"","ast-featured-img":"","footer-sml-layout":"","theme-transparent-header-meta":"","adv-header-id-meta":"","stick-header-meta":"","header-above-stick-meta":"","header-main-stick-meta":"","header-below-stick-meta":"","footnotes":""},"categories":[92,10],"tags":[],"class_list":["post-45731","post","type-post","status-publish","format-standard","has-post-thumbnail","hentry","category-ar","category-programas-sociales-ar"],"acf":[],"yoast_head":"<!-- This site is optimized with the Yoast SEO plugin v23.2 - https:\/\/yoast.com\/wordpress\/plugins\/seo\/ -->\n<title>Fechas de cobro ANSES en septiembre de 2025<\/title>\n<meta name=\"description\" content=\"Conoc\u00e9 el cronograma de pagos de ANSES para septiembre 2025: jubilaciones, AUH, AUE, PNC y m\u00e1s seg\u00fan terminaci\u00f3n del DNI.\" \/>\n<meta name=\"robots\" content=\"index, follow, max-snippet:-1, max-image-preview:large, max-video-preview:-1\" \/>\n<link rel=\"canonical\" href=\"https:\/\/alprestamo.com\/blog\/fechas-de-cobro-anses-en-septiembre-de-2025\/\" \/>\n<meta property=\"og:locale\" content=\"es_ES\" \/>\n<meta property=\"og:type\" content=\"article\" \/>\n<meta property=\"og:title\" content=\"Fechas de cobro ANSES en septiembre de 2025\" \/>\n<meta property=\"og:description\" content=\"Conoc\u00e9 el cronograma de pagos de ANSES para septiembre 2025: jubilaciones, AUH, AUE, PNC y m\u00e1s seg\u00fan terminaci\u00f3n del DNI.\" \/>\n<meta property=\"og:url\" content=\"https:\/\/alprestamo.com\/blog\/fechas-de-cobro-anses-en-septiembre-de-2025\/\" \/>\n<meta property=\"og:site_name\" content=\"Alprestamo - Hacemos que todo suceda\" \/>\n<meta property=\"article:published_time\" content=\"2025-09-05T15:12:46+00:00\" \/>\n<meta property=\"article:modified_time\" content=\"2025-09-05T15:12:49+00:00\" \/>\n<meta property=\"og:image\" content=\"https:\/\/alprestamo.com\/blog\/wp-content\/uploads\/2024\/09\/Proyecto-nuevo.webp\" \/>\n\t<meta property=\"og:image:width\" content=\"1200\" \/>\n\t<meta property=\"og:image:height\" content=\"670\" \/>\n\t<meta property=\"og:image:type\" content=\"image\/webp\" \/>\n<meta name=\"author\" content=\"Ramiro Querejeta\" \/>\n<meta name=\"twitter:card\" content=\"summary_large_image\" \/>\n<meta name=\"twitter:label1\" content=\"Escrito por\" \/>\n\t<meta name=\"twitter:data1\" content=\"Ramiro Querejeta\" \/>\n\t<meta name=\"twitter:label2\" content=\"Tiempo de lectura\" \/>\n\t<meta name=\"twitter:data2\" content=\"2 minutos\" \/>\n<script type=\"application\/ld+json\" class=\"yoast-schema-graph\">{\"@context\":\"https:\/\/schema.org\",\"@graph\":[{\"@type\":\"NewsArticle\",\"@id\":\"https:\/\/alprestamo.com\/blog\/fechas-de-cobro-anses-en-septiembre-de-2025\/#article\",\"isPartOf\":{\"@id\":\"https:\/\/alprestamo.com\/blog\/fechas-de-cobro-anses-en-septiembre-de-2025\/\"},\"author\":{\"name\":\"Ramiro Querejeta\",\"@id\":\"https:\/\/alprestamo.com\/blog\/#\/schema\/person\/4c568603ceb381762b4c9062d42c7627\"},\"headline\":\"Fechas de cobro ANSES en septiembre de 2025\",\"datePublished\":\"2025-09-05T15:12:46+00:00\",\"dateModified\":\"2025-09-05T15:12:49+00:00\",\"mainEntityOfPage\":{\"@id\":\"https:\/\/alprestamo.com\/blog\/fechas-de-cobro-anses-en-septiembre-de-2025\/\"},\"wordCount\":272,\"publisher\":{\"@id\":\"https:\/\/alprestamo.com\/blog\/#organization\"},\"image\":{\"@id\":\"https:\/\/alprestamo.com\/blog\/fechas-de-cobro-anses-en-septiembre-de-2025\/#primaryimage\"},\"thumbnailUrl\":\"https:\/\/alprestamo.com\/blog\/wp-content\/uploads\/2024\/09\/Proyecto-nuevo.webp\",\"articleSection\":[\"AR\",\"Programas sociales\"],\"inLanguage\":\"es-AR\"},{\"@type\":\"WebPage\",\"@id\":\"https:\/\/alprestamo.com\/blog\/fechas-de-cobro-anses-en-septiembre-de-2025\/\",\"url\":\"https:\/\/alprestamo.com\/blog\/fechas-de-cobro-anses-en-septiembre-de-2025\/\",\"name\":\"Fechas de cobro ANSES en septiembre de 2025\",\"isPartOf\":{\"@id\":\"https:\/\/alprestamo.com\/blog\/#website\"},\"primaryImageOfPage\":{\"@id\":\"https:\/\/alprestamo.com\/blog\/fechas-de-cobro-anses-en-septiembre-de-2025\/#primaryimage\"},\"image\":{\"@id\":\"https:\/\/alprestamo.com\/blog\/fechas-de-cobro-anses-en-septiembre-de-2025\/#primaryimage\"},\"thumbnailUrl\":\"https:\/\/alprestamo.com\/blog\/wp-content\/uploads\/2024\/09\/Proyecto-nuevo.webp\",\"datePublished\":\"2025-09-05T15:12:46+00:00\",\"dateModified\":\"2025-09-05T15:12:49+00:00\",\"description\":\"Conoc\u00e9 el cronograma de pagos de ANSES para septiembre 2025: jubilaciones, AUH, AUE, PNC y m\u00e1s seg\u00fan terminaci\u00f3n del DNI.\",\"breadcrumb\":{\"@id\":\"https:\/\/alprestamo.com\/blog\/fechas-de-cobro-anses-en-septiembre-de-2025\/#breadcrumb\"},\"inLanguage\":\"es-AR\",\"potentialAction\":[{\"@type\":\"ReadAction\",\"target\":[\"https:\/\/alprestamo.com\/blog\/fechas-de-cobro-anses-en-septiembre-de-2025\/\"]}]},{\"@type\":\"ImageObject\",\"inLanguage\":\"es-AR\",\"@id\":\"https:\/\/alprestamo.com\/blog\/fechas-de-cobro-anses-en-septiembre-de-2025\/#primaryimage\",\"url\":\"https:\/\/alprestamo.com\/blog\/wp-content\/uploads\/2024\/09\/Proyecto-nuevo.webp\",\"contentUrl\":\"https:\/\/alprestamo.com\/blog\/wp-content\/uploads\/2024\/09\/Proyecto-nuevo.webp\",\"width\":1200,\"height\":670,\"caption\":\"Personas haciendo fila en una sede de ANSES\"},{\"@type\":\"BreadcrumbList\",\"@id\":\"https:\/\/alprestamo.com\/blog\/fechas-de-cobro-anses-en-septiembre-de-2025\/#breadcrumb\",\"itemListElement\":[{\"@type\":\"ListItem\",\"position\":1,\"name\":\"Home\",\"item\":\"https:\/\/alprestamo.com\/blog\/\"},{\"@type\":\"ListItem\",\"position\":2,\"name\":\"Fechas de cobro ANSES en septiembre de 2025\"}]},{\"@type\":\"WebSite\",\"@id\":\"https:\/\/alprestamo.com\/blog\/#website\",\"url\":\"https:\/\/alprestamo.com\/blog\/\",\"name\":\"Alprestamo\",\"description\":\"Hacemos que todo suceda\",\"publisher\":{\"@id\":\"https:\/\/alprestamo.com\/blog\/#organization\"},\"potentialAction\":[{\"@type\":\"SearchAction\",\"target\":{\"@type\":\"EntryPoint\",\"urlTemplate\":\"https:\/\/alprestamo.com\/blog\/?s={search_term_string}\"},\"query-input\":\"required name=search_term_string\"}],\"inLanguage\":\"es-AR\"},{\"@type\":\"Organization\",\"@id\":\"https:\/\/alprestamo.com\/blog\/#organization\",\"name\":\"Alprestamo\",\"url\":\"https:\/\/alprestamo.com\/blog\/\",\"logo\":{\"@type\":\"ImageObject\",\"inLanguage\":\"es-AR\",\"@id\":\"https:\/\/alprestamo.com\/blog\/#\/schema\/logo\/image\/\",\"url\":\"https:\/\/alprestamo.com\/blog\/wp-content\/uploads\/2022\/10\/Imagotipo_Blanco.svg\",\"contentUrl\":\"https:\/\/alprestamo.com\/blog\/wp-content\/uploads\/2022\/10\/Imagotipo_Blanco.svg\",\"width\":1199,\"height\":203,\"caption\":\"Alprestamo\"},\"image\":{\"@id\":\"https:\/\/alprestamo.com\/blog\/#\/schema\/logo\/image\/\"}},{\"@type\":\"Person\",\"@id\":\"https:\/\/alprestamo.com\/blog\/#\/schema\/person\/4c568603ceb381762b4c9062d42c7627\",\"name\":\"Ramiro Querejeta\",\"image\":{\"@type\":\"ImageObject\",\"inLanguage\":\"es-AR\",\"@id\":\"https:\/\/alprestamo.com\/blog\/#\/schema\/person\/image\/\",\"url\":\"https:\/\/alprestamo.com\/blog\/wp-content\/uploads\/2025\/08\/1688503693490-150x150.jpeg\",\"contentUrl\":\"https:\/\/alprestamo.com\/blog\/wp-content\/uploads\/2025\/08\/1688503693490-150x150.jpeg\",\"caption\":\"Ramiro Querejeta\"},\"url\":\"https:\/\/alprestamo.com\/blog\/author\/ramiro\/\"}]}<\/script>\n<!-- \/ Yoast SEO plugin. -->","yoast_head_json":{"title":"Fechas de cobro ANSES en septiembre de 2025","description":"Conoc\u00e9 el cronograma de pagos de ANSES para septiembre 2025: jubilaciones, AUH, AUE, PNC y m\u00e1s seg\u00fan terminaci\u00f3n del DNI.","robots":{"index":"index","follow":"follow","max-snippet":"max-snippet:-1","max-image-preview":"max-image-preview:large","max-video-preview":"max-video-preview:-1"},"canonical":"https:\/\/alprestamo.com\/blog\/fechas-de-cobro-anses-en-septiembre-de-2025\/","og_locale":"es_ES","og_type":"article","og_title":"Fechas de cobro ANSES en septiembre de 2025","og_description":"Conoc\u00e9 el cronograma de pagos de ANSES para septiembre 2025: jubilaciones, AUH, AUE, PNC y m\u00e1s seg\u00fan terminaci\u00f3n del DNI.","og_url":"https:\/\/alprestamo.com\/blog\/fechas-de-cobro-anses-en-septiembre-de-2025\/","og_site_name":"Alprestamo - Hacemos que todo suceda","article_published_time":"2025-09-05T15:12:46+00:00","article_modified_time":"2025-09-05T15:12:49+00:00","og_image":[{"width":1200,"height":670,"url":"https:\/\/alprestamo.com\/blog\/wp-content\/uploads\/2024\/09\/Proyecto-nuevo.webp","type":"image\/webp"}],"author":"Ramiro Querejeta","twitter_card":"summary_large_image","twitter_misc":{"Escrito por":"Ramiro Querejeta","Tiempo de lectura":"2 minutos"},"schema":{"@context":"https:\/\/schema.org","@graph":[{"@type":"NewsArticle","@id":"https:\/\/alprestamo.com\/blog\/fechas-de-cobro-anses-en-septiembre-de-2025\/#article","isPartOf":{"@id":"https:\/\/alprestamo.com\/blog\/fechas-de-cobro-anses-en-septiembre-de-2025\/"},"author":{"name":"Ramiro Querejeta","@id":"https:\/\/alprestamo.com\/blog\/#\/schema\/person\/4c568603ceb381762b4c9062d42c7627"},"headline":"Fechas de cobro ANSES en septiembre de 2025","datePublished":"2025-09-05T15:12:46+00:00","dateModified":"2025-09-05T15:12:49+00:00","mainEntityOfPage":{"@id":"https:\/\/alprestamo.com\/blog\/fechas-de-cobro-anses-en-septiembre-de-2025\/"},"wordCount":272,"publisher":{"@id":"https:\/\/alprestamo.com\/blog\/#organization"},"image":{"@id":"https:\/\/alprestamo.com\/blog\/fechas-de-cobro-anses-en-septiembre-de-2025\/#primaryimage"},"thumbnailUrl":"https:\/\/alprestamo.com\/blog\/wp-content\/uploads\/2024\/09\/Proyecto-nuevo.webp","articleSection":["AR","Programas sociales"],"inLanguage":"es-AR"},{"@type":"WebPage","@id":"https:\/\/alprestamo.com\/blog\/fechas-de-cobro-anses-en-septiembre-de-2025\/","url":"https:\/\/alprestamo.com\/blog\/fechas-de-cobro-anses-en-septiembre-de-2025\/","name":"Fechas de cobro ANSES en septiembre de 2025","isPartOf":{"@id":"https:\/\/alprestamo.com\/blog\/#website"},"primaryImageOfPage":{"@id":"https:\/\/alprestamo.com\/blog\/fechas-de-cobro-anses-en-septiembre-de-2025\/#primaryimage"},"image":{"@id":"https:\/\/alprestamo.com\/blog\/fechas-de-cobro-anses-en-septiembre-de-2025\/#primaryimage"},"thumbnailUrl":"https:\/\/alprestamo.com\/blog\/wp-content\/uploads\/2024\/09\/Proyecto-nuevo.webp","datePublished":"2025-09-05T15:12:46+00:00","dateModified":"2025-09-05T15:12:49+00:00","description":"Conoc\u00e9 el cronograma de pagos de ANSES para septiembre 2025: jubilaciones, AUH, AUE, PNC y m\u00e1s seg\u00fan terminaci\u00f3n del DNI.","breadcrumb":{"@id":"https:\/\/alprestamo.com\/blog\/fechas-de-cobro-anses-en-septiembre-de-2025\/#breadcrumb"},"inLanguage":"es-AR","potentialAction":[{"@type":"ReadAction","target":["https:\/\/alprestamo.com\/blog\/fechas-de-cobro-anses-en-septiembre-de-2025\/"]}]},{"@type":"ImageObject","inLanguage":"es-AR","@id":"https:\/\/alprestamo.com\/blog\/fechas-de-cobro-anses-en-septiembre-de-2025\/#primaryimage","url":"https:\/\/alprestamo.com\/blog\/wp-content\/uploads\/2024\/09\/Proyecto-nuevo.webp","contentUrl":"https:\/\/alprestamo.com\/blog\/wp-content\/uploads\/2024\/09\/Proyecto-nuevo.webp","width":1200,"height":670,"caption":"Personas haciendo fila en una sede de ANSES"},{"@type":"BreadcrumbList","@id":"https:\/\/alprestamo.com\/blog\/fechas-de-cobro-anses-en-septiembre-de-2025\/#breadcrumb","itemListElement":[{"@type":"ListItem","position":1,"name":"Home","item":"https:\/\/alprestamo.com\/blog\/"},{"@type":"ListItem","position":2,"name":"Fechas de cobro ANSES en septiembre de 2025"}]},{"@type":"WebSite","@id":"https:\/\/alprestamo.com\/blog\/#website","url":"https:\/\/alprestamo.com\/blog\/","name":"Alprestamo","description":"Hacemos que todo suceda","publisher":{"@id":"https:\/\/alprestamo.com\/blog\/#organization"},"potentialAction":[{"@type":"SearchAction","target":{"@type":"EntryPoint","urlTemplate":"https:\/\/alprestamo.com\/blog\/?s={search_term_string}"},"query-input":"required name=search_term_string"}],"inLanguage":"es-AR"},{"@type":"Organization","@id":"https:\/\/alprestamo.com\/blog\/#organization","name":"Alprestamo","url":"https:\/\/alprestamo.com\/blog\/","logo":{"@type":"ImageObject","inLanguage":"es-AR","@id":"https:\/\/alprestamo.com\/blog\/#\/schema\/logo\/image\/","url":"https:\/\/alprestamo.com\/blog\/wp-content\/uploads\/2022\/10\/Imagotipo_Blanco.svg","contentUrl":"https:\/\/alprestamo.com\/blog\/wp-content\/uploads\/2022\/10\/Imagotipo_Blanco.svg","width":1199,"height":203,"caption":"Alprestamo"},"image":{"@id":"https:\/\/alprestamo.com\/blog\/#\/schema\/logo\/image\/"}},{"@type":"Person","@id":"https:\/\/alprestamo.com\/blog\/#\/schema\/person\/4c568603ceb381762b4c9062d42c7627","name":"Ramiro Querejeta","image":{"@type":"ImageObject","inLanguage":"es-AR","@id":"https:\/\/alprestamo.com\/blog\/#\/schema\/person\/image\/","url":"https:\/\/alprestamo.com\/blog\/wp-content\/uploads\/2025\/08\/1688503693490-150x150.jpeg","contentUrl":"https:\/\/alprestamo.com\/blog\/wp-content\/uploads\/2025\/08\/1688503693490-150x150.jpeg","caption":"Ramiro Querejeta"},"url":"https:\/\/alprestamo.com\/blog\/author\/ramiro\/"}]}},"uagb_featured_image_src":{"full":["https:\/\/alprestamo.com\/blog\/wp-content\/uploads\/2024\/09\/Proyecto-nuevo.webp",1200,670,false],"thumbnail":["https:\/\/alprestamo.com\/blog\/wp-content\/uploads\/2024\/09\/Proyecto-nuevo-150x150.webp",150,150,true],"medium":["https:\/\/alprestamo.com\/blog\/wp-content\/uploads\/2024\/09\/Proyecto-nuevo-300x168.webp",300,168,true],"medium_large":["https:\/\/alprestamo.com\/blog\/wp-content\/uploads\/2024\/09\/Proyecto-nuevo-768x429.webp",768,429,true],"large":["https:\/\/alprestamo.com\/blog\/wp-content\/uploads\/2024\/09\/Proyecto-nuevo-1024x572.webp",1024,572,true],"1536x1536":["https:\/\/alprestamo.com\/blog\/wp-content\/uploads\/2024\/09\/Proyecto-nuevo.webp",1200,670,false],"2048x2048":["https:\/\/alprestamo.com\/blog\/wp-content\/uploads\/2024\/09\/Proyecto-nuevo.webp",1200,670,false]},"uagb_author_info":{"display_name":"Ramiro Querejeta","author_link":"https:\/\/alprestamo.com\/blog\/author\/ramiro\/"},"uagb_comment_info":0,"uagb_excerpt":"La Administraci\u00f3n Nacional de la Seguridad Social (ANSES) public\u00f3 su cronograma de pagos para el mes de septiembre. A continuaci\u00f3n, te contamos las fechas de cobro de las prestaciones que otorga por orden de n\u00famero de documento.&nbsp; Aumentos de las prestaciones de ANSES para septiembre&nbsp; De acuerdo al \u00faltimo dato de inflaci\u00f3n de julio, todas&hellip;","rttpg_featured_image_url":{"full":["https:\/\/alprestamo.com\/blog\/wp-content\/uploads\/2024\/09\/Proyecto-nuevo.webp",1200,670,false],"landscape":["https:\/\/alprestamo.com\/blog\/wp-content\/uploads\/2024\/09\/Proyecto-nuevo.webp",1200,670,false],"portraits":["https:\/\/alprestamo.com\/blog\/wp-content\/uploads\/2024\/09\/Proyecto-nuevo.webp",1200,670,false],"thumbnail":["https:\/\/alprestamo.com\/blog\/wp-content\/uploads\/2024\/09\/Proyecto-nuevo-150x150.webp",150,150,true],"medium":["https:\/\/alprestamo.com\/blog\/wp-content\/uploads\/2024\/09\/Proyecto-nuevo-300x168.webp",300,168,true],"large":["https:\/\/alprestamo.com\/blog\/wp-content\/uploads\/2024\/09\/Proyecto-nuevo-1024x572.webp",1024,572,true],"1536x1536":["https:\/\/alprestamo.com\/blog\/wp-content\/uploads\/2024\/09\/Proyecto-nuevo.webp",1200,670,false],"2048x2048":["https:\/\/alprestamo.com\/blog\/wp-content\/uploads\/2024\/09\/Proyecto-nuevo.webp",1200,670,false],"rt_custom":["https:\/\/alprestamo.com\/blog\/wp-content\/uploads\/2024\/09\/Proyecto-nuevo.webp",1200,670,false]},"rttpg_author":{"display_name":"Ramiro Querejeta","author_link":"https:\/\/alprestamo.com\/blog\/author\/ramiro\/"},"rttpg_comment":0,"rttpg_category":"<a href=\"https:\/\/alprestamo.com\/blog\/categoria\/ar\/\" rel=\"category tag\">AR<\/a> <a href=\"https:\/\/alprestamo.com\/blog\/categoria\/ar\/programas-sociales-ar\/\" rel=\"category tag\">Programas sociales<\/a>","rttpg_excerpt":"La Administraci\u00f3n Nacional de la Seguridad Social (ANSES) public\u00f3 su cronograma de pagos para el mes de septiembre. A continuaci\u00f3n, te contamos las fechas de cobro de las prestaciones que otorga por orden de n\u00famero de documento.&nbsp; Aumentos de las prestaciones de ANSES para septiembre&nbsp; De acuerdo al \u00faltimo dato de inflaci\u00f3n de julio, todas&hellip;","_links":{"self":[{"href":"https:\/\/alprestamo.com\/blog\/wp-json\/wp\/v2\/posts\/45731"}],"collection":[{"href":"https:\/\/alprestamo.com\/blog\/wp-json\/wp\/v2\/posts"}],"about":[{"href":"https:\/\/alprestamo.com\/blog\/wp-json\/wp\/v2\/types\/post"}],"author":[{"embeddable":true,"href":"https:\/\/alprestamo.com\/blog\/wp-json\/wp\/v2\/users\/9"}],"replies":[{"embeddable":true,"href":"https:\/\/alprestamo.com\/blog\/wp-json\/wp\/v2\/comments?post=45731"}],"version-history":[{"count":3,"href":"https:\/\/alprestamo.com\/blog\/wp-json\/wp\/v2\/posts\/45731\/revisions"}],"predecessor-version":[{"id":45734,"href":"https:\/\/alprestamo.com\/blog\/wp-json\/wp\/v2\/posts\/45731\/revisions\/45734"}],"wp:featuredmedia":[{"embeddable":true,"href":"https:\/\/alprestamo.com\/blog\/wp-json\/wp\/v2\/media\/39273"}],"wp:attachment":[{"href":"https:\/\/alprestamo.com\/blog\/wp-json\/wp\/v2\/media?parent=45731"}],"wp:term":[{"taxonomy":"category","embeddable":true,"href":"https:\/\/alprestamo.com\/blog\/wp-json\/wp\/v2\/categories?post=45731"},{"taxonomy":"post_tag","embeddable":true,"href":"https:\/\/alprestamo.com\/blog\/wp-json\/wp\/v2\/tags?post=45731"}],"curies":[{"name":"wp","href":"https:\/\/api.w.org\/{rel}","templated":true}]}}