{"id":8246,"date":"2022-02-09T16:06:57","date_gmt":"2022-02-09T16:06:57","guid":{"rendered":"https:\/\/alprestamo.com\/blog\/2022\/02\/09\/beca-benito-juarez-cuando-son-las-fechas-de-cobro-para-jovenes-de-educacion-media-superior\/"},"modified":"2022-02-09T16:06:57","modified_gmt":"2022-02-09T16:06:57","slug":"beca-benito-juarez-cuando-son-las-fechas-de-cobro-para-jovenes-de-educacion-media-superior","status":"publish","type":"post","link":"https:\/\/alprestamo.com\/blog\/beca-benito-juarez-cuando-son-las-fechas-de-cobro-para-jovenes-de-educacion-media-superior\/","title":{"rendered":"Beca Benito Ju\u00e1rez: cu\u00e1ndo son las fechas de cobro para j\u00f3venes de educaci\u00f3n media superior"},"content":{"rendered":"\n<p>La deserci\u00f3n escolar es una problem\u00e1tica compleja que busca ser erradicada por el estado, es por eso que existen distintas <a href=\\\"https:\/\/alprestamo.com\/blog\/mx\/programas-sociales-en-mexico\/\\\">pol\u00edticas p\u00fablicas y planes<\/a> para poder trabajar en ello.<\/p>\n\n\n\n<p>Todas las personas deben contar con el derecho a la educaci\u00f3n, pero los j\u00f3venes pertenecientes a sectores vulnerables muchas veces deben dejar sus estudios por situaciones conflictivas que atraviesan en sus hogares.<\/p>\n\n\n\n<p>En este sentido la Beca Universal Benito Ju\u00e1rez para Educaci\u00f3n Media Superior busca contribuir al bienestar social e igualdad mediante el otorgamiento de becas para la permanencia de alumnas y alumnos de las instituciones p\u00fablicas de Educaci\u00f3n Media Superior del Sistema Educativo Nacional. El objetivo principal es evitar la deserci\u00f3n escolar y ayudar a los alumnos a continuar su formaci\u00f3n; esto se hace a trav\u00e9s de un apoyo econ\u00f3mico de 840 pesos mensuales. Este apoyo se entrega bimestralmente, es decir, los beneficiarios reciben cada dos meses un monto de 1,680 pesos.<\/p>\n\n\n\n<p><strong>\u00bfQui\u00e9nes pueden participar de la Beca?<\/strong><\/p>\n\n\n\n<p>La Beca Universal Benito Ju\u00e1rez Alumnas est\u00e1 dirigida a alumnos que cursan la Educaci\u00f3n Media Superior en instituciones p\u00fablicas de modalidad escolarizada.<\/p>\n\n\n\n<p>Para poder ser parte, los interesados deben acudir al personal de control escolar de su plantel para corroborar que est\u00e9 actualizado el estatus de su inscripci\u00f3n al inicio de cada semestre o ciclo escolar, de forma que el centro pueda reportar en tiempo la matr\u00edcula del menor a la Coordinaci\u00f3n Nacional de Becas para el Bienestar Benito Ju\u00e1rez. La ayuda es entregada durante los diez meses del ciclo escolar.\u00a0<\/p>\n\n\n\n<p><strong>Cambios en el calendario de pago<\/strong><\/p>\n\n\n\n<p>Debido a la veda electoral, los alumnos de bachillerato recibir\u00e1n un dep\u00f3sito de 3,360 pesos en febrero, seg\u00fan comunic\u00f3 la Secretar\u00eda de Bienestar.<\/p>\n\n\n\n<p>A partir de la conferencia de prensa brindada por la Secretar\u00eda de Bienestar, se dio a conocer el calendario de pagos que dise\u00f1\u00f3 la instituci\u00f3n para el presente a\u00f1o. En total, dispensar\u00e1 tres dep\u00f3sitos, y el primero se abonar\u00e1 por adelantado. Los alumnos de bachillerato recibir\u00e1n el pago adelantado correspondiente a los bimestres de febrero-marzo, abril-mayo.<\/p>\n\n\n\n<p>Esta decisi\u00f3n se vio afectada a partir de que el pr\u00f3ximo 5 de junio, seis estados del pa\u00eds acudir\u00e1n a votar a las urnas. Aguascalientes, Durango, Hidalgo, Oaxaca, Quintana Roo y Tamaulipas celebrar\u00e1n comicios estatales para elegir a sus gobernadores, presidencias municipales, sindicaturas y regidur\u00edas. Es por eso que, tal como ocurri\u00f3 el a\u00f1o pasado, se modific\u00f3 la dispersi\u00f3n de los Programas del Bienestar para evitar que los candidatos utilicen los apoyos con fines propagand\u00edsticos o electorales. En este sentido, se entregar\u00e1 el dinero de las pensiones y las becas antes de que comience la campa\u00f1a pol\u00edtica.<\/p>\n\n\n\n<p>El dep\u00f3sito se realizar\u00e1 a partir de la segunda semana de febrero, tanto para quienes reciben la beca en una cuenta bancaria, como para quienes lo hacen a trav\u00e9s del operativo de campo. Luego de este pago, los beneficiarios no recibir\u00e1n ninguna cuant\u00eda hasta despu\u00e9s de las elecciones.\u00a0<\/p>\n\n\n\n<p>El siguiente pago se realizar\u00e1 a partir de la tercera semana de julio en cuentas bancarias, y una semana m\u00e1s tarde comenzar\u00e1 el operativo en zonas rurales. Este segundo pago del a\u00f1o ser\u00e1 de 1,680 pesos, equivalente al bimestre de mayo-junio.<\/p>\n\n\n\n<p>Es importante tener en cuenta que en enero y agosto el programa se suspende por ser per\u00edodo vacacional, por lo que los beneficiarios no reciben ning\u00fan monto por esos meses.<\/p>\n\n\n\n<p>Por \u00faltimo, el tercer del 2022 se realizar\u00e1 en noviembre. Es aqu\u00ed donde se pagar\u00e1n conjuntamente los bimestres de septiembre-octubre, noviembre-diciembre. El dep\u00f3sito a cuenta se realizar\u00e1 a partir de la segunda semana del mes, mientras que el operativo de campo comenzar\u00e1 siete d\u00edas m\u00e1s tarde.<\/p>\n\n\n\n<p>Seg\u00fan informaron desde la coordinaci\u00f3n nacional del programa, se estima que este a\u00f1o el apoyo llegue a m\u00e1s de 4.1 millones de estudiantes de Educaci\u00f3n Media Superior, lo que supondr\u00e1 una inversi\u00f3n social de 13 mil millones de pesos. Esto representa una gran ayuda para millones de j\u00f3venes estudiantes que aspiran a terminar sus estudios y poder tener un futuro con m\u00e1s oportunidades.<\/p>\n\n\n\n<p>Para aclarar dudas, los estudiantes pueden llamar al n\u00famero de tel\u00e9fono 55 1162 0300, de lunes a viernes, en un horario de 09:00 a 18:00, o escribir un mensaje a trav\u00e9s del Sistema Mi Beca Benito Ju\u00e1rez.<\/p>\n","protected":false},"excerpt":{"rendered":"<p>La deserci\u00f3n escolar es una problem\u00e1tica compleja que busca ser erradicada por el estado, es por eso que existen distintas pol\u00edticas p\u00fablicas y planes para poder trabajar en ello. Todas las personas deben contar con el derecho a la educaci\u00f3n, pero los j\u00f3venes pertenecientes a sectores vulnerables muchas veces deben dejar sus estudios por situaciones &hellip;<\/p>\n<p class=\"read-more\"> <a class=\"\" href=\"https:\/\/alprestamo.com\/blog\/beca-benito-juarez-cuando-son-las-fechas-de-cobro-para-jovenes-de-educacion-media-superior\/\"> <span class=\"screen-reader-text\">Beca Benito Ju\u00e1rez: cu\u00e1ndo son las fechas de cobro para j\u00f3venes de educaci\u00f3n media superior<\/span> Leer m\u00e1s &raquo;<\/a><\/p>\n","protected":false},"author":1,"featured_media":8249,"comment_status":"open","ping_status":"open","sticky":false,"template":"","format":"standard","meta":{"_uag_custom_page_level_css":"","site-sidebar-layout":"default","site-content-layout":"default","ast-global-header-display":"","ast-banner-title-visibility":"","ast-main-header-display":"","ast-hfb-above-header-display":"","ast-hfb-below-header-display":"","ast-hfb-mobile-header-display":"","site-post-title":"","ast-breadcrumbs-content":"","ast-featured-img":"","footer-sml-layout":"","theme-transparent-header-meta":"","adv-header-id-meta":"","stick-header-meta":"","header-above-stick-meta":"","header-main-stick-meta":"","header-below-stick-meta":"","footnotes":""},"categories":[32],"tags":[],"class_list":["post-8246","post","type-post","status-publish","format-standard","has-post-thumbnail","hentry","category-programas-sociales-mx"],"acf":[],"yoast_head":"<!-- This site is optimized with the Yoast SEO plugin v23.2 - https:\/\/yoast.com\/wordpress\/plugins\/seo\/ -->\n<title>Beca Benito Ju\u00e1rez: cu\u00e1ndo son las fechas de cobro para j\u00f3venes de educaci\u00f3n media superior<\/title>\n<meta name=\"description\" content=\"La deserci\u00f3n escolar es una problem\u00e1tica compleja que busca ser erradicada por el estado, es por eso que existen distintas pol\u00edticas p\u00fablicas y planes\" \/>\n<meta name=\"robots\" content=\"index, follow, max-snippet:-1, max-image-preview:large, max-video-preview:-1\" \/>\n<link rel=\"canonical\" href=\"https:\/\/alprestamo.com\/blog\/beca-benito-juarez-cuando-son-las-fechas-de-cobro-para-jovenes-de-educacion-media-superior\/\" \/>\n<meta property=\"og:locale\" content=\"es_ES\" \/>\n<meta property=\"og:type\" content=\"article\" \/>\n<meta property=\"og:title\" content=\"Beca Benito Ju\u00e1rez: cu\u00e1ndo son las fechas de cobro para j\u00f3venes de educaci\u00f3n media superior\" \/>\n<meta property=\"og:description\" content=\"La deserci\u00f3n escolar es una problem\u00e1tica compleja que busca ser erradicada por el estado, es por eso que existen distintas pol\u00edticas p\u00fablicas y planes\" \/>\n<meta property=\"og:url\" content=\"https:\/\/alprestamo.com\/blog\/beca-benito-juarez-cuando-son-las-fechas-de-cobro-para-jovenes-de-educacion-media-superior\/\" \/>\n<meta property=\"og:site_name\" content=\"Alprestamo - Hacemos que todo suceda\" \/>\n<meta property=\"article:published_time\" content=\"2022-02-09T16:06:57+00:00\" \/>\n<meta property=\"og:image\" content=\"https:\/\/alprestamo.com\/blog\/wp-content\/uploads\/2022\/02\/Beca-Benito-Juarez.webp\" \/>\n\t<meta property=\"og:image:width\" content=\"1200\" \/>\n\t<meta property=\"og:image:height\" content=\"801\" \/>\n\t<meta property=\"og:image:type\" content=\"image\/webp\" \/>\n<meta name=\"author\" content=\"admin\" \/>\n<meta name=\"twitter:card\" content=\"summary_large_image\" \/>\n<meta name=\"twitter:label1\" content=\"Escrito por\" \/>\n\t<meta name=\"twitter:data1\" content=\"admin\" \/>\n\t<meta name=\"twitter:label2\" content=\"Tiempo de lectura\" \/>\n\t<meta name=\"twitter:data2\" content=\"4 minutos\" \/>\n<script type=\"application\/ld+json\" class=\"yoast-schema-graph\">{\"@context\":\"https:\/\/schema.org\",\"@graph\":[{\"@type\":\"NewsArticle\",\"@id\":\"https:\/\/alprestamo.com\/blog\/beca-benito-juarez-cuando-son-las-fechas-de-cobro-para-jovenes-de-educacion-media-superior\/#article\",\"isPartOf\":{\"@id\":\"https:\/\/alprestamo.com\/blog\/beca-benito-juarez-cuando-son-las-fechas-de-cobro-para-jovenes-de-educacion-media-superior\/\"},\"author\":{\"name\":\"admin\",\"@id\":\"https:\/\/alprestamo.com\/blog\/#\/schema\/person\/86edda628d7db14ad76fcc0be09cf939\"},\"headline\":\"Beca Benito Ju\u00e1rez: cu\u00e1ndo son las fechas de cobro para j\u00f3venes de educaci\u00f3n media superior\",\"datePublished\":\"2022-02-09T16:06:57+00:00\",\"dateModified\":\"2022-02-09T16:06:57+00:00\",\"mainEntityOfPage\":{\"@id\":\"https:\/\/alprestamo.com\/blog\/beca-benito-juarez-cuando-son-las-fechas-de-cobro-para-jovenes-de-educacion-media-superior\/\"},\"wordCount\":769,\"commentCount\":0,\"publisher\":{\"@id\":\"https:\/\/alprestamo.com\/blog\/#organization\"},\"image\":{\"@id\":\"https:\/\/alprestamo.com\/blog\/beca-benito-juarez-cuando-son-las-fechas-de-cobro-para-jovenes-de-educacion-media-superior\/#primaryimage\"},\"thumbnailUrl\":\"https:\/\/alprestamo.com\/blog\/wp-content\/uploads\/2022\/02\/Beca-Benito-Juarez.webp\",\"articleSection\":[\"Programas Sociales\"],\"inLanguage\":\"es-AR\",\"potentialAction\":[{\"@type\":\"CommentAction\",\"name\":\"Comment\",\"target\":[\"https:\/\/alprestamo.com\/blog\/beca-benito-juarez-cuando-son-las-fechas-de-cobro-para-jovenes-de-educacion-media-superior\/#respond\"]}]},{\"@type\":\"WebPage\",\"@id\":\"https:\/\/alprestamo.com\/blog\/beca-benito-juarez-cuando-son-las-fechas-de-cobro-para-jovenes-de-educacion-media-superior\/\",\"url\":\"https:\/\/alprestamo.com\/blog\/beca-benito-juarez-cuando-son-las-fechas-de-cobro-para-jovenes-de-educacion-media-superior\/\",\"name\":\"Beca Benito Ju\u00e1rez: cu\u00e1ndo son las fechas de cobro para j\u00f3venes de educaci\u00f3n media superior\",\"isPartOf\":{\"@id\":\"https:\/\/alprestamo.com\/blog\/#website\"},\"primaryImageOfPage\":{\"@id\":\"https:\/\/alprestamo.com\/blog\/beca-benito-juarez-cuando-son-las-fechas-de-cobro-para-jovenes-de-educacion-media-superior\/#primaryimage\"},\"image\":{\"@id\":\"https:\/\/alprestamo.com\/blog\/beca-benito-juarez-cuando-son-las-fechas-de-cobro-para-jovenes-de-educacion-media-superior\/#primaryimage\"},\"thumbnailUrl\":\"https:\/\/alprestamo.com\/blog\/wp-content\/uploads\/2022\/02\/Beca-Benito-Juarez.webp\",\"datePublished\":\"2022-02-09T16:06:57+00:00\",\"dateModified\":\"2022-02-09T16:06:57+00:00\",\"description\":\"La deserci\u00f3n escolar es una problem\u00e1tica compleja que busca ser erradicada por el estado, es por eso que existen distintas pol\u00edticas p\u00fablicas y planes\",\"breadcrumb\":{\"@id\":\"https:\/\/alprestamo.com\/blog\/beca-benito-juarez-cuando-son-las-fechas-de-cobro-para-jovenes-de-educacion-media-superior\/#breadcrumb\"},\"inLanguage\":\"es-AR\",\"potentialAction\":[{\"@type\":\"ReadAction\",\"target\":[\"https:\/\/alprestamo.com\/blog\/beca-benito-juarez-cuando-son-las-fechas-de-cobro-para-jovenes-de-educacion-media-superior\/\"]}]},{\"@type\":\"ImageObject\",\"inLanguage\":\"es-AR\",\"@id\":\"https:\/\/alprestamo.com\/blog\/beca-benito-juarez-cuando-son-las-fechas-de-cobro-para-jovenes-de-educacion-media-superior\/#primaryimage\",\"url\":\"https:\/\/alprestamo.com\/blog\/wp-content\/uploads\/2022\/02\/Beca-Benito-Juarez.webp\",\"contentUrl\":\"https:\/\/alprestamo.com\/blog\/wp-content\/uploads\/2022\/02\/Beca-Benito-Juarez.webp\",\"width\":1200,\"height\":801,\"caption\":\"Beca Benito Juarez\"},{\"@type\":\"BreadcrumbList\",\"@id\":\"https:\/\/alprestamo.com\/blog\/beca-benito-juarez-cuando-son-las-fechas-de-cobro-para-jovenes-de-educacion-media-superior\/#breadcrumb\",\"itemListElement\":[{\"@type\":\"ListItem\",\"position\":1,\"name\":\"Home\",\"item\":\"https:\/\/alprestamo.com\/blog\/\"},{\"@type\":\"ListItem\",\"position\":2,\"name\":\"Beca Benito Ju\u00e1rez: cu\u00e1ndo son las fechas de cobro para j\u00f3venes de educaci\u00f3n media superior\"}]},{\"@type\":\"WebSite\",\"@id\":\"https:\/\/alprestamo.com\/blog\/#website\",\"url\":\"https:\/\/alprestamo.com\/blog\/\",\"name\":\"Alprestamo\",\"description\":\"Hacemos que todo suceda\",\"publisher\":{\"@id\":\"https:\/\/alprestamo.com\/blog\/#organization\"},\"potentialAction\":[{\"@type\":\"SearchAction\",\"target\":{\"@type\":\"EntryPoint\",\"urlTemplate\":\"https:\/\/alprestamo.com\/blog\/?s={search_term_string}\"},\"query-input\":\"required name=search_term_string\"}],\"inLanguage\":\"es-AR\"},{\"@type\":\"Organization\",\"@id\":\"https:\/\/alprestamo.com\/blog\/#organization\",\"name\":\"Alprestamo\",\"url\":\"https:\/\/alprestamo.com\/blog\/\",\"logo\":{\"@type\":\"ImageObject\",\"inLanguage\":\"es-AR\",\"@id\":\"https:\/\/alprestamo.com\/blog\/#\/schema\/logo\/image\/\",\"url\":\"https:\/\/alprestamo.com\/blog\/wp-content\/uploads\/2022\/10\/Imagotipo_Blanco.svg\",\"contentUrl\":\"https:\/\/alprestamo.com\/blog\/wp-content\/uploads\/2022\/10\/Imagotipo_Blanco.svg\",\"width\":1199,\"height\":203,\"caption\":\"Alprestamo\"},\"image\":{\"@id\":\"https:\/\/alprestamo.com\/blog\/#\/schema\/logo\/image\/\"}},{\"@type\":\"Person\",\"@id\":\"https:\/\/alprestamo.com\/blog\/#\/schema\/person\/86edda628d7db14ad76fcc0be09cf939\",\"name\":\"admin\",\"image\":{\"@type\":\"ImageObject\",\"inLanguage\":\"es-AR\",\"@id\":\"https:\/\/alprestamo.com\/blog\/#\/schema\/person\/image\/\",\"url\":\"https:\/\/secure.gravatar.com\/avatar\/72868a6451caea79ae74926511fb9e4a?s=96&d=mm&r=g\",\"contentUrl\":\"https:\/\/secure.gravatar.com\/avatar\/72868a6451caea79ae74926511fb9e4a?s=96&d=mm&r=g\",\"caption\":\"admin\"},\"sameAs\":[\"https:\/\/alprestamo.com\/blog\"],\"url\":\"https:\/\/alprestamo.com\/blog\/author\/admin\/\"}]}<\/script>\n<!-- \/ Yoast SEO plugin. -->","yoast_head_json":{"title":"Beca Benito Ju\u00e1rez: cu\u00e1ndo son las fechas de cobro para j\u00f3venes de educaci\u00f3n media superior","description":"La deserci\u00f3n escolar es una problem\u00e1tica compleja que busca ser erradicada por el estado, es por eso que existen distintas pol\u00edticas p\u00fablicas y planes","robots":{"index":"index","follow":"follow","max-snippet":"max-snippet:-1","max-image-preview":"max-image-preview:large","max-video-preview":"max-video-preview:-1"},"canonical":"https:\/\/alprestamo.com\/blog\/beca-benito-juarez-cuando-son-las-fechas-de-cobro-para-jovenes-de-educacion-media-superior\/","og_locale":"es_ES","og_type":"article","og_title":"Beca Benito Ju\u00e1rez: cu\u00e1ndo son las fechas de cobro para j\u00f3venes de educaci\u00f3n media superior","og_description":"La deserci\u00f3n escolar es una problem\u00e1tica compleja que busca ser erradicada por el estado, es por eso que existen distintas pol\u00edticas p\u00fablicas y planes","og_url":"https:\/\/alprestamo.com\/blog\/beca-benito-juarez-cuando-son-las-fechas-de-cobro-para-jovenes-de-educacion-media-superior\/","og_site_name":"Alprestamo - Hacemos que todo suceda","article_published_time":"2022-02-09T16:06:57+00:00","og_image":[{"width":1200,"height":801,"url":"https:\/\/alprestamo.com\/blog\/wp-content\/uploads\/2022\/02\/Beca-Benito-Juarez.webp","type":"image\/webp"}],"author":"admin","twitter_card":"summary_large_image","twitter_misc":{"Escrito por":"admin","Tiempo de lectura":"4 minutos"},"schema":{"@context":"https:\/\/schema.org","@graph":[{"@type":"NewsArticle","@id":"https:\/\/alprestamo.com\/blog\/beca-benito-juarez-cuando-son-las-fechas-de-cobro-para-jovenes-de-educacion-media-superior\/#article","isPartOf":{"@id":"https:\/\/alprestamo.com\/blog\/beca-benito-juarez-cuando-son-las-fechas-de-cobro-para-jovenes-de-educacion-media-superior\/"},"author":{"name":"admin","@id":"https:\/\/alprestamo.com\/blog\/#\/schema\/person\/86edda628d7db14ad76fcc0be09cf939"},"headline":"Beca Benito Ju\u00e1rez: cu\u00e1ndo son las fechas de cobro para j\u00f3venes de educaci\u00f3n media superior","datePublished":"2022-02-09T16:06:57+00:00","dateModified":"2022-02-09T16:06:57+00:00","mainEntityOfPage":{"@id":"https:\/\/alprestamo.com\/blog\/beca-benito-juarez-cuando-son-las-fechas-de-cobro-para-jovenes-de-educacion-media-superior\/"},"wordCount":769,"commentCount":0,"publisher":{"@id":"https:\/\/alprestamo.com\/blog\/#organization"},"image":{"@id":"https:\/\/alprestamo.com\/blog\/beca-benito-juarez-cuando-son-las-fechas-de-cobro-para-jovenes-de-educacion-media-superior\/#primaryimage"},"thumbnailUrl":"https:\/\/alprestamo.com\/blog\/wp-content\/uploads\/2022\/02\/Beca-Benito-Juarez.webp","articleSection":["Programas Sociales"],"inLanguage":"es-AR","potentialAction":[{"@type":"CommentAction","name":"Comment","target":["https:\/\/alprestamo.com\/blog\/beca-benito-juarez-cuando-son-las-fechas-de-cobro-para-jovenes-de-educacion-media-superior\/#respond"]}]},{"@type":"WebPage","@id":"https:\/\/alprestamo.com\/blog\/beca-benito-juarez-cuando-son-las-fechas-de-cobro-para-jovenes-de-educacion-media-superior\/","url":"https:\/\/alprestamo.com\/blog\/beca-benito-juarez-cuando-son-las-fechas-de-cobro-para-jovenes-de-educacion-media-superior\/","name":"Beca Benito Ju\u00e1rez: cu\u00e1ndo son las fechas de cobro para j\u00f3venes de educaci\u00f3n media superior","isPartOf":{"@id":"https:\/\/alprestamo.com\/blog\/#website"},"primaryImageOfPage":{"@id":"https:\/\/alprestamo.com\/blog\/beca-benito-juarez-cuando-son-las-fechas-de-cobro-para-jovenes-de-educacion-media-superior\/#primaryimage"},"image":{"@id":"https:\/\/alprestamo.com\/blog\/beca-benito-juarez-cuando-son-las-fechas-de-cobro-para-jovenes-de-educacion-media-superior\/#primaryimage"},"thumbnailUrl":"https:\/\/alprestamo.com\/blog\/wp-content\/uploads\/2022\/02\/Beca-Benito-Juarez.webp","datePublished":"2022-02-09T16:06:57+00:00","dateModified":"2022-02-09T16:06:57+00:00","description":"La deserci\u00f3n escolar es una problem\u00e1tica compleja que busca ser erradicada por el estado, es por eso que existen distintas pol\u00edticas p\u00fablicas y planes","breadcrumb":{"@id":"https:\/\/alprestamo.com\/blog\/beca-benito-juarez-cuando-son-las-fechas-de-cobro-para-jovenes-de-educacion-media-superior\/#breadcrumb"},"inLanguage":"es-AR","potentialAction":[{"@type":"ReadAction","target":["https:\/\/alprestamo.com\/blog\/beca-benito-juarez-cuando-son-las-fechas-de-cobro-para-jovenes-de-educacion-media-superior\/"]}]},{"@type":"ImageObject","inLanguage":"es-AR","@id":"https:\/\/alprestamo.com\/blog\/beca-benito-juarez-cuando-son-las-fechas-de-cobro-para-jovenes-de-educacion-media-superior\/#primaryimage","url":"https:\/\/alprestamo.com\/blog\/wp-content\/uploads\/2022\/02\/Beca-Benito-Juarez.webp","contentUrl":"https:\/\/alprestamo.com\/blog\/wp-content\/uploads\/2022\/02\/Beca-Benito-Juarez.webp","width":1200,"height":801,"caption":"Beca Benito Juarez"},{"@type":"BreadcrumbList","@id":"https:\/\/alprestamo.com\/blog\/beca-benito-juarez-cuando-son-las-fechas-de-cobro-para-jovenes-de-educacion-media-superior\/#breadcrumb","itemListElement":[{"@type":"ListItem","position":1,"name":"Home","item":"https:\/\/alprestamo.com\/blog\/"},{"@type":"ListItem","position":2,"name":"Beca Benito Ju\u00e1rez: cu\u00e1ndo son las fechas de cobro para j\u00f3venes de educaci\u00f3n media superior"}]},{"@type":"WebSite","@id":"https:\/\/alprestamo.com\/blog\/#website","url":"https:\/\/alprestamo.com\/blog\/","name":"Alprestamo","description":"Hacemos que todo suceda","publisher":{"@id":"https:\/\/alprestamo.com\/blog\/#organization"},"potentialAction":[{"@type":"SearchAction","target":{"@type":"EntryPoint","urlTemplate":"https:\/\/alprestamo.com\/blog\/?s={search_term_string}"},"query-input":"required name=search_term_string"}],"inLanguage":"es-AR"},{"@type":"Organization","@id":"https:\/\/alprestamo.com\/blog\/#organization","name":"Alprestamo","url":"https:\/\/alprestamo.com\/blog\/","logo":{"@type":"ImageObject","inLanguage":"es-AR","@id":"https:\/\/alprestamo.com\/blog\/#\/schema\/logo\/image\/","url":"https:\/\/alprestamo.com\/blog\/wp-content\/uploads\/2022\/10\/Imagotipo_Blanco.svg","contentUrl":"https:\/\/alprestamo.com\/blog\/wp-content\/uploads\/2022\/10\/Imagotipo_Blanco.svg","width":1199,"height":203,"caption":"Alprestamo"},"image":{"@id":"https:\/\/alprestamo.com\/blog\/#\/schema\/logo\/image\/"}},{"@type":"Person","@id":"https:\/\/alprestamo.com\/blog\/#\/schema\/person\/86edda628d7db14ad76fcc0be09cf939","name":"admin","image":{"@type":"ImageObject","inLanguage":"es-AR","@id":"https:\/\/alprestamo.com\/blog\/#\/schema\/person\/image\/","url":"https:\/\/secure.gravatar.com\/avatar\/72868a6451caea79ae74926511fb9e4a?s=96&d=mm&r=g","contentUrl":"https:\/\/secure.gravatar.com\/avatar\/72868a6451caea79ae74926511fb9e4a?s=96&d=mm&r=g","caption":"admin"},"sameAs":["https:\/\/alprestamo.com\/blog"],"url":"https:\/\/alprestamo.com\/blog\/author\/admin\/"}]}},"uagb_featured_image_src":{"full":["https:\/\/alprestamo.com\/blog\/wp-content\/uploads\/2022\/02\/Beca-Benito-Juarez.webp",1200,801,false],"thumbnail":["https:\/\/alprestamo.com\/blog\/wp-content\/uploads\/2022\/02\/Beca-Benito-Juarez-150x150.webp",150,150,true],"medium":["https:\/\/alprestamo.com\/blog\/wp-content\/uploads\/2022\/02\/Beca-Benito-Juarez-300x200.webp",300,200,true],"medium_large":["https:\/\/alprestamo.com\/blog\/wp-content\/uploads\/2022\/02\/Beca-Benito-Juarez-768x513.webp",768,513,true],"large":["https:\/\/alprestamo.com\/blog\/wp-content\/uploads\/2022\/02\/Beca-Benito-Juarez-1024x684.webp",1024,684,true],"1536x1536":["https:\/\/alprestamo.com\/blog\/wp-content\/uploads\/2022\/02\/Beca-Benito-Juarez.webp",1200,801,false],"2048x2048":["https:\/\/alprestamo.com\/blog\/wp-content\/uploads\/2022\/02\/Beca-Benito-Juarez.webp",1200,801,false]},"uagb_author_info":{"display_name":"admin","author_link":"https:\/\/alprestamo.com\/blog\/author\/admin\/"},"uagb_comment_info":0,"uagb_excerpt":"La deserci\u00f3n escolar es una problem\u00e1tica compleja que busca ser erradicada por el estado, es por eso que existen distintas pol\u00edticas p\u00fablicas y planes para poder trabajar en ello. Todas las personas deben contar con el derecho a la educaci\u00f3n, pero los j\u00f3venes pertenecientes a sectores vulnerables muchas veces deben dejar sus estudios por situaciones&hellip;","rttpg_featured_image_url":{"full":["https:\/\/alprestamo.com\/blog\/wp-content\/uploads\/2022\/02\/Beca-Benito-Juarez.webp",1200,801,false],"landscape":["https:\/\/alprestamo.com\/blog\/wp-content\/uploads\/2022\/02\/Beca-Benito-Juarez.webp",1200,801,false],"portraits":["https:\/\/alprestamo.com\/blog\/wp-content\/uploads\/2022\/02\/Beca-Benito-Juarez.webp",1200,801,false],"thumbnail":["https:\/\/alprestamo.com\/blog\/wp-content\/uploads\/2022\/02\/Beca-Benito-Juarez-150x150.webp",150,150,true],"medium":["https:\/\/alprestamo.com\/blog\/wp-content\/uploads\/2022\/02\/Beca-Benito-Juarez-300x200.webp",300,200,true],"large":["https:\/\/alprestamo.com\/blog\/wp-content\/uploads\/2022\/02\/Beca-Benito-Juarez-1024x684.webp",1024,684,true],"1536x1536":["https:\/\/alprestamo.com\/blog\/wp-content\/uploads\/2022\/02\/Beca-Benito-Juarez.webp",1200,801,false],"2048x2048":["https:\/\/alprestamo.com\/blog\/wp-content\/uploads\/2022\/02\/Beca-Benito-Juarez.webp",1200,801,false],"rt_custom":["https:\/\/alprestamo.com\/blog\/wp-content\/uploads\/2022\/02\/Beca-Benito-Juarez.webp",1200,801,false]},"rttpg_author":{"display_name":"admin","author_link":"https:\/\/alprestamo.com\/blog\/author\/admin\/"},"rttpg_comment":0,"rttpg_category":"<a href=\"https:\/\/alprestamo.com\/blog\/categoria\/mx\/programas-sociales-mx\/\" rel=\"category tag\">Programas Sociales<\/a>","rttpg_excerpt":"La deserci\u00f3n escolar es una problem\u00e1tica compleja que busca ser erradicada por el estado, es por eso que existen distintas pol\u00edticas p\u00fablicas y planes para poder trabajar en ello. Todas las personas deben contar con el derecho a la educaci\u00f3n, pero los j\u00f3venes pertenecientes a sectores vulnerables muchas veces deben dejar sus estudios por situaciones&hellip;","_links":{"self":[{"href":"https:\/\/alprestamo.com\/blog\/wp-json\/wp\/v2\/posts\/8246"}],"collection":[{"href":"https:\/\/alprestamo.com\/blog\/wp-json\/wp\/v2\/posts"}],"about":[{"href":"https:\/\/alprestamo.com\/blog\/wp-json\/wp\/v2\/types\/post"}],"author":[{"embeddable":true,"href":"https:\/\/alprestamo.com\/blog\/wp-json\/wp\/v2\/users\/1"}],"replies":[{"embeddable":true,"href":"https:\/\/alprestamo.com\/blog\/wp-json\/wp\/v2\/comments?post=8246"}],"version-history":[{"count":0,"href":"https:\/\/alprestamo.com\/blog\/wp-json\/wp\/v2\/posts\/8246\/revisions"}],"wp:featuredmedia":[{"embeddable":true,"href":"https:\/\/alprestamo.com\/blog\/wp-json\/wp\/v2\/media\/8249"}],"wp:attachment":[{"href":"https:\/\/alprestamo.com\/blog\/wp-json\/wp\/v2\/media?parent=8246"}],"wp:term":[{"taxonomy":"category","embeddable":true,"href":"https:\/\/alprestamo.com\/blog\/wp-json\/wp\/v2\/categories?post=8246"},{"taxonomy":"post_tag","embeddable":true,"href":"https:\/\/alprestamo.com\/blog\/wp-json\/wp\/v2\/tags?post=8246"}],"curies":[{"name":"wp","href":"https:\/\/api.w.org\/{rel}","templated":true}]}}