{"id":9338,"date":"2022-04-13T14:05:39","date_gmt":"2022-04-13T14:05:39","guid":{"rendered":"https:\/\/alprestamo.com\/blog\/2022\/04\/13\/desempleo-para-trabajadores-de-la-construccion-de-que-se-trata\/"},"modified":"2022-04-13T14:05:39","modified_gmt":"2022-04-13T14:05:39","slug":"desempleo-para-trabajadores-de-la-construccion-de-que-se-trata","status":"publish","type":"post","link":"https:\/\/alprestamo.com\/blog\/desempleo-para-trabajadores-de-la-construccion-de-que-se-trata\/","title":{"rendered":"Desempleo para trabajadores de la construcci\u00f3n: \u00bfDe qu\u00e9 se trata?"},"content":{"rendered":"\n<p>El desempleo es una problem\u00e1tica muy grande dentro de la Argentina ya que a trav\u00e9s de las crisis constantes que atraviesa el pa\u00eds, <a href=\\\"https:\/\/alprestamo.com\/blog\/economia-de-changas-por-que-en-argentina-abunda-la-economia-informal\/\\\">miles de personas se quedan sin empleo formal<\/a>. Estas crisis suelen ser c\u00edclicas pero los niveles de desocupaci\u00f3n est\u00e1n llegando a niveles nunca antes vistos. Es por esto que los planes sociales o beneficios del estado son una ayuda importante para aquellos que se encuentran en esta situaci\u00f3n. Actualmente se encuentra activo un beneficio espec\u00edfico para trabajadores del rubro de la construcci\u00f3n. Si perteneces al mismo, te contamos c\u00f3mo pod\u00e9s tramitarlo.&nbsp;<\/p>\n\n\n\n<p><strong>\u00bfQu\u00e9 es el desempleo para trabajadores de la construcci\u00f3n de Anses?<\/strong><\/p>\n\n\n\n<p>La prestaci\u00f3n por desempleo para trabajadores de la construcci\u00f3n se trata de un beneficio para trabajadores de este sector que fueron despedidos sin justa causa o tambi\u00e9n si est\u00e1n sin trabajo por motivo de finalizaci\u00f3n de obra. Si te encontr\u00e1s en estas circunstancias, ANSES te permite cobrar las asignaciones familiares (ordinarias y extraordinarias), mantener la Obra Social a la que estabas afiliado y que se compute su duraci\u00f3n como antig\u00fcedad a los fines previsionales.<\/p>\n\n\n\n<p>Esta pol\u00edtica tiene como principal objetivo que el trabajador pueda afrontar de la mejor manera la ca\u00edda abrupta de ingresos generada por una p\u00e9rdida involuntaria del empleo. Tambi\u00e9n se pretende reducir el riesgo al desaliento y la desocupaci\u00f3n de larga duraci\u00f3n y, en esa l\u00ednea, ayudar a la b\u00fasqueda y selecci\u00f3n de un nuevo empleo.<\/p>\n\n\n\n<p><strong>\u00bfA qui\u00e9n le corresponde?<\/strong><\/p>\n\n\n\n<p>Este beneficio est\u00e1 dirigido a trabajadores comprendidos en el (R\u00e9gimen Nacional de la Construcci\u00f3n Ley 25.371) desempleados que tengan al menos 8 meses de trabajo con aportes en los \u00faltimos 2 a\u00f1os anteriores al despido o finalizaci\u00f3n de obra.<\/p>\n\n\n\n<p>Esto representa una ayuda enorme para un sector de personas que en muchos casos no tienen una regularidad en el trabajo, por lo que efectivamente les puede ser de gran utilidad.<\/p>\n\n\n\n<p>Las causas por las que los trabajadores de la construcci\u00f3n se encuentran desempleados y puedan acceder al beneficio son: por despido, razones de fuerza mayor o falta o disminuci\u00f3n del trabajo, quiebra o concurso del empleador o finalizaci\u00f3n de la obra para la cual fue empleado.<\/p>\n\n\n\n<p><strong>\u00bfC\u00f3mo se configura el fondo de desempleo en los trabajadores de la construcci\u00f3n?<\/strong><\/p>\n\n\n\n<p>El fondo de desempleo toma diferente forma seg\u00fan el tipo de trabajador: para trabajadores permanentes, el monto y la cantidad de cuotas (entre 3 y 8) se calculan seg\u00fan los ingresos y meses trabajados (con aportes) durante los \u00faltimos 2 a\u00f1os, seg\u00fan informan desde fuentes oficiales.<\/p>\n\n\n\n<p>Tambi\u00e9n, si sos trabajador eventual o de temporada y aportaste un a\u00f1o o m\u00e1s, se aplica el mismo criterio que para un trabajador permanente. Si lo hiciste por menos de un a\u00f1o, te corresponder\u00e1 un d\u00eda por cada 3 de servicio.<\/p>\n\n\n\n<p>Por \u00faltimo, los trabajadores mayores a 45 a\u00f1os cobran durante 6 meses m\u00e1s.&nbsp;<\/p>\n\n\n\n<p><strong>\u00bfQu\u00e9 tr\u00e1mites deben presentar?<\/strong><\/p>\n\n\n\n<p>Para solicitar el beneficio se deben realizar los siguientes pasos:<\/p>\n\n\n\n<ol class=\"wp-block-list\"><li>Solicit\u00e1 un turno en ANSES.<\/li><li>Pod\u00e9s consultar la informaci\u00f3n del d\u00eda y el lugar del turno asignado y aceptarlo o cancelarlo.<\/li><li>Present\u00e1 la documentaci\u00f3n requerida en la <a href=\\\"https:\/\/www.anses.gob.ar\/oficinas-atencion-al-publico\\\">Unidad de Atenci\u00f3n Integral (UDAI) u oficina<\/a> que te fue asignada en el turno.<\/li><\/ol>\n\n\n\n<p>Es importante recalcar que el tr\u00e1mite es personal y existe un l\u00edmite de 90 d\u00edas h\u00e1biles para solicitar el beneficio desde la fecha en que se produjo la ruptura de la relaci\u00f3n laboral. Seg\u00fan informan desde la p\u00e1gina oficial del gobierno, despu\u00e9s del plazo establecido, por cada d\u00eda h\u00e1bil transcurrido se descontar\u00e1 1 d\u00eda de prestaci\u00f3n.<\/p>\n\n\n\n<p>Otra cuesti\u00f3n a tener en cuenta es que si cobraste el Fondo de Cese Laboral Ley 22.250, el derecho a esta prestaci\u00f3n se origina una vez pasados sesenta d\u00edas corridos desde la fecha de finalizaci\u00f3n de la relaci\u00f3n laboral que decant\u00f3 en la situaci\u00f3n legal de desempleo. Si no accediste al mismo, lo pod\u00e9s obtener a partir de la fecha del cese laboral presentando el telegrama o carta documento intimando al empleador el pago del Fondo del Cese Laboral.<\/p>\n\n\n\n<p>Si despu\u00e9s de leer este articulo, ten\u00e9s alguna duda o consulta pod\u00e9s comunicarte a la l\u00ednea telef\u00f3nica gratuita de ANSES, 130. El horario de atenci\u00f3n telef\u00f3nica es de 8 a 20.<\/p>\n","protected":false},"excerpt":{"rendered":"<p>El desempleo es una problem\u00e1tica muy grande dentro de la Argentina ya que a trav\u00e9s de las crisis constantes que atraviesa el pa\u00eds, miles de personas se quedan sin empleo formal. Estas crisis suelen ser c\u00edclicas pero los niveles de desocupaci\u00f3n est\u00e1n llegando a niveles nunca antes vistos. Es por esto que los planes sociales &hellip;<\/p>\n<p class=\"read-more\"> <a class=\"\" href=\"https:\/\/alprestamo.com\/blog\/desempleo-para-trabajadores-de-la-construccion-de-que-se-trata\/\"> <span class=\"screen-reader-text\">Desempleo para trabajadores de la construcci\u00f3n: \u00bfDe qu\u00e9 se trata?<\/span> Leer m\u00e1s &raquo;<\/a><\/p>\n","protected":false},"author":1,"featured_media":9342,"comment_status":"closed","ping_status":"closed","sticky":false,"template":"","format":"standard","meta":{"_uag_custom_page_level_css":"","site-sidebar-layout":"default","site-content-layout":"default","ast-global-header-display":"","ast-banner-title-visibility":"","ast-main-header-display":"","ast-hfb-above-header-display":"","ast-hfb-below-header-display":"","ast-hfb-mobile-header-display":"","site-post-title":"","ast-breadcrumbs-content":"","ast-featured-img":"","footer-sml-layout":"","theme-transparent-header-meta":"","adv-header-id-meta":"","stick-header-meta":"","header-above-stick-meta":"","header-main-stick-meta":"","header-below-stick-meta":"","footnotes":""},"categories":[92,10],"tags":[],"class_list":["post-9338","post","type-post","status-publish","format-standard","has-post-thumbnail","hentry","category-ar","category-programas-sociales-ar"],"acf":[],"yoast_head":"<!-- This site is optimized with the Yoast SEO plugin v23.2 - https:\/\/yoast.com\/wordpress\/plugins\/seo\/ -->\n<title>Desempleo para trabajadores de la construcci\u00f3n: \u00bfDe qu\u00e9 se trata?<\/title>\n<meta name=\"description\" content=\"El desempleo es una problem\u00e1tica muy grande dentro de la Argentina ya que a trav\u00e9s de las crisis constantes que atraviesa el pa\u00eds, miles de personas se\" \/>\n<meta name=\"robots\" content=\"index, follow, max-snippet:-1, max-image-preview:large, max-video-preview:-1\" \/>\n<link rel=\"canonical\" href=\"https:\/\/alprestamo.com\/blog\/desempleo-para-trabajadores-de-la-construccion-de-que-se-trata\/\" \/>\n<meta property=\"og:locale\" content=\"es_ES\" \/>\n<meta property=\"og:type\" content=\"article\" \/>\n<meta property=\"og:title\" content=\"Desempleo para trabajadores de la construcci\u00f3n: \u00bfDe qu\u00e9 se trata?\" \/>\n<meta property=\"og:description\" content=\"El desempleo es una problem\u00e1tica muy grande dentro de la Argentina ya que a trav\u00e9s de las crisis constantes que atraviesa el pa\u00eds, miles de personas se\" \/>\n<meta property=\"og:url\" content=\"https:\/\/alprestamo.com\/blog\/desempleo-para-trabajadores-de-la-construccion-de-que-se-trata\/\" \/>\n<meta property=\"og:site_name\" content=\"Alprestamo - Hacemos que todo suceda\" \/>\n<meta property=\"article:published_time\" content=\"2022-04-13T14:05:39+00:00\" \/>\n<meta property=\"og:image\" content=\"https:\/\/alprestamo.com\/blog\/wp-content\/uploads\/2022\/04\/fondo-desempleo-construccio\u0301n.jpeg\" \/>\n\t<meta property=\"og:image:width\" content=\"350\" \/>\n\t<meta property=\"og:image:height\" content=\"144\" \/>\n\t<meta property=\"og:image:type\" content=\"image\/jpeg\" \/>\n<meta name=\"author\" content=\"admin\" \/>\n<meta name=\"twitter:card\" content=\"summary_large_image\" \/>\n<meta name=\"twitter:label1\" content=\"Escrito por\" \/>\n\t<meta name=\"twitter:data1\" content=\"admin\" \/>\n\t<meta name=\"twitter:label2\" content=\"Tiempo de lectura\" \/>\n\t<meta name=\"twitter:data2\" content=\"4 minutos\" \/>\n<script type=\"application\/ld+json\" class=\"yoast-schema-graph\">{\"@context\":\"https:\/\/schema.org\",\"@graph\":[{\"@type\":\"NewsArticle\",\"@id\":\"https:\/\/alprestamo.com\/blog\/desempleo-para-trabajadores-de-la-construccion-de-que-se-trata\/#article\",\"isPartOf\":{\"@id\":\"https:\/\/alprestamo.com\/blog\/desempleo-para-trabajadores-de-la-construccion-de-que-se-trata\/\"},\"author\":{\"name\":\"admin\",\"@id\":\"https:\/\/alprestamo.com\/blog\/#\/schema\/person\/86edda628d7db14ad76fcc0be09cf939\"},\"headline\":\"Desempleo para trabajadores de la construcci\u00f3n: \u00bfDe qu\u00e9 se trata?\",\"datePublished\":\"2022-04-13T14:05:39+00:00\",\"dateModified\":\"2022-04-13T14:05:39+00:00\",\"mainEntityOfPage\":{\"@id\":\"https:\/\/alprestamo.com\/blog\/desempleo-para-trabajadores-de-la-construccion-de-que-se-trata\/\"},\"wordCount\":768,\"publisher\":{\"@id\":\"https:\/\/alprestamo.com\/blog\/#organization\"},\"image\":{\"@id\":\"https:\/\/alprestamo.com\/blog\/desempleo-para-trabajadores-de-la-construccion-de-que-se-trata\/#primaryimage\"},\"thumbnailUrl\":\"https:\/\/alprestamo.com\/blog\/wp-content\/uploads\/2022\/04\/fondo-desempleo-construccio\u0301n.jpeg\",\"articleSection\":[\"AR\",\"Programas sociales\"],\"inLanguage\":\"es-AR\"},{\"@type\":\"WebPage\",\"@id\":\"https:\/\/alprestamo.com\/blog\/desempleo-para-trabajadores-de-la-construccion-de-que-se-trata\/\",\"url\":\"https:\/\/alprestamo.com\/blog\/desempleo-para-trabajadores-de-la-construccion-de-que-se-trata\/\",\"name\":\"Desempleo para trabajadores de la construcci\u00f3n: \u00bfDe qu\u00e9 se trata?\",\"isPartOf\":{\"@id\":\"https:\/\/alprestamo.com\/blog\/#website\"},\"primaryImageOfPage\":{\"@id\":\"https:\/\/alprestamo.com\/blog\/desempleo-para-trabajadores-de-la-construccion-de-que-se-trata\/#primaryimage\"},\"image\":{\"@id\":\"https:\/\/alprestamo.com\/blog\/desempleo-para-trabajadores-de-la-construccion-de-que-se-trata\/#primaryimage\"},\"thumbnailUrl\":\"https:\/\/alprestamo.com\/blog\/wp-content\/uploads\/2022\/04\/fondo-desempleo-construccio\u0301n.jpeg\",\"datePublished\":\"2022-04-13T14:05:39+00:00\",\"dateModified\":\"2022-04-13T14:05:39+00:00\",\"description\":\"El desempleo es una problem\u00e1tica muy grande dentro de la Argentina ya que a trav\u00e9s de las crisis constantes que atraviesa el pa\u00eds, miles de personas se\",\"breadcrumb\":{\"@id\":\"https:\/\/alprestamo.com\/blog\/desempleo-para-trabajadores-de-la-construccion-de-que-se-trata\/#breadcrumb\"},\"inLanguage\":\"es-AR\",\"potentialAction\":[{\"@type\":\"ReadAction\",\"target\":[\"https:\/\/alprestamo.com\/blog\/desempleo-para-trabajadores-de-la-construccion-de-que-se-trata\/\"]}]},{\"@type\":\"ImageObject\",\"inLanguage\":\"es-AR\",\"@id\":\"https:\/\/alprestamo.com\/blog\/desempleo-para-trabajadores-de-la-construccion-de-que-se-trata\/#primaryimage\",\"url\":\"https:\/\/alprestamo.com\/blog\/wp-content\/uploads\/2022\/04\/fondo-desempleo-construccio\u0301n.jpeg\",\"contentUrl\":\"https:\/\/alprestamo.com\/blog\/wp-content\/uploads\/2022\/04\/fondo-desempleo-construccio\u0301n.jpeg\",\"width\":350,\"height\":144,\"caption\":\"ondo desempleo construccio\u0301n\"},{\"@type\":\"BreadcrumbList\",\"@id\":\"https:\/\/alprestamo.com\/blog\/desempleo-para-trabajadores-de-la-construccion-de-que-se-trata\/#breadcrumb\",\"itemListElement\":[{\"@type\":\"ListItem\",\"position\":1,\"name\":\"Home\",\"item\":\"https:\/\/alprestamo.com\/blog\/\"},{\"@type\":\"ListItem\",\"position\":2,\"name\":\"Desempleo para trabajadores de la construcci\u00f3n: \u00bfDe qu\u00e9 se trata?\"}]},{\"@type\":\"WebSite\",\"@id\":\"https:\/\/alprestamo.com\/blog\/#website\",\"url\":\"https:\/\/alprestamo.com\/blog\/\",\"name\":\"Alprestamo\",\"description\":\"Hacemos que todo suceda\",\"publisher\":{\"@id\":\"https:\/\/alprestamo.com\/blog\/#organization\"},\"potentialAction\":[{\"@type\":\"SearchAction\",\"target\":{\"@type\":\"EntryPoint\",\"urlTemplate\":\"https:\/\/alprestamo.com\/blog\/?s={search_term_string}\"},\"query-input\":\"required name=search_term_string\"}],\"inLanguage\":\"es-AR\"},{\"@type\":\"Organization\",\"@id\":\"https:\/\/alprestamo.com\/blog\/#organization\",\"name\":\"Alprestamo\",\"url\":\"https:\/\/alprestamo.com\/blog\/\",\"logo\":{\"@type\":\"ImageObject\",\"inLanguage\":\"es-AR\",\"@id\":\"https:\/\/alprestamo.com\/blog\/#\/schema\/logo\/image\/\",\"url\":\"https:\/\/alprestamo.com\/blog\/wp-content\/uploads\/2022\/10\/Imagotipo_Blanco.svg\",\"contentUrl\":\"https:\/\/alprestamo.com\/blog\/wp-content\/uploads\/2022\/10\/Imagotipo_Blanco.svg\",\"width\":1199,\"height\":203,\"caption\":\"Alprestamo\"},\"image\":{\"@id\":\"https:\/\/alprestamo.com\/blog\/#\/schema\/logo\/image\/\"}},{\"@type\":\"Person\",\"@id\":\"https:\/\/alprestamo.com\/blog\/#\/schema\/person\/86edda628d7db14ad76fcc0be09cf939\",\"name\":\"admin\",\"image\":{\"@type\":\"ImageObject\",\"inLanguage\":\"es-AR\",\"@id\":\"https:\/\/alprestamo.com\/blog\/#\/schema\/person\/image\/\",\"url\":\"https:\/\/secure.gravatar.com\/avatar\/72868a6451caea79ae74926511fb9e4a?s=96&d=mm&r=g\",\"contentUrl\":\"https:\/\/secure.gravatar.com\/avatar\/72868a6451caea79ae74926511fb9e4a?s=96&d=mm&r=g\",\"caption\":\"admin\"},\"sameAs\":[\"https:\/\/alprestamo.com\/blog\"],\"url\":\"https:\/\/alprestamo.com\/blog\/author\/admin\/\"}]}<\/script>\n<!-- \/ Yoast SEO plugin. -->","yoast_head_json":{"title":"Desempleo para trabajadores de la construcci\u00f3n: \u00bfDe qu\u00e9 se trata?","description":"El desempleo es una problem\u00e1tica muy grande dentro de la Argentina ya que a trav\u00e9s de las crisis constantes que atraviesa el pa\u00eds, miles de personas se","robots":{"index":"index","follow":"follow","max-snippet":"max-snippet:-1","max-image-preview":"max-image-preview:large","max-video-preview":"max-video-preview:-1"},"canonical":"https:\/\/alprestamo.com\/blog\/desempleo-para-trabajadores-de-la-construccion-de-que-se-trata\/","og_locale":"es_ES","og_type":"article","og_title":"Desempleo para trabajadores de la construcci\u00f3n: \u00bfDe qu\u00e9 se trata?","og_description":"El desempleo es una problem\u00e1tica muy grande dentro de la Argentina ya que a trav\u00e9s de las crisis constantes que atraviesa el pa\u00eds, miles de personas se","og_url":"https:\/\/alprestamo.com\/blog\/desempleo-para-trabajadores-de-la-construccion-de-que-se-trata\/","og_site_name":"Alprestamo - Hacemos que todo suceda","article_published_time":"2022-04-13T14:05:39+00:00","og_image":[{"width":350,"height":144,"url":"https:\/\/alprestamo.com\/blog\/wp-content\/uploads\/2022\/04\/fondo-desempleo-construccio\u0301n.jpeg","type":"image\/jpeg"}],"author":"admin","twitter_card":"summary_large_image","twitter_misc":{"Escrito por":"admin","Tiempo de lectura":"4 minutos"},"schema":{"@context":"https:\/\/schema.org","@graph":[{"@type":"NewsArticle","@id":"https:\/\/alprestamo.com\/blog\/desempleo-para-trabajadores-de-la-construccion-de-que-se-trata\/#article","isPartOf":{"@id":"https:\/\/alprestamo.com\/blog\/desempleo-para-trabajadores-de-la-construccion-de-que-se-trata\/"},"author":{"name":"admin","@id":"https:\/\/alprestamo.com\/blog\/#\/schema\/person\/86edda628d7db14ad76fcc0be09cf939"},"headline":"Desempleo para trabajadores de la construcci\u00f3n: \u00bfDe qu\u00e9 se trata?","datePublished":"2022-04-13T14:05:39+00:00","dateModified":"2022-04-13T14:05:39+00:00","mainEntityOfPage":{"@id":"https:\/\/alprestamo.com\/blog\/desempleo-para-trabajadores-de-la-construccion-de-que-se-trata\/"},"wordCount":768,"publisher":{"@id":"https:\/\/alprestamo.com\/blog\/#organization"},"image":{"@id":"https:\/\/alprestamo.com\/blog\/desempleo-para-trabajadores-de-la-construccion-de-que-se-trata\/#primaryimage"},"thumbnailUrl":"https:\/\/alprestamo.com\/blog\/wp-content\/uploads\/2022\/04\/fondo-desempleo-construccio\u0301n.jpeg","articleSection":["AR","Programas sociales"],"inLanguage":"es-AR"},{"@type":"WebPage","@id":"https:\/\/alprestamo.com\/blog\/desempleo-para-trabajadores-de-la-construccion-de-que-se-trata\/","url":"https:\/\/alprestamo.com\/blog\/desempleo-para-trabajadores-de-la-construccion-de-que-se-trata\/","name":"Desempleo para trabajadores de la construcci\u00f3n: \u00bfDe qu\u00e9 se trata?","isPartOf":{"@id":"https:\/\/alprestamo.com\/blog\/#website"},"primaryImageOfPage":{"@id":"https:\/\/alprestamo.com\/blog\/desempleo-para-trabajadores-de-la-construccion-de-que-se-trata\/#primaryimage"},"image":{"@id":"https:\/\/alprestamo.com\/blog\/desempleo-para-trabajadores-de-la-construccion-de-que-se-trata\/#primaryimage"},"thumbnailUrl":"https:\/\/alprestamo.com\/blog\/wp-content\/uploads\/2022\/04\/fondo-desempleo-construccio\u0301n.jpeg","datePublished":"2022-04-13T14:05:39+00:00","dateModified":"2022-04-13T14:05:39+00:00","description":"El desempleo es una problem\u00e1tica muy grande dentro de la Argentina ya que a trav\u00e9s de las crisis constantes que atraviesa el pa\u00eds, miles de personas se","breadcrumb":{"@id":"https:\/\/alprestamo.com\/blog\/desempleo-para-trabajadores-de-la-construccion-de-que-se-trata\/#breadcrumb"},"inLanguage":"es-AR","potentialAction":[{"@type":"ReadAction","target":["https:\/\/alprestamo.com\/blog\/desempleo-para-trabajadores-de-la-construccion-de-que-se-trata\/"]}]},{"@type":"ImageObject","inLanguage":"es-AR","@id":"https:\/\/alprestamo.com\/blog\/desempleo-para-trabajadores-de-la-construccion-de-que-se-trata\/#primaryimage","url":"https:\/\/alprestamo.com\/blog\/wp-content\/uploads\/2022\/04\/fondo-desempleo-construccio\u0301n.jpeg","contentUrl":"https:\/\/alprestamo.com\/blog\/wp-content\/uploads\/2022\/04\/fondo-desempleo-construccio\u0301n.jpeg","width":350,"height":144,"caption":"ondo desempleo construccio\u0301n"},{"@type":"BreadcrumbList","@id":"https:\/\/alprestamo.com\/blog\/desempleo-para-trabajadores-de-la-construccion-de-que-se-trata\/#breadcrumb","itemListElement":[{"@type":"ListItem","position":1,"name":"Home","item":"https:\/\/alprestamo.com\/blog\/"},{"@type":"ListItem","position":2,"name":"Desempleo para trabajadores de la construcci\u00f3n: \u00bfDe qu\u00e9 se trata?"}]},{"@type":"WebSite","@id":"https:\/\/alprestamo.com\/blog\/#website","url":"https:\/\/alprestamo.com\/blog\/","name":"Alprestamo","description":"Hacemos que todo suceda","publisher":{"@id":"https:\/\/alprestamo.com\/blog\/#organization"},"potentialAction":[{"@type":"SearchAction","target":{"@type":"EntryPoint","urlTemplate":"https:\/\/alprestamo.com\/blog\/?s={search_term_string}"},"query-input":"required name=search_term_string"}],"inLanguage":"es-AR"},{"@type":"Organization","@id":"https:\/\/alprestamo.com\/blog\/#organization","name":"Alprestamo","url":"https:\/\/alprestamo.com\/blog\/","logo":{"@type":"ImageObject","inLanguage":"es-AR","@id":"https:\/\/alprestamo.com\/blog\/#\/schema\/logo\/image\/","url":"https:\/\/alprestamo.com\/blog\/wp-content\/uploads\/2022\/10\/Imagotipo_Blanco.svg","contentUrl":"https:\/\/alprestamo.com\/blog\/wp-content\/uploads\/2022\/10\/Imagotipo_Blanco.svg","width":1199,"height":203,"caption":"Alprestamo"},"image":{"@id":"https:\/\/alprestamo.com\/blog\/#\/schema\/logo\/image\/"}},{"@type":"Person","@id":"https:\/\/alprestamo.com\/blog\/#\/schema\/person\/86edda628d7db14ad76fcc0be09cf939","name":"admin","image":{"@type":"ImageObject","inLanguage":"es-AR","@id":"https:\/\/alprestamo.com\/blog\/#\/schema\/person\/image\/","url":"https:\/\/secure.gravatar.com\/avatar\/72868a6451caea79ae74926511fb9e4a?s=96&d=mm&r=g","contentUrl":"https:\/\/secure.gravatar.com\/avatar\/72868a6451caea79ae74926511fb9e4a?s=96&d=mm&r=g","caption":"admin"},"sameAs":["https:\/\/alprestamo.com\/blog"],"url":"https:\/\/alprestamo.com\/blog\/author\/admin\/"}]}},"uagb_featured_image_src":{"full":["https:\/\/alprestamo.com\/blog\/wp-content\/uploads\/2022\/04\/fondo-desempleo-construccio\u0301n.jpeg",350,144,false],"thumbnail":["https:\/\/alprestamo.com\/blog\/wp-content\/uploads\/2022\/04\/fondo-desempleo-construccio\u0301n-150x144.jpeg",150,144,true],"medium":["https:\/\/alprestamo.com\/blog\/wp-content\/uploads\/2022\/04\/fondo-desempleo-construccio\u0301n-300x123.jpeg",300,123,true],"medium_large":["https:\/\/alprestamo.com\/blog\/wp-content\/uploads\/2022\/04\/fondo-desempleo-construccio\u0301n.jpeg",350,144,false],"large":["https:\/\/alprestamo.com\/blog\/wp-content\/uploads\/2022\/04\/fondo-desempleo-construccio\u0301n.jpeg",350,144,false],"1536x1536":["https:\/\/alprestamo.com\/blog\/wp-content\/uploads\/2022\/04\/fondo-desempleo-construccio\u0301n.jpeg",350,144,false],"2048x2048":["https:\/\/alprestamo.com\/blog\/wp-content\/uploads\/2022\/04\/fondo-desempleo-construccio\u0301n.jpeg",350,144,false]},"uagb_author_info":{"display_name":"admin","author_link":"https:\/\/alprestamo.com\/blog\/author\/admin\/"},"uagb_comment_info":0,"uagb_excerpt":"El desempleo es una problem\u00e1tica muy grande dentro de la Argentina ya que a trav\u00e9s de las crisis constantes que atraviesa el pa\u00eds, miles de personas se quedan sin empleo formal. Estas crisis suelen ser c\u00edclicas pero los niveles de desocupaci\u00f3n est\u00e1n llegando a niveles nunca antes vistos. Es por esto que los planes sociales&hellip;","rttpg_featured_image_url":{"full":["https:\/\/alprestamo.com\/blog\/wp-content\/uploads\/2022\/04\/fondo-desempleo-construccio\u0301n.jpeg",350,144,false],"landscape":["https:\/\/alprestamo.com\/blog\/wp-content\/uploads\/2022\/04\/fondo-desempleo-construccio\u0301n.jpeg",350,144,false],"portraits":["https:\/\/alprestamo.com\/blog\/wp-content\/uploads\/2022\/04\/fondo-desempleo-construccio\u0301n.jpeg",350,144,false],"thumbnail":["https:\/\/alprestamo.com\/blog\/wp-content\/uploads\/2022\/04\/fondo-desempleo-construccio\u0301n-150x144.jpeg",150,144,true],"medium":["https:\/\/alprestamo.com\/blog\/wp-content\/uploads\/2022\/04\/fondo-desempleo-construccio\u0301n-300x123.jpeg",300,123,true],"large":["https:\/\/alprestamo.com\/blog\/wp-content\/uploads\/2022\/04\/fondo-desempleo-construccio\u0301n.jpeg",350,144,false],"1536x1536":["https:\/\/alprestamo.com\/blog\/wp-content\/uploads\/2022\/04\/fondo-desempleo-construccio\u0301n.jpeg",350,144,false],"2048x2048":["https:\/\/alprestamo.com\/blog\/wp-content\/uploads\/2022\/04\/fondo-desempleo-construccio\u0301n.jpeg",350,144,false],"rt_custom":["https:\/\/alprestamo.com\/blog\/wp-content\/uploads\/2022\/04\/fondo-desempleo-construccio\u0301n.jpeg",350,144,false]},"rttpg_author":{"display_name":"admin","author_link":"https:\/\/alprestamo.com\/blog\/author\/admin\/"},"rttpg_comment":0,"rttpg_category":"<a href=\"https:\/\/alprestamo.com\/blog\/categoria\/ar\/\" rel=\"category tag\">AR<\/a> <a href=\"https:\/\/alprestamo.com\/blog\/categoria\/ar\/programas-sociales-ar\/\" rel=\"category tag\">Programas sociales<\/a>","rttpg_excerpt":"El desempleo es una problem\u00e1tica muy grande dentro de la Argentina ya que a trav\u00e9s de las crisis constantes que atraviesa el pa\u00eds, miles de personas se quedan sin empleo formal. Estas crisis suelen ser c\u00edclicas pero los niveles de desocupaci\u00f3n est\u00e1n llegando a niveles nunca antes vistos. Es por esto que los planes sociales&hellip;","_links":{"self":[{"href":"https:\/\/alprestamo.com\/blog\/wp-json\/wp\/v2\/posts\/9338"}],"collection":[{"href":"https:\/\/alprestamo.com\/blog\/wp-json\/wp\/v2\/posts"}],"about":[{"href":"https:\/\/alprestamo.com\/blog\/wp-json\/wp\/v2\/types\/post"}],"author":[{"embeddable":true,"href":"https:\/\/alprestamo.com\/blog\/wp-json\/wp\/v2\/users\/1"}],"replies":[{"embeddable":true,"href":"https:\/\/alprestamo.com\/blog\/wp-json\/wp\/v2\/comments?post=9338"}],"version-history":[{"count":0,"href":"https:\/\/alprestamo.com\/blog\/wp-json\/wp\/v2\/posts\/9338\/revisions"}],"wp:featuredmedia":[{"embeddable":true,"href":"https:\/\/alprestamo.com\/blog\/wp-json\/wp\/v2\/media\/9342"}],"wp:attachment":[{"href":"https:\/\/alprestamo.com\/blog\/wp-json\/wp\/v2\/media?parent=9338"}],"wp:term":[{"taxonomy":"category","embeddable":true,"href":"https:\/\/alprestamo.com\/blog\/wp-json\/wp\/v2\/categories?post=9338"},{"taxonomy":"post_tag","embeddable":true,"href":"https:\/\/alprestamo.com\/blog\/wp-json\/wp\/v2\/tags?post=9338"}],"curies":[{"name":"wp","href":"https:\/\/api.w.org\/{rel}","templated":true}]}}